{"id":961,"date":"2015-12-03T10:00:23","date_gmt":"2015-12-03T09:00:23","guid":{"rendered":"http:\/\/www.notebook.hu\/blog\/?p=961"},"modified":"2015-12-11T11:43:42","modified_gmt":"2015-12-11T10:43:42","slug":"bosszanto-alapertelmezett-windows-beallitasok-2-resz","status":"publish","type":"post","link":"https:\/\/www.notebook.hu\/blog\/bosszanto-alapertelmezett-windows-beallitasok-2-resz\/","title":{"rendered":"Bosszant\u00f3 alap\u00e9rtelmezett Windows be\u00e1ll\u00edt\u00e1sok &#8211; 2.r\u00e9sz"},"content":{"rendered":"<p style=\"text-align: justify;\">El\u0151fordul, hogy egy-egy gy\u00e1rt\u00f3i alapbe\u00e1ll\u00edt\u00e1s, b\u00e1r nyilv\u00e1nval\u00f3an a hat\u00e9konys\u00e1got akart\u00e1k vele n\u00f6velni, megnehez\u00edti, ha nem \u00e9ppen megkeser\u00edti a felhaszn\u00e1l\u00f3k \u00e9let\u00e9t. Ha vannak az \u00d6n \u00e1ltal haszn\u00e1lt oper\u00e1ci\u00f3s rendszernek, vagy egy-egy alapprogramnak olyan funkci\u00f3i, melyek ideges\u00edtik, \u00e9rdemes lesz k\u00f6vetnie ezt a sorozatot, mert lehet, hogy legk\u00f6zelebb \u00e9ppen ezek k\u00f6z\u00fcl vesz\u00fcnk el\u0151 egyet!<\/p>\n<p style=\"text-align: justify;\"><strong>Ink\u00e1bb ne keressen megold\u00e1st a Microsoft!<\/strong><\/p>\n<p style=\"text-align: justify;\">\u00d6nt is biztosan bosszantja, amikor \u201ev\u00e1ratlan hiba miatt\u201d egy program le\u00e1ll, \u00e9pp a munka kell\u0151s k\u00f6zep\u00e9n, vagy amikor meg\u00e9rdemelt pihen\u00e9s\u00e9t \u00e9lvezn\u00e9 egy kis filmn\u00e9z\u00e9ssel vagy j\u00e1t\u00e9kkal. H\u00e1t igen, szinte idegt\u00e9p\u0151 tud lenni, f\u0151k\u00e9pp, ha ezzel ak\u00e1r t\u00f6bb \u00f3r\u00e1nyi munka is a meghib\u00e1sodott program martal\u00e9k\u00e1v\u00e1 lehet.<\/p>\n<p style=\"text-align: justify;\">Ezt a helyzetet sajnos sokszor csak tov\u00e1bb rontja a Microsoft automatikusan k\u00fcld\u00f6tt \u201elevele\u201d arr\u00f3l, hogy ig\u00e9ny eset\u00e9n neki\u00e1ll megold\u00e1st keresni. Ez a legjobb dolgok egyike volna akkor, ha t\u00e9nyleges eredm\u00e9nnyel j\u00e1rna, ha nem azt tapasztaln\u00e1nk az esetek 99%-\u00e1ban, hogy \u00fagyis \u00fajra kell ind\u00edtani a programot vagy az eg\u00e9sz rendszert, hogy \u00fagyis negat\u00edv visszajelz\u00e9ssel \u00e1ll el\u00e9nk a Microsoft.<\/p>\n<p style=\"text-align: justify;\">Pedig sajnos \u00edgy van! Szerencs\u00e9re legal\u00e1bb ki lehet kapcsolni ezt az ideges\u00edt\u0151 funkci\u00f3t. Mutatjuk!<\/p>\n<p style=\"text-align: justify;\"><strong>Megold\u00e1s-keres\u00e9s kikapcsol\u00e1sa l\u00e9p\u00e9r\u0151l l\u00e9p\u00e9re<\/strong><\/p>\n<p style=\"text-align: justify;\">Ha teh\u00e1t nem szeretne t\u00f6bb, \u00e1ltal\u00e1ban hamis rem\u00e9nyt kelt\u0151 aj\u00e1nlkoz\u00e1st a Microsoftt\u00f3l, akkor a k\u00f6vetkez\u0151t kell tennie:<\/p>\n<p style=\"text-align: justify;\">El\u0151sz\u00f6r is meg kell nyitni a Vez\u00e9rl\u0151pultot (Windows gomb + X, majd a list\u00e1b\u00f3l \u00e9rtelemszer\u0171en kattintani az adott pontra).<\/p>\n<p style=\"text-align: justify;\">Ezut\u00e1n keresse ki M\u0171veletk\u00f6zpontot. Kattint\u00e1s ut\u00e1n, a felugr\u00f3 ablak bal oldali oszlop\u00e1b\u00f3l kattintson A M\u0171veletk\u00f6zpont be\u00e1ll\u00edt\u00e1sainak m\u00f3dos\u00edt\u00e1s\u00e1ra. Leg\u00f6rgetve megtal\u00e1lja a Kapcsol\u00f3d\u00f3 be\u00e1ll\u00edt\u00e1sokat. Ezen bel\u00fcl v\u00e1lassza a Probl\u00e9majelent\u00e9si be\u00e1ll\u00edt\u00e1sokat.<\/p>\n<p style=\"text-align: justify;\">V\u00e1lassza a Soha ne keressen megold\u00e1sokat opci\u00f3t, majd kattintson az OK gombra.<\/p>\n<p style=\"text-align: justify;\">Ezent\u00fal \u201ecsak\u201d a program \u00f6sszeoml\u00e1sa miatt kell majd idegeskednie.<\/p>\n<p style=\"text-align: justify;\"><strong>Sorozatunk tov\u00e1bbi r\u00e9szei:<br \/>\n<\/strong><a href=\"https:\/\/www.notebook.hu\/blog\/bosszanto-alapertelmezett-windows-beallitasok-1-resz\/\">Bosszant\u00f3 alap\u00e9rtelmezett Windows be\u00e1ll\u00edt\u00e1sok \u2013 1.r\u00e9sz<br \/>\n<\/a><a href=\"https:\/\/www.notebook.hu\/blog\/bosszanto-alapertelmezett-windows-beallitasok-3-resz\/\">Bosszant\u00f3 alap\u00e9rtelmezett Windows be\u00e1ll\u00edt\u00e1sok \u2013 3.r\u00e9sz<br \/>\n<\/a><a href=\"https:\/\/www.notebook.hu\/blog\/bosszanto-alapertelmezett-windows-beallitasok-4-resz\/\">Bosszant\u00f3 alap\u00e9rtelmezett Windows be\u00e1ll\u00edt\u00e1sok \u2013 4.r\u00e9sz<\/a><\/p>\n","protected":false},"excerpt":{"rendered":"<p>El\u0151fordul, hogy egy-egy gy\u00e1rt\u00f3i alapbe\u00e1ll\u00edt\u00e1s, b\u00e1r nyilv\u00e1nval\u00f3an a hat\u00e9konys\u00e1got akart\u00e1k vele n\u00f6velni, megnehez\u00edti, ha nem \u00e9ppen megkeser\u00edti a felhaszn\u00e1l\u00f3k \u00e9let\u00e9t. Ha vannak az \u00d6n \u00e1ltal haszn\u00e1lt oper\u00e1ci\u00f3s rendszernek, vagy egy-egy alapprogramnak olyan funkci\u00f3i, melyek ideges\u00edtik, \u00e9rdemes lesz k\u00f6vetnie ezt a sorozatot, mert lehet, hogy legk\u00f6zelebb \u00e9ppen ezek k\u00f6z\u00fcl vesz\u00fcnk el\u0151 egyet! Ink\u00e1bb ne keressen megold\u00e1st &hellip;<\/p>\n","protected":false},"author":1,"featured_media":962,"comment_status":"closed","ping_status":"open","sticky":false,"template":"","format":"standard","meta":{"_jetpack_memberships_contains_paid_content":false,"footnotes":""},"categories":[42],"tags":[61,44,46],"class_list":["post-961","post","type-post","status-publish","format-standard","has-post-thumbnail","","category-cikkek","tag-2in1","tag-notebook-laptop","tag-tablet"],"jetpack_featured_media_url":"https:\/\/www.notebook.hu\/blog\/wp-content\/uploads\/2015\/11\/shutterstock_281447933.jpg","jetpack_shortlink":"https:\/\/wp.me\/p9xSLL-fv","jetpack_sharing_enabled":true,"_links":{"self":[{"href":"https:\/\/www.notebook.hu\/blog\/wp-json\/wp\/v2\/posts\/961","targetHints":{"allow":["GET"]}}],"collection":[{"href":"https:\/\/www.notebook.hu\/blog\/wp-json\/wp\/v2\/posts"}],"about":[{"href":"https:\/\/www.notebook.hu\/blog\/wp-json\/wp\/v2\/types\/post"}],"author":[{"embeddable":true,"href":"https:\/\/www.notebook.hu\/blog\/wp-json\/wp\/v2\/users\/1"}],"replies":[{"embeddable":true,"href":"https:\/\/www.notebook.hu\/blog\/wp-json\/wp\/v2\/comments?post=961"}],"version-history":[{"count":4,"href":"https:\/\/www.notebook.hu\/blog\/wp-json\/wp\/v2\/posts\/961\/revisions"}],"predecessor-version":[{"id":1029,"href":"https:\/\/www.notebook.hu\/blog\/wp-json\/wp\/v2\/posts\/961\/revisions\/1029"}],"wp:featuredmedia":[{"embeddable":true,"href":"https:\/\/www.notebook.hu\/blog\/wp-json\/wp\/v2\/media\/962"}],"wp:attachment":[{"href":"https:\/\/www.notebook.hu\/blog\/wp-json\/wp\/v2\/media?parent=961"}],"wp:term":[{"taxonomy":"category","embeddable":true,"href":"https:\/\/www.notebook.hu\/blog\/wp-json\/wp\/v2\/categories?post=961"},{"taxonomy":"post_tag","embeddable":true,"href":"https:\/\/www.notebook.hu\/blog\/wp-json\/wp\/v2\/tags?post=961"}],"curies":[{"name":"wp","href":"https:\/\/api.w.org\/{rel}","templated":true}]}}