{"id":958,"date":"2015-11-30T13:48:06","date_gmt":"2015-11-30T12:48:06","guid":{"rendered":"http:\/\/www.notebook.hu\/blog\/?p=958"},"modified":"2015-12-11T11:41:34","modified_gmt":"2015-12-11T10:41:34","slug":"bosszanto-alapertelmezett-windows-beallitasok-1-resz","status":"publish","type":"post","link":"https:\/\/www.notebook.hu\/blog\/bosszanto-alapertelmezett-windows-beallitasok-1-resz\/","title":{"rendered":"Bosszant\u00f3 alap\u00e9rtelmezett Windows be\u00e1ll\u00edt\u00e1sok &#8211; 1.r\u00e9sz"},"content":{"rendered":"<p style=\"text-align: justify;\">Ha vesz egy \u00faj g\u00e9pet, vagy csup\u00e1n a r\u00e9gire telep\u00edt \u00faj oper\u00e1ci\u00f3s rendszert, akkor az els\u0151 bekapcsol\u00e1skor alap\u00e9rtelmezett be\u00e1ll\u00edt\u00e1sokb\u00f3l kell gazd\u00e1lkodnia. Ezek \u00e1ltal\u00e1ban hat\u00e9konyak, hiszen azok sz\u00e1m\u00e1ra, akik kev\u00e9ss\u00e9 \u00e9rtenek a sz\u00e1m\u00edt\u00f3g\u00e9phez, k\u00f6nnyebbs\u00e9get jelentenek. Vannak azonban olyan alap\u00e9rtelmezett be\u00e1ll\u00edt\u00e1sok is, melyek kifejezetten bosszant\u00f3ak lehetnek, s kikapcsol\u00e1sukkal jelent\u0151sen n\u00f6vekedhet a felhaszn\u00e1l\u00f3i \u00e9lm\u00e9ny. Ebben a sorozatban ezek k\u00f6z\u00fcl fogunk n\u00e9h\u00e1nyat bemutatni!<\/p>\n<p style=\"text-align: justify;\"><strong>F\u00e1jlok kiterjeszt\u00e9s\u00e9nek elrejt\u00e9se<\/strong><\/p>\n<p style=\"text-align: justify;\">A f\u00e1jlok kiterjeszt\u00e9se meghat\u00e1rozza, megszabja azt, hogy az adott f\u00e1jlokat milyen program seg\u00edts\u00e9g\u00e9vel lehet megnyitni, illetve megmutatja azt, hogy melyik programban k\u00e9sz\u00fcltek. Teh\u00e1t ha kapunk egy e-mailt, amihez csatoltak egy f\u00e1jlt is, annak kiterjeszt\u00e9s\u00e9b\u0151l, vagyis a f\u00e1jlnevet z\u00e1r\u00f3 pont ut\u00e1ni n\u00e9h\u00e1ny karakterb\u0151l m\u00e9g a megnyit\u00e1s el\u0151tt tudhatjuk, hogy melyik program kell majd a haszn\u00e1lat\u00e1hoz. Ez pedig k\u00e9ts\u00e9gk\u00edv\u00fcl nagyon hasznos tud lenni.<\/p>\n<p style=\"text-align: justify;\">Csak egy gyors p\u00e9lda: az .xls kiterjeszt\u00e9s ugye a Microsoft Excelt takarja. Ha kapunk egy .xlsx kiterjeszt\u00e9s\u0171 f\u00e1jlt, akkor m\u00e1r azt is tudjuk, hogy ez a 2007 el\u0151tti Excel verzi\u00f3kkal nem kompatibilis, \u00edgy ilyennel biztosan nem tudjuk megnyitni.<\/p>\n<p style=\"text-align: justify;\">Szinte \u00e9rthetetlen, de a Windows 8-ban ennek mutat\u00e1sa alap\u00e9rtelmezett \u00e1llapot\u00e1ban ki van kapcsolva.<\/p>\n<p style=\"text-align: justify;\"><strong>F\u00e1jlok kiterjeszt\u00e9s\u00e9nek mutat\u00e1sa<\/strong><\/p>\n<p style=\"text-align: justify;\">Szerencs\u00e9re ezen k\u00f6nnyed\u00e9n lehet v\u00e1ltoztatni.<\/p>\n<p style=\"text-align: justify;\">Ehhez nem kell m\u00e1st tennie, mint megnyitni a vez\u00e9rl\u0151pultot. Ennek egyik el\u00e9r\u00e9si \u00fatja a Windows + X gombok egy\u00fcttes lenyom\u00e1sa, majd a list\u00e1b\u00f3l \u00e9rtelemszer\u0171en a Vez\u00e9rl\u0151pultot kell kattintani.<\/p>\n<p style=\"text-align: justify;\">A felugr\u00f3 ablakb\u00f3l keresse ki a Mappa be\u00e1ll\u00edt\u00e1sai opci\u00f3t. A Mappabe\u00e1ll\u00edt\u00e1sok p\u00e1rbesz\u00e9dpanelben kattintson \u00e1t a N\u00e9zet f\u00fclre. A list\u00e1b\u00f3l keresse ki az Ismert f\u00e1jlt\u00edpusok kiterjeszt\u00e9s\u00e9nek elrejt\u00e9se opci\u00f3t, \u00e9s vegye ki a pip\u00e1t a rubrik\u00e1b\u00f3l.<\/p>\n<p style=\"text-align: justify;\">Ezut\u00e1n l\u00e1tsz\u00f3dni fognak a kiterjeszt\u00e9sek.<\/p>\n<p style=\"text-align: justify;\"><strong>Sorozatunk tov\u00e1bbi r\u00e9szei:<br \/>\n<\/strong><a href=\"https:\/\/www.notebook.hu\/blog\/bosszanto-alapertelmezett-windows-beallitasok-2-resz\/\">Bosszant\u00f3 alap\u00e9rtelmezett Windows be\u00e1ll\u00edt\u00e1sok &#8211; 2. r\u00e9sz<br \/>\n<\/a><a href=\"https:\/\/www.notebook.hu\/blog\/bosszanto-alapertelmezett-windows-beallitasok-3-resz\/\">Bosszant\u00f3 alap\u00e9rtelmezett Windows be\u00e1ll\u00edt\u00e1sok \u2013 3.r\u00e9sz<\/a><\/p>\n<p style=\"text-align: justify;\"><a href=\"https:\/\/www.notebook.hu\/blog\/bosszanto-alapertelmezett-windows-beallitasok-4-resz\/\">Bosszant\u00f3 alap\u00e9rtelmezett Windows be\u00e1ll\u00edt\u00e1sok \u2013 4.r\u00e9sz<\/a><\/p>\n","protected":false},"excerpt":{"rendered":"<p>Ha vesz egy \u00faj g\u00e9pet, vagy csup\u00e1n a r\u00e9gire telep\u00edt \u00faj oper\u00e1ci\u00f3s rendszert, akkor az els\u0151 bekapcsol\u00e1skor alap\u00e9rtelmezett be\u00e1ll\u00edt\u00e1sokb\u00f3l kell gazd\u00e1lkodnia. Ezek \u00e1ltal\u00e1ban hat\u00e9konyak, hiszen azok sz\u00e1m\u00e1ra, akik kev\u00e9ss\u00e9 \u00e9rtenek a sz\u00e1m\u00edt\u00f3g\u00e9phez, k\u00f6nnyebbs\u00e9get jelentenek. Vannak azonban olyan alap\u00e9rtelmezett be\u00e1ll\u00edt\u00e1sok is, melyek kifejezetten bosszant\u00f3ak lehetnek, s kikapcsol\u00e1sukkal jelent\u0151sen n\u00f6vekedhet a felhaszn\u00e1l\u00f3i \u00e9lm\u00e9ny. Ebben a sorozatban ezek &hellip;<\/p>\n","protected":false},"author":1,"featured_media":959,"comment_status":"closed","ping_status":"open","sticky":false,"template":"","format":"standard","meta":{"_jetpack_memberships_contains_paid_content":false,"footnotes":""},"categories":[42],"tags":[61,44,46],"class_list":["post-958","post","type-post","status-publish","format-standard","has-post-thumbnail","","category-cikkek","tag-2in1","tag-notebook-laptop","tag-tablet"],"jetpack_featured_media_url":"https:\/\/www.notebook.hu\/blog\/wp-content\/uploads\/2015\/11\/shutterstock_69184660.jpg","jetpack_shortlink":"https:\/\/wp.me\/p9xSLL-fs","jetpack_sharing_enabled":true,"_links":{"self":[{"href":"https:\/\/www.notebook.hu\/blog\/wp-json\/wp\/v2\/posts\/958","targetHints":{"allow":["GET"]}}],"collection":[{"href":"https:\/\/www.notebook.hu\/blog\/wp-json\/wp\/v2\/posts"}],"about":[{"href":"https:\/\/www.notebook.hu\/blog\/wp-json\/wp\/v2\/types\/post"}],"author":[{"embeddable":true,"href":"https:\/\/www.notebook.hu\/blog\/wp-json\/wp\/v2\/users\/1"}],"replies":[{"embeddable":true,"href":"https:\/\/www.notebook.hu\/blog\/wp-json\/wp\/v2\/comments?post=958"}],"version-history":[{"count":4,"href":"https:\/\/www.notebook.hu\/blog\/wp-json\/wp\/v2\/posts\/958\/revisions"}],"predecessor-version":[{"id":1028,"href":"https:\/\/www.notebook.hu\/blog\/wp-json\/wp\/v2\/posts\/958\/revisions\/1028"}],"wp:featuredmedia":[{"embeddable":true,"href":"https:\/\/www.notebook.hu\/blog\/wp-json\/wp\/v2\/media\/959"}],"wp:attachment":[{"href":"https:\/\/www.notebook.hu\/blog\/wp-json\/wp\/v2\/media?parent=958"}],"wp:term":[{"taxonomy":"category","embeddable":true,"href":"https:\/\/www.notebook.hu\/blog\/wp-json\/wp\/v2\/categories?post=958"},{"taxonomy":"post_tag","embeddable":true,"href":"https:\/\/www.notebook.hu\/blog\/wp-json\/wp\/v2\/tags?post=958"}],"curies":[{"name":"wp","href":"https:\/\/api.w.org\/{rel}","templated":true}]}}