{"id":947,"date":"2015-11-25T10:00:12","date_gmt":"2015-11-25T09:00:12","guid":{"rendered":"http:\/\/www.notebook.hu\/blog\/?p=947"},"modified":"2015-12-07T10:44:35","modified_gmt":"2015-12-07T09:44:35","slug":"miert-eppen-notebookot-4-resz","status":"publish","type":"post","link":"https:\/\/www.notebook.hu\/blog\/miert-eppen-notebookot-4-resz\/","title":{"rendered":"Mi\u00e9rt \u00e9ppen notebookot? \u2013 4.r\u00e9sz"},"content":{"rendered":"<p style=\"text-align: justify;\">Bejegyz\u00e9s sorozatunk utols\u00f3 el\u0151tti r\u00e9sz\u00e9hez \u00e9rve egy kis \u00f6sszefoglal\u00e1ssal kezden\u00e9nk. Eddig a notebookot az asztali sz\u00e1m\u00edt\u00f3g\u00e9ppel, a tablettel \u00e9s az okostelefonnal hasonl\u00edtottuk \u00f6ssze. Ez\u00fattal k\u00e9t \u00fajabb eszk\u00f6z m\u00e9rettetik meg!<\/p>\n<p style=\"text-align: justify;\"><strong>Notebook vs. ultrabook <\/strong>\u2013 Az ultrabook az egyik leg\u00fajabb eszk\u00f6z a piacon, s nem kisebb \u00f3ri\u00e1s, mint az Intel \u00e1ll \u00e9rte j\u00f3t. Ilyen reput\u00e1ci\u00f3 mellett nyilv\u00e1n nagyok az elv\u00e1r\u00e1sok, s ezeket az ultrabook maxim\u00e1lisan ki is el\u00e9g\u00edti.<\/p>\n<p style=\"text-align: justify;\">Eddigi bejegyz\u00e9seink sor\u00e1n arra az \u00f6sszegz\u0151 meg\u00e1llap\u00edt\u00e1sig jutottunk, hogy a felhaszn\u00e1l\u00f3i \u00e9lm\u00e9ny teljesk\u00f6r\u0171s\u00e9ge a notebookok h\u00edrnev\u00e9t \u00f6regb\u00edti, m\u00edg a hordozhat\u00f3s\u00e1got a tabletek \u00e9s az okostelefonok m\u00e9ly\u00edtett\u00e9k el. Azok sz\u00e1m\u00e1ra, akik nem tudnak d\u00f6nteni, megnyugtat\u00f3 ki\u00fat lehet a dilemm\u00e1b\u00f3l, ha ultrabookot v\u00e1lasztanak.<\/p>\n<p style=\"text-align: justify;\">Az ultrabook egyik hatalmas el\u0151nye, hogy megadja a felhaszn\u00e1l\u00e1s maxim\u00e1lis \u00e9lm\u00e9ny\u00e9t, de k\u00f6zben ultrav\u00e9kony \u00e9s ultrak\u00f6nny\u0171 kialak\u00edt\u00e1sa miatt n\u00f6veli a hordozhat\u00f3s\u00e1g k\u00e9nyelm\u00e9t is. Az Intel \u00e1ltal megszabott maxim\u00e1lis s\u00faly 1,5 kilogrammon bel\u00fcl van.<\/p>\n<p style=\"text-align: justify;\">Az \u00fczemid\u0151 k\u00fcl\u00f6n \u00f6r\u00f6m\u00f6t jelent, hiszen k\u0151be lett v\u00e9sve a minim\u00e1lis 5 \u00f3ra. \u00d6t \u00f3r\u00e1nyi strap\u00e1s haszn\u00e1lat melletti helyt\u00e1ll\u00e1s pedig igencsak jelent\u0151s teljes\u00edtm\u00e9nynek sz\u00e1m\u00edt.<\/p>\n<p style=\"text-align: justify;\">R\u00e1ad\u00e1sul nem csup\u00e1n a felhaszn\u00e1l\u00f3k mozoghatnak gyorsan ezekkel a pehelys\u00faly\u00fa eszk\u00f6z\u00f6kkel, de saj\u00e1t sebess\u00e9g\u00fck is f\u0151hajt\u00e1st \u00e9rdemel. A rendelkez\u00e9sre \u00e1ll\u00e1si id\u0151 7 m\u00e1sodpercen bel\u00fcl van.<\/p>\n<p style=\"text-align: justify;\">Az ultrabook teh\u00e1t remek v\u00e1laszt\u00e1s lehet, azonban azzal tiszt\u00e1ban kell lenn\u00fcnk, hogy az \u00e1ruk el\u00e9g borsos, \u00e1tlagban a notebookok f\u00f6l\u00f6tt vannak (s nem csup\u00e1n egy-k\u00e9t t\u00edzezer forinttal). A min\u0151s\u00e9g miatt viszont biztosan nem szorulunk majd fejf\u00e1j\u00e1s csillap\u00edt\u00f3ra.<\/p>\n<p style=\"text-align: justify;\"><strong>Sorozatunk tov\u00e1bbi r\u00e9szei:<br \/>\n<\/strong><a href=\"https:\/\/www.notebook.hu\/blog\/miert-eppen-notebookot-1-resz\/\">Mi\u00e9rt \u00e9ppen notebookot? &#8211; 1. r\u00e9sz<br \/>\n<\/a><a href=\"https:\/\/www.notebook.hu\/blog\/miert-eppen-notebookot-2-resz\/\">Mi\u00e9rt \u00e9ppen notebookot? &#8211; 2. r\u00e9sz<br \/>\n<\/a><a href=\"https:\/\/www.notebook.hu\/blog\/miert-eppen-notebookot-3-resz\/\">Mi\u00e9rt \u00e9ppen notebookot? &#8211; 3. r\u00e9sz<\/a><\/p>\n","protected":false},"excerpt":{"rendered":"<p>Bejegyz\u00e9s sorozatunk utols\u00f3 el\u0151tti r\u00e9sz\u00e9hez \u00e9rve egy kis \u00f6sszefoglal\u00e1ssal kezden\u00e9nk. Eddig a notebookot az asztali sz\u00e1m\u00edt\u00f3g\u00e9ppel, a tablettel \u00e9s az okostelefonnal hasonl\u00edtottuk \u00f6ssze. Ez\u00fattal k\u00e9t \u00fajabb eszk\u00f6z m\u00e9rettetik meg! Notebook vs. ultrabook \u2013 Az ultrabook az egyik leg\u00fajabb eszk\u00f6z a piacon, s nem kisebb \u00f3ri\u00e1s, mint az Intel \u00e1ll \u00e9rte j\u00f3t. Ilyen reput\u00e1ci\u00f3 mellett nyilv\u00e1n &hellip;<\/p>\n","protected":false},"author":1,"featured_media":948,"comment_status":"closed","ping_status":"open","sticky":false,"template":"","format":"standard","meta":{"_jetpack_memberships_contains_paid_content":false,"footnotes":""},"categories":[42],"tags":[44,62],"class_list":["post-947","post","type-post","status-publish","format-standard","has-post-thumbnail","","category-cikkek","tag-notebook-laptop","tag-ultrabook"],"jetpack_featured_media_url":"https:\/\/www.notebook.hu\/blog\/wp-content\/uploads\/2015\/11\/shutterstock_147417476.jpg","jetpack_shortlink":"https:\/\/wp.me\/p9xSLL-fh","jetpack_sharing_enabled":true,"_links":{"self":[{"href":"https:\/\/www.notebook.hu\/blog\/wp-json\/wp\/v2\/posts\/947","targetHints":{"allow":["GET"]}}],"collection":[{"href":"https:\/\/www.notebook.hu\/blog\/wp-json\/wp\/v2\/posts"}],"about":[{"href":"https:\/\/www.notebook.hu\/blog\/wp-json\/wp\/v2\/types\/post"}],"author":[{"embeddable":true,"href":"https:\/\/www.notebook.hu\/blog\/wp-json\/wp\/v2\/users\/1"}],"replies":[{"embeddable":true,"href":"https:\/\/www.notebook.hu\/blog\/wp-json\/wp\/v2\/comments?post=947"}],"version-history":[{"count":3,"href":"https:\/\/www.notebook.hu\/blog\/wp-json\/wp\/v2\/posts\/947\/revisions"}],"predecessor-version":[{"id":980,"href":"https:\/\/www.notebook.hu\/blog\/wp-json\/wp\/v2\/posts\/947\/revisions\/980"}],"wp:featuredmedia":[{"embeddable":true,"href":"https:\/\/www.notebook.hu\/blog\/wp-json\/wp\/v2\/media\/948"}],"wp:attachment":[{"href":"https:\/\/www.notebook.hu\/blog\/wp-json\/wp\/v2\/media?parent=947"}],"wp:term":[{"taxonomy":"category","embeddable":true,"href":"https:\/\/www.notebook.hu\/blog\/wp-json\/wp\/v2\/categories?post=947"},{"taxonomy":"post_tag","embeddable":true,"href":"https:\/\/www.notebook.hu\/blog\/wp-json\/wp\/v2\/tags?post=947"}],"curies":[{"name":"wp","href":"https:\/\/api.w.org\/{rel}","templated":true}]}}