{"id":924,"date":"2015-11-18T10:00:15","date_gmt":"2015-11-18T09:00:15","guid":{"rendered":"http:\/\/www.notebook.hu\/blog\/?p=924"},"modified":"2015-12-07T10:36:33","modified_gmt":"2015-12-07T09:36:33","slug":"miert-eppen-notebookot-2-resz","status":"publish","type":"post","link":"https:\/\/www.notebook.hu\/blog\/miert-eppen-notebookot-2-resz\/","title":{"rendered":"Mi\u00e9rt \u00e9ppen notebookot? \u2013 2.r\u00e9sz"},"content":{"rendered":"<p style=\"text-align: justify;\">Az el\u0151z\u0151 r\u00e9szben a notebookot \u00e9s az asztali sz\u00e1m\u00edt\u00f3g\u00e9pet m\u00e9rt\u00fck \u00f6ssze. K\u00e9t hasonl\u00f3 eszk\u00f6zr\u0151l van sz\u00f3, melyek k\u00e9t ponton t\u00e9rnek el egym\u00e1st\u00f3l szignifik\u00e1nsan. Ez a k\u00e9t pont pedig a hordozhat\u00f3s\u00e1g \u00e9s a hozz\u00e1f\u00e9rhet\u0151s\u00e9g. El\u0151bbi a laptop, ut\u00f3bbi az asztali PC mellett sz\u00f3l. N\u00e9zz\u00fck, mit mutat a laptop, ha m\u00e1s eszk\u00f6z\u00f6kkel vetj\u00fck \u00f6ssze!<\/p>\n<p><strong>Notebook vs. tablet<\/strong> \u2013 Az \u00f6sszehasonl\u00edthat\u00f3s\u00e1g e k\u00e9t eszk\u00f6z k\u00f6z\u00f6tt nyilv\u00e1nval\u00f3an korl\u00e1tozott, ha nem akarunk az irrelevancia terep\u00e9re t\u00e9vedni. Sokan \u00fagy gondolj\u00e1k, hogy a tablet egy m\u00e9ret\u00e9ben (\u00e9s teljes\u00edtm\u00e9nyben) reduk\u00e1lt laptop. Az igazs\u00e1g, b\u00e1r \u00e1rnyaltabb, nem is \u00e1ll ett\u0151l olyan t\u00e1vol.<br \/>\nA tablet el\u0151nye a laptophoz k\u00e9pest, hogy a hordozhat\u00f3s\u00e1got egy \u00faj szintre emeli. Egy \u00e1tlagos tablet a legt\u00f6bb n\u0151i v\u00e1llt\u00e1sk\u00e1ban is elf\u00e9r, s egy h\u00f6lgy holmij\u00e1t sem teszi \u00f3loms\u00faly\u00fav\u00e1, ellent\u00e9tben egy n\u00e9h\u00e1ny kil\u00f3s laptoppal. Az \u00e9rint\u0151k\u00e9perny\u0151 seg\u00edts\u00e9g\u00e9vel pedig a sz\u00e9thajt\u00e1s \u201ek\u00e9nyelmetlens\u00e9g\u00e9t\u0151l\u201d is meg lehet szabadulni. A gy\u00e1rt\u00f3k nem is \u00e1rulnak zs\u00e1kbamacsk\u00e1t, hiszen a tableteket els\u0151sorban internetez\u00e9shez aj\u00e1nlj\u00e1k, s amennyiben ez az els\u0151dleges c\u00e9l, akkor val\u00f3ban ez a megfelel\u0151 eszk\u00f6z.<br \/>\nAzonban, legyen egy tablet b\u00e1rmennyire b\u0151v\u00edthet\u0151 k\u00fcls\u0151 eszk\u00f6z\u00f6kkel, munk\u00e1ra, filmn\u00e9z\u00e9sre, vagy \u00e9ppen j\u00e1t\u00e9kra sem haszn\u00e1lhat\u00f3 azon a szinten, mint egy laptop. Itt teh\u00e1t megmutatkoznak a laptop pozit\u00edvumai. Nagyobb a k\u00e9perny\u0151, ergo jobb a filmez\u00e9si \u00e9lm\u00e9ny, vagy ak\u00e1r a j\u00e1t\u00e9k\u00e9lm\u00e9ny, de bizonyos (pl. tervez\u0151) programokra gondolva, a munkav\u00e9gz\u00e9s is hat\u00e9konyabb \u00e1ltala. Ut\u00f3bbi mellett sz\u00f3l m\u00e9g az is, hogy a k\u00e9perny\u0151n val\u00f3 \u00edr\u00e1s (b\u00e1r t\u00f6k\u00e9lyre fejleszthet\u0151) hossz\u00fat\u00e1von m\u00e9gis k\u00e9nyelmetlenn\u00e9 v\u00e1lik, s \u00edgy vesz\u00edt\u00fcnk a hat\u00e9konys\u00e1gb\u00f3l.<br \/>\n\u00d6sszefoglal\u00e1sk\u00e9ppen teh\u00e1t azt mondhatjuk, hogy a laptop alapvet\u0151en jobb megold\u00e1s akkor, ha filmez\u00e9s, munka, vagy \u00e9ppen j\u00e1t\u00e9k a c\u00e9l. A hordozhat\u00f3s\u00e1ga ugyan korl\u00e1tozottabb, mint a tablet eset\u00e9ben, m\u00e9gis, ak\u00e1r egy vonat\u00faton is el\u0151 lehet venni a notebookot, f\u0151k\u00e9pp, hogy az \u00fajabb vonatokon m\u00e1r konnektorokat is helyeznek el az \u00fcl\u00e9sek k\u00f6zel\u00e9ben.<\/p>\n<p><strong>Sorozatunk tov\u00e1bbi r\u00e9szei:<br \/>\n<\/strong><a href=\"https:\/\/www.notebook.hu\/blog\/miert-eppen-notebookot-1-resz\/\">Mi\u00e9rt \u00e9ppen notebookot? &#8211; 1. r\u00e9sz<br \/>\n<\/a><a href=\"https:\/\/www.notebook.hu\/blog\/miert-eppen-notebookot-3-resz\/\">Mi\u00e9rt \u00e9ppen notebookot? &#8211; 3. r\u00e9sz<br \/>\n<\/a><a href=\"https:\/\/www.notebook.hu\/blog\/miert-eppen-notebookot-4-resz\/\">Mi\u00e9rt \u00e9ppen notebookot? &#8211; 4. r\u00e9sz<\/a><\/p>\n","protected":false},"excerpt":{"rendered":"<p>Az el\u0151z\u0151 r\u00e9szben a notebookot \u00e9s az asztali sz\u00e1m\u00edt\u00f3g\u00e9pet m\u00e9rt\u00fck \u00f6ssze. K\u00e9t hasonl\u00f3 eszk\u00f6zr\u0151l van sz\u00f3, melyek k\u00e9t ponton t\u00e9rnek el egym\u00e1st\u00f3l szignifik\u00e1nsan. Ez a k\u00e9t pont pedig a hordozhat\u00f3s\u00e1g \u00e9s a hozz\u00e1f\u00e9rhet\u0151s\u00e9g. El\u0151bbi a laptop, ut\u00f3bbi az asztali PC mellett sz\u00f3l. N\u00e9zz\u00fck, mit mutat a laptop, ha m\u00e1s eszk\u00f6z\u00f6kkel vetj\u00fck \u00f6ssze! Notebook vs. tablet &hellip;<\/p>\n","protected":false},"author":1,"featured_media":925,"comment_status":"closed","ping_status":"open","sticky":false,"template":"","format":"standard","meta":{"_jetpack_memberships_contains_paid_content":false,"footnotes":""},"categories":[42],"tags":[44],"class_list":["post-924","post","type-post","status-publish","format-standard","has-post-thumbnail","","category-cikkek","tag-notebook-laptop"],"jetpack_featured_media_url":"https:\/\/www.notebook.hu\/blog\/wp-content\/uploads\/2015\/11\/shutterstock_165020939.jpg","jetpack_shortlink":"https:\/\/wp.me\/p9xSLL-eU","jetpack_sharing_enabled":true,"_links":{"self":[{"href":"https:\/\/www.notebook.hu\/blog\/wp-json\/wp\/v2\/posts\/924","targetHints":{"allow":["GET"]}}],"collection":[{"href":"https:\/\/www.notebook.hu\/blog\/wp-json\/wp\/v2\/posts"}],"about":[{"href":"https:\/\/www.notebook.hu\/blog\/wp-json\/wp\/v2\/types\/post"}],"author":[{"embeddable":true,"href":"https:\/\/www.notebook.hu\/blog\/wp-json\/wp\/v2\/users\/1"}],"replies":[{"embeddable":true,"href":"https:\/\/www.notebook.hu\/blog\/wp-json\/wp\/v2\/comments?post=924"}],"version-history":[{"count":3,"href":"https:\/\/www.notebook.hu\/blog\/wp-json\/wp\/v2\/posts\/924\/revisions"}],"predecessor-version":[{"id":976,"href":"https:\/\/www.notebook.hu\/blog\/wp-json\/wp\/v2\/posts\/924\/revisions\/976"}],"wp:featuredmedia":[{"embeddable":true,"href":"https:\/\/www.notebook.hu\/blog\/wp-json\/wp\/v2\/media\/925"}],"wp:attachment":[{"href":"https:\/\/www.notebook.hu\/blog\/wp-json\/wp\/v2\/media?parent=924"}],"wp:term":[{"taxonomy":"category","embeddable":true,"href":"https:\/\/www.notebook.hu\/blog\/wp-json\/wp\/v2\/categories?post=924"},{"taxonomy":"post_tag","embeddable":true,"href":"https:\/\/www.notebook.hu\/blog\/wp-json\/wp\/v2\/tags?post=924"}],"curies":[{"name":"wp","href":"https:\/\/api.w.org\/{rel}","templated":true}]}}