{"id":921,"date":"2015-11-16T10:26:43","date_gmt":"2015-11-16T09:26:43","guid":{"rendered":"http:\/\/www.notebook.hu\/blog\/?p=921"},"modified":"2015-12-07T10:34:39","modified_gmt":"2015-12-07T09:34:39","slug":"miert-eppen-notebookot-1-resz","status":"publish","type":"post","link":"https:\/\/www.notebook.hu\/blog\/miert-eppen-notebookot-1-resz\/","title":{"rendered":"Mi\u00e9rt \u00e9ppen notebookot? \u2013 1.r\u00e9sz"},"content":{"rendered":"<p style=\"text-align: justify;\">Ez a k\u00e9rd\u00e9s n\u00e9h\u00e1ny \u00e9vvel ezel\u0151tt fel sem mer\u00fclt volna, hiszen a notebookok megjelen\u00e9sekor k\u00f6nny\u0171 volt k\u00e9t elk\u00fcl\u00f6n\u00fcl\u0151 territ\u00f3riumot meghat\u00e1rozni, melyek egyik\u00e9t az asztali PC uralta, a m\u00e1sik birtokosa pedig az \u00faj hatalmass\u00e1g, a hordozhat\u00f3 sz\u00e1m\u00edt\u00f3g\u00e9p volt. M\u00e1ra azonban megk\u00e9rd\u0151jelez\u0151dtek a hat\u00e1rok, \u00e9s \u00faj versenyz\u0151k is ringbe sz\u00e1lltak, hiszen az okostelefonok vagy \u00e9ppen a tabletek nyilv\u00e1n er\u0151s alternat\u00edv\u00e1nak sz\u00e1m\u00edtanak.<\/p>\n<p><strong>Notebook vs. asztali PC<\/strong> \u2013 Ma m\u00e1r sz\u00e1mos eszk\u00f6z k\u00f6z\u00fcl v\u00e1logathatunk, melyek hasonl\u00f3 teljes\u00edtm\u00e9nyre k\u00e9pesek, hasonl\u00f3 felhaszn\u00e1l\u00e1si ter\u00fcletet fednek le, mint a laptopok. Ott vannak p\u00e9ld\u00e1ul az asztali sz\u00e1m\u00edt\u00f3g\u00e9pek. Egy szisztematikusan fel\u00e9p\u00edtett pro\/kontra \u00e9rvrendszer alapj\u00e1n val\u00f3sz\u00edn\u0171leg \u00e9rdekes eredm\u00e9nyt kapn\u00e1nk (egy k\u00f6vetkez\u0151 bejegyz\u00e9sben meg is csin\u00e1ljuk majd), most vegy\u00fck csup\u00e1n a legalapvet\u0151bbeket.<br \/>\nA hordozhat\u00f3s\u00e1g nyilv\u00e1nval\u00f3an egy laptop mellett sz\u00f3l\u00f3 pozit\u00edvum. Ha munk\u00e1hoz, vagy az egyetemen szeretn\u00e9nk els\u0151sorban haszn\u00e1lni, esetleg az \u00e9letvitel\u00fcnkb\u0151l kifoly\u00f3lag sokat utazunk, akkor a laptop lehet a legjobb megold\u00e1s. Ezzel ellent\u00e9tben az asztali sz\u00e1m\u00edt\u00f3g\u00e9p mellett sz\u00f3l, hogy b\u00e1r helyhez k\u00f6t\u00f6tt, sokkal t\u00e1gasabb teret biztos\u00edt a b\u0151v\u00edt\u00e9sre, s \u00e1ltal\u00e1ban is er\u0151sebb, mint egy \u00e1tlagos laptop. \u00cdgy a j\u00e1t\u00e9k\u00e9lm\u00e9ny szempontj\u00e1b\u00f3l tekintve a k\u00e9rd\u00e9st, el\u0151ny\u00f6sebb v\u00e1laszt\u00e1s lehet egy asztali g\u00e9p.<br \/>\nA hordozhat\u00f3s\u00e1g mellett \u00e9rdemes m\u00e9g megeml\u00edteni a felhaszn\u00e1l\u00f3k k\u00f6z\u00f6tti v\u00e1lt\u00e1s k\u00e9nyelm\u00e9t is, ami szint\u00e9n a laptop pro list\u00e1j\u00e1t izmos\u00edtja. Ha t\u00f6bben is haszn\u00e1lj\u00e1k a csal\u00e1dban, akkor nem felt\u00e9tlen kell egy k\u00f6z\u00f6s helyis\u00e9gben \u00e1llnia, ahol senki nem illesztheti be igaz\u00e1n a mag\u00e1n\u00e9let\u00e9be.<br \/>\nEgy asztali PC-hez viszont jobb a hozz\u00e1f\u00e9rhet\u0151s\u00e9g, vagyis k\u00f6nnyebb jav\u00edtani, lehets\u00e9ges az alkatr\u00e9szenk\u00e9nti csere.<br \/>\n\u00d6sszefoglalva azt mondhatjuk teh\u00e1t, hogy egy asztali sz\u00e1m\u00edt\u00f3g\u00e9p t\u00f6bbet adhat ugyan a teljes\u00edtm\u00e9ny ter\u00e9n, s az esetleges jav\u00edt\u00e1s is k\u00f6lts\u00e9ghat\u00e9konyabb lehet, k\u00f6z\u00f6s g\u00e9pnek, vagy munkaeszk\u00f6znek m\u00e9gis ink\u00e1bb egy laptop az, ami maxim\u00e1lisan kiel\u00e9g\u00edtheti az ig\u00e9nyeket.<\/p>\n<p><strong>Sorozatunk tov\u00e1bbi r\u00e9szei:<br \/>\n<\/strong><a href=\"https:\/\/www.notebook.hu\/blog\/miert-eppen-notebookot-2-resz\/\">Mi\u00e9rt \u00e9ppen notebookot? &#8211; 2. r\u00e9sz<br \/>\n<\/a><a href=\"https:\/\/www.notebook.hu\/blog\/miert-eppen-notebookot-3-resz\/\">Mi\u00e9rt \u00e9ppen notebookot? &#8211; 3. r\u00e9sz<br \/>\n<\/a><a href=\"https:\/\/www.notebook.hu\/blog\/miert-eppen-notebookot-4-resz\/\">Mi\u00e9rt \u00e9ppen notebookot? &#8211; 4. r\u00e9sz<\/a><\/p>\n","protected":false},"excerpt":{"rendered":"<p>Ez a k\u00e9rd\u00e9s n\u00e9h\u00e1ny \u00e9vvel ezel\u0151tt fel sem mer\u00fclt volna, hiszen a notebookok megjelen\u00e9sekor k\u00f6nny\u0171 volt k\u00e9t elk\u00fcl\u00f6n\u00fcl\u0151 territ\u00f3riumot meghat\u00e1rozni, melyek egyik\u00e9t az asztali PC uralta, a m\u00e1sik birtokosa pedig az \u00faj hatalmass\u00e1g, a hordozhat\u00f3 sz\u00e1m\u00edt\u00f3g\u00e9p volt. M\u00e1ra azonban megk\u00e9rd\u0151jelez\u0151dtek a hat\u00e1rok, \u00e9s \u00faj versenyz\u0151k is ringbe sz\u00e1lltak, hiszen az okostelefonok vagy \u00e9ppen a tabletek &hellip;<\/p>\n","protected":false},"author":1,"featured_media":922,"comment_status":"closed","ping_status":"open","sticky":false,"template":"","format":"standard","meta":{"_jetpack_memberships_contains_paid_content":false,"footnotes":""},"categories":[42],"tags":[44],"class_list":["post-921","post","type-post","status-publish","format-standard","has-post-thumbnail","","category-cikkek","tag-notebook-laptop"],"jetpack_featured_media_url":"https:\/\/www.notebook.hu\/blog\/wp-content\/uploads\/2015\/11\/shutterstock_309941807.jpg","jetpack_shortlink":"https:\/\/wp.me\/p9xSLL-eR","jetpack_sharing_enabled":true,"_links":{"self":[{"href":"https:\/\/www.notebook.hu\/blog\/wp-json\/wp\/v2\/posts\/921","targetHints":{"allow":["GET"]}}],"collection":[{"href":"https:\/\/www.notebook.hu\/blog\/wp-json\/wp\/v2\/posts"}],"about":[{"href":"https:\/\/www.notebook.hu\/blog\/wp-json\/wp\/v2\/types\/post"}],"author":[{"embeddable":true,"href":"https:\/\/www.notebook.hu\/blog\/wp-json\/wp\/v2\/users\/1"}],"replies":[{"embeddable":true,"href":"https:\/\/www.notebook.hu\/blog\/wp-json\/wp\/v2\/comments?post=921"}],"version-history":[{"count":3,"href":"https:\/\/www.notebook.hu\/blog\/wp-json\/wp\/v2\/posts\/921\/revisions"}],"predecessor-version":[{"id":974,"href":"https:\/\/www.notebook.hu\/blog\/wp-json\/wp\/v2\/posts\/921\/revisions\/974"}],"wp:featuredmedia":[{"embeddable":true,"href":"https:\/\/www.notebook.hu\/blog\/wp-json\/wp\/v2\/media\/922"}],"wp:attachment":[{"href":"https:\/\/www.notebook.hu\/blog\/wp-json\/wp\/v2\/media?parent=921"}],"wp:term":[{"taxonomy":"category","embeddable":true,"href":"https:\/\/www.notebook.hu\/blog\/wp-json\/wp\/v2\/categories?post=921"},{"taxonomy":"post_tag","embeddable":true,"href":"https:\/\/www.notebook.hu\/blog\/wp-json\/wp\/v2\/tags?post=921"}],"curies":[{"name":"wp","href":"https:\/\/api.w.org\/{rel}","templated":true}]}}