{"id":915,"date":"2015-11-12T09:57:07","date_gmt":"2015-11-12T08:57:07","guid":{"rendered":"http:\/\/www.notebook.hu\/blog\/?p=915"},"modified":"2015-12-07T10:47:48","modified_gmt":"2015-12-07T09:47:48","slug":"keveset-bir-az-akkumulator-ime-nehany-tipp-ami-segithet-3-resz","status":"publish","type":"post","link":"https:\/\/www.notebook.hu\/blog\/keveset-bir-az-akkumulator-ime-nehany-tipp-ami-segithet-3-resz\/","title":{"rendered":"Keveset b\u00edr az akkumul\u00e1tor? \u00cdme, n\u00e9h\u00e1ny tipp, ami seg\u00edthet! \u2013 3.r\u00e9sz"},"content":{"rendered":"<p style=\"text-align: justify;\">Az akkumul\u00e1tor strapab\u00edr\u00f3 k\u00e9pess\u00e9ge az egyik legfontosabb \u00f6sszetev\u0151je egy j\u00f3 laptopnak. Ha az akkumul\u00e1tor nem j\u00f3l szuper\u00e1l, s \u00e1lland\u00f3 konnektor-kapcsolat n\u00e9lk\u00fcl 10-15 perc alatt lemer\u00fcl, akkor \u00e9ppen a hordozhat\u00f3s\u00e1g szenved csorb\u00e1t, vagyis a laptop eredeti el\u0151nye az asztali sz\u00e1m\u00edt\u00f3g\u00e9pekkel szemben.<br \/>\nAz el\u0151z\u0151 r\u00e9szekben igyekezt\u00fcnk tippeket adni, hogy ha m\u00e1r megvan a baj, s a g\u00e9p t\u00fal gyorsan mer\u00fcl, akkor se kelljen felt\u00e9tlen\u00fcl a lecser\u00e9l\u00e9s mellett d\u00f6nteni. P\u00e9nzt\u00e1rcak\u00edm\u00e9l\u0151 megold\u00e1saink k\u00f6z\u00f6tt volt a HDD munk\u00e1j\u00e1nak k\u00f6nny\u00edt\u00e9se lemezkarbantart\u00e1ssal, vagy \u00e9ppen a h\u00e1tt\u00e9rvil\u00e1g\u00edt\u00e1s elmozd\u00edt\u00e1sa a maximumt\u00f3l a minimum fel\u00e9.<br \/>\n\u00cdg\u00e9rt\u00fck, hogy az akkumul\u00e1tor karbantart\u00e1s\u00e1r\u00f3l is \u00edrunk p\u00e1r sort. \u00cdme!<\/p>\n<p><strong>Az akkumul\u00e1tor karbantart\u00e1sa<\/strong><br \/>\nN\u00e9ha kicsit torn\u00e1ztatni kell az akkumul\u00e1tort, hogy megfelel\u0151en tudjon m\u0171k\u00f6dni. Ez nem egy nagy dolog, gyakorlatilag komolyan kell venni azt, amit a legt\u00f6bb haszn\u00e1lati \u00fatmutat\u00f3ban le\u00edrnak. Az akkumul\u00e1tor edz\u00e9sprogramja viszonylag egyszer\u0171.<br \/>\nA v\u00e1s\u00e1rl\u00e1s ut\u00e1ni els\u0151 bekapcsol\u00e1s el\u0151tt fel kell t\u00f6lteni a 100 sz\u00e1zal\u00e9kig. T\u00e9nyleg nem \u00e9rdemes 90-99% k\u00f6z\u00f6tt kih\u00fazni a t\u00f6lt\u0151t, hiszen csup\u00e1n n\u00e9h\u00e1ny perc k\u00e9rd\u00e9se az eg\u00e9sz, az akkumul\u00e1tor \u00e9lettartam\u00e1t viszont nagyban kitolhatja. Az els\u0151 100 sz\u00e1zal\u00e9k ut\u00e1n pedig haszn\u00e1ljuk a notebookot addig, m\u00edg az az alacsony t\u00f6lt\u00f6tts\u00e9g miatt mag\u00e1t\u00f3l ki nem kapcsol, vagyis igyekezz\u00fcnk null\u00e1ra lef\u00e1rasztani a laptopot. Majd ism\u00e9t t\u00f6lts\u00fck fel 100%-ig. Ez a l\u00e1tsz\u00f3lagos csiki-csuki bizony\u00edtottan meg\u00e9ri.<br \/>\nAz els\u0151 t\u00f6lt\u00e9s ut\u00e1n is igyekezz\u00fcnk mindig 100%-ra t\u00f6lteni az akkumul\u00e1tort, hogy az \u201emegtanulhassa\u201d, hogy mit v\u00e1runk el t\u0151le. Sajnos a \u201egyorst\u00f6lt\u00e9sek\u201d miatt megy t\u00f6nkre a legt\u00f6bb akkumul\u00e1tor.<br \/>\nV\u00e9g\u00fcl m\u00e9g egy fontos tipp: soha ne tegy\u00fck ki az akkumul\u00e1tort k\u00f6zvetlen \u00e9s magas h\u0151 besug\u00e1rz\u00e1snak, vagyis ne hagyjuk p\u00e9ld\u00e1ul a t\u0171z\u0151 napon a laptopot, hiszen ez pillanatok alatt k\u00e9pes jelent\u0151s k\u00e1rt okozni.<\/p>\n<p><strong>Sorozatunk tov\u00e1bbi r\u00e9szei:<br \/>\n<\/strong><a href=\"https:\/\/www.notebook.hu\/blog\/keveset-bir-az-akkumulator-ime-nehany-tipp-ami-segithet-1-resz\/\">Keveset b\u00edr az akkumul\u00e1tor? \u00cdme, n\u00e9h\u00e1ny tipp, ami seg\u00edthet! \u2013 1.r\u00e9sz<br \/>\n<\/a><a href=\"https:\/\/www.notebook.hu\/blog\/keveset-bir-az-akkumulator-ime-nehany-tipp-ami-segithet-2-resz\/\">Keveset b\u00edr az akkumul\u00e1tor? \u00cdme, n\u00e9h\u00e1ny tipp, ami seg\u00edthet! \u2013 2.r\u00e9sz<\/a><\/p>\n","protected":false},"excerpt":{"rendered":"<p>Az akkumul\u00e1tor strapab\u00edr\u00f3 k\u00e9pess\u00e9ge az egyik legfontosabb \u00f6sszetev\u0151je egy j\u00f3 laptopnak. Ha az akkumul\u00e1tor nem j\u00f3l szuper\u00e1l, s \u00e1lland\u00f3 konnektor-kapcsolat n\u00e9lk\u00fcl 10-15 perc alatt lemer\u00fcl, akkor \u00e9ppen a hordozhat\u00f3s\u00e1g szenved csorb\u00e1t, vagyis a laptop eredeti el\u0151nye az asztali sz\u00e1m\u00edt\u00f3g\u00e9pekkel szemben. Az el\u0151z\u0151 r\u00e9szekben igyekezt\u00fcnk tippeket adni, hogy ha m\u00e1r megvan a baj, s a g\u00e9p &hellip;<\/p>\n","protected":false},"author":1,"featured_media":916,"comment_status":"closed","ping_status":"open","sticky":false,"template":"","format":"standard","meta":{"_jetpack_memberships_contains_paid_content":false,"footnotes":""},"categories":[42],"tags":[44,46],"class_list":["post-915","post","type-post","status-publish","format-standard","has-post-thumbnail","","category-cikkek","tag-notebook-laptop","tag-tablet"],"jetpack_featured_media_url":"https:\/\/www.notebook.hu\/blog\/wp-content\/uploads\/2015\/11\/shutterstock_215940778.jpg","jetpack_shortlink":"https:\/\/wp.me\/p9xSLL-eL","jetpack_sharing_enabled":true,"_links":{"self":[{"href":"https:\/\/www.notebook.hu\/blog\/wp-json\/wp\/v2\/posts\/915","targetHints":{"allow":["GET"]}}],"collection":[{"href":"https:\/\/www.notebook.hu\/blog\/wp-json\/wp\/v2\/posts"}],"about":[{"href":"https:\/\/www.notebook.hu\/blog\/wp-json\/wp\/v2\/types\/post"}],"author":[{"embeddable":true,"href":"https:\/\/www.notebook.hu\/blog\/wp-json\/wp\/v2\/users\/1"}],"replies":[{"embeddable":true,"href":"https:\/\/www.notebook.hu\/blog\/wp-json\/wp\/v2\/comments?post=915"}],"version-history":[{"count":3,"href":"https:\/\/www.notebook.hu\/blog\/wp-json\/wp\/v2\/posts\/915\/revisions"}],"predecessor-version":[{"id":986,"href":"https:\/\/www.notebook.hu\/blog\/wp-json\/wp\/v2\/posts\/915\/revisions\/986"}],"wp:featuredmedia":[{"embeddable":true,"href":"https:\/\/www.notebook.hu\/blog\/wp-json\/wp\/v2\/media\/916"}],"wp:attachment":[{"href":"https:\/\/www.notebook.hu\/blog\/wp-json\/wp\/v2\/media?parent=915"}],"wp:term":[{"taxonomy":"category","embeddable":true,"href":"https:\/\/www.notebook.hu\/blog\/wp-json\/wp\/v2\/categories?post=915"},{"taxonomy":"post_tag","embeddable":true,"href":"https:\/\/www.notebook.hu\/blog\/wp-json\/wp\/v2\/tags?post=915"}],"curies":[{"name":"wp","href":"https:\/\/api.w.org\/{rel}","templated":true}]}}