{"id":9116,"date":"2021-09-16T16:01:00","date_gmt":"2021-09-16T14:01:00","guid":{"rendered":"https:\/\/www.notebook.hu\/blog\/?p=9116"},"modified":"2022-10-23T11:15:38","modified_gmt":"2022-10-23T09:15:38","slug":"az-iphone-13-muholdas-kapcsolatra-is-kepes","status":"publish","type":"post","link":"https:\/\/www.notebook.hu\/blog\/az-iphone-13-muholdas-kapcsolatra-is-kepes\/","title":{"rendered":"Az iPhone 13 m\u0171holdas kapcsolatra is k\u00e9pes!?"},"content":{"rendered":"\n<p><strong>Az Apple-t\u0151l m\u00e1r megszokhattuk, hogy \u0151sszel mindig \u00faj k\u00e9sz\u00fcl\u00e9kkel jelennek meg a piacon. Az idei \u00e9vben meg\u00e9rkez\u00fcnk a 13-as sz\u00e1mmal ell\u00e1tott modellhez, ami v\u00e1rhat\u00f3an m\u0171holdas kapcsolatra lesz k\u00e9pes bizonyos esetekben.<\/strong><\/p>\n\n\n\n<div class=\"wp-block-image\"><figure class=\"aligncenter size-large\"><a href=\"https:\/\/www.notebook.hu\/blog\/wp-content\/uploads\/2021\/09\/iPhone-in-Space.jpg\"><img loading=\"lazy\" decoding=\"async\" width=\"400\" height=\"266\" data-attachment-id=\"9117\" data-permalink=\"https:\/\/www.notebook.hu\/blog\/az-iphone-13-muholdas-kapcsolatra-is-kepes\/iphone-in-space\/\" data-orig-file=\"https:\/\/www.notebook.hu\/blog\/wp-content\/uploads\/2021\/09\/iPhone-in-Space.jpg\" data-orig-size=\"400,266\" data-comments-opened=\"0\" data-image-meta=\"{&quot;aperture&quot;:&quot;0&quot;,&quot;credit&quot;:&quot;&quot;,&quot;camera&quot;:&quot;&quot;,&quot;caption&quot;:&quot;&quot;,&quot;created_timestamp&quot;:&quot;0&quot;,&quot;copyright&quot;:&quot;&quot;,&quot;focal_length&quot;:&quot;0&quot;,&quot;iso&quot;:&quot;0&quot;,&quot;shutter_speed&quot;:&quot;0&quot;,&quot;title&quot;:&quot;&quot;,&quot;orientation&quot;:&quot;0&quot;}\" data-image-title=\"iPhone-in-Space\" data-image-description=\"\" data-image-caption=\"\" data-medium-file=\"https:\/\/www.notebook.hu\/blog\/wp-content\/uploads\/2021\/09\/iPhone-in-Space-300x200.jpg\" data-large-file=\"https:\/\/www.notebook.hu\/blog\/wp-content\/uploads\/2021\/09\/iPhone-in-Space.jpg\" src=\"https:\/\/www.notebook.hu\/blog\/wp-content\/uploads\/2021\/09\/iPhone-in-Space.jpg\" alt=\"\" class=\"wp-image-9117\" srcset=\"https:\/\/www.notebook.hu\/blog\/wp-content\/uploads\/2021\/09\/iPhone-in-Space.jpg 400w, https:\/\/www.notebook.hu\/blog\/wp-content\/uploads\/2021\/09\/iPhone-in-Space-300x200.jpg 300w, https:\/\/www.notebook.hu\/blog\/wp-content\/uploads\/2021\/09\/iPhone-in-Space-310x205.jpg 310w\" sizes=\"auto, (max-width: 400px) 100vw, 400px\" \/><\/a><\/figure><\/div>\n\n\n\n<p>Egyel\u0151re pletykak\u00e9nt kezelend\u0151, hogy az iPhone 13-ba \u00e9p\u00edtett chip a m\u0171holdas kommunik\u00e1ci\u00f3hoz sz\u00fcks\u00e9ges hardvert (Low Earth Orbit) is tartalmazni fogja. Teh\u00e1t k\u00f6zel sem biztos, hogy t\u00e1mogatni fogja az alacsony p\u00e1ly\u00e1n kering\u0151 m\u0171holdakkal val\u00f3 kommunik\u00e1ci\u00f3t. <\/p>\n\n\n\n<p>Mark Gruman inform\u00e1ci\u00f3i szerint el\u00e9rhet\u0151 lesz a technol\u00f3gia, azonban nem vil\u00e1gszerte, csak bizonyos piacokra sz\u00e1nt k\u00e9sz\u00fcl\u00e9kekben. Els\u0151sorban seg\u00e9lyh\u00edv\u00e1sra lesz haszn\u00e1lhat\u00f3. K\u00e9t megold\u00e1son dolgoznak: az egyik a v\u00e9szhelyzeti \u00fczenet funkci\u00f3 (Emergency Message vis Satelite): korl\u00e1tozott karaktersz\u00e1m\u00fa \u00fczenet, amit vesz\u00e9ly eset\u00e9n el\u0151re meghat\u00e1rozott szem\u00e9lyeknek k\u00fcldhet\u00fcnk. A m\u00e1sik funkci\u00f3 v\u00e9szjelz\u00e9s lead\u00e1s\u00e1ra lesz hivatott, k\u00fcl\u00f6nb\u00f6z\u0151 term\u00e9szeti katasztr\u00f3f\u00e1k eset\u00e9n.<\/p>\n\n\n\n<p>Gondoljunk olyan esetekre, amikor nincs t\u00e9rer\u0151 \u00e9s bajba ker\u00fcl\u00fcnk a semmi k\u00f6zep\u00e9n. T\u00f6rt\u00e9nhet b\u00e1rmilyen term\u00e9szeti katasztr\u00f3fa, ami miatt megsz\u0171nnek m\u0171k\u00f6dni az ad\u00f3tornyok (pl. tsunami). Vagy egyszer\u0171en t\u00falterheltek a vonalak \u00e9s senki nem kapcsolhat\u00f3. \u00c9letment\u0151 lehet egy sz\u00f6veges \u00fczenetet eljuttatni egy sz\u00e1munkra fontos, megb\u00edzhat\u00f3 szem\u00e9lynek. Az \u00f6tlet j\u00f3 \u00e9s \u00fcdv\u00f6zlend\u0151 az Apple r\u00e9sz\u00e9r\u0151l.<\/p>\n\n\n\n<p>Ha megtetszett az iPhone 13-as, de nem szeretn\u00e9d egyben kifizetni az \u00e1r\u00e1t, akkor \u00e9rdemes az <a href=\"https:\/\/www.notebook.hu\/blog\/iphone-reszletre\/\">iPhone r\u00e9szletre<\/a> cikk\u00fcnket is \u00e1tb\u00f6ng\u00e9szned. Ak\u00e1r 0 Ft \u00f6ner\u0151vel, 20 havi 0%THM hitelre is a ti\u00e9d lehet egy vadonat\u00faj iPhone 13.<\/p>\n\n\n\n<p>A m\u0171holdas h\u00edv\u00e1sok anno horror \u00f6sszegekbe ker\u00fcltek, ak\u00e1r t\u00f6bb ezer forintba percenk\u00e9nt. Napjainkban viszont m\u00e1r durva \u00e1rcs\u00f6kken\u00e9st \u00e9rt el ez a piaci szegmens is, hiszen ak\u00e1r 50-60 Ft-\u00e9rt besz\u00e9lhet\u00fcnk percenk\u00e9nt m\u0171holdakon kereszt\u00fcl, s\u0151t m\u00e1r m\u0171holdas mobilnet v\u00e1s\u00e1rl\u00e1s\u00e1ra is van lehet\u0151s\u00e9g\u00fcnk.<\/p>\n\n\n\n<p>Bizonytalan vagy, hogy melyik iPhone 13-ast v\u00e1laszd? Akkor olvasd el <a href=\"https:\/\/www.notebook.hu\/blog\/kulonbseg-iphone-13-pro-es-pro-max\/\">Mi a k\u00fcl\u00f6nbs\u00e9g iPhone 13 Pro \u00e9s Pro Max k\u00f6z\u00f6tt?<\/a> cikk\u00fcnket is.<\/p>\n\n\n\n<p>Ha nagy Apple rajong\u00f3 vagy, akkor az <a href=\"https:\/\/www.notebook.hu\/blog\/iphone-tortenelem\/\">iPhone t\u00f6rt\u00e9nelem<\/a> cikk\u00fcnk is \u00e9rdekelhet.<\/p>\n","protected":false},"excerpt":{"rendered":"<p>Az Apple-t\u0151l m\u00e1r megszokhattuk, hogy \u0151sszel mindig \u00faj k\u00e9sz\u00fcl\u00e9kkel jelennek meg a piacon. Az idei \u00e9vben meg\u00e9rkez\u00fcnk a 13-as sz\u00e1mmal ell\u00e1tott modellhez, ami v\u00e1rhat\u00f3an m\u0171holdas kapcsolatra lesz k\u00e9pes bizonyos esetekben. Egyel\u0151re pletykak\u00e9nt kezelend\u0151, hogy az iPhone 13-ba \u00e9p\u00edtett chip a m\u0171holdas kommunik\u00e1ci\u00f3hoz sz\u00fcks\u00e9ges hardvert (Low Earth Orbit) is tartalmazni fogja. Teh\u00e1t k\u00f6zel sem biztos, hogy &hellip;<\/p>\n","protected":false},"author":9,"featured_media":9117,"comment_status":"closed","ping_status":"open","sticky":false,"template":"","format":"standard","meta":{"_jetpack_memberships_contains_paid_content":false,"footnotes":""},"categories":[42,211],"tags":[],"class_list":["post-9116","post","type-post","status-publish","format-standard","has-post-thumbnail","","category-cikkek","category-tudomany"],"jetpack_featured_media_url":"https:\/\/www.notebook.hu\/blog\/wp-content\/uploads\/2021\/09\/iPhone-in-Space.jpg","jetpack_shortlink":"https:\/\/wp.me\/p9xSLL-2n2","jetpack_sharing_enabled":true,"_links":{"self":[{"href":"https:\/\/www.notebook.hu\/blog\/wp-json\/wp\/v2\/posts\/9116","targetHints":{"allow":["GET"]}}],"collection":[{"href":"https:\/\/www.notebook.hu\/blog\/wp-json\/wp\/v2\/posts"}],"about":[{"href":"https:\/\/www.notebook.hu\/blog\/wp-json\/wp\/v2\/types\/post"}],"author":[{"embeddable":true,"href":"https:\/\/www.notebook.hu\/blog\/wp-json\/wp\/v2\/users\/9"}],"replies":[{"embeddable":true,"href":"https:\/\/www.notebook.hu\/blog\/wp-json\/wp\/v2\/comments?post=9116"}],"version-history":[{"count":6,"href":"https:\/\/www.notebook.hu\/blog\/wp-json\/wp\/v2\/posts\/9116\/revisions"}],"predecessor-version":[{"id":11323,"href":"https:\/\/www.notebook.hu\/blog\/wp-json\/wp\/v2\/posts\/9116\/revisions\/11323"}],"wp:featuredmedia":[{"embeddable":true,"href":"https:\/\/www.notebook.hu\/blog\/wp-json\/wp\/v2\/media\/9117"}],"wp:attachment":[{"href":"https:\/\/www.notebook.hu\/blog\/wp-json\/wp\/v2\/media?parent=9116"}],"wp:term":[{"taxonomy":"category","embeddable":true,"href":"https:\/\/www.notebook.hu\/blog\/wp-json\/wp\/v2\/categories?post=9116"},{"taxonomy":"post_tag","embeddable":true,"href":"https:\/\/www.notebook.hu\/blog\/wp-json\/wp\/v2\/tags?post=9116"}],"curies":[{"name":"wp","href":"https:\/\/api.w.org\/{rel}","templated":true}]}}