{"id":909,"date":"2015-11-09T17:00:51","date_gmt":"2015-11-09T16:00:51","guid":{"rendered":"http:\/\/www.notebook.hu\/blog\/?p=909"},"modified":"2015-11-09T14:28:51","modified_gmt":"2015-11-09T13:28:51","slug":"a-convertible-megjelenese-megkesett-szuksegszeruseg","status":"publish","type":"post","link":"https:\/\/www.notebook.hu\/blog\/a-convertible-megjelenese-megkesett-szuksegszeruseg\/","title":{"rendered":"A convertible megjelen\u00e9se: megk\u00e9sett sz\u00fcks\u00e9gszer\u0171s\u00e9g"},"content":{"rendered":"<p style=\"text-align: justify;\"><strong>A hordozhat\u00f3 sz\u00e1m\u00edt\u00f3g\u00e9pek gondolata egy\u00e1ltal\u00e1n nem olyan modern, mint azt gondoln\u00e1nk &#8211; nem csak maga a laptop, de m\u00e9g a tablet is sok \u00e9vtizedes gondolat. Nem volt k\u00e9ts\u00e9ges, hogy a convertible t\u00edpusok v\u00e9g\u00fcl megjelennek a piacon, a szakemberek, csak az alkalomra v\u00e1rtak.<\/strong><\/p>\n<p style=\"text-align: justify;\">Alan Kay amerikai sz\u00e1m\u00edt\u00e1stechnikus m\u00e1r 1968-ban <span style=\"color: #3366ff;\"><a style=\"color: #3366ff;\" href=\"http:\/\/online.wsj.com\/adimg\/sas-laptop-history.pdf\">bemutatta<\/a><\/span> a ma m\u00e1r a szakm\u00e1n k\u00edv\u00fcl t\u00f6k\u00e9letesen ismeretlen Dynabook koncepci\u00f3j\u00e1t. Ez volt az els\u0151 olyan terv, amely egy olyan hordozhat\u00f3 sz\u00e1m\u00edt\u00f3g\u00e9ppel foglalkozott, amely a ma ismert tabletekhez hasonl\u00f3 form\u00e1ban v\u00e1zolta fel a sz\u00e1m\u00edt\u00f3g\u00e9pek j\u00f6v\u0151j\u00e9t, de mint \u00e1ltal\u00e1ban, ezt az el\u0151remutat\u00f3 \u00f6tletet sem a piac forradalmas\u00edt\u00e1s\u00e1ra sz\u00e1nt\u00e1k.<\/p>\n<p style=\"text-align: justify;\">Kay c\u00e9lja egyszer\u0171en <span style=\"color: #3366ff;\"><a style=\"color: #3366ff;\" href=\"http:\/\/www.openp2p.com\/pub\/a\/p2p\/2003\/04\/03\/alan_kay.html\">annyi volt<\/a><\/span>, hogy tervezzen egy olyan eszk\u00f6zt, amely seg\u00edts\u00e9g\u00e9vel a gyerekek k\u00f6nnyebben k\u00e9pesek oktat\u00f3 \u00e9s sz\u00f3rakoztat\u00f3 tartalmakat fogyasztani. A c\u00e9lk\u00f6z\u00f6ns\u00e9g kifejezetten a gyermekek voltak.<\/p>\n<p style=\"text-align: justify;\">Kay \u00f6tlete v\u00e9g\u00fcl m\u00e9gsem val\u00f3sult meg, pedig az amerikai hadsereget is elkezdte \u00e9rdekelni a dolog &#8211; \u0151ket az motiv\u00e1lta a hordozhat\u00f3 sz\u00e1m\u00edt\u00f3g\u00e9pek, pontosabban az ehhez hasonl\u00f3 prototablet-koncepci\u00f3k kutat\u00e1s\u00e1ban, hogy eleg\u00fck volt abb\u00f3l: az adminisztr\u00e1ci\u00f3hoz folyamatosan irgalmatlan nagy pap\u00edrt\u00f6megeket kell megmozgatniuk.<\/p>\n<p style=\"text-align: justify;\">A szakember 2001-ben, a Microsoft Tablet PC megjelen\u00e9sekor mondta csak azt: v\u00e9gre egy olyan koncepci\u00f3t l\u00e1t, amely m\u00e1r meg\u00e9ri, hogy egy\u00e1ltal\u00e1n kritiz\u00e1lja azt.<\/p>\n<p style=\"text-align: justify;\">A tablet koncepci\u00f3ja persze adta mag\u00e1t, a technol\u00f3gia azonban hi\u00e1nyzott ahhoz, hogy val\u00f3ban haszn\u00e1lhat\u00f3 k\u00e9sz\u00fcl\u00e9keket k\u00e9sz\u00edtsenek. Erre m\u00e9g hossz\u00fa \u00e9vtizedekig kellett v\u00e1rni, am\u00edg a processzorok, a mem\u00f3ria, a t\u00e1rhely el\u00e9gg\u00e9 kicsi \u00e9s nagy teljes\u00edtm\u00e9ny\u0171 lett, am\u00edg megjelent az \u00e9rint\u0151k\u00e9perny\u0151 \u00e9s \u00edgy tov\u00e1bb.<\/p>\n<p style=\"text-align: justify;\"><strong>De m\u00e9gis honnan j\u00f6tt a hibrid 2-in-1 g\u00e9pek \u00f6tlete? Nem egy visszafel\u00e9 tett l\u00e9p\u00e9s ez?<\/strong><\/p>\n<p style=\"text-align: justify;\">Egy\u00e1ltal\u00e1n nem, a laptopok \u00e9s tabletek k\u00fcl\u00f6nf\u00e9le keresztez\u00e9s\u00e9nek ugyanis m\u00e1s \u00e9s m\u00e1s funkci\u00f3ja van. J\u00f3l meghat\u00e1rozott funkci\u00f3ja, amelynek megfelel\u0151en haszn\u00e1ljuk \u0151ket akkor is, ha egy\u00e9bk\u00e9nt nem ennek megfelel\u0151en v\u00e1lasztunk.<\/p>\n<p style=\"text-align: justify;\">A hagyom\u00e1nyos hibridek \u00e9s convertible g\u00e9pek a billenty\u0171zet k\u00f6r\u00e9 \u00e9p\u00fclnek. L\u00e9nyeg\u00fck, hogy a tartalmak fogyaszt\u00e1s\u00e1t k\u00f6nnyebb\u00e9 tegy\u00e9k, k\u00e9nyelmesebb\u00e9. Ezeket a g\u00e9peket jellemz\u0151en szem\u00e9lyes haszn\u00e1latra sz\u00e1nj\u00e1k, a seg\u00edts\u00e9g\u00fckkel egyszer\u0171bben netezhet\u00fcnk, n\u00e9zhet\u00fcnk filmet \u00e9s \u00edgy tov\u00e1bb. Fizikailag t\u00f6bb opci\u00f3t k\u00edn\u00e1lnak, mint a laptopok.<\/p>\n<p style=\"text-align: justify;\">A 2-in-1 g\u00e9peket ellenben m\u00e1r sokkal ink\u00e1bb haszn\u00e1ljuk tartalomgy\u00e1rt\u00e1sra is. Ezekn\u00e9l alapvet\u0151, hogy a tablet r\u00e9szt lecsatlakoztathatjuk, \u00edgy laptopk\u00e9nt \u00e9s tabletk\u00e9nt is haszn\u00e1lhatjuk &#8211; nem meglep\u0151, innen a n\u00e9v.<\/p>\n<p style=\"text-align: justify;\">Egy tablet funkcionalit\u00e1sa m\u00e9g napjainkban is korl\u00e1tozott, munkahelyen p\u00e9ld\u00e1ul egy iPad aligha volna k\u00e9pes kiv\u00e1ltani egy asztali g\u00e9pet. Egyszer\u0171en az esetek nagy r\u00e9sz\u00e9ben nem tudunk olyan munk\u00e1t v\u00e9gezni vele, m\u00edg egy 2-in-1 g\u00e9ppel m\u00e1r igen. Ezeket gyakran haszn\u00e1lj\u00e1k az asztali, desktop g\u00e9pek <span style=\"color: #3366ff;\"><a style=\"color: #3366ff;\" href=\"http:\/\/www.wired.com\/2012\/10\/windows8-laplet-hybrid\/\">kiv\u00e1lt\u00e1s\u00e1ra<\/a><\/span>, mivel k\u00e9nyelmesebb megold\u00e1st jelentenek, \u00e9s persze k\u00f6lts\u00e9ghat\u00e9konyabb is, ha nem kell k\u00fcl\u00f6n PC-t \u00e9s tabletet beszerezni.<\/p>\n<p style=\"text-align: justify;\"><strong>Elforgathat\u00f3 zs\u00e1kutca<\/strong><\/p>\n<p style=\"text-align: justify;\">Mell\u00e9kv\u00e1g\u00e1ny, \u00e1m \u00e9rdekes, hogy a korai convertible laptopokn\u00e1l viszonylag gyakran megjelent a k\u00e9perny\u0151 elforgat\u00e1s\u00e1nak lehet\u0151s\u00e9ge (a billenty\u0171zethez k\u00e9pest), ez a funkci\u00f3 azonban m\u00e1ra gyakorlatilag kihalt.<\/p>\n<p style=\"text-align: justify;\">Persze nem neh\u00e9z r\u00e1j\u00f6nni, hogy mi\u00e9rt, hiszen eleve nem sok \u00e9rtelme van: a laptopok \u00e9s k\u00fcl\u00f6nf\u00e9le v\u00e1ltozataik legfontosabb tulajdons\u00e1ga, hogy hordozhat\u00f3ak. Ha valamit meg akarunk mutatni, ha a k\u00e9perny\u0151t m\u00e1sfel\u00e9 kell ford\u00edtanunk, semmib\u0151l nem \u00e1ll az eg\u00e9sz g\u00e9pet elford\u00edtani. A k\u00e9perny\u0151 k\u00fcl\u00f6n forgat\u00e1sa egy teljesen felesleges k\u00e9nyelmi opci\u00f3, amely cser\u00e9be komoly h\u00e1tr\u00e1nyokat is mag\u00e1val hozott.<\/p>\n<p style=\"text-align: justify;\">Ha ugyanis el akarjuk forgatni a k\u00e9perny\u0151t, azt csak egyetlen ponton csatlakoztathatjuk az els\u0151 r\u00e9szhez, ami komolyan meggyeng\u00edti az eg\u00e9sz g\u00e9p szerkezet\u00e9t. Sokkal k\u00f6nnyebb v\u00e9letlen\u00fcl megt\u00f6rni az \u201e\u00edz\u00fcletn\u00e9l\u201d, \u00e9s gyorsabban el is f\u00e1rad az anyag, cs\u00f6kkentve az \u00e9lettartamot.<\/p>\n<p style=\"text-align: justify;\"><strong>A megtal\u00e1lt \u00fat<\/strong><\/p>\n<p style=\"text-align: justify;\">A laptopok \u00e9s tabletek keresztez\u00e9se sz\u00fcks\u00e9gszer\u0171 volt, egyszer\u0171en az\u00e9rt, mert \u00edgy egyszerre nyer\u00fcnk egy sor funkci\u00f3t, amelyekkel a k\u00fcl\u00f6n\u00e1ll\u00f3 eszk\u00f6z\u00f6k nem b\u00edrnak <span style=\"color: #3366ff;\"><a style=\"color: #3366ff;\" href=\"http:\/\/www.digitaltrends.com\/computing\/are-hybrids-and-convertibles-the-future-of-computing-or-destined-to-fail\/\">egy\u00fcttesen<\/a><\/span>. A technol\u00f3giai c\u00e9gek m\u00e1r negyven-\u00f6tven \u00e9ve k\u00eds\u00e9rleteznek a koncepci\u00f3val, a megval\u00f3sul\u00e1s akad\u00e1lya pedig az volt, hogy a hibridek csak egy komponens\u00e9vel sz\u00e1moltak: a laptoppal.<\/p>\n<p style=\"text-align: justify;\">A hordozhat\u00f3 g\u00e9peket igyekeztek min\u00e9l \u00fcgyesebben m\u00f3dos\u00edthat\u00f3v\u00e1 tenni, a tabletek ezredfordul\u00f3 k\u00f6r\u00fcli megjelen\u00e9s\u00e9vel azonban nyilv\u00e1nval\u00f3v\u00e1 v\u00e1lt, hogy e k\u00e9t technol\u00f3gia \u00f6tv\u00f6z\u00e9se az, amely val\u00f3ban bev\u00e1ltja a kor\u00e1bbi k\u00eds\u00e9rletek rem\u00e9nyeit.<\/p>\n","protected":false},"excerpt":{"rendered":"<p>A hordozhat\u00f3 sz\u00e1m\u00edt\u00f3g\u00e9pek gondolata egy\u00e1ltal\u00e1n nem olyan modern, mint azt gondoln\u00e1nk &#8211; nem csak maga a laptop, de m\u00e9g a tablet is sok \u00e9vtizedes gondolat. Nem volt k\u00e9ts\u00e9ges, hogy a convertible t\u00edpusok v\u00e9g\u00fcl megjelennek a piacon, a szakemberek, csak az alkalomra v\u00e1rtak. Alan Kay amerikai sz\u00e1m\u00edt\u00e1stechnikus m\u00e1r 1968-ban bemutatta a ma m\u00e1r a szakm\u00e1n k\u00edv\u00fcl &hellip;<\/p>\n","protected":false},"author":1,"featured_media":0,"comment_status":"closed","ping_status":"open","sticky":false,"template":"","format":"standard","meta":{"_jetpack_memberships_contains_paid_content":false,"footnotes":""},"categories":[42],"tags":[61,44,46],"class_list":["post-909","post","type-post","status-publish","format-standard","","category-cikkek","tag-2in1","tag-notebook-laptop","tag-tablet"],"jetpack_featured_media_url":"","jetpack_shortlink":"https:\/\/wp.me\/p9xSLL-eF","jetpack_sharing_enabled":true,"_links":{"self":[{"href":"https:\/\/www.notebook.hu\/blog\/wp-json\/wp\/v2\/posts\/909","targetHints":{"allow":["GET"]}}],"collection":[{"href":"https:\/\/www.notebook.hu\/blog\/wp-json\/wp\/v2\/posts"}],"about":[{"href":"https:\/\/www.notebook.hu\/blog\/wp-json\/wp\/v2\/types\/post"}],"author":[{"embeddable":true,"href":"https:\/\/www.notebook.hu\/blog\/wp-json\/wp\/v2\/users\/1"}],"replies":[{"embeddable":true,"href":"https:\/\/www.notebook.hu\/blog\/wp-json\/wp\/v2\/comments?post=909"}],"version-history":[{"count":5,"href":"https:\/\/www.notebook.hu\/blog\/wp-json\/wp\/v2\/posts\/909\/revisions"}],"predecessor-version":[{"id":914,"href":"https:\/\/www.notebook.hu\/blog\/wp-json\/wp\/v2\/posts\/909\/revisions\/914"}],"wp:attachment":[{"href":"https:\/\/www.notebook.hu\/blog\/wp-json\/wp\/v2\/media?parent=909"}],"wp:term":[{"taxonomy":"category","embeddable":true,"href":"https:\/\/www.notebook.hu\/blog\/wp-json\/wp\/v2\/categories?post=909"},{"taxonomy":"post_tag","embeddable":true,"href":"https:\/\/www.notebook.hu\/blog\/wp-json\/wp\/v2\/tags?post=909"}],"curies":[{"name":"wp","href":"https:\/\/api.w.org\/{rel}","templated":true}]}}