{"id":906,"date":"2015-11-09T15:00:17","date_gmt":"2015-11-09T14:00:17","guid":{"rendered":"http:\/\/www.notebook.hu\/blog\/?p=906"},"modified":"2015-12-07T10:53:00","modified_gmt":"2015-12-07T09:53:00","slug":"keveset-bir-az-akkumulator-ime-nehany-tipp-ami-segithet-2-resz","status":"publish","type":"post","link":"https:\/\/www.notebook.hu\/blog\/keveset-bir-az-akkumulator-ime-nehany-tipp-ami-segithet-2-resz\/","title":{"rendered":"Keveset b\u00edr az akkumul\u00e1tor? \u00cdme, n\u00e9h\u00e1ny tipp, ami seg\u00edthet! \u2013 2.r\u00e9sz"},"content":{"rendered":"<p style=\"text-align: justify;\">Ezzel a sorozattal azoknak szeretn\u00e9nk seg\u00edteni, akik folyamatosan k\u00fcszk\u00f6dnek laptopjuk akkumul\u00e1tor\u00e1nak teherb\u00edr\u00f3 k\u00e9pess\u00e9g\u00e9vel. Bosszant\u00f3 probl\u00e9ma ez, ami megkeser\u00edti a gondtalan kikapcsol\u00f3d\u00e1st, vagy \u00e9ppen a hat\u00e9kony munkav\u00e9gz\u00e9st. \u00c9ppen ez\u00e9rt szeretn\u00e9nk adni n\u00e9h\u00e1ny tippet, amivel jav\u00edthat az akkumul\u00e1tor \u00fczemidej\u00e9n. Az el\u0151z\u0151 r\u00e9szben a HDD karbantart\u00e1sa \u00e9s a f\u00e9nyer\u0151 m\u00e9rs\u00e9kl\u00e9se ker\u00fclt el\u0151. N\u00e9zz\u00fck, mi van m\u00e9g!<\/p>\n<p><strong>Kapcsolja ki a f\u00f6l\u00f6slegesen fut\u00f3 eszk\u00f6z\u00f6ket!<\/strong><br \/>\nEgy m\u00e1sik fontos t\u00e9nyez\u0151, ami igencsak gyorsan fel tudja falni az akkumul\u00e1tort, az a figyelmetlens\u00e9g, pontosabban a f\u00f6l\u00f6slegesen csatlakoztatott \u00e9s fut\u00f3 eszk\u00f6z\u00f6k. Ha a mobilj\u00e1t k\u00e9pek import\u00e1l\u00e1sa miatt csatlakoztatta a laptophoz, a m\u0171velet befejez\u00e9se ut\u00e1n ne felejtse el elt\u00e1vol\u00edtani azt, hiszen addig is \u00e9rt\u00e9kes energi\u00e1t fogyaszt az okoseszk\u00f6z. Ugyan \u00edgy \u00e1ll a helyzet a WiFi-vel, de a Bluetooth \u00e9s az infra port sem jelent kiv\u00e9telt. \u00c9rt\u00e9kes perceket, s\u0151t, ak\u00e1r t\u00edzperceket is nyerhet azzal, hogy kikapcsolja ezeket az eszk\u00f6z\u00f6ket, ha \u00e9ppen nincs r\u00e1juk semmi sz\u00fcks\u00e9ge.<\/p>\n<p><strong>Automatikusan indul\u00f3 programok<\/strong><br \/>\nSokan nem szeretik az automatikusan indul\u00f3 programokat, hiszen lass\u00edtj\u00e1k a bekapcsol\u00e1s ut\u00e1ni bet\u00f6lt\u00e9st, r\u00e1ad\u00e1sul sokszor teljesen f\u00f6l\u00f6slegesek. A legt\u00f6bben m\u00e9gis t\u0171rik \u00e9s t\u0171rik, hogy az ezek uralkodjanak, s ink\u00e1bb t\u00fcrelemmel kiv\u00e1rj\u00e1k azt a 1,5-2 percet, amennyit lassul miattuk a g\u00e9p. Ha \u00d6n is \u00edgy van ezzel, akkor ez\u00fattal m\u00e9rlegelje, hogy meg\u00e9ri-e f\u00e9l perc alatt kikapcsolni a f\u00f6l\u00f6sleges automatikusan indul\u00f3 programokat, hiszen ezek nem csup\u00e1n lass\u00edtj\u00e1k a laptopot, de jelent\u0151sen cs\u00f6kkentik az akkumul\u00e1tor \u00fczemidej\u00e9t is. Ez m\u00e1r tal\u00e1n elegend\u0151 ok ahhoz, hogy vessen egy pillant\u00e1st az ind\u00edt\u00f3pultra. Rem\u00e9lj\u00fck, ezzel is szerezt\u00fcnk n\u00e9h\u00e1ny percnyi plusz akkumul\u00e1torid\u0151t!<\/p>\n<p>A sorozat befejez\u0151 r\u00e9sz\u00e9ben sz\u00f3 lesz m\u00e9g az akkumul\u00e1tor karbantart\u00e1s\u00e1r\u00f3l. Ha az el\u0151bbi tippek bev\u00e1ltak, akkor azt is \u00e9rdemes lesz elolvasni!<\/p>\n<p><strong>Sorozatunk tov\u00e1bbi r\u00e9szei:<br \/>\n<\/strong><a href=\"https:\/\/www.notebook.hu\/blog\/keveset-bir-az-akkumulator-ime-nehany-tipp-ami-segithet-1-resz\/\">Keveset b\u00edr az akkumul\u00e1tor? \u00cdme, n\u00e9h\u00e1ny tipp, ami seg\u00edthet! \u2013 1.r\u00e9sz<\/a><br \/>\n<a href=\"https:\/\/www.notebook.hu\/blog\/keveset-bir-az-akkumulator-ime-nehany-tipp-ami-segithet-3-resz\/\">Keveset b\u00edr az akkumul\u00e1tor? \u00cdme, n\u00e9h\u00e1ny tipp, ami seg\u00edthet! \u2013 3.r\u00e9sz<\/a><a href=\"https:\/\/www.notebook.hu\/blog\/keveset-bir-az-akkumulator-ime-nehany-tipp-ami-segithet-1-resz\/\"><br \/>\n<\/a><\/p>\n","protected":false},"excerpt":{"rendered":"<p>Ezzel a sorozattal azoknak szeretn\u00e9nk seg\u00edteni, akik folyamatosan k\u00fcszk\u00f6dnek laptopjuk akkumul\u00e1tor\u00e1nak teherb\u00edr\u00f3 k\u00e9pess\u00e9g\u00e9vel. Bosszant\u00f3 probl\u00e9ma ez, ami megkeser\u00edti a gondtalan kikapcsol\u00f3d\u00e1st, vagy \u00e9ppen a hat\u00e9kony munkav\u00e9gz\u00e9st. \u00c9ppen ez\u00e9rt szeretn\u00e9nk adni n\u00e9h\u00e1ny tippet, amivel jav\u00edthat az akkumul\u00e1tor \u00fczemidej\u00e9n. Az el\u0151z\u0151 r\u00e9szben a HDD karbantart\u00e1sa \u00e9s a f\u00e9nyer\u0151 m\u00e9rs\u00e9kl\u00e9se ker\u00fclt el\u0151. N\u00e9zz\u00fck, mi van m\u00e9g! Kapcsolja ki &hellip;<\/p>\n","protected":false},"author":1,"featured_media":907,"comment_status":"closed","ping_status":"open","sticky":false,"template":"","format":"standard","meta":{"_jetpack_memberships_contains_paid_content":false,"footnotes":""},"categories":[42],"tags":[44,46],"class_list":["post-906","post","type-post","status-publish","format-standard","has-post-thumbnail","","category-cikkek","tag-notebook-laptop","tag-tablet"],"jetpack_featured_media_url":"https:\/\/www.notebook.hu\/blog\/wp-content\/uploads\/2015\/11\/shutterstock_193812404.jpg","jetpack_shortlink":"https:\/\/wp.me\/p9xSLL-eC","jetpack_sharing_enabled":true,"_links":{"self":[{"href":"https:\/\/www.notebook.hu\/blog\/wp-json\/wp\/v2\/posts\/906","targetHints":{"allow":["GET"]}}],"collection":[{"href":"https:\/\/www.notebook.hu\/blog\/wp-json\/wp\/v2\/posts"}],"about":[{"href":"https:\/\/www.notebook.hu\/blog\/wp-json\/wp\/v2\/types\/post"}],"author":[{"embeddable":true,"href":"https:\/\/www.notebook.hu\/blog\/wp-json\/wp\/v2\/users\/1"}],"replies":[{"embeddable":true,"href":"https:\/\/www.notebook.hu\/blog\/wp-json\/wp\/v2\/comments?post=906"}],"version-history":[{"count":4,"href":"https:\/\/www.notebook.hu\/blog\/wp-json\/wp\/v2\/posts\/906\/revisions"}],"predecessor-version":[{"id":991,"href":"https:\/\/www.notebook.hu\/blog\/wp-json\/wp\/v2\/posts\/906\/revisions\/991"}],"wp:featuredmedia":[{"embeddable":true,"href":"https:\/\/www.notebook.hu\/blog\/wp-json\/wp\/v2\/media\/907"}],"wp:attachment":[{"href":"https:\/\/www.notebook.hu\/blog\/wp-json\/wp\/v2\/media?parent=906"}],"wp:term":[{"taxonomy":"category","embeddable":true,"href":"https:\/\/www.notebook.hu\/blog\/wp-json\/wp\/v2\/categories?post=906"},{"taxonomy":"post_tag","embeddable":true,"href":"https:\/\/www.notebook.hu\/blog\/wp-json\/wp\/v2\/tags?post=906"}],"curies":[{"name":"wp","href":"https:\/\/api.w.org\/{rel}","templated":true}]}}