{"id":903,"date":"2015-11-09T09:11:07","date_gmt":"2015-11-09T08:11:07","guid":{"rendered":"http:\/\/www.notebook.hu\/blog\/?p=903"},"modified":"2015-12-07T10:51:59","modified_gmt":"2015-12-07T09:51:59","slug":"keveset-bir-az-akkumulator-ime-nehany-tipp-ami-segithet-1-resz","status":"publish","type":"post","link":"https:\/\/www.notebook.hu\/blog\/keveset-bir-az-akkumulator-ime-nehany-tipp-ami-segithet-1-resz\/","title":{"rendered":"Keveset b\u00edr az akkumul\u00e1tor? \u00cdme, n\u00e9h\u00e1ny tipp, ami seg\u00edthet! \u2013 1.r\u00e9sz"},"content":{"rendered":"<p style=\"text-align: justify;\">A notebookok eset\u00e9ben az egyik legkritikusabb t\u00e9nyez\u0151 az akkumul\u00e1tor. Ma m\u00e1r el\u00e9rhet\u0151ek olyan laptopok, amelyek akkumul\u00e1tora igazi er\u0151m\u0171k\u00e9nt \u00fczemel, s ak\u00e1r t\u00f6bb, mint 4 \u00f3r\u00e1t is kib\u00edr, de egyr\u00e9szt kev\u00e9s ilyen van a piacon, m\u00e1sr\u00e9szt ezek \u00e1ra nyilv\u00e1nval\u00f3an az eget verdesi. Ha \u00d6n sem engedhet meg mag\u00e1nak egy ilyen fels\u0151 kateg\u00f3ri\u00e1s g\u00e9pet, de m\u00e9gis szeretn\u00e9, ha r\u00e9gi notebookj\u00e1nak akkumul\u00e1tora megugran\u00e1 a 20 percet, akkor ezt a cikket \u00e9ppen \u00d6nnek \u00edrtuk!<\/p>\n<p><strong>Gondoskodjon a HDD-r\u0151l!<\/strong><br \/>\nAz egyik legegyszer\u0171bb, m\u00e9gis hat\u00e9kony m\u00f3dszer, amivel n\u00f6velheti az akkumul\u00e1tora kapacit\u00e1s\u00e1t az, hogy nem engedi f\u00f6l\u00f6slegesen dolgozni. Ha gyakran haszn\u00e1lja a laptopot \u00e9s s\u0171r\u0171n m\u00e1sol, t\u00f6r\u00f6l, \u00e1thelyez stb., akkor rengeteg \u201eleszakadt darabka\u201d (fragmentum) szennyezi be a g\u00e9p\u00e9t. Ebben a rumliban nyilv\u00e1nval\u00f3an nehezebb feladat megtal\u00e1lni a sz\u00fcks\u00e9ges adatokat. Id\u0151szakosan, vagyis legal\u00e1bb h\u00e1romhavonta futtasson le egy lemezt\u00f6redezetts\u00e9g mentes\u00edt\u00e9st, tartsa karban a merevlemez\u00e9t, hogy a HDD k\u00f6nnyebben megtal\u00e1lja a hat\u00e9kony m\u0171k\u00f6d\u00e9s felt\u00e9tel\u00e9\u00fcl szolg\u00e1l\u00f3 adatokat.<\/p>\n<p><strong>A kritikus f\u00e9nyer\u0151<\/strong><br \/>\nKevesen tudj\u00e1k, hogy a f\u00e9nyer\u0151 k\u00f6zponti k\u00e9rd\u00e9s, ha az akkumul\u00e1tor strapab\u00edr\u00f3s\u00e1g\u00e1r\u00f3l van sz\u00f3, pedig szerencs\u00e9s esetben ak\u00e1r egy \u00f3r\u00e1t is nyerhet\u00fcnk vele. Nem kell, hogy a k\u00e9perny\u0151 vil\u00e1g\u00edtsa be a szob\u00e1t, s\u0151t, amerikai kutat\u00e1sok kimutatt\u00e1k, hogy a h\u00e1tt\u00e9rf\u00e9ny eg\u00e9szs\u00e9gre gyakorolt hat\u00e1sa igen kedvez\u0151tlen is lehet, az alv\u00e1s min\u0151s\u00e9g\u00e9t legal\u00e1bbis mindenk\u00e9ppen rontja, ha lefekv\u00e9s el\u0151tt 2 \u00f3r\u00e1val valamilyen h\u00e1tt\u00e9rvil\u00e1g\u00edt\u00e1ssal b\u00edr\u00f3 eszk\u00f6zt haszn\u00e1lunk. Nincs m\u00e1s dolga teh\u00e1t, mint levenni a f\u00e9nyer\u0151ss\u00e9get annyira, amennyire m\u00e9g \u00d6nnek \u00e9ppen megfelel. Kezdetben szokatlan lesz, de n\u00e9h\u00e1ny nap cs\u00f6kkentett f\u00e9nyerej\u0171 haszn\u00e1lat ut\u00e1n m\u00e1r fel se fog t\u0171nni. Maximum az, hogy 20 perc helyett m\u00e1r t\u00f6bb, mint 1 \u00f3r\u00e1ja haszn\u00e1lja a laptopot, pedig nincs is bedugva.<\/p>\n<p><strong>Sorozatunk tov\u00e1bbi r\u00e9szei:<br \/>\n<\/strong><a href=\"https:\/\/www.notebook.hu\/blog\/keveset-bir-az-akkumulator-ime-nehany-tipp-ami-segithet-2-resz\/\">Keveset b\u00edr az akkumul\u00e1tor? \u00cdme, n\u00e9h\u00e1ny tipp, ami seg\u00edthet! \u2013 2.r\u00e9sz<br \/>\n<\/a><a href=\"https:\/\/www.notebook.hu\/blog\/keveset-bir-az-akkumulator-ime-nehany-tipp-ami-segithet-3-resz\/\">Keveset b\u00edr az akkumul\u00e1tor? \u00cdme, n\u00e9h\u00e1ny tipp, ami seg\u00edthet! \u2013 3.r\u00e9sz<\/a><\/p>\n","protected":false},"excerpt":{"rendered":"<p>A notebookok eset\u00e9ben az egyik legkritikusabb t\u00e9nyez\u0151 az akkumul\u00e1tor. Ma m\u00e1r el\u00e9rhet\u0151ek olyan laptopok, amelyek akkumul\u00e1tora igazi er\u0151m\u0171k\u00e9nt \u00fczemel, s ak\u00e1r t\u00f6bb, mint 4 \u00f3r\u00e1t is kib\u00edr, de egyr\u00e9szt kev\u00e9s ilyen van a piacon, m\u00e1sr\u00e9szt ezek \u00e1ra nyilv\u00e1nval\u00f3an az eget verdesi. Ha \u00d6n sem engedhet meg mag\u00e1nak egy ilyen fels\u0151 kateg\u00f3ri\u00e1s g\u00e9pet, de m\u00e9gis szeretn\u00e9, &hellip;<\/p>\n","protected":false},"author":1,"featured_media":904,"comment_status":"closed","ping_status":"open","sticky":false,"template":"","format":"standard","meta":{"_jetpack_memberships_contains_paid_content":false,"footnotes":""},"categories":[42],"tags":[44,46],"class_list":["post-903","post","type-post","status-publish","format-standard","has-post-thumbnail","","category-cikkek","tag-notebook-laptop","tag-tablet"],"jetpack_featured_media_url":"https:\/\/www.notebook.hu\/blog\/wp-content\/uploads\/2015\/11\/shutterstock_152421698.jpg","jetpack_shortlink":"https:\/\/wp.me\/p9xSLL-ez","jetpack_sharing_enabled":true,"_links":{"self":[{"href":"https:\/\/www.notebook.hu\/blog\/wp-json\/wp\/v2\/posts\/903","targetHints":{"allow":["GET"]}}],"collection":[{"href":"https:\/\/www.notebook.hu\/blog\/wp-json\/wp\/v2\/posts"}],"about":[{"href":"https:\/\/www.notebook.hu\/blog\/wp-json\/wp\/v2\/types\/post"}],"author":[{"embeddable":true,"href":"https:\/\/www.notebook.hu\/blog\/wp-json\/wp\/v2\/users\/1"}],"replies":[{"embeddable":true,"href":"https:\/\/www.notebook.hu\/blog\/wp-json\/wp\/v2\/comments?post=903"}],"version-history":[{"count":3,"href":"https:\/\/www.notebook.hu\/blog\/wp-json\/wp\/v2\/posts\/903\/revisions"}],"predecessor-version":[{"id":990,"href":"https:\/\/www.notebook.hu\/blog\/wp-json\/wp\/v2\/posts\/903\/revisions\/990"}],"wp:featuredmedia":[{"embeddable":true,"href":"https:\/\/www.notebook.hu\/blog\/wp-json\/wp\/v2\/media\/904"}],"wp:attachment":[{"href":"https:\/\/www.notebook.hu\/blog\/wp-json\/wp\/v2\/media?parent=903"}],"wp:term":[{"taxonomy":"category","embeddable":true,"href":"https:\/\/www.notebook.hu\/blog\/wp-json\/wp\/v2\/categories?post=903"},{"taxonomy":"post_tag","embeddable":true,"href":"https:\/\/www.notebook.hu\/blog\/wp-json\/wp\/v2\/tags?post=903"}],"curies":[{"name":"wp","href":"https:\/\/api.w.org\/{rel}","templated":true}]}}