{"id":900,"date":"2015-11-06T17:00:24","date_gmt":"2015-11-06T16:00:24","guid":{"rendered":"http:\/\/www.notebook.hu\/blog\/?p=900"},"modified":"2015-12-07T11:01:28","modified_gmt":"2015-12-07T10:01:28","slug":"notebook-az-egyetemi-evekre-mutatjuk-2-resz","status":"publish","type":"post","link":"https:\/\/www.notebook.hu\/blog\/notebook-az-egyetemi-evekre-mutatjuk-2-resz\/","title":{"rendered":"Notebook az egyetemi \u00e9vekre \u2013 mutatjuk! \u2013 2. r\u00e9sz"},"content":{"rendered":"<p style=\"text-align: justify;\">Ez\u00fattal az egyetemist\u00e1k laptop v\u00e1laszt\u00e1s\u00e1ban szeretn\u00e9nk egy kis seg\u00edts\u00e9get ny\u00fajtani. Az el\u0151z\u0151 r\u00e9szben arr\u00f3l \u00edrtunk, hogy l\u00e9nyeges szempont a billenty\u0171zet, \u00e9rdemes a v\u00e1laszt\u00e1s el\u0151tt megbizonyosodni r\u00f3la, hogy k\u00e9zre \u00e1ll-e. M\u00e1sr\u00e9szt arr\u00f3l is \u00edrtunk, hogy az egyetemi \u00e9vekre (n\u00e9h\u00e1ny kiv\u00e9telt\u0151l eltekintve) \u00e9rdemes kisebb laptopban gondolkodnunk. N\u00e9zz\u00fck milyen szempontokat \u00e9rdemes m\u00e9g figyelembe venni!<\/p>\n<h1 style=\"text-align: justify;\">Nem kell, hogy minden meglegyen benne<\/h1>\n<p style=\"text-align: justify;\">A sorozat c\u00e9lja, hogy felh\u00edvja a figyelmet n\u00e9h\u00e1ny speci\u00e1lis t\u00e9nyez\u0151re, amit egy speci\u00e1lis c\u00e9l\/ig\u00e9ny eset\u00e9ben (jelen esetben: laptop egyetemist\u00e1knak) \u00e9rdemes figyelembe venni. Ha nem sz\u0171k\u00edten\u00e9nk egy ilyen egyedi szempontrendszerre, akkor megel\u00e9gedhetn\u00e9nk azzal az aj\u00e1nl\u00e1ssal, hogy \u201ev\u00e1lassza a legjobbat\u201d, vagyis azt, amelyik minden \u00f6sszehasonl\u00edthat\u00f3 elem\u00e9ben a legjobb (egy\u00e9bk\u00e9nt nincs ilyen, hisz a \u201elegjobb\u201d nem csup\u00e1n m\u00e9r\u0151sz\u00e1mok k\u00e9rd\u00e9se, er\u0151sen szubjekt\u00edv). Mivel azonban a c\u00e9leset\u00fcnk behat\u00e1rolhat\u00f3, az aj\u00e1nl\u00e1sban is ezt kell k\u00f6vetn\u00fcnk.<\/p>\n<p style=\"text-align: justify;\">Ha tudatosan az egyetemi \u00e9vekre k\u00edv\u00e1nunk laptopot v\u00e1lasztani, akkor abban nem kell, hogy minden a maximumon p\u00f6r\u00f6gj\u00f6n. Mivel ma m\u00e1r mindegyik laptop t\u00f6bb USB porttal is rendelkezik, a b\u0151v\u00edt\u00e9s alapvet\u0151en lehets\u00e9ges. Ha p\u00e9ld\u00e1ul kev\u00e9snek bizonyul a t\u00e1rhely, akkor egy k\u00fcls\u0151 HDD-re nem fog r\u00e1menni a havi k\u00f6lts\u00e9gkeret, hiszen ezek m\u00e1r nem olyan \u00f3ri\u00e1si t\u00e9telek.<\/p>\n<p style=\"text-align: justify;\">Az olyan kieg\u00e9sz\u00edt\u0151k pedig, mint a webkamera vagy a m\u00e9diak\u00e1rtya, m\u00e1r minden laptopnak alaptartoz\u00e9kai, hiszen a videokonferencia \u00e9s a digit\u00e1lis fotogr\u00e1fia m\u00e1r olyan alapvet\u00e9sei a sz\u00e1m\u00edt\u00f3g\u00e9p haszn\u00e1latnak, mint p\u00e9ld\u00e1ul az internetez\u00e9s.<\/p>\n<p style=\"text-align: justify;\">\u00d6sszefoglalva teh\u00e1t, egy az egyetemi \u00e9vekre v\u00e1s\u00e1rolt laptop eset\u00e9ben nem felt\u00e9tlen\u00fcl kell \u00f3r\u00e1kon kereszt\u00fcl b\u00f6ng\u00e9szni a specifik\u00e1ci\u00f3t, hiszen a legsz\u00fcks\u00e9gesebbek (s\u0151t, azonfel\u00fcl is sok egy\u00e9b) m\u00e1r minden laptopnak alaptartoz\u00e9kai. Amennyiben a f\u0151 szempont nem az egyetemi haszn\u00e1lhat\u00f3s\u00e1g, hanem a minden ig\u00e9nyt kiel\u00e9g\u00edt\u0151 laptop, akkor persze m\u00e1s a helyzet.<\/p>\n<p style=\"text-align: justify;\"><strong>Olvasd el kor\u00e1bbi cikk\u00fcnket is!<br \/>\n<\/strong><a style=\"line-height: 1.5;\" href=\"https:\/\/www.notebook.hu\/blog\/notebook-az-egyetemi-evekre-mutatjuk-1-resz\/\">Notebook az egyetemi \u00e9vekre \u2013 mutatjuk! \u2013 1. r\u00e9sz<\/a><\/p>\n","protected":false},"excerpt":{"rendered":"<p>Ez\u00fattal az egyetemist\u00e1k laptop v\u00e1laszt\u00e1s\u00e1ban szeretn\u00e9nk egy kis seg\u00edts\u00e9get ny\u00fajtani. Az el\u0151z\u0151 r\u00e9szben arr\u00f3l \u00edrtunk, hogy l\u00e9nyeges szempont a billenty\u0171zet, \u00e9rdemes a v\u00e1laszt\u00e1s el\u0151tt megbizonyosodni r\u00f3la, hogy k\u00e9zre \u00e1ll-e. M\u00e1sr\u00e9szt arr\u00f3l is \u00edrtunk, hogy az egyetemi \u00e9vekre (n\u00e9h\u00e1ny kiv\u00e9telt\u0151l eltekintve) \u00e9rdemes kisebb laptopban gondolkodnunk. N\u00e9zz\u00fck milyen szempontokat \u00e9rdemes m\u00e9g figyelembe venni! Nem kell, hogy minden &hellip;<\/p>\n","protected":false},"author":1,"featured_media":901,"comment_status":"closed","ping_status":"open","sticky":false,"template":"","format":"standard","meta":{"_jetpack_memberships_contains_paid_content":false,"footnotes":""},"categories":[42],"tags":[44],"class_list":["post-900","post","type-post","status-publish","format-standard","has-post-thumbnail","","category-cikkek","tag-notebook-laptop"],"jetpack_featured_media_url":"https:\/\/www.notebook.hu\/blog\/wp-content\/uploads\/2015\/11\/shutterstock_68758600.jpg","jetpack_shortlink":"https:\/\/wp.me\/p9xSLL-ew","jetpack_sharing_enabled":true,"_links":{"self":[{"href":"https:\/\/www.notebook.hu\/blog\/wp-json\/wp\/v2\/posts\/900","targetHints":{"allow":["GET"]}}],"collection":[{"href":"https:\/\/www.notebook.hu\/blog\/wp-json\/wp\/v2\/posts"}],"about":[{"href":"https:\/\/www.notebook.hu\/blog\/wp-json\/wp\/v2\/types\/post"}],"author":[{"embeddable":true,"href":"https:\/\/www.notebook.hu\/blog\/wp-json\/wp\/v2\/users\/1"}],"replies":[{"embeddable":true,"href":"https:\/\/www.notebook.hu\/blog\/wp-json\/wp\/v2\/comments?post=900"}],"version-history":[{"count":3,"href":"https:\/\/www.notebook.hu\/blog\/wp-json\/wp\/v2\/posts\/900\/revisions"}],"predecessor-version":[{"id":995,"href":"https:\/\/www.notebook.hu\/blog\/wp-json\/wp\/v2\/posts\/900\/revisions\/995"}],"wp:featuredmedia":[{"embeddable":true,"href":"https:\/\/www.notebook.hu\/blog\/wp-json\/wp\/v2\/media\/901"}],"wp:attachment":[{"href":"https:\/\/www.notebook.hu\/blog\/wp-json\/wp\/v2\/media?parent=900"}],"wp:term":[{"taxonomy":"category","embeddable":true,"href":"https:\/\/www.notebook.hu\/blog\/wp-json\/wp\/v2\/categories?post=900"},{"taxonomy":"post_tag","embeddable":true,"href":"https:\/\/www.notebook.hu\/blog\/wp-json\/wp\/v2\/tags?post=900"}],"curies":[{"name":"wp","href":"https:\/\/api.w.org\/{rel}","templated":true}]}}