{"id":897,"date":"2015-11-06T13:03:12","date_gmt":"2015-11-06T12:03:12","guid":{"rendered":"http:\/\/www.notebook.hu\/blog\/?p=897"},"modified":"2015-12-07T10:58:06","modified_gmt":"2015-12-07T09:58:06","slug":"notebook-az-egyetemi-evekre-mutatjuk-1-resz","status":"publish","type":"post","link":"https:\/\/www.notebook.hu\/blog\/notebook-az-egyetemi-evekre-mutatjuk-1-resz\/","title":{"rendered":"Notebook az egyetemi \u00e9vekre \u2013 mutatjuk! \u2013 1. r\u00e9sz"},"content":{"rendered":"<p style=\"text-align: justify;\">Az egyetemi \u00e9vekre a laptop val\u00f3ban kulcsfontoss\u00e1g\u00fa k\u00e9rd\u00e9ss\u00e9 v\u00e1lik. Addig a j\u00e1t\u00e9k, a bar\u00e1tokkal t\u00f6lt\u00f6tt k\u00f6z\u00f6ss\u00e9gi\/online id\u0151 domin\u00e1l, m\u00edg a fels\u0151oktat\u00e1si int\u00e9zm\u00e9nyekben m\u00e1r val\u00f3di munka folyik, \u00edgy az \u00fajdons\u00fclt hallgat\u00f3k azzal szembes\u00fclnek, hogy sz\u00fcks\u00e9g\u00fck van egy j\u00f3 laptopra a sikeres egyetemi \u00e9vekhez.<\/p>\n<p style=\"text-align: justify;\">N\u00e9h\u00e1ny \u00e9vvel ezel\u0151tt m\u00e9g az volt a f\u0151 k\u00e9rd\u00e9s, hogy asztali sz\u00e1m\u00edt\u00f3g\u00e9p, vagy laptop kell-e, s \u00e1ltal\u00e1ban a laptop jav\u00e1ra d\u00f6nt\u00f6tt a hordozhat\u00f3s\u00e1g, hogy ak\u00e1r az el\u0151ad\u00e1sok k\u00f6zben is lehet vele jegyzetelni, hogy a hallgat\u00f3 m\u00e9g egy refer\u00e1tumot is megtarthat a laptop seg\u00edts\u00e9g\u00e9vel. Ma m\u00e1r ez alapvet\u00e9snek sz\u00e1m\u00edt, \u00edgy nagyobb figyelmet ford\u00edthatunk egy\u00e9b t\u00e9nyez\u0151kre.<\/p>\n<h1 style=\"text-align: justify;\">Billenty\u0171zet<\/h1>\n<p style=\"text-align: justify;\">Tal\u00e1n furcsa, hogy az els\u0151 szempont \u00e9pp a billenty\u0171zet, pedig aki naponta 4-8 \u00f3r\u00e1t g\u00e9pel, az pontosan tudja, hogy ez esszenci\u00e1lis k\u00e9rd\u00e9s. A laptopok eset\u00e9ben ez ugyan r\u00e1n\u00e9z\u00e9sre egys\u00e9gesnek t\u0171nhet, val\u00f3j\u00e1ban m\u00e9gis jelt\u0151s k\u00fcl\u00f6nbs\u00e9gek vannak. Na persze a magyar billenty\u0171zet az standard, de az, hogy milyen \u201ekem\u00e9nyek\u201d, illetve milyen k\u00f6zel helyezkednek el egym\u00e1shoz k\u00e9pest a billenty\u0171k, m\u00e1r k\u00f6zel sem mutat ilyen egys\u00e9ges k\u00e9pet.<\/p>\n<p style=\"text-align: justify;\">Hogy kinek milyen billenty\u0171zet a legmegfelel\u0151bb, az egy\u00e9nenk\u00e9nt v\u00e1ltoz\u00f3, \u00edgy ezen a t\u00e9ren nem \u00e9rdemes gy\u00e1rt\u00f3k, vagy modellek alapj\u00e1n szelekt\u00e1lni \u2013 a l\u00e9nyeg ink\u00e1bb, hogy \u201ea puding pr\u00f3b\u00e1ja az ev\u00e9s\u201d alapon \u00edrjunk a billenty\u0171zettel pr\u00f3bak\u00e9pp, hogy k\u00e9zre \u00e1llnak-e a billenty\u0171k.<\/p>\n<h1 style=\"text-align: justify;\">A m\u00e9ret a l\u00e9nyeg?<\/h1>\n<p style=\"text-align: justify;\">Ezt is j\u00f3l meg kell gondolni a v\u00e1laszt\u00e1s el\u0151tt, ugyanis a saj\u00e1t szempontok d\u00f6ntik el, hogy pozit\u00edvum-e, ha nagy a laptop (k\u00e9perny\u0151j\u00e9nek) \u00e1tm\u00e9r\u0151je. Filmszakon, vagy b\u00e1rmely egy\u00e9b olyan szakon, ahol fontos a filmn\u00e9z\u00e9s, illetve a nagy k\u00e9perny\u0151 \u00e1tm\u00e9r\u0151 (pl. tervez\u0151programok haszn\u00e1lata), \u00e9rdemes lehet 30 cm f\u00f6l\u00e9 menni, m\u00e1s esetben azonban k\u00f6zel\u00edt\u0151leg ilyen k\u00e9perny\u0151 \u00e1tm\u00e9r\u0151j\u0171 laptop javasolt, hiszen ezt kurzusr\u00f3l kurzusra, sokszor \u00e9p\u00fclett\u0151l \u00e9p\u00fcletig kell cipelni, sok egy\u00e9b holmival egy\u00fctt. Ekkor pedig a nagyobb lehet, hogy rosszabb.<\/p>\n<p style=\"text-align: justify;\"><strong>Olvasd el a cikk folytat\u00e1s\u00e1t is!<\/strong><br \/>\n<span class=\"current\"><a href=\"https:\/\/www.notebook.hu\/blog\/notebook-az-egyetemi-evekre-mutatjuk-2-resz\/\">Notebook az egyetemi \u00e9vekre \u2013 mutatjuk! \u2013 2. r\u00e9sz<\/a><\/span><\/p>\n","protected":false},"excerpt":{"rendered":"<p>Az egyetemi \u00e9vekre a laptop val\u00f3ban kulcsfontoss\u00e1g\u00fa k\u00e9rd\u00e9ss\u00e9 v\u00e1lik. Addig a j\u00e1t\u00e9k, a bar\u00e1tokkal t\u00f6lt\u00f6tt k\u00f6z\u00f6ss\u00e9gi\/online id\u0151 domin\u00e1l, m\u00edg a fels\u0151oktat\u00e1si int\u00e9zm\u00e9nyekben m\u00e1r val\u00f3di munka folyik, \u00edgy az \u00fajdons\u00fclt hallgat\u00f3k azzal szembes\u00fclnek, hogy sz\u00fcks\u00e9g\u00fck van egy j\u00f3 laptopra a sikeres egyetemi \u00e9vekhez. N\u00e9h\u00e1ny \u00e9vvel ezel\u0151tt m\u00e9g az volt a f\u0151 k\u00e9rd\u00e9s, hogy asztali sz\u00e1m\u00edt\u00f3g\u00e9p, vagy &hellip;<\/p>\n","protected":false},"author":1,"featured_media":898,"comment_status":"closed","ping_status":"open","sticky":false,"template":"","format":"standard","meta":{"_jetpack_memberships_contains_paid_content":false,"footnotes":""},"categories":[42],"tags":[44],"class_list":["post-897","post","type-post","status-publish","format-standard","has-post-thumbnail","","category-cikkek","tag-notebook-laptop"],"jetpack_featured_media_url":"https:\/\/www.notebook.hu\/blog\/wp-content\/uploads\/2015\/11\/shutterstock_187271426.jpg","jetpack_shortlink":"https:\/\/wp.me\/p9xSLL-et","jetpack_sharing_enabled":true,"_links":{"self":[{"href":"https:\/\/www.notebook.hu\/blog\/wp-json\/wp\/v2\/posts\/897","targetHints":{"allow":["GET"]}}],"collection":[{"href":"https:\/\/www.notebook.hu\/blog\/wp-json\/wp\/v2\/posts"}],"about":[{"href":"https:\/\/www.notebook.hu\/blog\/wp-json\/wp\/v2\/types\/post"}],"author":[{"embeddable":true,"href":"https:\/\/www.notebook.hu\/blog\/wp-json\/wp\/v2\/users\/1"}],"replies":[{"embeddable":true,"href":"https:\/\/www.notebook.hu\/blog\/wp-json\/wp\/v2\/comments?post=897"}],"version-history":[{"count":3,"href":"https:\/\/www.notebook.hu\/blog\/wp-json\/wp\/v2\/posts\/897\/revisions"}],"predecessor-version":[{"id":993,"href":"https:\/\/www.notebook.hu\/blog\/wp-json\/wp\/v2\/posts\/897\/revisions\/993"}],"wp:featuredmedia":[{"embeddable":true,"href":"https:\/\/www.notebook.hu\/blog\/wp-json\/wp\/v2\/media\/898"}],"wp:attachment":[{"href":"https:\/\/www.notebook.hu\/blog\/wp-json\/wp\/v2\/media?parent=897"}],"wp:term":[{"taxonomy":"category","embeddable":true,"href":"https:\/\/www.notebook.hu\/blog\/wp-json\/wp\/v2\/categories?post=897"},{"taxonomy":"post_tag","embeddable":true,"href":"https:\/\/www.notebook.hu\/blog\/wp-json\/wp\/v2\/tags?post=897"}],"curies":[{"name":"wp","href":"https:\/\/api.w.org\/{rel}","templated":true}]}}