{"id":859,"date":"2015-10-21T15:48:10","date_gmt":"2015-10-21T13:48:10","guid":{"rendered":"http:\/\/www.notebook.hu\/blog\/?p=859"},"modified":"2015-12-07T12:24:27","modified_gmt":"2015-12-07T11:24:27","slug":"melyik-a-legjobb-operacios-rendszer-tabletre-2-resz","status":"publish","type":"post","link":"https:\/\/www.notebook.hu\/blog\/melyik-a-legjobb-operacios-rendszer-tabletre-2-resz\/","title":{"rendered":"Melyik a legjobb oper\u00e1ci\u00f3s rendszer tabletre? \u2013 2. r\u00e9sz"},"content":{"rendered":"<p style=\"text-align: justify;\">Ezzel a bejegyz\u00e9ssel abban szeretn\u00e9nk seg\u00edteni \u00d6nnek, hogy k\u00f6nnyebben eligazodjon az oper\u00e1ci\u00f3s rendszerek k\u00f6z\u00f6tt \u00e9s megtal\u00e1lja azt, ami ig\u00e9nyeinek a legink\u00e1bb megfelel. Az el\u0151z\u0151 r\u00e9szben a Magyarorsz\u00e1gon legelterjedtebb oper\u00e1ci\u00f3s rendszerr\u0151l, az Androidr\u00f3l ejtett\u00fcnk n\u00e9h\u00e1ny sz\u00f3t. Ez\u00fattal az iOS rendszerekre vet\u00fcnk egy pillant\u00e1st.<\/p>\n<p><strong>iOS<\/strong><\/p>\n<p style=\"text-align: justify;\">Az iOS ugyeb\u00e1r egyet jelent az Apple eszk\u00f6z\u00f6kkel. Az Apple preszt\u00edzse pedig a mai napig megk\u00e9rd\u0151jelezhetetlen, \u00edgy sokan \u00fagy gondolj\u00e1k, hogy igazi min\u0151s\u00e9get \u00e9s st\u00edlust val\u00f3j\u00e1ban csak az Apple term\u00e9keit\u0151l rem\u00e9lhetnek. Ezzel persze lehet vitatkozni, de az biztos, hogy az Apple mai napig a kreat\u00edv gy\u00e1rt\u00e1s szimb\u00f3luma.<\/p>\n<p style=\"text-align: justify;\">Ami\u00e9rt igaz\u00e1n elk\u00f6telezettek az iOS rendszer \u00e9s az Apple mellett a felhaszn\u00e1l\u00f3ik, az az oper\u00e1ci\u00f3s rendszer v\u00e9gtelen\u00fcl egyszer\u0171 kezel\u0151fel\u00fclete, k\u00e9zhez \u00e1ll\u00f3s\u00e1ga, illetve az az elk\u00e1pr\u00e1ztat\u00f3 applik\u00e1ci\u00f3 \u00f6z\u00f6n, amit az Apple garant\u00e1l. Ez nem puszta sz\u00f3, illetve marketing fog\u00e1s, hiszen az Apple Store k\u00f6zel 700.000 applik\u00e1ci\u00f3t k\u00edn\u00e1l, melyet konkr\u00e9tan az Apple eszk\u00f6z\u00f6kre terveztek, \u00e9s az \u00f6sszes el\u00e9rhet\u0151 applik\u00e1ci\u00f3inak sz\u00e1ma meghaladja az 1.3 milli\u00f3t. B\u00e1r m\u00e1s gy\u00e1rt\u00f3k is sz\u00e9p sz\u00e1mmal k\u00edn\u00e1lnak alkalmaz\u00e1sokat a felhaszn\u00e1l\u00f3iknak, jelenleg egyik\u0151j\u00fck sem veheti fel a versenyt az Apple-lel (ebben legal\u00e1bbis nem).<\/p>\n<p style=\"text-align: justify;\">Fontos m\u00e9g kiemelni az iOS rendszerek megb\u00edzhat\u00f3s\u00e1g\u00e1t. Az Apple felhaszn\u00e1l\u00f3inak jelent\u0151s r\u00e9sze \u00e9ppen az\u00e9rt olyan elk\u00f6telezett, mert \u00fagy \u00e9rz\u00e9kelik, hogy az iOS nem hagyja cserben \u0151ket, hogy a rendszer mindig magabiztosan fut a h\u00e1tt\u00e9rben, s nem esik el a saj\u00e1t l\u00e1b\u00e1ban.<\/p>\n<p style=\"text-align: justify;\">V\u00e9gezet\u00fcl \u00e9rdemes megeml\u00edteni, hogy az Apple nagy hangs\u00falyt fektet arra, hogy a k\u00fcl\u00f6nb\u00f6z\u0151 eszk\u00f6zei kompatibilisek legyenek egym\u00e1ssal, \u00edgy az iPhone-t az iPadet \u00e9s az Apple laptopokat k\u00f6nnyen szinkroniz\u00e1lhatjuk egym\u00e1ssal, \u00edgy ak\u00e1r egyazon munkamenet is megoszthat\u00f3 k\u00f6z\u00f6tt\u00fck: amit az egyiken kezdt\u00fcnk el, azt a m\u00e1sikon fejezhetj\u00fck be.<\/p>\n<p style=\"text-align: justify;\"><strong>Sorozatunk tov\u00e1bbi r\u00e9szei:<br \/>\n<\/strong><a href=\"https:\/\/www.notebook.hu\/blog\/melyik-a-legjobb-operacios-rendszer-tabletre-1-resz\/\">Melyik a legjobb oper\u00e1ci\u00f3s rendszer tabletre? \u2013 1. r\u00e9sz<\/a><br \/>\n<a href=\"https:\/\/www.notebook.hu\/blog\/melyik-a-legjobb-operacios-rendszer-tabletre-3-resz\/\">Melyik a legjobb oper\u00e1ci\u00f3s rendszer tabletre? \u2013 3. r\u00e9sz<\/a><\/p>\n","protected":false},"excerpt":{"rendered":"<p>Ezzel a bejegyz\u00e9ssel abban szeretn\u00e9nk seg\u00edteni \u00d6nnek, hogy k\u00f6nnyebben eligazodjon az oper\u00e1ci\u00f3s rendszerek k\u00f6z\u00f6tt \u00e9s megtal\u00e1lja azt, ami ig\u00e9nyeinek a legink\u00e1bb megfelel. Az el\u0151z\u0151 r\u00e9szben a Magyarorsz\u00e1gon legelterjedtebb oper\u00e1ci\u00f3s rendszerr\u0151l, az Androidr\u00f3l ejtett\u00fcnk n\u00e9h\u00e1ny sz\u00f3t. Ez\u00fattal az iOS rendszerekre vet\u00fcnk egy pillant\u00e1st. iOS Az iOS ugyeb\u00e1r egyet jelent az Apple eszk\u00f6z\u00f6kkel. Az Apple preszt\u00edzse pedig &hellip;<\/p>\n","protected":false},"author":1,"featured_media":864,"comment_status":"closed","ping_status":"open","sticky":false,"template":"","format":"standard","meta":{"_jetpack_memberships_contains_paid_content":false,"footnotes":""},"categories":[42],"tags":[46],"class_list":["post-859","post","type-post","status-publish","format-standard","has-post-thumbnail","","category-cikkek","tag-tablet"],"jetpack_featured_media_url":"https:\/\/www.notebook.hu\/blog\/wp-content\/uploads\/2015\/10\/shutterstock_251217985.jpg","jetpack_shortlink":"https:\/\/wp.me\/p9xSLL-dR","jetpack_sharing_enabled":true,"_links":{"self":[{"href":"https:\/\/www.notebook.hu\/blog\/wp-json\/wp\/v2\/posts\/859","targetHints":{"allow":["GET"]}}],"collection":[{"href":"https:\/\/www.notebook.hu\/blog\/wp-json\/wp\/v2\/posts"}],"about":[{"href":"https:\/\/www.notebook.hu\/blog\/wp-json\/wp\/v2\/types\/post"}],"author":[{"embeddable":true,"href":"https:\/\/www.notebook.hu\/blog\/wp-json\/wp\/v2\/users\/1"}],"replies":[{"embeddable":true,"href":"https:\/\/www.notebook.hu\/blog\/wp-json\/wp\/v2\/comments?post=859"}],"version-history":[{"count":7,"href":"https:\/\/www.notebook.hu\/blog\/wp-json\/wp\/v2\/posts\/859\/revisions"}],"predecessor-version":[{"id":1010,"href":"https:\/\/www.notebook.hu\/blog\/wp-json\/wp\/v2\/posts\/859\/revisions\/1010"}],"wp:featuredmedia":[{"embeddable":true,"href":"https:\/\/www.notebook.hu\/blog\/wp-json\/wp\/v2\/media\/864"}],"wp:attachment":[{"href":"https:\/\/www.notebook.hu\/blog\/wp-json\/wp\/v2\/media?parent=859"}],"wp:term":[{"taxonomy":"category","embeddable":true,"href":"https:\/\/www.notebook.hu\/blog\/wp-json\/wp\/v2\/categories?post=859"},{"taxonomy":"post_tag","embeddable":true,"href":"https:\/\/www.notebook.hu\/blog\/wp-json\/wp\/v2\/tags?post=859"}],"curies":[{"name":"wp","href":"https:\/\/api.w.org\/{rel}","templated":true}]}}