{"id":851,"date":"2015-10-21T15:32:08","date_gmt":"2015-10-21T13:32:08","guid":{"rendered":"http:\/\/www.notebook.hu\/blog\/?p=851"},"modified":"2015-12-07T12:02:45","modified_gmt":"2015-12-07T11:02:45","slug":"melyik-a-legjobb-operacios-rendszer-tabletre-1-resz","status":"publish","type":"post","link":"https:\/\/www.notebook.hu\/blog\/melyik-a-legjobb-operacios-rendszer-tabletre-1-resz\/","title":{"rendered":"Melyik a legjobb oper\u00e1ci\u00f3s rendszer tabletre? \u2013 1. r\u00e9sz"},"content":{"rendered":"<p style=\"text-align: justify;\">Android, iOS vagy Windows? Ez vagy egy nehezen megv\u00e1laszolhat\u00f3, probl\u00e9m\u00e1s k\u00e9rd\u00e9sk\u00e9nt mer\u00fcl fel, vagy egy\u00e1ltal\u00e1n fel sem mer\u00fcl. Ennek oka az elk\u00f6telez\u0151d\u00e9sben, illetve a megszok\u00e1sban keresend\u0151. A felhaszn\u00e1l\u00f3k egy r\u00e9sze nem tudatosan v\u00e1laszt, de akik tudatosan v\u00e1lasztanak, azok sz\u00e1m\u00e1ra \u00e1ltal\u00e1ban evidens, hogy milyen oper\u00e1ci\u00f3s rendszert szeretn\u00e9nek. Amerik\u00e1ban p\u00e9ld\u00e1ul jelent\u0151s kultusza van az Apple eszk\u00f6z\u00f6knek, \u00edgy az iOS oper\u00e1ci\u00f3s rendszernek is, m\u00edg Magyarorsz\u00e1gon ez kev\u00e9sb\u00e9 \u00e9rv\u00e9nyes\u00fcl, r\u00e1ad\u00e1sul magasabb \u00e1rkateg\u00f3ri\u00e1j\u00fa eszk\u00f6z\u00f6k l\u00e9v\u00e9n, n\u00e9mileg nehezebb is a hazai n\u00e9pszer\u0171s\u00edt\u00e9s\u00fck. Ezzel a r\u00f6vid sorozattal szeretn\u00e9nk egy k\u00f6zel\u00edt\u0151 k\u00e9pet adni a h\u00e1rom oper\u00e1ci\u00f3s rendszer saj\u00e1ts\u00e1gair\u00f3l.<\/p>\n<p style=\"text-align: justify;\"><strong>Android<\/strong><br \/>\nA h\u00e1rom k\u00f6z\u00fcl tal\u00e1n az Androidos tableteket lehet a legjobban \u00e9s legegyszer\u0171bben szem\u00e9lyre szabni, hiszen rengeteg applik\u00e1ci\u00f3t t\u00f6lthet\u00fcnk le r\u00e1juk, melyekkel m\u00f3dos\u00edthat\u00f3 a megjelen\u00e9s\u00fck. Ez manaps\u00e1g kiemelt fontoss\u00e1g\u00fa, hiszen mindenki szereti maxim\u00e1lisan a mag\u00e1\u00e9nak, illetve egyedinek \u00e9rezni\/mutatni okoseszk\u00f6zeit.<\/p>\n<p style=\"text-align: justify;\">L\u00e9nyeg\u00e9ben egy egyszer\u0171en kezelhet\u0151 oper\u00e1ci\u00f3s rendszerr\u0151l besz\u00e9lhet\u00fcnk, amelyik nem nehez\u00edti meg f\u00f6l\u00f6slegesen a felhaszn\u00e1l\u00f3k dolg\u00e1t. Az Android alapvet\u0151en okostelefonokra k\u00e9sz\u00fclt, s haz\u00e1nkban ezt szokta meg a legsz\u00e9lesebb r\u00e9teg, \u00edgy tableten is sokszor ezt keresik.<\/p>\n<p style=\"text-align: justify;\">Egy m\u00e1sik fontos el\u0151ny, ami kiemeli az Androidos tableteket a t\u00f6bbi k\u00f6z\u00fcl, hogy nagyon kedvez\u0151 \u00e1ron hozz\u00e1juk lehet jutni, s m\u00e1r 100 ezer forint alatt is b\u0151s\u00e9ggel v\u00e1logathatunk. Ez\u00a0 f\u0151k\u00e9pp azok sz\u00e1m\u00e1ra pozit\u00edvum, akik csup\u00e1n n\u00e9h\u00e1ny alapvet\u0151 m\u0171veletre haszn\u00e1ln\u00e1k a tabletet, mint p\u00e9ld\u00e1ul levelez\u00e9sre, b\u00f6ng\u00e9sz\u00e9sre, sz\u00f6vegszerkeszt\u00e9shez stb., hiszen ebben az esetben nem \u00e9ri meg t\u00f6bb sz\u00e1zezer forintot elk\u00f6lteni az eszk\u00f6zre.<\/p>\n<p style=\"text-align: justify;\">Azonban \u00e9ppen ez\u00e9rt, az Androidos tableteket els\u0151sorban \u00e9ppen ehhez, teh\u00e1t e-mailez\u00e9shez, b\u00f6ng\u00e9sz\u00e9shez, irodai jelleg\u0171 munkav\u00e9gz\u00e9shez aj\u00e1nljuk. Akik er\u0151s k\u00e9zi sz\u00e1m\u00edt\u00f3g\u00e9pet keresnek a tabletben, azok sz\u00e1m\u00e1ra nem az Androidos eszk\u00f6z\u00f6k lesznek a legmegfelel\u0151bbek.<\/p>\n<p style=\"text-align: justify;\"><strong>Sorozatunk tov\u00e1bbi r\u00e9szei:<br \/>\n<\/strong><a href=\"https:\/\/www.notebook.hu\/blog\/melyik-a-legjobb-operacios-rendszer-tabletre-2-resz\/\">Melyik a legjobb oper\u00e1ci\u00f3s rendszer tabletre? \u2013 2. r\u00e9sz<\/a><br \/>\n<a href=\"https:\/\/www.notebook.hu\/blog\/melyik-a-legjobb-operacios-rendszer-tabletre-3-resz\/\">Melyik a legjobb oper\u00e1ci\u00f3s rendszer tabletre? \u2013 3. r\u00e9sz<\/a><\/p>\n","protected":false},"excerpt":{"rendered":"<p>Android, iOS vagy Windows? Ez vagy egy nehezen megv\u00e1laszolhat\u00f3, probl\u00e9m\u00e1s k\u00e9rd\u00e9sk\u00e9nt mer\u00fcl fel, vagy egy\u00e1ltal\u00e1n fel sem mer\u00fcl. Ennek oka az elk\u00f6telez\u0151d\u00e9sben, illetve a megszok\u00e1sban keresend\u0151. A felhaszn\u00e1l\u00f3k egy r\u00e9sze nem tudatosan v\u00e1laszt, de akik tudatosan v\u00e1lasztanak, azok sz\u00e1m\u00e1ra \u00e1ltal\u00e1ban evidens, hogy milyen oper\u00e1ci\u00f3s rendszert szeretn\u00e9nek. Amerik\u00e1ban p\u00e9ld\u00e1ul jelent\u0151s kultusza van az Apple eszk\u00f6z\u00f6knek, \u00edgy &hellip;<\/p>\n","protected":false},"author":1,"featured_media":857,"comment_status":"closed","ping_status":"open","sticky":false,"template":"","format":"standard","meta":{"_jetpack_memberships_contains_paid_content":false,"footnotes":""},"categories":[42],"tags":[46],"class_list":["post-851","post","type-post","status-publish","format-standard","has-post-thumbnail","","category-cikkek","tag-tablet"],"jetpack_featured_media_url":"https:\/\/www.notebook.hu\/blog\/wp-content\/uploads\/2015\/10\/shutterstock_162499028_meret.jpg","jetpack_shortlink":"https:\/\/wp.me\/p9xSLL-dJ","jetpack_sharing_enabled":true,"_links":{"self":[{"href":"https:\/\/www.notebook.hu\/blog\/wp-json\/wp\/v2\/posts\/851","targetHints":{"allow":["GET"]}}],"collection":[{"href":"https:\/\/www.notebook.hu\/blog\/wp-json\/wp\/v2\/posts"}],"about":[{"href":"https:\/\/www.notebook.hu\/blog\/wp-json\/wp\/v2\/types\/post"}],"author":[{"embeddable":true,"href":"https:\/\/www.notebook.hu\/blog\/wp-json\/wp\/v2\/users\/1"}],"replies":[{"embeddable":true,"href":"https:\/\/www.notebook.hu\/blog\/wp-json\/wp\/v2\/comments?post=851"}],"version-history":[{"count":6,"href":"https:\/\/www.notebook.hu\/blog\/wp-json\/wp\/v2\/posts\/851\/revisions"}],"predecessor-version":[{"id":1008,"href":"https:\/\/www.notebook.hu\/blog\/wp-json\/wp\/v2\/posts\/851\/revisions\/1008"}],"wp:featuredmedia":[{"embeddable":true,"href":"https:\/\/www.notebook.hu\/blog\/wp-json\/wp\/v2\/media\/857"}],"wp:attachment":[{"href":"https:\/\/www.notebook.hu\/blog\/wp-json\/wp\/v2\/media?parent=851"}],"wp:term":[{"taxonomy":"category","embeddable":true,"href":"https:\/\/www.notebook.hu\/blog\/wp-json\/wp\/v2\/categories?post=851"},{"taxonomy":"post_tag","embeddable":true,"href":"https:\/\/www.notebook.hu\/blog\/wp-json\/wp\/v2\/tags?post=851"}],"curies":[{"name":"wp","href":"https:\/\/api.w.org\/{rel}","templated":true}]}}