{"id":843,"date":"2015-10-21T11:20:49","date_gmt":"2015-10-21T09:20:49","guid":{"rendered":"http:\/\/www.notebook.hu\/blog\/?p=843"},"modified":"2015-12-07T10:31:42","modified_gmt":"2015-12-07T09:31:42","slug":"igy-valasszon-tabletet-3-resz","status":"publish","type":"post","link":"https:\/\/www.notebook.hu\/blog\/igy-valasszon-tabletet-3-resz\/","title":{"rendered":"\u00cdgy v\u00e1lasszon tabletet \u2013 3. r\u00e9sz"},"content":{"rendered":"<div style=\"text-align: justify;\" data-canvas-width=\"269.0947073818369\">\n<p>Az el\u0151z\u0151 r\u00e9szekben arr\u00f3l \u00edrtunk, hogy mi alapj\u00e1n v\u00e1laszthatja ki a t\u00f6k\u00e9letes tabletet, ha els\u0151sorban a munk\u00e1hoz lesz r\u00e1 sz\u00fcks\u00e9ge, illetve akkor, ha gyermek\u00e9nek sz\u00e1nja aj\u00e1nd\u00e9kba. Ez\u00fattal a csal\u00e1d ig\u00e9nyeire koncentr\u00e1lunk.<\/p>\n<\/div>\n<div style=\"text-align: justify;\" data-canvas-width=\"269.0947073818369\">\u00a0<strong>Mi lesz a tablet f\u0151 funkci\u00f3ja?<\/strong><\/div>\n<div data-canvas-width=\"316.3368268647181\">\n<p>\u00c9rdemes m\u00e1r a v\u00e1s\u00e1rl\u00e1s el\u0151tt felm\u00e9rnie, hogy ki \u00e9s mire fogja haszn\u00e1lni a tabletet, hiszen aszerint, hogy p\u00e9ld\u00e1ul mag\u00e1nak, vagy egy rokon\u00e1nak sz\u00e1nja, munk\u00e1hoz, vagy szabadid\u0151 elt\u00f6lt\u00e9s\u00e9hez stb., m\u00e1s \u00e9s m\u00e1s modell el\u00e9g\u00edti ki legt\u00f6k\u00e9letesebben az elv\u00e1r\u00e1sokat.<\/p>\n<\/div>\n<div style=\"text-align: justify;\" data-canvas-width=\"181.32502026047842\">\n<p>\u00a0<strong>A csal\u00e1d sz\u00e1m\u00e1ra<\/strong>\u2013 Amennyiben a tabletet a csal\u00e1d szolg\u00e1lat\u00e1ba \u00e1ll\u00edtja, s mintegy k\u00f6z\u00f6s eszk\u00f6znek sz\u00e1nja, akkor a fel\u00e9 t\u00e1maszthat\u00f3 krit\u00e9riumok sz\u00e1ma is megsokszoroz\u00f3dik, hiszen nem csup\u00e1n egy c\u00e9lt, \u00e9s nem egy felhaszn\u00e1l\u00f3t kell kiel\u00e9g\u00edtenie. L\u00e9nyeg\u00e9ben \u00e9rdemes \u00f6sszefogni azokat a szempontokat, melyeket eddig k\u00fcl\u00f6n-k\u00fcl\u00f6n kezelt\u00fcnk. Ezeken k\u00edv\u00fcl fontos m\u00e9g, hogy a csal\u00e1di tableten \u00e9lm\u00e9ny legyen a filmez\u00e9s \u00e9s a zenehallgat\u00e1s is, hiszen a k\u00f6z\u00f6sen elt\u00f6lt\u00f6tt h\u00e9tv\u00e9g\u00e9ken val\u00f3sz\u00edn\u0171leg erre lesz a legnagyobb sz\u00fcks\u00e9g. Persze nem mell\u00e9kes az sem, hogy a j\u00e1t\u00e9k\u00e9lm\u00e9ny t\u00f6k\u00e9letes legyen vele, ugyanis biztosak lehet\u00fcnk abban, hogy a csal\u00e1d legifjabb tagjai sz\u00e1m\u00e1ra ez abszol\u00fat priorit\u00e1s lesz. Az Apple iPadek j\u00f3 v\u00e1laszt\u00e1snak bizonyulhatnak a csal\u00e1d sz\u00e1m\u00e1ra, hiszen min\u0151s\u00e9gi tabletekr\u0151l van sz\u00f3, kijelz\u0151j\u00fck rendre nagy \u00e9s kiv\u00e1l\u00f3 felbont\u00e1s\u00fa, \u00e9s rengeteg extr\u00e1val rendelkeznek, mint amilyen p\u00e9ld\u00e1ul a K\u00f6rnyezetif\u00e9ny-\u00e9rz\u00e9kel\u0151. Ezen k\u00edv\u00fcl az Apple Store garant\u00e1lja a legt\u00f6bb let\u00f6lthet\u0151 j\u00e1t\u00e9kot, amely m\u00e9g a gyermeke ig\u00e9nyeit is f\u00f6l\u00fclfogja m\u00falni. Term\u00e9szetesen a Google Playnek sincs sz\u00e9gyenkezni val\u00f3ja, \u00edgy p\u00e9ld\u00e1ul egy Windows tablet is garant\u00e1ltan a csal\u00e1d \u00f6r\u00f6m\u00e9re lesz. A HP Pavilion x2 t\u00f6k\u00e9letes v\u00e1laszt\u00e1s lehet, hiszen irodai felhaszn\u00e1l\u00e1sra t\u00f6k\u00e9letes (azonnali hozz\u00e1f\u00e9r\u00e9s Microsoft Office programcsomaghoz), \u00e9s nagy, 10.1 h\u00fcvelykes kijelz\u0151je a k\u00f6z\u00f6s csal\u00e1di id\u0151t\u00f6lt\u00e9sre is alkalmass\u00e1 teszi.<\/p>\n<p><strong>Sorozatunk tov\u00e1bbi r\u00e9szei:<br \/>\n<\/strong><a href=\"https:\/\/www.notebook.hu\/blog\/igy-valasszon-tabletet-1-resz\/\">\u00cdgy v\u00e1lasszon tabletet &#8211; 1. r\u00e9sz<\/a><br \/>\n<a href=\"https:\/\/www.notebook.hu\/blog\/igy-valasszon-tabletet-2-resz\/\">\u00cdgy v\u00e1lasszon tabletet &#8211; 2. r\u00e9sz<\/a><\/p>\n<\/div>\n<div style=\"text-align: justify;\" data-canvas-width=\"181.32502026047842\"><\/div>\n","protected":false},"excerpt":{"rendered":"<p>Az el\u0151z\u0151 r\u00e9szekben arr\u00f3l \u00edrtunk, hogy mi alapj\u00e1n v\u00e1laszthatja ki a t\u00f6k\u00e9letes tabletet, ha els\u0151sorban a munk\u00e1hoz lesz r\u00e1 sz\u00fcks\u00e9ge, illetve akkor, ha gyermek\u00e9nek sz\u00e1nja aj\u00e1nd\u00e9kba. Ez\u00fattal a csal\u00e1d ig\u00e9nyeire koncentr\u00e1lunk. \u00a0Mi lesz a tablet f\u0151 funkci\u00f3ja? \u00c9rdemes m\u00e1r a v\u00e1s\u00e1rl\u00e1s el\u0151tt felm\u00e9rnie, hogy ki \u00e9s mire fogja haszn\u00e1lni a tabletet, hiszen aszerint, hogy p\u00e9ld\u00e1ul &hellip;<\/p>\n","protected":false},"author":1,"featured_media":839,"comment_status":"closed","ping_status":"open","sticky":false,"template":"","format":"standard","meta":{"_jetpack_memberships_contains_paid_content":false,"footnotes":""},"categories":[42],"tags":[46],"class_list":["post-843","post","type-post","status-publish","format-standard","has-post-thumbnail","","category-cikkek","tag-tablet"],"jetpack_featured_media_url":"https:\/\/www.notebook.hu\/blog\/wp-content\/uploads\/2015\/10\/shutterstock_102170911.jpg","jetpack_shortlink":"https:\/\/wp.me\/p9xSLL-dB","jetpack_sharing_enabled":true,"_links":{"self":[{"href":"https:\/\/www.notebook.hu\/blog\/wp-json\/wp\/v2\/posts\/843","targetHints":{"allow":["GET"]}}],"collection":[{"href":"https:\/\/www.notebook.hu\/blog\/wp-json\/wp\/v2\/posts"}],"about":[{"href":"https:\/\/www.notebook.hu\/blog\/wp-json\/wp\/v2\/types\/post"}],"author":[{"embeddable":true,"href":"https:\/\/www.notebook.hu\/blog\/wp-json\/wp\/v2\/users\/1"}],"replies":[{"embeddable":true,"href":"https:\/\/www.notebook.hu\/blog\/wp-json\/wp\/v2\/comments?post=843"}],"version-history":[{"count":8,"href":"https:\/\/www.notebook.hu\/blog\/wp-json\/wp\/v2\/posts\/843\/revisions"}],"predecessor-version":[{"id":972,"href":"https:\/\/www.notebook.hu\/blog\/wp-json\/wp\/v2\/posts\/843\/revisions\/972"}],"wp:featuredmedia":[{"embeddable":true,"href":"https:\/\/www.notebook.hu\/blog\/wp-json\/wp\/v2\/media\/839"}],"wp:attachment":[{"href":"https:\/\/www.notebook.hu\/blog\/wp-json\/wp\/v2\/media?parent=843"}],"wp:term":[{"taxonomy":"category","embeddable":true,"href":"https:\/\/www.notebook.hu\/blog\/wp-json\/wp\/v2\/categories?post=843"},{"taxonomy":"post_tag","embeddable":true,"href":"https:\/\/www.notebook.hu\/blog\/wp-json\/wp\/v2\/tags?post=843"}],"curies":[{"name":"wp","href":"https:\/\/api.w.org\/{rel}","templated":true}]}}