{"id":815,"date":"2015-10-21T09:28:02","date_gmt":"2015-10-21T07:28:02","guid":{"rendered":"http:\/\/www.notebook.hu\/blog\/?p=815"},"modified":"2015-12-07T11:15:22","modified_gmt":"2015-12-07T10:15:22","slug":"igy-valasszon-tabletet-1-resz","status":"publish","type":"post","link":"https:\/\/www.notebook.hu\/blog\/igy-valasszon-tabletet-1-resz\/","title":{"rendered":"\u00cdgy v\u00e1lasszon tabletet \u2013 1. r\u00e9sz"},"content":{"rendered":"<div data-canvas-width=\"480.22745525279146\">\n<div style=\"text-align: justify;\" data-canvas-width=\"284.7831403323295\">\n<p>A tabletek m\u00e1ra a h\u00e9tk\u00f6znapjaink szerves r\u00e9sz\u00e9v\u00e9 v\u00e1ltak, hiszen mindenfajta neh\u00e9zs\u00e9g n\u00e9lk\u00fcl, ak\u00e1r egy tavaszias kis oldalt\u00e1sk\u00e1ban is magunkkal vihetj\u00fck \u0151ket, hogy j\u00f3szerivel b\u00e1rhol, azonnal felcsatlakozhassunk a vil\u00e1gh\u00e1l\u00f3ra. A haszn\u00e1lati szok\u00e1sok persze egy\u00e9nenk\u00e9nt k\u00fcl\u00f6nb\u00f6znek, de a v\u00e1laszt\u00e9k mindenesetre olyan b\u0151s\u00e9gess\u00e9 v\u00e1lt, hogy mindenki megtal\u00e1lhatja azt a tabletet, amelyik a legt\u00f6k\u00e9letesebben kiel\u00e9g\u00edti az ig\u00e9nyeit. A tudatos v\u00e1s\u00e1rl\u00e1s alapja a megfelel\u0151 inform\u00e1ci\u00f3k beszerz\u00e9se, \u00e9s az ig\u00e9nyek el\u0151zetes felm\u00e9r\u00e9se. Ebben szeretn\u00e9nk seg\u00edteni ezzel a sorozattal.<\/p>\n<\/div>\n<p data-canvas-width=\"316.3368268647181\"><strong>Mi lesz a tablet f\u0151 funkci\u00f3ja?<\/strong><\/p>\n<div data-canvas-width=\"167.46738979448506\">\n<p>Ahogy azt fentebb m\u00e1r jelezt\u00fck, ak\u00e1r egy\u00e9nenk\u00e9nt is elt\u00e9r\u0151 lehet, hogy a tabletet mire haszn\u00e1lj\u00e1k, azonban m\u00e9gis fel\u00e9p\u00edthet\u00fcnk egy hozz\u00e1vet\u0151leges kateg\u00f3ria rendszert:<\/p>\n<\/div>\n<div style=\"text-align: justify;\" data-canvas-width=\"144.48206609721964\"><\/div>\n<div style=\"text-align: justify;\" data-canvas-width=\"144.48206609721964\"><strong>Munk\u00e1hoz<\/strong> \u2013 Ha a tabletet els\u0151sorban munk\u00e1ra k\u00edv\u00e1nja haszn\u00e1lni, akkor a f\u0151 szempontok k\u00f6z\u00f6tt szerepel a kijelz\u0151m\u00e9rete mellett a k\u00fcls\u0151 eszk\u00f6z\u00f6k probl\u00e9mamentes csatlakoztathat\u00f3s\u00e1ga is. Ha utaz\u00e1s k\u00f6zben, p\u00e9ld\u00e1ul egy m\u00e1sf\u00e9l \u00f3r\u00e1s vonat\u00faton is olajozottan szeretn\u00e9 int\u00e9zni a levelez\u00e9s\u00e9t, vagy \u00e9ppen ez a m\u00e1sf\u00e9l \u00f3ra pont alkalmas lenne egy prezent\u00e1ci\u00f3 finomra csiszol\u00e1s\u00e1ra, akkor val\u00f3sz\u00edn\u0171leg nagy sz\u00fcks\u00e9ge van egy tablethez csatlakoztathat\u00f3, megb\u00edzhat\u00f3 billenty\u0171zetre. Ezen k\u00edv\u00fcl j\u00f3l j\u00f6nnek m\u00e9g a be\u00e9p\u00edtett appok is, melyek dokumentumok, prezent\u00e1ci\u00f3k vagy \u00e9ppen t\u00e1bl\u00e1zatok szerkeszt\u00e9s\u00e9re is gond n\u00e9lk\u00fcl haszn\u00e1lhat\u00f3k. Mindezeken k\u00edv\u00fcl a gyors vezet\u00e9k n\u00e9lk\u00fcli kapcsolat, \u00e9s a megb\u00edzhat\u00f3, biztos l\u00e1bakon \u00e1ll\u00f3 oper\u00e1ci\u00f3s rendszer is fontos krit\u00e9rium, hiszen kev\u00e9s rosszabb dolog van ann\u00e1l, minthogy a rendszer \u00f6sszeoml\u00e1sa miatt vesszen el t\u00f6bb \u00f3r\u00e1nyi munka, mely tal\u00e1n nem is p\u00f3tolhat\u00f3 a k\u00e9s\u00e9sb\u0151l ad\u00f3d\u00f3 preszt\u00edzsveszt\u00e9s n\u00e9lk\u00fcl. Ha az \u00d6n sz\u00e1m\u00e1ra val\u00f3ban ezek a legfontosabb szempontok, akkor \u00e9rdemes eszerint \u00e1tn\u00e9znie a k\u00edn\u00e1latunkat. Amennyiben biztosra szeretne menni, az Apple iPad Air tabletek k\u00f6z\u00f6tt p\u00e9ld\u00e1ul biztosan megtal\u00e1lja azt a modellt, ami minden \u00edz\u00e9ben kiel\u00e9g\u00edti majd az ig\u00e9nyeit.<\/div>\n<div style=\"text-align: justify;\" data-canvas-width=\"144.48206609721964\"><\/div>\n<div style=\"text-align: justify;\" data-canvas-width=\"144.48206609721964\"><\/div>\n<\/div>\n<div style=\"text-align: justify;\" data-canvas-width=\"144.48206609721964\"><strong>Sorozatunk tov\u00e1bbi r\u00e9szei:<\/strong><\/div>\n<div style=\"text-align: justify;\" data-canvas-width=\"144.48206609721964\"><a href=\"https:\/\/www.notebook.hu\/blog\/igy-valasszon-tabletet-2-resz\/\">\u00cdgy v\u00e1lasszon tabletet &#8211; 2. r\u00e9sz<\/a><\/div>\n<div style=\"text-align: justify;\" data-canvas-width=\"144.48206609721964\"><a href=\"https:\/\/www.notebook.hu\/blog\/igy-valasszon-tabletet-3-resz\/\">\u00cdgy v\u00e1lasszon tabletet &#8211; 3. r\u00e9sz<\/a><\/div>\n<p style=\"text-align: justify;\">\n","protected":false},"excerpt":{"rendered":"<p>A tabletek m\u00e1ra a h\u00e9tk\u00f6znapjaink szerves r\u00e9sz\u00e9v\u00e9 v\u00e1ltak, hiszen mindenfajta neh\u00e9zs\u00e9g n\u00e9lk\u00fcl, ak\u00e1r egy tavaszias kis oldalt\u00e1sk\u00e1ban is magunkkal vihetj\u00fck \u0151ket, hogy j\u00f3szerivel b\u00e1rhol, azonnal felcsatlakozhassunk a vil\u00e1gh\u00e1l\u00f3ra. A haszn\u00e1lati szok\u00e1sok persze egy\u00e9nenk\u00e9nt k\u00fcl\u00f6nb\u00f6znek, de a v\u00e1laszt\u00e9k mindenesetre olyan b\u0151s\u00e9gess\u00e9 v\u00e1lt, hogy mindenki megtal\u00e1lhatja azt a tabletet, amelyik a legt\u00f6k\u00e9letesebben kiel\u00e9g\u00edti az ig\u00e9nyeit. A tudatos &hellip;<\/p>\n","protected":false},"author":1,"featured_media":816,"comment_status":"closed","ping_status":"open","sticky":false,"template":"","format":"standard","meta":{"_jetpack_memberships_contains_paid_content":false,"footnotes":""},"categories":[42],"tags":[46],"class_list":["post-815","post","type-post","status-publish","format-standard","has-post-thumbnail","","category-cikkek","tag-tablet"],"jetpack_featured_media_url":"https:\/\/www.notebook.hu\/blog\/wp-content\/uploads\/2015\/10\/KC-aL_od8Fk6be8WDsXTF7BflEyQSRhY0NKvn7i7erw.jpg","jetpack_shortlink":"https:\/\/wp.me\/p9xSLL-d9","jetpack_sharing_enabled":true,"_links":{"self":[{"href":"https:\/\/www.notebook.hu\/blog\/wp-json\/wp\/v2\/posts\/815","targetHints":{"allow":["GET"]}}],"collection":[{"href":"https:\/\/www.notebook.hu\/blog\/wp-json\/wp\/v2\/posts"}],"about":[{"href":"https:\/\/www.notebook.hu\/blog\/wp-json\/wp\/v2\/types\/post"}],"author":[{"embeddable":true,"href":"https:\/\/www.notebook.hu\/blog\/wp-json\/wp\/v2\/users\/1"}],"replies":[{"embeddable":true,"href":"https:\/\/www.notebook.hu\/blog\/wp-json\/wp\/v2\/comments?post=815"}],"version-history":[{"count":19,"href":"https:\/\/www.notebook.hu\/blog\/wp-json\/wp\/v2\/posts\/815\/revisions"}],"predecessor-version":[{"id":1006,"href":"https:\/\/www.notebook.hu\/blog\/wp-json\/wp\/v2\/posts\/815\/revisions\/1006"}],"wp:featuredmedia":[{"embeddable":true,"href":"https:\/\/www.notebook.hu\/blog\/wp-json\/wp\/v2\/media\/816"}],"wp:attachment":[{"href":"https:\/\/www.notebook.hu\/blog\/wp-json\/wp\/v2\/media?parent=815"}],"wp:term":[{"taxonomy":"category","embeddable":true,"href":"https:\/\/www.notebook.hu\/blog\/wp-json\/wp\/v2\/categories?post=815"},{"taxonomy":"post_tag","embeddable":true,"href":"https:\/\/www.notebook.hu\/blog\/wp-json\/wp\/v2\/tags?post=815"}],"curies":[{"name":"wp","href":"https:\/\/api.w.org\/{rel}","templated":true}]}}