{"id":6478,"date":"2020-08-09T11:39:42","date_gmt":"2020-08-09T09:39:42","guid":{"rendered":"https:\/\/www.notebook.hu\/blog\/?p=6478"},"modified":"2020-09-08T09:12:37","modified_gmt":"2020-09-08T07:12:37","slug":"samsung-galaxy-note-20-lehullott-a-lepel","status":"publish","type":"post","link":"https:\/\/www.notebook.hu\/blog\/samsung-galaxy-note-20-lehullott-a-lepel\/","title":{"rendered":"Samsung Galaxy Note 20 teszt |lehullott a lepel"},"content":{"rendered":"\n<p><strong>Mint azt megszokhattuk, a SAMSUNG tollal szerelt Note modelljeit mindig az \u00e9v 2 fel\u00e9ben mutatja be, \u00e9s nem t\u00f6rt\u00e9nt ez id\u00e9n sem m\u00e1sk\u00e9pp a Samsung Unpacked 2020 augusztusi esem\u00e9ny\u00e9n.<\/strong><\/p>\n\n\n\n<figure class=\"wp-block-image size-large\"><img loading=\"lazy\" decoding=\"async\" width=\"1024\" height=\"557\" data-attachment-id=\"6480\" data-permalink=\"https:\/\/www.notebook.hu\/blog\/samsung-galaxy-note-20-lehullott-a-lepel\/five-galaxy-products-1\/\" data-orig-file=\"https:\/\/www.notebook.hu\/blog\/wp-content\/uploads\/2020\/08\/Five-Galaxy-Products-1.png\" data-orig-size=\"2560,1392\" data-comments-opened=\"0\" data-image-meta=\"{&quot;aperture&quot;:&quot;0&quot;,&quot;credit&quot;:&quot;&quot;,&quot;camera&quot;:&quot;&quot;,&quot;caption&quot;:&quot;&quot;,&quot;created_timestamp&quot;:&quot;0&quot;,&quot;copyright&quot;:&quot;&quot;,&quot;focal_length&quot;:&quot;0&quot;,&quot;iso&quot;:&quot;0&quot;,&quot;shutter_speed&quot;:&quot;0&quot;,&quot;title&quot;:&quot;&quot;,&quot;orientation&quot;:&quot;0&quot;}\" data-image-title=\"Five-Galaxy-Products-1\" data-image-description=\"\" data-image-caption=\"\" data-medium-file=\"https:\/\/www.notebook.hu\/blog\/wp-content\/uploads\/2020\/08\/Five-Galaxy-Products-1-300x163.png\" data-large-file=\"https:\/\/www.notebook.hu\/blog\/wp-content\/uploads\/2020\/08\/Five-Galaxy-Products-1-1024x557.png\" src=\"https:\/\/www.notebook.hu\/blog\/wp-content\/uploads\/2020\/08\/Five-Galaxy-Products-1-1024x557.png\" alt=\"\" class=\"wp-image-6480\" srcset=\"https:\/\/www.notebook.hu\/blog\/wp-content\/uploads\/2020\/08\/Five-Galaxy-Products-1-1024x557.png 1024w, https:\/\/www.notebook.hu\/blog\/wp-content\/uploads\/2020\/08\/Five-Galaxy-Products-1-300x163.png 300w, https:\/\/www.notebook.hu\/blog\/wp-content\/uploads\/2020\/08\/Five-Galaxy-Products-1-768x418.png 768w, https:\/\/www.notebook.hu\/blog\/wp-content\/uploads\/2020\/08\/Five-Galaxy-Products-1-1536x835.png 1536w, https:\/\/www.notebook.hu\/blog\/wp-content\/uploads\/2020\/08\/Five-Galaxy-Products-1-2048x1114.png 2048w, https:\/\/www.notebook.hu\/blog\/wp-content\/uploads\/2020\/08\/Five-Galaxy-Products-1-560x305.png 560w\" sizes=\"auto, (max-width: 1024px) 100vw, 1024px\" \/><\/figure>\n\n\n\n<p>A <a aria-label=\"undefined (\u00faj lapon ny\u00edlik meg)\" href=\"https:\/\/www.notebook.hu\/okostelefon\/samsung\" target=\"_blank\"><span style=\"text-decoration: underline;\">SAMSUNG<\/span> <\/a>is k\u00e9nytelen volt online megtartani a hatalmas esem\u00e9nyt a v\u00edrus miatt, ez nem jelenti azt, hogy ne k\u00f6vett\u00e9k volna t\u00f6bb milli\u00f3an nyomon, hiszen v\u00e9gre bemutatt\u00e1k hivatalosan a SAMSUNG Galaxy Note 20 \u00e9s Note 20 ULTRA k\u00e9sz\u00fcl\u00e9keket. Mellette helyt kapott a Galaxy Tab S7 k\u00e9t vari\u00e1nsban, a Galaxy Buds Live \u00e9s a Galaxy Z Fold 2 is.<\/p>\n\n\n\n<p>A <a href=\"https:\/\/www.notebook.hu\/samsung\/samsung-galaxy-note-20\" target=\"_blank\"><span style=\"text-decoration: underline;\">SAMSUNG Galaxy Note 20<\/span><\/a> idei vari\u00e1nsai is term\u00e9szetesen az idei cs\u00facs hardverekkel k\u00e9pviseltetik magukat (Exynos 990), mint azt minden \u00e9vben megszokhattuk, de ami kiemeli \u0151ket a t\u00f6megb\u0151l az az S Pen. A toll reakci\u00f3idej\u00e9nek cs\u00f6kkent\u00e9se volt most az egyik legfontosabb v\u00e1ltoz\u00e1s, m\u00e9ghozz\u00e1 9 ezredm\u00e1sodpercre siker\u00fclt lecs\u00f6kkenteni azt. Ezzel p\u00e1rhuzamosan az online felh\u0151be rajzol\u00e1s is gyorsul az 5G h\u00e1l\u00f3zatoknak h\u00e1la, \u00edgy egy t\u00e1voli meetingen szinte m\u00e1r-m\u00e1r k\u00e9sleltet\u00e9s n\u00e9lk\u00fcl l\u00e1thatj\u00e1k a r\u00e9sztvev\u0151k, hogy mit is m\u0171vel\u00fcnk a tollal, legyen az egy prezent\u00e1ci\u00f3 vagy egy rajz.<\/p>\n\n\n\n<figure class=\"wp-block-image size-large\"><img loading=\"lazy\" decoding=\"async\" width=\"1024\" height=\"613\" data-attachment-id=\"6481\" data-permalink=\"https:\/\/www.notebook.hu\/blog\/samsung-galaxy-note-20-lehullott-a-lepel\/samsung-galaxy-note-20-ultra\/\" data-orig-file=\"https:\/\/www.notebook.hu\/blog\/wp-content\/uploads\/2020\/08\/samsung-galaxy-note-20-ultra.jpg\" data-orig-size=\"1126,674\" data-comments-opened=\"0\" data-image-meta=\"{&quot;aperture&quot;:&quot;0&quot;,&quot;credit&quot;:&quot;W&quot;,&quot;camera&quot;:&quot;&quot;,&quot;caption&quot;:&quot;&quot;,&quot;created_timestamp&quot;:&quot;1596645485&quot;,&quot;copyright&quot;:&quot;&quot;,&quot;focal_length&quot;:&quot;0&quot;,&quot;iso&quot;:&quot;0&quot;,&quot;shutter_speed&quot;:&quot;0&quot;,&quot;title&quot;:&quot;&quot;,&quot;orientation&quot;:&quot;0&quot;}\" data-image-title=\"samsung-galaxy-note-20-ultra\" data-image-description=\"\" data-image-caption=\"\" data-medium-file=\"https:\/\/www.notebook.hu\/blog\/wp-content\/uploads\/2020\/08\/samsung-galaxy-note-20-ultra-300x180.jpg\" data-large-file=\"https:\/\/www.notebook.hu\/blog\/wp-content\/uploads\/2020\/08\/samsung-galaxy-note-20-ultra-1024x613.jpg\" src=\"https:\/\/www.notebook.hu\/blog\/wp-content\/uploads\/2020\/08\/samsung-galaxy-note-20-ultra-1024x613.jpg\" alt=\"\" class=\"wp-image-6481\" srcset=\"https:\/\/www.notebook.hu\/blog\/wp-content\/uploads\/2020\/08\/samsung-galaxy-note-20-ultra-1024x613.jpg 1024w, https:\/\/www.notebook.hu\/blog\/wp-content\/uploads\/2020\/08\/samsung-galaxy-note-20-ultra-300x180.jpg 300w, https:\/\/www.notebook.hu\/blog\/wp-content\/uploads\/2020\/08\/samsung-galaxy-note-20-ultra-768x460.jpg 768w, https:\/\/www.notebook.hu\/blog\/wp-content\/uploads\/2020\/08\/samsung-galaxy-note-20-ultra-560x335.jpg 560w, https:\/\/www.notebook.hu\/blog\/wp-content\/uploads\/2020\/08\/samsung-galaxy-note-20-ultra.jpg 1126w\" sizes=\"auto, (max-width: 1024px) 100vw, 1024px\" \/><\/figure>\n\n\n\n<p>A Note 20 4G \u00e9s 5G modell form\u00e1j\u00e1ban is kaphat\u00f3 lesz, mindkett\u0151 256GB t\u00e1rhellyel \u00e9s 8GB RAM-al lesz felszerelve, m\u00edg az <a href=\"https:\/\/www.notebook.hu\/samsung-galaxy-note20-ultra-256gb-brown-281906\" target=\"_blank\" aria-label=\"undefined (\u00faj lapon ny\u00edlik meg)\"><span style=\"text-decoration: underline;\">ULTRA<\/span> <\/a>vari\u00e1nsb\u00f3l csak 5G modell l\u00e9tezik hasonl\u00f3 t\u00e1rhely m\u00e9rettel, viszont 12GB RAM-al.<\/p>\n\n\n\n<p>A Note 20 kijelz\u0151je 6,7&#8243; \u00e9s lapos, 60Hz k\u00e9pfriss\u00edt\u00e9ssel, m\u00edg az ULTRA 6,9&#8243; \u00edvelt \u00e9s 120Hz-es k\u00e9pfriss\u00edt\u00e9ssel b\u00fcszk\u00e9lkedhet. Mindk\u00e9t k\u00e9sz\u00fcl\u00e9k 25%-kal magasabb f\u00e9nyer\u0151re k\u00e9pes, mint az el\u0151dj\u00fck. <\/p>\n\n\n\n<p>Kamer\u00e1k tekintet\u00e9ben is van elt\u00e9r\u00e9s. Az ultra 108MP f\u0151kamer\u00e1val, 12MP sz\u00e9les l\u00e1t\u00f3sz\u00f6g\u0171vel, 12MP m\u00e9ret\u0171 telefot\u00f3 lencs\u00e9vel szerelt, amivel 5-sz\u00f6r\u00f6s zoom \u00e9rhet\u0151 el. Az alap Note 20 64MP f\u0151kamera, a h\u00e1romszoros zoom csak hibrid m\u00f3dban \u00e9rhet\u0151 el, a m\u00e1sik k\u00e9t kamera ugyan\u00fagy 12-12 MP m\u00e9ret\u0171 sz\u00e9les \u00e9s telefot\u00f3 lencse, a szelfi kamer\u00e1k is megegyeznek a maguk 10MP-es m\u00e9ret\u00fckkel.<\/p>\n\n\n\n<p>A SAMSUNG Galaxy Unpacked 2020 esem\u00e9nyen bemutatt\u00e1k m\u00e9g a Galaxy Tab S7 tabletet 11&#8243; \u00e9s a Tab S7 Plus-t 12,4&#8243; m\u00e9retben. A kisebb\u0151l WiFi \u00e9s 4G\/LTE modell l\u00e9tezik, m\u00edg a nagyobb\u00f3l a Wifi modell mellett az 5G-vel is el\u00e9rhet\u0151.<\/p>\n\n\n\n<figure class=\"wp-block-image size-large\"><img loading=\"lazy\" decoding=\"async\" width=\"750\" height=\"600\" data-attachment-id=\"6482\" data-permalink=\"https:\/\/www.notebook.hu\/blog\/samsung-galaxy-note-20-lehullott-a-lepel\/samsung-galaxy-tab-s7-1\/\" data-orig-file=\"https:\/\/www.notebook.hu\/blog\/wp-content\/uploads\/2020\/08\/Samsung-Galaxy-Tab-S7-1.png\" data-orig-size=\"750,600\" data-comments-opened=\"0\" data-image-meta=\"{&quot;aperture&quot;:&quot;0&quot;,&quot;credit&quot;:&quot;&quot;,&quot;camera&quot;:&quot;&quot;,&quot;caption&quot;:&quot;&quot;,&quot;created_timestamp&quot;:&quot;0&quot;,&quot;copyright&quot;:&quot;&quot;,&quot;focal_length&quot;:&quot;0&quot;,&quot;iso&quot;:&quot;0&quot;,&quot;shutter_speed&quot;:&quot;0&quot;,&quot;title&quot;:&quot;&quot;,&quot;orientation&quot;:&quot;0&quot;}\" data-image-title=\"Samsung-Galaxy-Tab-S7-1\" data-image-description=\"\" data-image-caption=\"\" data-medium-file=\"https:\/\/www.notebook.hu\/blog\/wp-content\/uploads\/2020\/08\/Samsung-Galaxy-Tab-S7-1-300x240.png\" data-large-file=\"https:\/\/www.notebook.hu\/blog\/wp-content\/uploads\/2020\/08\/Samsung-Galaxy-Tab-S7-1.png\" src=\"https:\/\/www.notebook.hu\/blog\/wp-content\/uploads\/2020\/08\/Samsung-Galaxy-Tab-S7-1.png\" alt=\"\" class=\"wp-image-6482\" srcset=\"https:\/\/www.notebook.hu\/blog\/wp-content\/uploads\/2020\/08\/Samsung-Galaxy-Tab-S7-1.png 750w, https:\/\/www.notebook.hu\/blog\/wp-content\/uploads\/2020\/08\/Samsung-Galaxy-Tab-S7-1-300x240.png 300w, https:\/\/www.notebook.hu\/blog\/wp-content\/uploads\/2020\/08\/Samsung-Galaxy-Tab-S7-1-560x448.png 560w\" sizes=\"auto, (max-width: 750px) 100vw, 750px\" \/><\/figure>\n\n\n\n<p>Tov\u00e1bb\u00e1 bemutatt\u00e1k a Samsung Galaxy Z Fold 2-t, aminek v\u00e9gre az apr\u00f3 kis kijelz\u0151je majdnem az eg\u00e9sz telefon el\u0151lapj\u00e1t elfoglalja \u00f6sszez\u00e1rt \u00e1llapotban, valamint a bels\u0151 kijelz\u0151re egy kev\u00e9sb\u00e9 s\u00e9r\u00fcl\u00e9keny, hajl\u00e9kony \u00fcveg ker\u00fclt \u00e9s az ottani cs\u00fanya kamera noch is egy apr\u00f3 kameralyukra cser\u00e9l\u0151d\u00f6tt.<\/p>\n\n\n\n<figure class=\"wp-block-image size-large\"><img loading=\"lazy\" decoding=\"async\" width=\"1024\" height=\"576\" data-attachment-id=\"6483\" data-permalink=\"https:\/\/www.notebook.hu\/blog\/samsung-galaxy-note-20-lehullott-a-lepel\/samsung-galaxy-z-fold-2-announced-during-galaxy-unpacked-august-2020-livestream_feature\/\" data-orig-file=\"https:\/\/www.notebook.hu\/blog\/wp-content\/uploads\/2020\/08\/samsung-galaxy-z-fold-2-announced-during-galaxy-unpacked-august-2020-livestream_feature.jpg\" data-orig-size=\"1280,720\" data-comments-opened=\"0\" data-image-meta=\"{&quot;aperture&quot;:&quot;0&quot;,&quot;credit&quot;:&quot;&quot;,&quot;camera&quot;:&quot;&quot;,&quot;caption&quot;:&quot;&quot;,&quot;created_timestamp&quot;:&quot;0&quot;,&quot;copyright&quot;:&quot;&quot;,&quot;focal_length&quot;:&quot;0&quot;,&quot;iso&quot;:&quot;0&quot;,&quot;shutter_speed&quot;:&quot;0&quot;,&quot;title&quot;:&quot;&quot;,&quot;orientation&quot;:&quot;1&quot;}\" data-image-title=\"samsung-galaxy-z-fold-2-announced-during-galaxy-unpacked-august-2020-livestream_feature\" data-image-description=\"\" data-image-caption=\"\" data-medium-file=\"https:\/\/www.notebook.hu\/blog\/wp-content\/uploads\/2020\/08\/samsung-galaxy-z-fold-2-announced-during-galaxy-unpacked-august-2020-livestream_feature-300x169.jpg\" data-large-file=\"https:\/\/www.notebook.hu\/blog\/wp-content\/uploads\/2020\/08\/samsung-galaxy-z-fold-2-announced-during-galaxy-unpacked-august-2020-livestream_feature-1024x576.jpg\" src=\"https:\/\/www.notebook.hu\/blog\/wp-content\/uploads\/2020\/08\/samsung-galaxy-z-fold-2-announced-during-galaxy-unpacked-august-2020-livestream_feature-1024x576.jpg\" alt=\"\" class=\"wp-image-6483\" srcset=\"https:\/\/www.notebook.hu\/blog\/wp-content\/uploads\/2020\/08\/samsung-galaxy-z-fold-2-announced-during-galaxy-unpacked-august-2020-livestream_feature-1024x576.jpg 1024w, https:\/\/www.notebook.hu\/blog\/wp-content\/uploads\/2020\/08\/samsung-galaxy-z-fold-2-announced-during-galaxy-unpacked-august-2020-livestream_feature-300x169.jpg 300w, https:\/\/www.notebook.hu\/blog\/wp-content\/uploads\/2020\/08\/samsung-galaxy-z-fold-2-announced-during-galaxy-unpacked-august-2020-livestream_feature-768x432.jpg 768w, https:\/\/www.notebook.hu\/blog\/wp-content\/uploads\/2020\/08\/samsung-galaxy-z-fold-2-announced-during-galaxy-unpacked-august-2020-livestream_feature-560x315.jpg 560w, https:\/\/www.notebook.hu\/blog\/wp-content\/uploads\/2020\/08\/samsung-galaxy-z-fold-2-announced-during-galaxy-unpacked-august-2020-livestream_feature.jpg 1280w\" sizes=\"auto, (max-width: 1024px) 100vw, 1024px\" \/><\/figure>\n\n\n\n<p>A Samsung Galaxy Buds Live legnagyobb durran\u00e1sa pedig a Nose Canceling, amivel a k\u00fcls\u0151 zajforr\u00e1sokat is megpr\u00f3b\u00e1lja a minim\u00e1lisra cs\u00f6kkenteni \u00fagy, hogy kioltja azokat a k\u00fcls\u0151 mikrofonok seg\u00edts\u00e9g\u00e9vel.<\/p>\n\n\n\n<figure class=\"wp-block-image size-large\"><img loading=\"lazy\" decoding=\"async\" width=\"1024\" height=\"576\" data-attachment-id=\"6484\" data-permalink=\"https:\/\/www.notebook.hu\/blog\/samsung-galaxy-note-20-lehullott-a-lepel\/galaxy-buds-live-_1\/\" data-orig-file=\"https:\/\/www.notebook.hu\/blog\/wp-content\/uploads\/2020\/08\/galaxy-buds-live-_1.jpg\" data-orig-size=\"1920,1080\" data-comments-opened=\"0\" data-image-meta=\"{&quot;aperture&quot;:&quot;0&quot;,&quot;credit&quot;:&quot;&quot;,&quot;camera&quot;:&quot;&quot;,&quot;caption&quot;:&quot;&quot;,&quot;created_timestamp&quot;:&quot;0&quot;,&quot;copyright&quot;:&quot;&quot;,&quot;focal_length&quot;:&quot;0&quot;,&quot;iso&quot;:&quot;0&quot;,&quot;shutter_speed&quot;:&quot;0&quot;,&quot;title&quot;:&quot;&quot;,&quot;orientation&quot;:&quot;1&quot;}\" data-image-title=\"galaxy-buds-live-_1\" data-image-description=\"\" data-image-caption=\"\" data-medium-file=\"https:\/\/www.notebook.hu\/blog\/wp-content\/uploads\/2020\/08\/galaxy-buds-live-_1-300x169.jpg\" data-large-file=\"https:\/\/www.notebook.hu\/blog\/wp-content\/uploads\/2020\/08\/galaxy-buds-live-_1-1024x576.jpg\" src=\"https:\/\/www.notebook.hu\/blog\/wp-content\/uploads\/2020\/08\/galaxy-buds-live-_1-1024x576.jpg\" alt=\"\" class=\"wp-image-6484\" srcset=\"https:\/\/www.notebook.hu\/blog\/wp-content\/uploads\/2020\/08\/galaxy-buds-live-_1-1024x576.jpg 1024w, https:\/\/www.notebook.hu\/blog\/wp-content\/uploads\/2020\/08\/galaxy-buds-live-_1-300x169.jpg 300w, https:\/\/www.notebook.hu\/blog\/wp-content\/uploads\/2020\/08\/galaxy-buds-live-_1-768x432.jpg 768w, https:\/\/www.notebook.hu\/blog\/wp-content\/uploads\/2020\/08\/galaxy-buds-live-_1-1536x864.jpg 1536w, https:\/\/www.notebook.hu\/blog\/wp-content\/uploads\/2020\/08\/galaxy-buds-live-_1-560x315.jpg 560w, https:\/\/www.notebook.hu\/blog\/wp-content\/uploads\/2020\/08\/galaxy-buds-live-_1.jpg 1920w\" sizes=\"auto, (max-width: 1024px) 100vw, 1024px\" \/><\/figure>\n\n\n\n<p>\u00c9s a Samsung Galaxy Watch 3 is be lett jelentve, ahol v\u00e9gre meg\u00edg\u00e9rt\u00e9k, hogy hamarosan j\u00f6n az EKG szenzor r\u00e1, valamint a kor\u00e1bbi Watch Active 2-re egyar\u00e1nt. Tud v\u00e9gre v\u00e9rnyom\u00e1sm\u00e9r\u00e9st \u00e9s v\u00e9roxig\u00e9nszint-m\u00e9r\u00e9st is. Ezen fel\u00fcl nem tud t\u00f6bbet, mint a Watch Active 2, de kapott fizikai koron\u00e1t a vez\u00e9rl\u00e9shez.<\/p>\n\n\n\n<figure class=\"wp-block-image size-large\"><img loading=\"lazy\" decoding=\"async\" width=\"1024\" height=\"576\" data-attachment-id=\"6485\" data-permalink=\"https:\/\/www.notebook.hu\/blog\/samsung-galaxy-note-20-lehullott-a-lepel\/samsung-galaxy-watch-3-mystic-black-and-mystic-bronze-on-table-1-1200x675-1\/\" data-orig-file=\"https:\/\/www.notebook.hu\/blog\/wp-content\/uploads\/2020\/08\/samsung-galaxy-watch-3-mystic-black-and-mystic-bronze-on-table-1-1200x675-1.jpg\" data-orig-size=\"1200,675\" data-comments-opened=\"0\" data-image-meta=\"{&quot;aperture&quot;:&quot;0&quot;,&quot;credit&quot;:&quot;&quot;,&quot;camera&quot;:&quot;&quot;,&quot;caption&quot;:&quot;&quot;,&quot;created_timestamp&quot;:&quot;0&quot;,&quot;copyright&quot;:&quot;&quot;,&quot;focal_length&quot;:&quot;0&quot;,&quot;iso&quot;:&quot;0&quot;,&quot;shutter_speed&quot;:&quot;0&quot;,&quot;title&quot;:&quot;&quot;,&quot;orientation&quot;:&quot;1&quot;}\" data-image-title=\"samsung-galaxy-watch-3-mystic-black-and-mystic-bronze-on-table-1-1200&#215;675-1\" data-image-description=\"\" data-image-caption=\"\" data-medium-file=\"https:\/\/www.notebook.hu\/blog\/wp-content\/uploads\/2020\/08\/samsung-galaxy-watch-3-mystic-black-and-mystic-bronze-on-table-1-1200x675-1-300x169.jpg\" data-large-file=\"https:\/\/www.notebook.hu\/blog\/wp-content\/uploads\/2020\/08\/samsung-galaxy-watch-3-mystic-black-and-mystic-bronze-on-table-1-1200x675-1-1024x576.jpg\" src=\"https:\/\/www.notebook.hu\/blog\/wp-content\/uploads\/2020\/08\/samsung-galaxy-watch-3-mystic-black-and-mystic-bronze-on-table-1-1200x675-1-1024x576.jpg\" alt=\"\" class=\"wp-image-6485\" srcset=\"https:\/\/www.notebook.hu\/blog\/wp-content\/uploads\/2020\/08\/samsung-galaxy-watch-3-mystic-black-and-mystic-bronze-on-table-1-1200x675-1-1024x576.jpg 1024w, https:\/\/www.notebook.hu\/blog\/wp-content\/uploads\/2020\/08\/samsung-galaxy-watch-3-mystic-black-and-mystic-bronze-on-table-1-1200x675-1-300x169.jpg 300w, https:\/\/www.notebook.hu\/blog\/wp-content\/uploads\/2020\/08\/samsung-galaxy-watch-3-mystic-black-and-mystic-bronze-on-table-1-1200x675-1-768x432.jpg 768w, https:\/\/www.notebook.hu\/blog\/wp-content\/uploads\/2020\/08\/samsung-galaxy-watch-3-mystic-black-and-mystic-bronze-on-table-1-1200x675-1-560x315.jpg 560w, https:\/\/www.notebook.hu\/blog\/wp-content\/uploads\/2020\/08\/samsung-galaxy-watch-3-mystic-black-and-mystic-bronze-on-table-1-1200x675-1.jpg 1200w\" sizes=\"auto, (max-width: 1024px) 100vw, 1024px\" \/><\/figure>\n\n\n\n<p>Hab\u00e1r a SAMSUNG online tartotta ezt a bemutat\u00f3t, mindenki nagy izaglommal v\u00e1rta, hogy miket fog bemutatni. Id\u00e9n sem kellett csal\u00f3dnunk a SAMSUNG leg\u00fajabb felhozatal\u00e1ban.<\/p>\n\n\n\n<div class=\"wp-block-group has-pale-cyan-blue-background-color has-background\"><div class=\"wp-block-group__inner-container is-layout-flow wp-block-group-is-layout-flow\">\n<p>Ha <a aria-label=\"undefined (\u00faj lapon ny\u00edlik meg)\" href=\"https:\/\/www.notebook.hu\/kereses_prefix?q=samsung%20galaxy%20note%2020&amp;pf-size=20&amp;pf-page=1&amp;pf-sort-direction=&amp;pf-filters=\" target=\"_blank\"><span style=\"text-decoration: underline;\">most <\/span><\/a><a href=\"https:\/\/www.notebook.hu\/samsung\/samsung-galaxy-note-20\" target=\"_blank\"><span style=\"text-decoration: underline;\">el\u0151rendeled<\/span> <\/a>a Notebook.hu web\u00e1ruh\u00e1z\u00e1ban a Note 20-at, Samsung Galaxy Buds \u00fcti a markod, a Note 20 Ultra el\u0151rendel\u0151i pedig Galaxy Buds Live-ot kapnak a k\u00e9sz\u00fcl\u00e9k mell\u00e9 aj\u00e1nd\u00e9kba.<\/p>\n<\/div><\/div>\n","protected":false},"excerpt":{"rendered":"<p>Mint azt megszokhattuk, a SAMSUNG tollal szerelt Note modelljeit mindig az \u00e9v 2 fel\u00e9ben mutatja be, \u00e9s nem t\u00f6rt\u00e9nt ez id\u00e9n sem m\u00e1sk\u00e9pp a Samsung Unpacked 2020 augusztusi esem\u00e9ny\u00e9n. A SAMSUNG is k\u00e9nytelen volt online megtartani a hatalmas esem\u00e9nyt a v\u00edrus miatt, ez nem jelenti azt, hogy ne k\u00f6vett\u00e9k volna t\u00f6bb milli\u00f3an nyomon, hiszen v\u00e9gre &hellip;<\/p>\n","protected":false},"author":9,"featured_media":6479,"comment_status":"closed","ping_status":"open","sticky":false,"template":"","format":"standard","meta":{"_jetpack_memberships_contains_paid_content":false,"footnotes":""},"categories":[42,41],"tags":[1018,55,1022,1019,1023,1021,1020],"class_list":["post-6478","post","type-post","status-publish","format-standard","has-post-thumbnail","","category-cikkek","category-hirek","tag-galaxy-note-20","tag-samsung","tag-samsung-galaxy-buds-live","tag-samsung-galaxy-note-20","tag-samsung-galaxy-tab-s7","tag-samsung-galaxy-watch-3","tag-samsung-galaxy-z-flip-2"],"jetpack_featured_media_url":"https:\/\/www.notebook.hu\/blog\/wp-content\/uploads\/2020\/08\/Five-Galaxy-Products.png","jetpack_shortlink":"https:\/\/wp.me\/p9xSLL-1Gu","jetpack_sharing_enabled":true,"_links":{"self":[{"href":"https:\/\/www.notebook.hu\/blog\/wp-json\/wp\/v2\/posts\/6478","targetHints":{"allow":["GET"]}}],"collection":[{"href":"https:\/\/www.notebook.hu\/blog\/wp-json\/wp\/v2\/posts"}],"about":[{"href":"https:\/\/www.notebook.hu\/blog\/wp-json\/wp\/v2\/types\/post"}],"author":[{"embeddable":true,"href":"https:\/\/www.notebook.hu\/blog\/wp-json\/wp\/v2\/users\/9"}],"replies":[{"embeddable":true,"href":"https:\/\/www.notebook.hu\/blog\/wp-json\/wp\/v2\/comments?post=6478"}],"version-history":[{"count":5,"href":"https:\/\/www.notebook.hu\/blog\/wp-json\/wp\/v2\/posts\/6478\/revisions"}],"predecessor-version":[{"id":6634,"href":"https:\/\/www.notebook.hu\/blog\/wp-json\/wp\/v2\/posts\/6478\/revisions\/6634"}],"wp:featuredmedia":[{"embeddable":true,"href":"https:\/\/www.notebook.hu\/blog\/wp-json\/wp\/v2\/media\/6479"}],"wp:attachment":[{"href":"https:\/\/www.notebook.hu\/blog\/wp-json\/wp\/v2\/media?parent=6478"}],"wp:term":[{"taxonomy":"category","embeddable":true,"href":"https:\/\/www.notebook.hu\/blog\/wp-json\/wp\/v2\/categories?post=6478"},{"taxonomy":"post_tag","embeddable":true,"href":"https:\/\/www.notebook.hu\/blog\/wp-json\/wp\/v2\/tags?post=6478"}],"curies":[{"name":"wp","href":"https:\/\/api.w.org\/{rel}","templated":true}]}}