{"id":6346,"date":"2020-07-26T10:18:00","date_gmt":"2020-07-26T08:18:00","guid":{"rendered":"https:\/\/www.notebook.hu\/blog\/?p=6346"},"modified":"2022-10-23T11:14:36","modified_gmt":"2022-10-23T09:14:36","slug":"iphone-tortenelem","status":"publish","type":"post","link":"https:\/\/www.notebook.hu\/blog\/iphone-tortenelem\/","title":{"rendered":"iPhone t\u00f6rt\u00e9nelem"},"content":{"rendered":"\n<p><strong>Nincs a f\u00f6ld\u00f6n olyan ember, aki ne hallott volna az Apple iPhone-r\u00f3l, hiszen nagy m\u00e9rf\u00f6ldk\u0151 volt m\u00e1r els\u0151 telefonjuk is a mobiliparban, de legink\u00e1bb a GUI ami megdobogtatta az emberek sz\u00edv\u00e9t.<\/strong> <\/p>\n\n\n\n<figure class=\"wp-block-image size-large\"><img loading=\"lazy\" decoding=\"async\" width=\"1689\" height=\"1421\" data-attachment-id=\"6347\" data-permalink=\"https:\/\/www.notebook.hu\/blog\/iphone-tortenelem\/iphones\/\" data-orig-file=\"https:\/\/www.notebook.hu\/blog\/wp-content\/uploads\/2020\/07\/iphones.png\" data-orig-size=\"1689,1421\" data-comments-opened=\"0\" data-image-meta=\"{&quot;aperture&quot;:&quot;0&quot;,&quot;credit&quot;:&quot;&quot;,&quot;camera&quot;:&quot;&quot;,&quot;caption&quot;:&quot;&quot;,&quot;created_timestamp&quot;:&quot;0&quot;,&quot;copyright&quot;:&quot;&quot;,&quot;focal_length&quot;:&quot;0&quot;,&quot;iso&quot;:&quot;0&quot;,&quot;shutter_speed&quot;:&quot;0&quot;,&quot;title&quot;:&quot;&quot;,&quot;orientation&quot;:&quot;0&quot;}\" data-image-title=\"iphones\" data-image-description=\"\" data-image-caption=\"\" data-medium-file=\"https:\/\/www.notebook.hu\/blog\/wp-content\/uploads\/2020\/07\/iphones-300x252.png\" data-large-file=\"https:\/\/www.notebook.hu\/blog\/wp-content\/uploads\/2020\/07\/iphones-1024x862.png\" src=\"https:\/\/i1.wp.com\/www.notebook.hu\/blog\/wp-content\/uploads\/2020\/07\/iphones.png?fit=618%2C520&amp;ssl=1\" alt=\"\" class=\"wp-image-6347\" srcset=\"https:\/\/www.notebook.hu\/blog\/wp-content\/uploads\/2020\/07\/iphones.png 1689w, https:\/\/www.notebook.hu\/blog\/wp-content\/uploads\/2020\/07\/iphones-300x252.png 300w, https:\/\/www.notebook.hu\/blog\/wp-content\/uploads\/2020\/07\/iphones-1024x862.png 1024w, https:\/\/www.notebook.hu\/blog\/wp-content\/uploads\/2020\/07\/iphones-768x646.png 768w, https:\/\/www.notebook.hu\/blog\/wp-content\/uploads\/2020\/07\/iphones-1536x1292.png 1536w, https:\/\/www.notebook.hu\/blog\/wp-content\/uploads\/2020\/07\/iphones-560x471.png 560w\" sizes=\"auto, (max-width: 1689px) 100vw, 1689px\" \/><figcaption>Az iPhone sz\u00e9ri\u00e1k id\u0151beli megjelen\u00e9sei.<\/figcaption><\/figure>\n\n\n\n<p>A k\u00e9sz\u00fcl\u00e9k feljszt\u00e9s\u00e9t 2004-ben kezdte meg Steve Jobs egy 1000 alkalmazottat foglalkoztat\u00f3 \u201cPurple Project\u201d k\u00f3dn\u00e9v alatt. Jobs nagy j\u00f6v\u0151t l\u00e1tott az \u00e9rint\u0151k\u00e9perny\u0151ben \u00e9s a telefonok ir\u00e1ny\u00e1ban. Az amerikai AT&amp;T Mobilityvel k\u00f6z\u00f6sen kezd\u0151dtek meg a kutat\u00e1sok, melyek 30 h\u00f3nap alatt 150 milli\u00f3 doll\u00e1rt em\u00e9sztettek fel. Az AT&amp;T szabad kezet adott Jobs csapat\u00e1nak, az USA-ban val\u00f3 kiz\u00e1r\u00f3lagos forgalmaz\u00e1s\u00e9rt cser\u00e9be.<\/p>\n\n\n\n<p><strong>A legels\u0151 iPhone<\/strong> 2007. j\u00fanius 29-\u00e9n jelent meg. Ekkorra teszik az \u201cokostelefonok\u201d berobban\u00e1s\u00e1t sokan, holott m\u00e1r voltak PDA-k, amik nagy \u00e9rint\u0151k\u00e9perny\u0151vel, hasonl\u00f3 vagy ak\u00e1r m\u00e9g t\u00f6bb tud\u00e1ssal rendelkeztek. De val\u00f3ban az iPhone volt az els\u0151, ami egyszer\u0171 kezelhet\u0151s\u00e9get ny\u00fajtott az \u00e1tlag felhaszn\u00e1l\u00f3k sz\u00e1m\u00e1ra.<\/p>\n\n\n\n<p>Mai szemmel megmosolyogjuk az els\u0151 iPhone-t, amiben a Bluetooth csak headset t\u00e1mogat\u00e1sra volt, adat\u00e1tvitelre nem, vagy hogy Copy-Paste csak \u00e9vekkel k\u00e9s\u0151bbi modellekben jelent meg \u00e9s k\u00fcl\u00f6n kamp\u00e1nyt \u00e9p\u00edtettek erre a \u201chihetetlen\u201d \u00faj funkci\u00f3ra, vagy hogy a SIM k\u00e1rty\u00e1n l\u00e9v\u0151 telefonsz\u00e1mokat nem kezelte, de pl. GPS sem volt m\u00e9g benne \u00e9s kamer\u00e1j\u00e1val csak fot\u00f3zni lehetett, vide\u00f3 r\u00f6gz\u00edt\u00e9sre nem volt alkalmas. A 320&#215;480 pixeles, 3,5\u201d kijelz\u0151j\u00e9r\u0151l nem is besz\u00e9lve, hiszen mostans\u00e1g a 6\u201d kijelz\u0151k lassan \u00e1tlagosnak sz\u00e1m\u00edtanak, ami eg\u00e9szen az iPhone 5-ig m\u00e9retben nem v\u00e1ltozott, az 5. sz\u00e9ria hozta el a 4\u201d m\u00e9retet, az iPhone 6 a 4,7\u201d \u00e9s a 6. sz\u00e9ria volt az els\u0151, ahol 2 m\u00e9ret v\u00e1ltozat is el\u00e9rhet\u0151 v\u00e1lt, \u00edgy a nagyobb iPhone 6 Plus n\u00e9v\u0171 vari\u00e1ns m\u00e1r 5,5\u201d m\u00e9rettel volt felszerelve.<\/p>\n\n\n\n<p>2008-ban jelent meg az App Store, amiben 2012-ig t\u00f6bb, mint f\u00e9l milli\u00f3 alkalmaz\u00e1s ker\u00fclt be az Apple j\u00f3v\u00e1hagy\u00e1s\u00e1val. <\/p>\n\n\n\n<p><strong>Az iPhone 3G <\/strong>v\u00e9gre k\u00e9pes volt a nev\u00e9ben is szerepl\u0151 3G h\u00e1l\u00f3zatot haszn\u00e1lni, valamint GPS is ker\u00fclt bele, m\u00edg az igaz\u00e1n nagy durran\u00e1st az <strong>iPhone 3GS<\/strong> modell hozta el, hiszen abban m\u00e1r volt volt digit\u00e1lis ir\u00e1nyt\u0171, magasabb felbont\u00e1s\u00fa kijelz\u0151, gyorsabb processzor \u00e9s v\u00e9gre vide\u00f3 r\u00f6gz\u00edt\u00e9s\u00e9re is k\u00e9pes volt.<\/p>\n\n\n\n<figure class=\"wp-block-image size-large\"><img loading=\"lazy\" decoding=\"async\" width=\"800\" height=\"448\" data-attachment-id=\"6365\" data-permalink=\"https:\/\/www.notebook.hu\/blog\/iphone-tortenelem\/iphone-3gs\/\" data-orig-file=\"https:\/\/www.notebook.hu\/blog\/wp-content\/uploads\/2020\/07\/iphone-3gs.jpeg\" data-orig-size=\"800,448\" data-comments-opened=\"0\" data-image-meta=\"{&quot;aperture&quot;:&quot;0&quot;,&quot;credit&quot;:&quot;&quot;,&quot;camera&quot;:&quot;&quot;,&quot;caption&quot;:&quot;&quot;,&quot;created_timestamp&quot;:&quot;0&quot;,&quot;copyright&quot;:&quot;&quot;,&quot;focal_length&quot;:&quot;0&quot;,&quot;iso&quot;:&quot;0&quot;,&quot;shutter_speed&quot;:&quot;0&quot;,&quot;title&quot;:&quot;&quot;,&quot;orientation&quot;:&quot;0&quot;}\" data-image-title=\"iphone-3gs\" data-image-description=\"\" data-image-caption=\"\" data-medium-file=\"https:\/\/www.notebook.hu\/blog\/wp-content\/uploads\/2020\/07\/iphone-3gs-300x168.jpeg\" data-large-file=\"https:\/\/www.notebook.hu\/blog\/wp-content\/uploads\/2020\/07\/iphone-3gs.jpeg\" src=\"https:\/\/www.notebook.hu\/blog\/wp-content\/uploads\/2020\/07\/iphone-3gs.jpeg\" alt=\"\" class=\"wp-image-6365\" srcset=\"https:\/\/www.notebook.hu\/blog\/wp-content\/uploads\/2020\/07\/iphone-3gs.jpeg 800w, https:\/\/www.notebook.hu\/blog\/wp-content\/uploads\/2020\/07\/iphone-3gs-300x168.jpeg 300w, https:\/\/www.notebook.hu\/blog\/wp-content\/uploads\/2020\/07\/iphone-3gs-768x430.jpeg 768w, https:\/\/www.notebook.hu\/blog\/wp-content\/uploads\/2020\/07\/iphone-3gs-560x314.jpeg 560w\" sizes=\"auto, (max-width: 800px) 100vw, 800px\" \/><figcaption>iPhone 3GS<\/figcaption><\/figure>\n\n\n\n<p>A legnagyobb fejleszt\u00e9seket viszont az <strong>iPhone 4<\/strong> hozta, hiszen megjelent a m\u00e1r 5MP-re n\u0151tt h\u00e1ts\u00f3 kamera p\u00e1rja a t\u00faloldalon, az els\u0151 VGA felbont\u00e1ssal rendelkez\u0151 szelfi kamera, \u00e9s ezzel sz\u00fcletett meg a FaceTime. Az iPhone 4 megjelen\u00e9s\u00e9vel a 3G \u00e9s 3GS modellek \u00e1r\u00e1t drasztikusan cs\u00f6kkentett\u00e9k. A kijelz\u0151 960&#215;640 felbont\u00e1s\u00e1val (326 ppi) m\u00e1r olyan \u00e9les kijelz\u0151t alkottak, aminek k\u00e9ppontjait az emberi szem nem k\u00e9pes \u00e9rz\u00e9kelni, innen a retina display elnevez\u00e9s. Az iPhone 4-et 2010.06.24-\u00e9n mutatt\u00e1k be.<\/p>\n\n\n\n<p><strong>Az iPhone 4s <\/strong>2011. okt\u00f3ber 4-\u00e9n ker\u00fclt bemutat\u00e1sra, s b\u00e1r k\u00fcls\u0151s\u00e9gekben nem igaz\u00e1n v\u00e1ltozott, a belseje ann\u00e1l t\u00f6bbet. 8MP-es kamer\u00e1ja k\u00e9pes volt FHD vide\u00f3k r\u00f6gz\u00edt\u00e9s\u00e9re arcfelismer\u0151 rendszerrel \u00e9s digit\u00e1lis k\u00e9pstabiliz\u00e1l\u00e1ssal. A processzora is sokkal er\u0151sebb lett, valamint a GPS mell\u00e9 GLONASS t\u00e1mogat\u00e1st is kapott. Valamint Siri innent\u0151l nevezhet\u0151 okos asszisztensnek, viszont csak az akcentus n\u00e9lk\u00fcli angol, francia, jap\u00e1n, k\u00ednai, koreai, n\u00e9met, spanyol \u00e9s olasz nyelveket \u00e9rti meg. A k\u00e9sz\u00fcl\u00e9k bejelent\u00e9se ut\u00e1ni napon hunyt el Steve Jobs (2011.11.05.), \u00edgy ez az egyik legink\u00e1bb megr\u00e1z\u00f3 pontja a t\u00f6rt\u00e9nelmi sz\u00e1lnak.<\/p>\n\n\n\n<p><strong>Az iPhone 5 <\/strong>2012. szeptember 12-\u00e9n lett bemutatva. 4G\/LTE h\u00e1l\u00f3zat t\u00e1mogat\u00e1sa innent\u0151l el\u00e9rhet\u0151 az iPhone-okn\u00e1l, ami szint\u00e9n egy fontos m\u00e9rf\u00f6ldk\u0151. K\u00e9pes a WiFi 5 h\u00e1l\u00f3zatokra csatlakozni, a micro SIM-r\u0151l most t\u00f6rt\u00e9nik meg a v\u00e1lt\u00e1s nano SIM-re, h\u00e1rom mikrofont kapott a hat\u00e9konyabb zajsz\u0171r\u00e9shez, valamint az Apple A6 processzora ker\u00fclt be.<\/p>\n\n\n\n<div class=\"wp-block-image\"><figure class=\"aligncenter\"><img decoding=\"async\" src=\"https:\/\/p1.akcdn.net\/full\/217009883.apple-iphone-5s-16gb.jpg\" alt=\"Apple iPhone 5S 16GB mobiltelefon v\u00e1s\u00e1rl\u00e1s, olcs\u00f3 Apple iPhone 5S ...\"\/><figcaption>iPhone 5<\/figcaption><\/figure><\/div>\n\n\n\n<p><strong>Az iPhone 5s<\/strong> \u00e9s 5c bejelent\u00e9se 2013. szeptember 10-re tehet\u0151. Az 5c az el\u0151z\u0151 5-\u00f6s modellt v\u00e1ltja le, amit ki is vontak a forgalomb\u00f3l. \u00c1ra olcs\u00f3bb, mert m\u0171anyag h\u00e1zat kapott \u00e9s csak 16 valamint 32 GB bels\u0151 t\u00e1rhellyel forgalmazt\u00e1k z\u00f6ld, k\u00e9k, s\u00e1rga, r\u00f3zsasz\u00edn \u00e9s feh\u00e9r sz\u00ednekben. Az 5s pedig megkapta a home gombba integr\u00e1lt ujjlenyomatolvas\u00f3t, fant\u00e1zianev\u00e9n a Touch ID-t.<\/p>\n\n\n\n<p><strong>Az iPhone 6 \u00e9s iPhone 6 Plus<\/strong>&nbsp; 2014. szeptember 12-\u00e9n ker\u00fclt a nagysz\u00ednpadra 4,7\u201d \u00e9s 5,5\u201d kijelz\u0151kkel. A kisebb felbont\u00e1sa 1334 x750, a nagyobb pedig 1920 x 1080 pixeles retina kijelz\u0151vel. A nagyobb verzi\u00f3 m\u00e1r 4K felv\u00e9telre is k\u00e9pes volt a 8 MP-es kamer\u00e1val \u00e9s A8 processzorral szerelt\u00e9k fel mindkett\u0151 vari\u00e1nst.<\/p>\n\n\n\n<figure class=\"wp-block-image\"><img decoding=\"async\" src=\"https:\/\/support.apple.com\/library\/APPLE\/APPLECARE_ALLGEOS\/SP706\/SP706-iphone_6_plus-mul.png\" alt=\"iPhone 6 Plus - Technikai adatok\"\/><figcaption>iPhone 6<\/figcaption><\/figure>\n\n\n\n<p><strong>Az iPhone 6S \u00e9s 6S Plus<\/strong> 2015. szeptember 25-\u00e9n jelent meg. A kisebbik modell 4,7\u201d IPS 750 x 1334 pixeles kijelz\u0151vel, a nagyobbik 5,5\u201d IPS (1080&#215;1090 megjelen\u00edt\u0151vel). Az er\u0151t egy Apple A9 (14 nm) 1,84 GHz k\u00e9tmagos processzorral, 6 magos PowerVR GT7600 GPU-val biztos\u00edtotta.<\/p>\n\n\n\n<p><strong>Az iPhone 7 \u00e9s 7 Plus<\/strong> 2016. szeptember 16-\u00e1n jelent meg. A kisebbik modell 4,7\u201d (750&#215;1334), a nagyobbik 5,5\u201d (1080&#215;1920) kijelz\u0151vel. Mindkett\u0151ben az Apple A10 (16 nm) n\u00e9gymagos 2,34 GHz-es processzor\u00e1val&nbsp; \u00e9s 6 magos PowerVR Series7XT Plus GPU-val. A legkisebb t\u00e1rhely\u0171 vari\u00e1ns 34GB-os. A Plus-ban 2GB mem\u00f3ria helyett 3 GB van.<\/p>\n\n\n\n<p><strong>Az iPhone SE <\/strong>2017. m\u00e1rcius 31-\u00e9n jelent meg, ami egy visszafogottabb, apr\u00f3 vari\u00e1ns a maga 4\u201d (640&#215;1136) IPS kijelz\u0151j\u00e9vel \u00e9s l\u00e9nyeg\u00e9ben iPhone 6 hardver\u00e9vel.<\/p>\n\n\n\n<p><strong>Az iPhone 8 \u00e9s 8 Plus<\/strong> 2017. szeptember 22-\u00e9n jelent meg. A kijelz\u0151k m\u00e9g mindig v\u00e1ltozatlanok m\u00e9ret \u00e9s felbont\u00e1s szempontj\u00e1b\u00f3l 2014 \u00f3ta. Apple A11 Bionic (10 nm) 8 magos processzor \u00e9s 3 magos Apple GPU. A legkisebb t\u00e1rhely\u0171 vari\u00e1ns 64GB-os. A Plus-ban 2GB mem\u00f3ria helyett 3 GB van.<\/p>\n\n\n\n<p><strong>Az iPhone X <\/strong>2017. november 3-\u00e1n jelent meg. Az els\u0151 notch-os, teljes kijelz\u0151s vari\u00e1ns. 5,8\u201d (1125&#215;2436) OLED kijelz\u0151vel szerelt vari\u00e1ns. Hardver tekintet\u00e9ben egy iPhone 8 Plus.<\/p>\n\n\n\n<figure class=\"wp-block-image\"><img decoding=\"async\" src=\"https:\/\/cdn.alza.hu\/ImgW.ashx?fd=f3&amp;cd=RI024a2\" alt=\"iPhone X 64GB, ez\u00fcstsz\u00edn\u0171 - Mobiltelefon | Alza.hu\"\/><figcaption>iPhone X<\/figcaption><\/figure>\n\n\n\n<p><strong>Az iPhone XS \u00e9s XS Max<\/strong> 2018. szeptember 21-\u00e9n jelent meg. A kisebb modell az X-hez hasonl\u00f3 kijelz\u0151vel van szerelve, m\u00edg az XS 6,5\u201d (1242&#215;2688) OLED kijelz\u0151t kapott. Hardveresen megegyeznek egym\u00e1ssal, csak a m\u00e9ret\u00fck t\u00e9r el. Apple A12 Bionic (7 nm) 8 magos processzor, 4 magos Apple GPU. 4 GB mem\u00f3ria mindk\u00e9t modellben.<\/p>\n\n\n\n<p><strong>Az iPhone XR<\/strong> 2018. okt\u00f3ber 26-\u00e1n jelent meg, ami l\u00e9nyeg\u00e9ben egy iPhone XS csak 6,1\u201d kivitelben \u00e9s 4GB mem\u00f3ria helyett csak 3GB-al \u00e9s kevesebb kamer\u00e1s k\u00e9pess\u00e9ggel.<\/p>\n\n\n\n<p><strong>Az iPhone 11, 11 Pro \u00e9s 11 Pro Max<\/strong> 2019. szeptember 20-\u00e1n jelent meg. Az alap modell 6,1\u201d IPS kijelz\u0151vel, 828&#215;1792 felbont\u00e1ssal. Csak h\u00e1tlapi 2 kamer\u00e1val. A 11 Pro m\u00e1r OLED kijelz\u0151t kapott, m\u00e9ghozz\u00e1 5,8\u201d (1125&#215;2436) \u00e9s 3 kamer\u00e1t. A Pro max pedig a Pro nagyobb vari\u00e1nsa, mert 6,5\u201d (1242&#215;2688) OLED kijelz\u0151vel rendelkezik. Hardveresen mind a 3 telefonban egy 8 magos Apple A13 Bionic (7 nm+) processzor dorombol 4 magos Apple GPU t\u00e1rsas\u00e1g\u00e1ban.<\/p>\n\n\n\n<figure class=\"wp-block-image\"><img decoding=\"async\" src=\"https:\/\/mobilszervizpont.hu\/wp-content\/uploads\/2019\/09\/apple-iphone-11-pro-es-pro-max-telefon-megjelenes-arak.jpg\" alt=\"Hivatalosan is bemutatt\u00e1k az iPhone 11, 11 Pro \u00e9s 11 Pro Max ...\"\/><figcaption>iPhone 11, 11 Pro \u00e9s 11 Pro Max<\/figcaption><\/figure>\n\n\n\n<p><strong>Az iPhone SE (2020)<\/strong> pedig 2020. \u00e1prilis 17-\u00e9n jelent meg, visszafogott 4,7\u201d IPS kijelz\u0151vel, 1 kamer\u00e1val, viszont az iPhone 11 hardver\u00e9vel.<\/p>\n\n\n\n<p>A k\u00f6vetkez\u0151 \u00fajdons\u00e1got 2020. szeptember\u00e9ben v\u00e1rhatjuk, aki Apple fan, az biztosan bev\u00e9ste m\u00e1r a napt\u00e1r\u00e1ba a szeptember k\u00f6zep\u00e9t. Tudtad, hogy az <a href=\"https:\/\/www.notebook.hu\/blog\/iphone-reszletre\/\">iPhone r\u00e9szletre<\/a> is el\u00e9rhet\u0151? M\u00e9g a leg\u00fajabb iPhone 14-es is?<\/p>\n\n\n\n<p>iPhone tr\u00fckk: <a href=\"https:\/\/www.notebook.hu\/blog\/hogyan-kell-iphoneon-screenshotolni-vagyis-kepernyokepet-kesziteni\/\">Hogyan kell iPhoneon screenshotolni vagyis k\u00e9perny\u0151k\u00e9pet k\u00e9sz\u00edteni?<\/a><br><br><\/p>\n","protected":false},"excerpt":{"rendered":"<p>Nincs a f\u00f6ld\u00f6n olyan ember, aki ne hallott volna az Apple iPhone-r\u00f3l, hiszen nagy m\u00e9rf\u00f6ldk\u0151 volt m\u00e1r els\u0151 telefonjuk is a mobiliparban, de legink\u00e1bb a GUI ami megdobogtatta az emberek sz\u00edv\u00e9t. Az iPhone sz\u00e9ri\u00e1k id\u0151beli megjelen\u00e9sei. A k\u00e9sz\u00fcl\u00e9k feljszt\u00e9s\u00e9t 2004-ben kezdte meg Steve Jobs egy 1000 alkalmazottat foglalkoztat\u00f3 \u201cPurple Project\u201d k\u00f3dn\u00e9v alatt. Jobs nagy j\u00f6v\u0151t &hellip;<\/p>\n","protected":false},"author":9,"featured_media":6347,"comment_status":"closed","ping_status":"open","sticky":false,"template":"","format":"standard","meta":{"_jetpack_memberships_contains_paid_content":false,"footnotes":""},"categories":[42,1,211],"tags":[523,197,642,997,998,999,522,643,644,640,248],"class_list":["post-6346","post","type-post","status-publish","format-standard","has-post-thumbnail","","category-cikkek","category-egyeb","category-tudomany","tag-apple-iphone","tag-iphone","tag-iphone-0-thm","tag-iphone-11","tag-iphone-11-pro","tag-iphone-11-pro-max","tag-iphone-6s","tag-iphone-hitel","tag-iphone-reszletfizetes","tag-iphone-reszletre","tag-iphone8"],"jetpack_featured_media_url":"https:\/\/www.notebook.hu\/blog\/wp-content\/uploads\/2020\/07\/iphones.png","jetpack_shortlink":"https:\/\/wp.me\/p9xSLL-1Em","jetpack_sharing_enabled":true,"_links":{"self":[{"href":"https:\/\/www.notebook.hu\/blog\/wp-json\/wp\/v2\/posts\/6346","targetHints":{"allow":["GET"]}}],"collection":[{"href":"https:\/\/www.notebook.hu\/blog\/wp-json\/wp\/v2\/posts"}],"about":[{"href":"https:\/\/www.notebook.hu\/blog\/wp-json\/wp\/v2\/types\/post"}],"author":[{"embeddable":true,"href":"https:\/\/www.notebook.hu\/blog\/wp-json\/wp\/v2\/users\/9"}],"replies":[{"embeddable":true,"href":"https:\/\/www.notebook.hu\/blog\/wp-json\/wp\/v2\/comments?post=6346"}],"version-history":[{"count":13,"href":"https:\/\/www.notebook.hu\/blog\/wp-json\/wp\/v2\/posts\/6346\/revisions"}],"predecessor-version":[{"id":11322,"href":"https:\/\/www.notebook.hu\/blog\/wp-json\/wp\/v2\/posts\/6346\/revisions\/11322"}],"wp:featuredmedia":[{"embeddable":true,"href":"https:\/\/www.notebook.hu\/blog\/wp-json\/wp\/v2\/media\/6347"}],"wp:attachment":[{"href":"https:\/\/www.notebook.hu\/blog\/wp-json\/wp\/v2\/media?parent=6346"}],"wp:term":[{"taxonomy":"category","embeddable":true,"href":"https:\/\/www.notebook.hu\/blog\/wp-json\/wp\/v2\/categories?post=6346"},{"taxonomy":"post_tag","embeddable":true,"href":"https:\/\/www.notebook.hu\/blog\/wp-json\/wp\/v2\/tags?post=6346"}],"curies":[{"name":"wp","href":"https:\/\/api.w.org\/{rel}","templated":true}]}}