{"id":6004,"date":"2020-05-26T20:03:00","date_gmt":"2020-05-26T18:03:00","guid":{"rendered":"https:\/\/www.notebook.hu\/blog\/?p=6004"},"modified":"2022-03-29T00:00:09","modified_gmt":"2022-03-28T22:00:09","slug":"hogyan-toltsunk-zenet-iphone-ra","status":"publish","type":"post","link":"https:\/\/www.notebook.hu\/blog\/hogyan-toltsunk-zenet-iphone-ra\/","title":{"rendered":"Hogyan t\u00f6lts\u00fcnk zen\u00e9t iPhone-ra?"},"content":{"rendered":"\n<p><strong>Rengetegen nem tudj\u00e1k, hogy hogyan is lehet zen\u00e9t t\u00f6lteni iPhone-ra, de ennek egyszer \u00e9s mindenkorra v\u00e9ge, le\u00edrom nektek.<\/strong><\/p>\n\n\n\n<p>M\u00e9g anno az MP3 lej\u00e1tsz\u00f3k h\u0151skor\u00e1ban minden egyes zene hordoz\u00e1s\u00e1ra alkalmas digit\u00e1lis k\u00fcty\u00fcnek egyedi k\u00e1bele \u00e9s szoftvere volt, s\u0151t n\u00e9melyeknek k\u00fcl\u00f6n drivere. Nem volt t\u00fal egyszer\u0171 zen\u00e9t juttatni r\u00e1juk, am\u00edg most android eset\u00e9n csak egy USB k\u00e1bel kell \u00e9s azonnal l\u00e1tjuk az eg\u00e9sz telefon bels\u0151 \u00e9s k\u00fcls\u0151 t\u00e1rhely\u00e9t.<\/p>\n\n\n\n<p>Az iPhone eset\u00e9n viszont nem t\u00fal sok v\u00e1ltoz\u00e1s t\u00f6rt\u00e9nt egyel\u0151re az elm\u00falt \u00e9vek alatt, hiszen m\u00e9g mindig ragaszkodnak ahhoz, hogy egy k\u00f6zponti szoftveren kereszt\u00fcl oldjunk meg mindent.<\/p>\n\n\n\n<figure class=\"wp-block-image size-large\"><img loading=\"lazy\" decoding=\"async\" width=\"1024\" height=\"536\" data-attachment-id=\"6005\" data-permalink=\"https:\/\/www.notebook.hu\/blog\/hogyan-toltsunk-zenet-iphone-ra\/iphone-music\/\" data-orig-file=\"https:\/\/www.notebook.hu\/blog\/wp-content\/uploads\/2020\/05\/iphone-music.jpg\" data-orig-size=\"1200,628\" data-comments-opened=\"0\" data-image-meta=\"{&quot;aperture&quot;:&quot;0&quot;,&quot;credit&quot;:&quot;&quot;,&quot;camera&quot;:&quot;&quot;,&quot;caption&quot;:&quot;&quot;,&quot;created_timestamp&quot;:&quot;0&quot;,&quot;copyright&quot;:&quot;&quot;,&quot;focal_length&quot;:&quot;0&quot;,&quot;iso&quot;:&quot;0&quot;,&quot;shutter_speed&quot;:&quot;0&quot;,&quot;title&quot;:&quot;&quot;,&quot;orientation&quot;:&quot;1&quot;}\" data-image-title=\"iphone zene\" data-image-description=\"\" data-image-caption=\"\" data-medium-file=\"https:\/\/www.notebook.hu\/blog\/wp-content\/uploads\/2020\/05\/iphone-music-300x157.jpg\" data-large-file=\"https:\/\/www.notebook.hu\/blog\/wp-content\/uploads\/2020\/05\/iphone-music-1024x536.jpg\" src=\"https:\/\/www.notebook.hu\/blog\/wp-content\/uploads\/2020\/05\/iphone-music-1024x536.jpg\" alt=\"\" class=\"wp-image-6005\" srcset=\"https:\/\/www.notebook.hu\/blog\/wp-content\/uploads\/2020\/05\/iphone-music-1024x536.jpg 1024w, https:\/\/www.notebook.hu\/blog\/wp-content\/uploads\/2020\/05\/iphone-music-300x157.jpg 300w, https:\/\/www.notebook.hu\/blog\/wp-content\/uploads\/2020\/05\/iphone-music-768x402.jpg 768w, https:\/\/www.notebook.hu\/blog\/wp-content\/uploads\/2020\/05\/iphone-music-560x293.jpg 560w, https:\/\/www.notebook.hu\/blog\/wp-content\/uploads\/2020\/05\/iphone-music.jpg 1200w\" sizes=\"auto, (max-width: 1024px) 100vw, 1024px\" \/><\/figure>\n\n\n\n<p>Az Apple term\u00e9kei \u00e9ppen ez\u00e9rt a kezdetek \u00f3ta az iTunes-t haszn\u00e1lja a telefonon tal\u00e1lhat\u00f3 tartalom menedzsel\u00e9s\u00e9re, \u00edgy csup\u00e1n arra lesz sz\u00fcks\u00e9g\u00fcnk \u00e9s persze egy USB &#8211; Lightning k\u00e1belre, aminek seg\u00edts\u00e9g\u00e9vel a PC-hez csatlakoztathatjuk.<\/p>\n\n\n\n<ol class=\"wp-block-list\"><li>Ez\u00e9rt az els\u0151 \u00e9s legfontosabb l\u00e9p\u00e9s, ha m\u00e9g nem tett\u00e9tek volna meg, <span style=\"text-decoration: underline;\"><a aria-label=\"t\u00f6lts\u00e9tek le sz\u00e1m\u00edt\u00f3g\u00e9petekre az iTunes-t innen (opens in a new tab)\" href=\"https:\/\/www.apple.com\/ug\/itunes\/download\/\" target=\"_blank\" rel=\"noopener\">t\u00f6lts\u00e9tek le sz\u00e1m\u00edt\u00f3g\u00e9petekre az iTunes-t innen<\/a><\/span>.<\/li><li>Csatlakoztasd a telefonodat a sz\u00e1m\u00edt\u00f3g\u00e9phez k\u00e1bel seg\u00edts\u00e9g\u00e9vel, ami term\u00e9szetesen ugyanaz a k\u00e1bel, amivel t\u00f6lt\u00f6d is a telefonodat.<\/li><li>V\u00e1rd meg, am\u00edg \u00f6sszeszinkroniz\u00e1l a telefonod az iTunes-al, \u00e9s a bal oldali s\u00e1vban megjelenik az eszk\u00f6z\u00f6k alatt a neve.<\/li><li>Kattints a telefonod nev\u00e9re \u00e9s leny\u00edlnak a tartalmak (Zene, Filmek, TV m\u0171sorok, K\u00f6nyvek, stb&#8230;), itt tudod az \u00f6sszes tartalmat kezelni, ami m\u00e1r a telefonodon van. <\/li><li>Kattints a zen\u00e9re, \u00edgy megjelennek a m\u00e1r telefonodon l\u00e9v\u0151 zen\u00e9k, amennyiben m\u00e1r vannak rajta. Ellenkez\u0151 esetben \u00fcres lesz a Zene r\u00e9sz. Ide fogod tudni m\u00e1solni a PC-r\u0151l a kiszemelt MP3-akat.<\/li><li>Keresd meg a g\u00e9peden a zen\u00e9ket, jel\u00f6ld ki, majd a bal eg\u00e9rgombbal megragadva h\u00fazd \u00e1t azokat az iPhone megnyitott zene mapp\u00e1j\u00e1ba egy szimpla mozdulatta.<\/li><\/ol>\n\n\n\n<p>Ilyen egyszer\u0171 az eg\u00e9sz!<\/p>\n\n\n\n<p>\u00c9s ne feledj\u00e9tek, ha m\u00e1r iTunes-t haszn\u00e1ltok, n\u00e9ha \u00e9rdemes biztons\u00e1gi ment\u00e9st is k\u00e9sz\u00edteni telefonotokr\u00f3l, de err\u0151l majd tal\u00e1n egy m\u00e1sik cikkben.<\/p>\n\n\n\n<p>Addig is ha \u00fagy \u00e9rzed szeretn\u00e9d r\u00e9gi iPhone-od lecser\u00e9lni egy frissebb kiad\u00e1sra, <span style=\"text-decoration: underline;\"><a aria-label=\"iPhone r\u00e9szletre is v\u00e1s\u00e1rolhat\u00f3 (opens in a new tab)\" href=\"https:\/\/www.notebook.hu\/blog\/iphone-reszletre\/\" target=\"_blank\" rel=\"noopener\">iPhone r\u00e9szletre is v\u00e1s\u00e1rolhat\u00f3<\/a><\/span> a notebook.hu weboldal\u00e1n \u00e9s \u00fczleteiben. 0% THM ak\u00e1r 20 h\u00f3napra is!<\/p>\n\n\n\n<p>K\u00edv\u00e1ncsi vagy a magyar iPhone v\u00e1s\u00e1rl\u00e1si szok\u00e1sokra? Akkor olvasd el <a href=\"https:\/\/www.notebook.hu\/blog\/hogyan-vesz-iphone-t-a-magyar\/\">Hogyan vesz iPhone-t a magyar?<\/a> cikk\u00fcnket is!<\/p>\n\n\n\n<p><\/p>\n","protected":false},"excerpt":{"rendered":"<p>Rengetegen nem tudj\u00e1k, hogy hogyan is lehet zen\u00e9t t\u00f6lteni iPhone-ra, de ennek egyszer \u00e9s mindenkorra v\u00e9ge, le\u00edrom nektek. M\u00e9g anno az MP3 lej\u00e1tsz\u00f3k h\u0151skor\u00e1ban minden egyes zene hordoz\u00e1s\u00e1ra alkalmas digit\u00e1lis k\u00fcty\u00fcnek egyedi k\u00e1bele \u00e9s szoftvere volt, s\u0151t n\u00e9melyeknek k\u00fcl\u00f6n drivere. Nem volt t\u00fal egyszer\u0171 zen\u00e9t juttatni r\u00e1juk, am\u00edg most android eset\u00e9n csak egy USB k\u00e1bel &hellip;<\/p>\n","protected":false},"author":9,"featured_media":6005,"comment_status":"closed","ping_status":"open","sticky":false,"template":"","format":"standard","meta":{"_jetpack_memberships_contains_paid_content":false,"footnotes":""},"categories":[42,1],"tags":[197,996],"class_list":["post-6004","post","type-post","status-publish","format-standard","has-post-thumbnail","","category-cikkek","category-egyeb","tag-iphone","tag-iphone-zene"],"jetpack_featured_media_url":"https:\/\/www.notebook.hu\/blog\/wp-content\/uploads\/2020\/05\/iphone-music.jpg","jetpack_shortlink":"https:\/\/wp.me\/p9xSLL-1yQ","jetpack_sharing_enabled":true,"_links":{"self":[{"href":"https:\/\/www.notebook.hu\/blog\/wp-json\/wp\/v2\/posts\/6004","targetHints":{"allow":["GET"]}}],"collection":[{"href":"https:\/\/www.notebook.hu\/blog\/wp-json\/wp\/v2\/posts"}],"about":[{"href":"https:\/\/www.notebook.hu\/blog\/wp-json\/wp\/v2\/types\/post"}],"author":[{"embeddable":true,"href":"https:\/\/www.notebook.hu\/blog\/wp-json\/wp\/v2\/users\/9"}],"replies":[{"embeddable":true,"href":"https:\/\/www.notebook.hu\/blog\/wp-json\/wp\/v2\/comments?post=6004"}],"version-history":[{"count":9,"href":"https:\/\/www.notebook.hu\/blog\/wp-json\/wp\/v2\/posts\/6004\/revisions"}],"predecessor-version":[{"id":10130,"href":"https:\/\/www.notebook.hu\/blog\/wp-json\/wp\/v2\/posts\/6004\/revisions\/10130"}],"wp:featuredmedia":[{"embeddable":true,"href":"https:\/\/www.notebook.hu\/blog\/wp-json\/wp\/v2\/media\/6005"}],"wp:attachment":[{"href":"https:\/\/www.notebook.hu\/blog\/wp-json\/wp\/v2\/media?parent=6004"}],"wp:term":[{"taxonomy":"category","embeddable":true,"href":"https:\/\/www.notebook.hu\/blog\/wp-json\/wp\/v2\/categories?post=6004"},{"taxonomy":"post_tag","embeddable":true,"href":"https:\/\/www.notebook.hu\/blog\/wp-json\/wp\/v2\/tags?post=6004"}],"curies":[{"name":"wp","href":"https:\/\/api.w.org\/{rel}","templated":true}]}}