{"id":5334,"date":"2020-02-11T13:47:23","date_gmt":"2020-02-11T12:47:23","guid":{"rendered":"https:\/\/www.notebook.hu\/blog\/?p=5334"},"modified":"2020-02-11T13:47:25","modified_gmt":"2020-02-11T12:47:25","slug":"samsung-galaxy-a71-teszt-johet-a-porges","status":"publish","type":"post","link":"https:\/\/www.notebook.hu\/blog\/samsung-galaxy-a71-teszt-johet-a-porges\/","title":{"rendered":"SAMSUNG GALAXY A71 TESZT | J\u00f6het a p\u00f6rg\u00e9s?"},"content":{"rendered":"\n<figure class=\"wp-block-image is-resized\"><img loading=\"lazy\" decoding=\"async\" data-attachment-id=\"5336\" data-permalink=\"https:\/\/www.notebook.hu\/blog\/samsung-galaxy-a71-teszt-johet-a-porges\/20200207_galaxya71_blog_cover_01_v1\/\" data-orig-file=\"https:\/\/www.notebook.hu\/blog\/wp-content\/uploads\/2020\/02\/20200207_galaxya71_blog_cover_01_v1.png\" data-orig-size=\"768,402\" data-comments-opened=\"0\" data-image-meta=\"{&quot;aperture&quot;:&quot;0&quot;,&quot;credit&quot;:&quot;&quot;,&quot;camera&quot;:&quot;&quot;,&quot;caption&quot;:&quot;&quot;,&quot;created_timestamp&quot;:&quot;0&quot;,&quot;copyright&quot;:&quot;&quot;,&quot;focal_length&quot;:&quot;0&quot;,&quot;iso&quot;:&quot;0&quot;,&quot;shutter_speed&quot;:&quot;0&quot;,&quot;title&quot;:&quot;&quot;,&quot;orientation&quot;:&quot;0&quot;}\" data-image-title=\"20200207_galaxya71_blog_cover_01_v1\" data-image-description=\"\" data-image-caption=\"\" data-medium-file=\"https:\/\/www.notebook.hu\/blog\/wp-content\/uploads\/2020\/02\/20200207_galaxya71_blog_cover_01_v1-300x157.png\" data-large-file=\"https:\/\/www.notebook.hu\/blog\/wp-content\/uploads\/2020\/02\/20200207_galaxya71_blog_cover_01_v1.png\" src=\"https:\/\/www.notebook.hu\/blog\/wp-content\/uploads\/2020\/02\/20200207_galaxya71_blog_cover_01_v1.png\" alt=\"\" class=\"wp-image-5336\" width=\"384\" height=\"201\" srcset=\"https:\/\/www.notebook.hu\/blog\/wp-content\/uploads\/2020\/02\/20200207_galaxya71_blog_cover_01_v1.png 768w, https:\/\/www.notebook.hu\/blog\/wp-content\/uploads\/2020\/02\/20200207_galaxya71_blog_cover_01_v1-300x157.png 300w\" sizes=\"auto, (max-width: 384px) 100vw, 384px\" \/><\/figure>\n\n\n\n<p><strong>A SAMSUNG a Galaxy A sz\u00e9ri\u00e1s k\u00e9sz\u00fcl\u00e9keit egy\u00e9rtelm\u0171en a fiatalabb, p\u00f6rg\u0151s \u00e9letet \u00e9l\u0151k sz\u00e1m\u00e1ra k\u00e9sz\u00edtette. A f\u00f3kusz a kijelz\u0151, kamera \u00e9s \u00fczemid\u0151 h\u00e1rmas\u00e1n van, ami l\u00e1ssuk be a legfontosabb tulajdons\u00e1gok, amiket egy okostelefonnal szemben lefektethet\u00fcnk az elv\u00e1r\u00e1sok olt\u00e1r\u00e1n.<\/strong><\/p>\n\n\n\n<p><strong>A doboz tartalma<\/strong><\/p>\n\n\n\n<p>A dobozban a szok\u00e1sos SAMSUNG minimum pakkot kapjuk, egy 25W-os gyorst\u00f6lt\u0151t, mindk\u00e9t oldal\u00e1n Type-C v\u00e9g\u0171 t\u00f6lt\u0151\/adatk\u00e1belt, jack csatlakoz\u00f3s f\u00fclhallgat\u00f3t \u00e9s term\u00e9szetesen a SIM t\u0171 valamint a haszn\u00e1lati utas\u00edt\u00e1sok sem hi\u00e1nyozhatnak.<\/p>\n\n\n\n<figure class=\"wp-block-image is-resized\"><img loading=\"lazy\" decoding=\"async\" data-attachment-id=\"5339\" data-permalink=\"https:\/\/www.notebook.hu\/blog\/samsung-galaxy-a71-teszt-johet-a-porges\/screenshot_30\/\" data-orig-file=\"https:\/\/www.notebook.hu\/blog\/wp-content\/uploads\/2020\/02\/Screenshot_30.jpg\" data-orig-size=\"1234,600\" data-comments-opened=\"0\" data-image-meta=\"{&quot;aperture&quot;:&quot;0&quot;,&quot;credit&quot;:&quot;&quot;,&quot;camera&quot;:&quot;&quot;,&quot;caption&quot;:&quot;&quot;,&quot;created_timestamp&quot;:&quot;0&quot;,&quot;copyright&quot;:&quot;&quot;,&quot;focal_length&quot;:&quot;0&quot;,&quot;iso&quot;:&quot;0&quot;,&quot;shutter_speed&quot;:&quot;0&quot;,&quot;title&quot;:&quot;&quot;,&quot;orientation&quot;:&quot;0&quot;}\" data-image-title=\"Screenshot_30\" data-image-description=\"\" data-image-caption=\"\" data-medium-file=\"https:\/\/www.notebook.hu\/blog\/wp-content\/uploads\/2020\/02\/Screenshot_30-300x146.jpg\" data-large-file=\"https:\/\/www.notebook.hu\/blog\/wp-content\/uploads\/2020\/02\/Screenshot_30-1024x498.jpg\" src=\"https:\/\/i0.wp.com\/www.notebook.hu\/blog\/wp-content\/uploads\/2020\/02\/Screenshot_30.jpg?fit=618%2C301&amp;ssl=1\" alt=\"\" class=\"wp-image-5339\" width=\"464\" height=\"225\" srcset=\"https:\/\/www.notebook.hu\/blog\/wp-content\/uploads\/2020\/02\/Screenshot_30.jpg 1234w, https:\/\/www.notebook.hu\/blog\/wp-content\/uploads\/2020\/02\/Screenshot_30-300x146.jpg 300w, https:\/\/www.notebook.hu\/blog\/wp-content\/uploads\/2020\/02\/Screenshot_30-768x373.jpg 768w, https:\/\/www.notebook.hu\/blog\/wp-content\/uploads\/2020\/02\/Screenshot_30-1024x498.jpg 1024w\" sizes=\"auto, (max-width: 464px) 100vw, 464px\" \/><\/figure>\n\n\n\n<p><strong>K\u00fcls\u0151<\/strong><\/p>\n\n\n\n<p>Az els\u0151 szembet\u0171n\u0151 v\u00e1ltoz\u00e1s, hogy az A70 f\u00e9le notch helyett a szelfikamer\u00e1t a kijelz\u0151be v\u00e1gott k\u00f6r form\u00e1j\u00fa kiv\u00e1g\u00e1sba helyezt\u00e9k &#8211; mint a Note 10 eset\u00e9n -, ezt infinity-O kijelz\u0151nek nevezik az O alak\u00fa kameralyuk miatt. V\u00e9lem\u00e9nyem szerint sokkal eszt\u00e9tikusabb \u00e9s kev\u00e9sb\u00e9 zavar\u00f3 megold\u00e1s, mint a notch. A 6,7\u201d Super Amoled kijelz\u0151 1080&#215;2400 pixel felbont\u00e1ssal uralja a telefon 87,2%-\u00e1t a keskeny k\u00e1v\u00e1knak k\u00f6sz\u00f6nhet\u0151en. Ez ugyeb\u00e1r 20:9-es k\u00e9par\u00e1ny FullHD+ felbont\u00e1ssal. Szerencs\u00e9re a gy\u00f6ny\u00f6r\u0171 kijelz\u0151 v\u00e9delm\u00e9r\u0151l Gorilla Glass 3-al gondoskodtak, fel\u00fcl pedig a besz\u00e9dhangsz\u00f3r\u00f3t egy nagyon keskeny kis ny\u00edl\u00e1s m\u00f6g\u00f6tt rejtett\u00e9k el. Ujjlenyomatolvas\u00f3t az\u00e9rt nem lehet sehol sem l\u00e1tni, mert a kijelz\u0151 alatt b\u00fajik meg tov\u00e1bbra is, ami egy roppant men\u0151 \u00e9s sokkal biztons\u00e1gosabb megold\u00e1s, mint amit hagyom\u00e1nyos ujjlenyomatolvas\u00f3k ny\u00fajtanak.<\/p>\n\n\n\n<p>Az izgalmak viszont a telefon h\u00e1tulj\u00e1n folytat\u00f3dnak, mely \u00fcveghat\u00e1s\u00fa m\u0171anyaggal, de prizma szer\u0171 sz\u00ednorgi\u00e1val t\u00e1rul el\u00e9nk, aminek tal\u00e1l\u00f3an PRIZM a fant\u00e1zianeve \u00e9s v\u00e1laszthat\u00f3 fekete, sz\u00fcrke, k\u00e9k \u00e9s r\u00f3zsasz\u00edn verzi\u00f3ban is. A kameralyukak egy \u00e1ll\u00f3 t\u00e9glalap form\u00e1j\u00fa szigeten helyezkednek el L alakban \u00e9s egy LED villan\u00f3t is kapunk mell\u00e9j\u00fck.<br>A hanger\u0151 \u00e9s bekapcsol\u00f3 gombok a telefon jobb oldal\u00e1n helyezkednek el, a bal oldalon pedig a SIM t\u00e1lca tal\u00e1lhat\u00f3, melyre 2 nano SIM \u00e9s ak\u00e1r 1TB-os microSD mem\u00f3riak\u00e1rtya is elhelyezhet\u0151 egyid\u0151ben. A telefon alj\u00e1n a hangsz\u00f3r\u00f3, besz\u00e9d mikrofon, 3,5\u201d jack, valamint a Type-C csatlakoz\u00f3 kapott helyet. <\/p>\n\n\n\n<p>M\u00e9ret\u00e9t tekintve 163,6 x 76 x 7,7mm \u00e9s 179g-ot nyom a\nm\u00e9rlegen.<\/p>\n\n\n\n<figure class=\"wp-block-image\"><img loading=\"lazy\" decoding=\"async\" width=\"1265\" height=\"636\" data-attachment-id=\"5340\" data-permalink=\"https:\/\/www.notebook.hu\/blog\/samsung-galaxy-a71-teszt-johet-a-porges\/screenshot_1-3\/\" data-orig-file=\"https:\/\/www.notebook.hu\/blog\/wp-content\/uploads\/2020\/02\/Screenshot_1.jpg\" data-orig-size=\"1265,636\" data-comments-opened=\"0\" data-image-meta=\"{&quot;aperture&quot;:&quot;0&quot;,&quot;credit&quot;:&quot;&quot;,&quot;camera&quot;:&quot;&quot;,&quot;caption&quot;:&quot;&quot;,&quot;created_timestamp&quot;:&quot;0&quot;,&quot;copyright&quot;:&quot;&quot;,&quot;focal_length&quot;:&quot;0&quot;,&quot;iso&quot;:&quot;0&quot;,&quot;shutter_speed&quot;:&quot;0&quot;,&quot;title&quot;:&quot;&quot;,&quot;orientation&quot;:&quot;0&quot;}\" data-image-title=\"Screenshot_1\" data-image-description=\"\" data-image-caption=\"\" data-medium-file=\"https:\/\/www.notebook.hu\/blog\/wp-content\/uploads\/2020\/02\/Screenshot_1-300x151.jpg\" data-large-file=\"https:\/\/www.notebook.hu\/blog\/wp-content\/uploads\/2020\/02\/Screenshot_1-1024x515.jpg\" src=\"https:\/\/i1.wp.com\/www.notebook.hu\/blog\/wp-content\/uploads\/2020\/02\/Screenshot_1.jpg?fit=618%2C311&amp;ssl=1\" alt=\"\" class=\"wp-image-5340\" srcset=\"https:\/\/www.notebook.hu\/blog\/wp-content\/uploads\/2020\/02\/Screenshot_1.jpg 1265w, https:\/\/www.notebook.hu\/blog\/wp-content\/uploads\/2020\/02\/Screenshot_1-300x151.jpg 300w, https:\/\/www.notebook.hu\/blog\/wp-content\/uploads\/2020\/02\/Screenshot_1-768x386.jpg 768w, https:\/\/www.notebook.hu\/blog\/wp-content\/uploads\/2020\/02\/Screenshot_1-1024x515.jpg 1024w\" sizes=\"auto, (max-width: 1265px) 100vw, 1265px\" \/><\/figure>\n\n\n\n<p><strong>Kamerarendszer<\/strong><\/p>\n\n\n\n<p>\u00c9rezhet\u0151 fejl\u0151d\u00e9st tapasztalhatunk kamer\u00e1k ter\u00e9n az A70-hez k\u00e9pest, hiszen sz\u00e1muk \u00e9s min\u0151s\u00e9g\u00fck is n\u00f6veked\u00e9st mutat. A f\u0151kamera 64 MP, f\/1.8 rekesz\u00e9rt\u00e9kekkel b\u00edr, m\u00edg alatta tal\u00e1lhat\u00f3 egy 12 MP, f\/2.2 ultrasz\u00e9les vari\u00e1ns, majd a kistes\u00f3juk, egy 5 MP, f\/2.4 makr\u00f3kamera k\u00f6veti \u0151ket a sorban. A negyedik kamera a m\u00e9lys\u00e9g hat\u00e1s el\u00e9r\u00e9s\u00e9\u00e9rt felel\u0151s, szint\u00e9n 5 MP-es, de f\/2.2 rekesz\u00e9rt\u00e9k\u0171. Term\u00e9szetesen egy norm\u00e1l LED villant\u00f3 is helyet kapott mellett\u00fck. HDR k\u00e9pes kamer\u00e1kr\u00f3l van sz\u00f3, vide\u00f3 tekintet\u00e9ben pedig 4K 2160p@30fps, 1080p@30\/240fps felv\u00e9telek r\u00f6gz\u00edt\u00e9s\u00e9re van lehet\u0151s\u00e9g\u00fcnk.<\/p>\n\n\n\n<p>Az el\u0151lapi kamera 32 MP,\nf\/2.2, HDR \u00e9s 1080p@30fps vide\u00f3z\u00e1sra k\u00e9pes. T\u00f6k\u00e9letes szelfiket lehet vele l\u0151ni\n\u00e9s kiemelked\u0151en j\u00f3 vele vide\u00f3chatelni is.<\/p>\n\n\n\n<p class=\"has-background has-pale-cyan-blue-background-color\">A telefonr\u00f3l k\u00e9sz\u00fclt vide\u00f3ban l\u00e1thattok vide\u00f3kat \u00e9s fot\u00f3kat, amit a SAMSUNG GALAXY A71 okostelefonnal k\u00e9sz\u00fclt: <\/p>\n\n\n\n<figure class=\"wp-block-embed-youtube wp-block-embed is-type-video is-provider-youtube wp-embed-aspect-16-9 wp-has-aspect-ratio\"><div class=\"wp-block-embed__wrapper\">\n<iframe loading=\"lazy\" title=\"Samsung Galaxy A71 teszt | A t\u00f6k\u00e9letes\" width=\"618\" height=\"348\" src=\"https:\/\/www.youtube.com\/embed\/4xU7sgjirAk?feature=oembed\" frameborder=\"0\" allow=\"accelerometer; autoplay; clipboard-write; encrypted-media; gyroscope; picture-in-picture; web-share\" referrerpolicy=\"strict-origin-when-cross-origin\" allowfullscreen><\/iframe>\n<\/div><\/figure>\n\n\n\n<p><strong>Teljes\u00edtm\u00e9ny<\/strong><\/p>\n\n\n\n<p>Teljes\u00edtm\u00e9ny tekintet\u00e9ben nem kell a telefonnak sz\u00e9gyenkeznie, hiszen egy Snapdragon 730 dorombol benne az el\u0151dmodellben tal\u00e1lhat\u00f3 Snapdragon 675-h\u00f6z k\u00e9pest, valamint 6 GB RAM \u00e9s 128 GB UFS2.0 t\u00e1rhely b\u00fajt meg benne, mely ut\u00f3bbi ak\u00e1r 1TB-al n\u00f6velhet\u0151 microSD form\u00e1j\u00e1ban. Szerencs\u00e9re a t\u00e1rhelyb\u0151v\u00edt\u00e9s eset\u00e9n sem kell lemondanunk a DUAL SIM opci\u00f3r\u00f3l, hiszen nem foglalja el az egyik SIM hely\u00e9t, mint az sok esetben lenni szokott. A 6GB RAM b\u0151ven el\u00e9g ahhoz, hogy a futtatott alkalmaz\u00e1sok, j\u00e1t\u00e9kok a mem\u00f3ri\u00e1ban maradjanak \u00e9s ne kelljen \u00fajrat\u00f6lt\u0151dni\u00fck, \u00edgy val\u00f3ban egy vill\u00e1mgyors k\u00e9sz\u00fcl\u00e9ket kapunk. A GPU egy Andreo 618, aminek k\u00f6sz\u00f6nhet\u0151en b\u00e1rmilyen j\u00e1t\u00e9kkal v\u00edgan elj\u00e1tszadozhatunk. AnTuTu-ban a k\u00e9sz\u00fcl\u00e9k pedig 271421 pontot szerzett, ami bizony\u00edtja is a fenti \u00e1ll\u00edt\u00e1sokat.<\/p>\n\n\n\n<p>Na de az igaz\u00e1n men\u0151 a 4500 mAh kapacit\u00e1s\u00fa akkumul\u00e1tor, mellyel a legdurv\u00e1bb haszn\u00e1lat mellett is kib\u00edrja a telefonunk nap v\u00e9g\u00e9ig. Visszafogottabb haszn\u00e1lattal pedig ak\u00e1r k\u00e9t napot is \u00e1tv\u00e9szel\u00fcnk t\u00f6lt\u00e9s n\u00e9lk\u00fcl. A 25W teljes\u00edtm\u00e9ny\u0171 gyorst\u00f6lt\u0151vel 0-r\u00f3l 100%-ra 1 \u00f3ra 20 perc alatt pump\u00e1lhat\u00f3 a <a href=\"https:\/\/www.notebook.hu\/samsung-a51-a71\">SAMSUNG Galaxy A71<\/a> akkumul\u00e1tora. Sajnos vezet\u00e9k n\u00e9lk\u00fcli t\u00f6lt\u00e9st viszont nem t\u00e1mogat.<\/p>\n\n\n\n<p><strong>Szoftver<\/strong><\/p>\n\n\n\n<p>A k\u00e9sz\u00fcl\u00e9k Android 10-el \u00e9s a nagyon j\u00f3l \u00f6sszerakott ONE UI 2.0 kezel\u0151fel\u00fclettel van felv\u00e9rtezve, ami funkcionalit\u00e1s\u00e1ban az egyik legjobban \u00e1tgondolt fel\u00fclet a piacon. Sajnos a SAMSUNG Dex-et ez a k\u00e9sz\u00fcl\u00e9k sem kapta meg, hiszen az a Galaxy A sz\u00e9ri\u00e1ban csak az A90 kiv\u00e1lts\u00e1ga. Viszont megkapjuk a SAMSUNG Knox-ot, ami a telefonba \u00e9p\u00edtett v\u00e9delmi rendszer, mely v\u00e9di az adatainkat, a telefonunkat illet\u00e9ktelen behatol\u00e1sokt\u00f3l, rosszindulat\u00fa programokt\u00f3l \u00e9s hasonl\u00f3 fenyeget\u00e9sekt\u0151l.<\/p>\n\n\n\n<figure class=\"wp-block-image\"><img loading=\"lazy\" decoding=\"async\" width=\"1080\" height=\"1080\" data-attachment-id=\"5350\" data-permalink=\"https:\/\/www.notebook.hu\/blog\/samsung-galaxy-a71-teszt-johet-a-porges\/20200127_notebook_a71_cs6_v3\/\" data-orig-file=\"https:\/\/www.notebook.hu\/blog\/wp-content\/uploads\/2020\/02\/20200127_Notebook_A71_cs6_v3.png\" data-orig-size=\"1080,1080\" data-comments-opened=\"0\" data-image-meta=\"{&quot;aperture&quot;:&quot;0&quot;,&quot;credit&quot;:&quot;&quot;,&quot;camera&quot;:&quot;&quot;,&quot;caption&quot;:&quot;&quot;,&quot;created_timestamp&quot;:&quot;0&quot;,&quot;copyright&quot;:&quot;&quot;,&quot;focal_length&quot;:&quot;0&quot;,&quot;iso&quot;:&quot;0&quot;,&quot;shutter_speed&quot;:&quot;0&quot;,&quot;title&quot;:&quot;&quot;,&quot;orientation&quot;:&quot;0&quot;}\" data-image-title=\"20200127_Notebook_A71_cs6_v3\" data-image-description=\"\" data-image-caption=\"\" data-medium-file=\"https:\/\/www.notebook.hu\/blog\/wp-content\/uploads\/2020\/02\/20200127_Notebook_A71_cs6_v3-300x300.png\" data-large-file=\"https:\/\/www.notebook.hu\/blog\/wp-content\/uploads\/2020\/02\/20200127_Notebook_A71_cs6_v3-1024x1024.png\" src=\"https:\/\/i1.wp.com\/www.notebook.hu\/blog\/wp-content\/uploads\/2020\/02\/20200127_Notebook_A71_cs6_v3.png?fit=618%2C618&amp;ssl=1\" alt=\"\" class=\"wp-image-5350\" srcset=\"https:\/\/www.notebook.hu\/blog\/wp-content\/uploads\/2020\/02\/20200127_Notebook_A71_cs6_v3.png 1080w, https:\/\/www.notebook.hu\/blog\/wp-content\/uploads\/2020\/02\/20200127_Notebook_A71_cs6_v3-150x150.png 150w, https:\/\/www.notebook.hu\/blog\/wp-content\/uploads\/2020\/02\/20200127_Notebook_A71_cs6_v3-300x300.png 300w, https:\/\/www.notebook.hu\/blog\/wp-content\/uploads\/2020\/02\/20200127_Notebook_A71_cs6_v3-768x768.png 768w, https:\/\/www.notebook.hu\/blog\/wp-content\/uploads\/2020\/02\/20200127_Notebook_A71_cs6_v3-1024x1024.png 1024w\" sizes=\"auto, (max-width: 1080px) 100vw, 1080px\" \/><\/figure>\n\n\n\n<p><strong>Adatkapcsolat<\/strong><\/p>\n\n\n\n<p>Wifi ter\u00e9n 802.11 a\/b\/g\/n\/ac dual-band, amit egy ilyen telefont\u00f3l elv\u00e1rhatunk, m\u00edg Bluetoothb\u00f3l m\u00e1r az 5.0-t kapjuk, GPS-b\u0151l is megtal\u00e1lhat\u00f3 minden (A-GPS, GLONASS, GALILEO, BDS), hogy a lehet\u0151 legpontosabb legyen a helyzet\u00fcnk meghat\u00e1roz\u00e1sa. Ami viszont \u00fcd\u00edt\u0151 sz\u00ednfolt az az FM r\u00e1di\u00f3.<\/p>\n\n\n\n<p><strong>\u00d6sszegz\u00e9s<\/strong><\/p>\n\n\n\n<p>A <a href=\"https:\/\/www.notebook.hu\/samsung-a51-a71\">SAMSUNG Galaxy A71<\/a> sikeresen t\u00falsz\u00e1rnyalta az A70-et \u00e9s tud\u00e1s\u00e1hoz k\u00e9pest eg\u00e9szen bar\u00e1ti \u00e1rc\u00edmk\u00e9t kapott. Hozza a 2020-ban elv\u00e1rtakat, s b\u00e1r vezet\u00e9k n\u00e9lk\u00fcli t\u00f6lt\u00e9s nincs benne, cser\u00e9be kapunk jack csatlakoz\u00f3t, ami sokaknak fontos szempont, ha kedvenc vezet\u00e9kes f\u00fcles\u00fckkel szeretn\u00e9k haszn\u00e1lni a telefont. A kijelz\u0151 m\u00e9ret\u00e9nek k\u00f6sz\u00f6nhet\u0151en igazi tartalom- \u00e9s m\u00e9diafogyaszt\u00e1sra sz\u00e1nt darabr\u00f3l besz\u00e9lhet\u00fcnk, az er\u0151s hardver az \u00f6sszes j\u00e1t\u00e9kot k\u00e9pes kell\u0151 sebess\u00e9ggel futtatni, de filmn\u00e9z\u00e9sre, b\u00f6ng\u00e9sz\u00e9sre is kiv\u00e1l\u00f3an alkalmas. Nyugodt sz\u00edvvel aj\u00e1nlom b\u00e1rkinek, aki egy nagy kijelz\u0151s, j\u00f3 fot\u00f3s k\u00e9pess\u00e9gekkel \u00e9s hossz\u00fa \u00fczemid\u0151vel rendelkez\u0151 telefonra v\u00e1gyik \u00e9s ha m\u00e9g j\u00e1tszani is szeretn\u00e9nek, akkor nincs k\u00e9rd\u00e9s, az <a href=\"https:\/\/www.notebook.hu\/samsung-a51-a71\">A71<\/a> egy igaz\u00e1n j\u00f3 v\u00e1laszt\u00e1s lesz!<\/p>\n\n\n\n<p class=\"has-background has-pale-cyan-blue-background-color\"><strong><em><a href=\"https:\/\/www.notebook.hu\/samsung-a51-a71\">\u00c9rdekel a SAMSUNG Galaxy A71? Szerezd be a webshopunkb\u00f3l!<\/a><\/em><\/strong><\/p>\n","protected":false},"excerpt":{"rendered":"<p>A SAMSUNG a Galaxy A sz\u00e9ri\u00e1s k\u00e9sz\u00fcl\u00e9keit egy\u00e9rtelm\u0171en a fiatalabb, p\u00f6rg\u0151s \u00e9letet \u00e9l\u0151k sz\u00e1m\u00e1ra k\u00e9sz\u00edtette. A f\u00f3kusz a kijelz\u0151, kamera \u00e9s \u00fczemid\u0151 h\u00e1rmas\u00e1n van, ami l\u00e1ssuk be a legfontosabb tulajdons\u00e1gok, amiket egy okostelefonnal szemben lefektethet\u00fcnk az elv\u00e1r\u00e1sok olt\u00e1r\u00e1n. A doboz tartalma A dobozban a szok\u00e1sos SAMSUNG minimum pakkot kapjuk, egy 25W-os gyorst\u00f6lt\u0151t, mindk\u00e9t oldal\u00e1n Type-C &hellip;<\/p>\n","protected":false},"author":1,"featured_media":5336,"comment_status":"closed","ping_status":"open","sticky":false,"template":"","format":"standard","meta":{"_jetpack_memberships_contains_paid_content":false,"footnotes":""},"categories":[42,1,41,43],"tags":[947,948,909,191,47,55,946,237,923],"class_list":["post-5334","post","type-post","status-publish","format-standard","has-post-thumbnail","","category-cikkek","category-egyeb","category-hirek","category-tesztek","tag-a71","tag-galaxy-a71","tag-mobil","tag-mobiltelefon","tag-okostelefon-mobiltelefon","tag-samsung","tag-samsung-galaxy-a71","tag-teszt","tag-ujdonsag"],"jetpack_featured_media_url":"https:\/\/www.notebook.hu\/blog\/wp-content\/uploads\/2020\/02\/20200207_galaxya71_blog_cover_01_v1.png","jetpack_shortlink":"https:\/\/wp.me\/p9xSLL-1o2","jetpack_sharing_enabled":true,"_links":{"self":[{"href":"https:\/\/www.notebook.hu\/blog\/wp-json\/wp\/v2\/posts\/5334","targetHints":{"allow":["GET"]}}],"collection":[{"href":"https:\/\/www.notebook.hu\/blog\/wp-json\/wp\/v2\/posts"}],"about":[{"href":"https:\/\/www.notebook.hu\/blog\/wp-json\/wp\/v2\/types\/post"}],"author":[{"embeddable":true,"href":"https:\/\/www.notebook.hu\/blog\/wp-json\/wp\/v2\/users\/1"}],"replies":[{"embeddable":true,"href":"https:\/\/www.notebook.hu\/blog\/wp-json\/wp\/v2\/comments?post=5334"}],"version-history":[{"count":17,"href":"https:\/\/www.notebook.hu\/blog\/wp-json\/wp\/v2\/posts\/5334\/revisions"}],"predecessor-version":[{"id":5356,"href":"https:\/\/www.notebook.hu\/blog\/wp-json\/wp\/v2\/posts\/5334\/revisions\/5356"}],"wp:featuredmedia":[{"embeddable":true,"href":"https:\/\/www.notebook.hu\/blog\/wp-json\/wp\/v2\/media\/5336"}],"wp:attachment":[{"href":"https:\/\/www.notebook.hu\/blog\/wp-json\/wp\/v2\/media?parent=5334"}],"wp:term":[{"taxonomy":"category","embeddable":true,"href":"https:\/\/www.notebook.hu\/blog\/wp-json\/wp\/v2\/categories?post=5334"},{"taxonomy":"post_tag","embeddable":true,"href":"https:\/\/www.notebook.hu\/blog\/wp-json\/wp\/v2\/tags?post=5334"}],"curies":[{"name":"wp","href":"https:\/\/api.w.org\/{rel}","templated":true}]}}