{"id":5211,"date":"2019-12-09T10:00:21","date_gmt":"2019-12-09T09:00:21","guid":{"rendered":"https:\/\/www.notebook.hu\/blog\/?p=5211"},"modified":"2019-12-02T17:51:39","modified_gmt":"2019-12-02T16:51:39","slug":"sci-fi-a-gyogyitasban","status":"publish","type":"post","link":"https:\/\/www.notebook.hu\/blog\/sci-fi-a-gyogyitasban\/","title":{"rendered":"Sci-fi a gy\u00f3gy\u00edt\u00e1sban"},"content":{"rendered":"\n<figure class=\"wp-block-image is-resized\"><img loading=\"lazy\" decoding=\"async\" data-attachment-id=\"5215\" data-permalink=\"https:\/\/www.notebook.hu\/blog\/sci-fi-a-gyogyitasban\/realistic-syringe\/\" data-orig-file=\"https:\/\/www.notebook.hu\/blog\/wp-content\/uploads\/2019\/11\/107138838_l-b.jpg\" data-orig-size=\"800,600\" data-comments-opened=\"0\" data-image-meta=\"{&quot;aperture&quot;:&quot;0&quot;,&quot;credit&quot;:&quot;&quot;,&quot;camera&quot;:&quot;&quot;,&quot;caption&quot;:&quot;Concept of medical health care technology, graphic of realistic syringe with abstract vaccine inside. Concept in Low poly style. Vector illustration.&quot;,&quot;created_timestamp&quot;:&quot;0&quot;,&quot;copyright&quot;:&quot;&quot;,&quot;focal_length&quot;:&quot;0&quot;,&quot;iso&quot;:&quot;0&quot;,&quot;shutter_speed&quot;:&quot;0&quot;,&quot;title&quot;:&quot;Realistic syringe&quot;,&quot;orientation&quot;:&quot;1&quot;}\" data-image-title=\"Realistic syringe\" data-image-description=\"\" data-image-caption=\"&lt;p&gt;Concept of medical health care technology, graphic of realistic syringe with abstract vaccine inside. Concept in Low poly style. Vector illustration.&lt;\/p&gt;\n\" data-medium-file=\"https:\/\/www.notebook.hu\/blog\/wp-content\/uploads\/2019\/11\/107138838_l-b-300x225.jpg\" data-large-file=\"https:\/\/www.notebook.hu\/blog\/wp-content\/uploads\/2019\/11\/107138838_l-b.jpg\" src=\"https:\/\/www.notebook.hu\/blog\/wp-content\/uploads\/2019\/11\/107138838_l-b.jpg\" alt=\"\" class=\"wp-image-5215\" width=\"600\" height=\"450\" srcset=\"https:\/\/www.notebook.hu\/blog\/wp-content\/uploads\/2019\/11\/107138838_l-b.jpg 800w, https:\/\/www.notebook.hu\/blog\/wp-content\/uploads\/2019\/11\/107138838_l-b-300x225.jpg 300w, https:\/\/www.notebook.hu\/blog\/wp-content\/uploads\/2019\/11\/107138838_l-b-768x576.jpg 768w\" sizes=\"auto, (max-width: 600px) 100vw, 600px\" \/><\/figure>\n\n\n\n<p><strong>Mai, felgyorsult vil\u00e1gunkban nem csoda, ha az emberek nem szeretnek betegek lenni. Olykor a h\u00e1tunk k\u00f6zep\u00e9re sem k\u00edv\u00e1njuk azt, hogy az orvosi rendel\u0151ben versenyezz\u00fcnk az utols\u00f3 sorsz\u00e1m\u00e9rt, vagy hogy a diagn\u00f3zis ut\u00e1n t\u00f6bb hetes t\u00e1pp\u00e9nzre kelljen menn\u00fcnk. \u00c9ppen ez\u00e9rt megnyugtat\u00f3 a tudat, hogy a tudom\u00e1nynak k\u00f6sz\u00f6nhet\u0151en nap mint nap olyan orvosi felfedez\u00e9sek, \u00fajdons\u00e1gok bukkannak el\u0151 a f\u00e9lhom\u00e1lyb\u00f3l, amelyek az emberek mindennapjait fogj\u00e1k majd megk\u00f6nny\u00edteni a tal\u00e1n nem is olyan t\u00e1voli j\u00f6v\u0151ben. <\/strong><\/p>\n\n\n\n<p><strong>Antidepressz\u00e1ns helyett agystimul\u00e1ci\u00f3<\/strong><\/p>\n\n\n\n<p>Okt\u00f3ber v\u00e9g\u00e9n mindenki Angli\u00e1ra figyelt. A Harley\nStreet klinikusai (a Harley Street a legh\u00edresebb orvosi negyed az orsz\u00e1gban)\nugyanis bejelentett\u00e9k, hogy siker\u00fclt kifejleszteni\u00fck egy olyan agystimul\u00e1l\u00f3\ngy\u00f3gym\u00f3dot, amellyel j\u00f3csk\u00e1n cs\u00f6kkenthet\u0151ek a depresszi\u00f3 t\u00fcnetei. Mindezt term\u00e9szetesen\nantidepressz\u00e1nsok n\u00e9lk\u00fcl. Az eredetileg sv\u00e9d c\u00e9g (Flow Neuroscience) \u00e1ltal szabadalmaztatott\ntechnol\u00f3gi\u00e1nak k\u00f6sz\u00f6nhet\u0151n a p\u00e1ciens agy\u00e1t egy vezet\u00e9k n\u00e9lk\u00fcli fejhallgat\u00f3val tudj\u00e1k\nstimul\u00e1lni. Ezzel pr\u00f3b\u00e1lj\u00e1k meg term\u00e9szetesen serkenteni az agy bal oldali els\u0151\nlebeny\u00e9t, amely a depresszi\u00f3 k\u00fcl\u00f6nb\u00f6z\u0151 t\u00fcneteit enyh\u00edtheti. <\/p>\n\n\n\n<figure class=\"wp-block-image is-resized\"><img loading=\"lazy\" decoding=\"async\" data-attachment-id=\"5213\" data-permalink=\"https:\/\/www.notebook.hu\/blog\/sci-fi-a-gyogyitasban\/double-exposure-of-depressed-business-man-and-dry-ground-backgro\/\" data-orig-file=\"https:\/\/www.notebook.hu\/blog\/wp-content\/uploads\/2019\/11\/42852548_l-b.jpg\" data-orig-size=\"800,600\" data-comments-opened=\"0\" data-image-meta=\"{&quot;aperture&quot;:&quot;6.3&quot;,&quot;credit&quot;:&quot;WWW.SHOCK.CO.BA&quot;,&quot;camera&quot;:&quot;NIKON D3X&quot;,&quot;caption&quot;:&quot;double exposure of depressed business man and dry ground background&quot;,&quot;created_timestamp&quot;:&quot;1328203112&quot;,&quot;copyright&quot;:&quot;BENIS&quot;,&quot;focal_length&quot;:&quot;85&quot;,&quot;iso&quot;:&quot;50&quot;,&quot;shutter_speed&quot;:&quot;0.01&quot;,&quot;title&quot;:&quot;double exposure of depressed business man and dry ground backgro&quot;,&quot;orientation&quot;:&quot;1&quot;}\" data-image-title=\"double exposure of depressed business man and dry ground backgro\" data-image-description=\"\" data-image-caption=\"&lt;p&gt;double exposure of depressed business man and dry ground background&lt;\/p&gt;\n\" data-medium-file=\"https:\/\/www.notebook.hu\/blog\/wp-content\/uploads\/2019\/11\/42852548_l-b-300x225.jpg\" data-large-file=\"https:\/\/www.notebook.hu\/blog\/wp-content\/uploads\/2019\/11\/42852548_l-b.jpg\" src=\"https:\/\/www.notebook.hu\/blog\/wp-content\/uploads\/2019\/11\/42852548_l-b.jpg\" alt=\"\" class=\"wp-image-5213\" width=\"600\" height=\"450\" srcset=\"https:\/\/www.notebook.hu\/blog\/wp-content\/uploads\/2019\/11\/42852548_l-b.jpg 800w, https:\/\/www.notebook.hu\/blog\/wp-content\/uploads\/2019\/11\/42852548_l-b-300x225.jpg 300w, https:\/\/www.notebook.hu\/blog\/wp-content\/uploads\/2019\/11\/42852548_l-b-768x576.jpg 768w\" sizes=\"auto, (max-width: 600px) 100vw, 600px\" \/><\/figure>\n\n\n\n<p>Azonban itt fontos azt is figyelembe venni, hogy az elj\u00e1r\u00e1s nem felt\u00e9tlen\u00fcl fog mindenkin\u00e9l m\u0171k\u00f6dni, viszont az eddigi eredm\u00e9nyek alapj\u00e1n a p\u00e1ciensekn\u00e9l igen magas sz\u00e1zal\u00e9kban m\u00e1r az els\u0151 h\u00f3napban cs\u00f6kkentek a depresszi\u00f3 t\u00fcnetei. S\u0151t voltak olyanok is, akik m\u00e1r az els\u0151 nap ut\u00e1n kezdt\u00e9k \u00e9rezni a kezel\u00e9s hat\u00e1s\u00e1t. A kezel\u00e9shez egy mobil applik\u00e1ci\u00f3 is tartozik, amelyen az alanyok k\u00fcl\u00f6nb\u00f6z\u0151 javaslatokat olvashatnak az alv\u00e1si praktik\u00e1kt\u00f3l kezdve eg\u00e9szen a medit\u00e1ci\u00f3ig, illetve a testmozg\u00e1sig. Ez pedig a m\u00e1r alap kezel\u00e9st meger\u0151s\u00edtve m\u00e9g gyorsabban veszi fel a harcot a depresszi\u00f3val.<\/p>\n\n\n\n<p>\u201eA kezel\u00e9s ideje alatt az els\u0151 sz\u00e1m\u00fa szempont mindig az, hogy a beteg biztons\u00e1gban legyen \u00e9s a lehet\u0151 leghasznosabb ter\u00e1pi\u00e1t kapja\u201d &#8211; nyilatkozta Daniel Mansson, klinikai pszichol\u00f3gus, illetve a <a href=\"https:\/\/flowneuroscience.com\/\">Flow Neuroscience<\/a> egyik alap\u00edt\u00f3ja. \u201eAzt pedig, hogy a beteg\u00fcnk sz\u00e1m\u00e1ra mi a legjobb \u00e9s legbiztons\u00e1gosabb gy\u00f3gym\u00f3d, nem a gy\u00e1rt\u00f3 fogja eld\u00f6nteni, hanem egy olyan szervezet, aki f\u00fcggetlen\u00fcl mindk\u00e9t oldalt\u00f3l objekt\u00edven l\u00e1tja a probl\u00e9m\u00e1t\u201d. <\/p>\n\n\n\n<figure class=\"wp-block-image\"><img loading=\"lazy\" decoding=\"async\" width=\"800\" height=\"600\" data-attachment-id=\"5212\" data-permalink=\"https:\/\/www.notebook.hu\/blog\/sci-fi-a-gyogyitasban\/kutat-b\/\" data-orig-file=\"https:\/\/www.notebook.hu\/blog\/wp-content\/uploads\/2019\/11\/kutat-b.jpg\" data-orig-size=\"800,600\" data-comments-opened=\"0\" data-image-meta=\"{&quot;aperture&quot;:&quot;0&quot;,&quot;credit&quot;:&quot;&quot;,&quot;camera&quot;:&quot;&quot;,&quot;caption&quot;:&quot;&quot;,&quot;created_timestamp&quot;:&quot;0&quot;,&quot;copyright&quot;:&quot;&quot;,&quot;focal_length&quot;:&quot;0&quot;,&quot;iso&quot;:&quot;0&quot;,&quot;shutter_speed&quot;:&quot;0&quot;,&quot;title&quot;:&quot;&quot;,&quot;orientation&quot;:&quot;1&quot;}\" data-image-title=\"kutat-b\" data-image-description=\"\" data-image-caption=\"\" data-medium-file=\"https:\/\/www.notebook.hu\/blog\/wp-content\/uploads\/2019\/11\/kutat-b-300x225.jpg\" data-large-file=\"https:\/\/www.notebook.hu\/blog\/wp-content\/uploads\/2019\/11\/kutat-b.jpg\" src=\"https:\/\/www.notebook.hu\/blog\/wp-content\/uploads\/2019\/11\/kutat-b.jpg\" alt=\"\" class=\"wp-image-5212\" srcset=\"https:\/\/www.notebook.hu\/blog\/wp-content\/uploads\/2019\/11\/kutat-b.jpg 800w, https:\/\/www.notebook.hu\/blog\/wp-content\/uploads\/2019\/11\/kutat-b-300x225.jpg 300w, https:\/\/www.notebook.hu\/blog\/wp-content\/uploads\/2019\/11\/kutat-b-768x576.jpg 768w\" sizes=\"auto, (max-width: 800px) 100vw, 800px\" \/><\/figure>\n\n\n\n<p><strong>Befecskendezhet\u0151 elektr\u00f3d\u00e1k a kr\u00f3nikus f\u00e1jdalom ellen<\/strong><\/p>\n\n\n\n<p>November k\u00f6zep\u00e9n egy \u00fajabb technol\u00f3giai brav\u00fart jelentettek be az orvosi lapok. Amerik\u00e1ban ugyanis egy olyan kezel\u00e9ssorozatot ind\u00edthatnak be hamarosan, ami mindenf\u00e9le gy\u00f3gyszert\u0151l mentes, m\u00e9gis a kr\u00f3nikus f\u00e1jdalom, s\u0151t az epilepszi\u00e1s epiz\u00f3dok nagy ellens\u00e9ge lehet.<\/p>\n\n\n\n<p>A kezel\u00e9s koncepci\u00f3ja a m\u00e1r el\u0151bb is bemutatott agyi stimul\u00e1ci\u00f3n alapszik, csak ebben az esetben nem felt\u00e9tlen\u00fcl az agyra koncentr\u00e1l\u00f3dik. L\u00e9nyege, hogy az idegek aktivit\u00e1s\u00e1t elektronikus stimul\u00e1ci\u00f3val pr\u00f3b\u00e1lj\u00e1k megv\u00e1ltoztatni. Viszont ebben a megvil\u00e1g\u00edt\u00e1sban nem egy be\u00e9p\u00edtett szerkezetre, de nem is egy fejhallgat\u00f3ra kell gondolni, hanem egy befecskendezhet\u0151 v\u00e1ltozatra, aminek seg\u00edts\u00e9g\u00e9vel k\u00f6nnyebben \u00e9s olcs\u00f3bban tudj\u00e1k az elektr\u00f3d\u00e1kat bejuttatni a p\u00e1ciens test\u00e9be. A befecskendez\u00e9st k\u00f6vet\u0151en az anyag a testen bel\u00fcl kezd el dolgozni, \u00e9s pr\u00f3b\u00e1lja meggy\u00f3gy\u00edtani az adott beteg ter\u00fcletet. A kutat\u00f3k a befecskendez\u00e9sr\u0151l csup\u00e1n annyit \u00e1rultak el, hogy nem felt\u00e9tlen\u00fcl altat\u00e1s alatt fog t\u00f6rt\u00e9nni a m\u0171velet. \u0150k ink\u00e1bb a helyi \u00e9rz\u00e9stelen\u00edt\u00e9st prefer\u00e1ln\u00e1k, ami egyet jelent azzal, hogy nem egy nagy illetve megterhel\u0151 m\u0171t\u00e9tr\u0151l besz\u00e9l\u00fcnk. A beavatkoz\u00e1st k\u00f6vet\u0151en egy h\u00e9ten bel\u00fcl a folyad\u00e9k, amelyet a p\u00e1ciens test\u00e9be lok\u00e1lisan fecskendeznek, megszil\u00e1rdul az adott, probl\u00e9m\u00e1s ter\u00fcleten, majd egy m\u00e1sodik k\u00f6r alatt k\u00fcl\u00f6nb\u00f6z\u0151 technik\u00e1kkal ezt az \u00fajonnan megszil\u00e1rdult r\u00e9teget stimul\u00e1ln\u00e1k, hogy el\u00e9rj\u00e9k a megfelel\u0151 elektronikus jelet, ezzel is beind\u00edtva a gy\u00f3gyul\u00e1s folyamat\u00e1t. <\/p>\n\n\n\n<figure class=\"wp-block-image\"><img loading=\"lazy\" decoding=\"async\" width=\"800\" height=\"600\" data-attachment-id=\"5214\" data-permalink=\"https:\/\/www.notebook.hu\/blog\/sci-fi-a-gyogyitasban\/injectablefl-768x768\/\" data-orig-file=\"https:\/\/www.notebook.hu\/blog\/wp-content\/uploads\/2019\/11\/injectablefl-768x768.jpg\" data-orig-size=\"800,600\" data-comments-opened=\"0\" data-image-meta=\"{&quot;aperture&quot;:&quot;0&quot;,&quot;credit&quot;:&quot;&quot;,&quot;camera&quot;:&quot;&quot;,&quot;caption&quot;:&quot;&quot;,&quot;created_timestamp&quot;:&quot;0&quot;,&quot;copyright&quot;:&quot;&quot;,&quot;focal_length&quot;:&quot;0&quot;,&quot;iso&quot;:&quot;0&quot;,&quot;shutter_speed&quot;:&quot;0&quot;,&quot;title&quot;:&quot;&quot;,&quot;orientation&quot;:&quot;1&quot;}\" data-image-title=\"injectablefl-768&#215;768\" data-image-description=\"\" data-image-caption=\"\" data-medium-file=\"https:\/\/www.notebook.hu\/blog\/wp-content\/uploads\/2019\/11\/injectablefl-768x768-300x225.jpg\" data-large-file=\"https:\/\/www.notebook.hu\/blog\/wp-content\/uploads\/2019\/11\/injectablefl-768x768.jpg\" src=\"https:\/\/www.notebook.hu\/blog\/wp-content\/uploads\/2019\/11\/injectablefl-768x768.jpg\" alt=\"\" class=\"wp-image-5214\" srcset=\"https:\/\/www.notebook.hu\/blog\/wp-content\/uploads\/2019\/11\/injectablefl-768x768.jpg 800w, https:\/\/www.notebook.hu\/blog\/wp-content\/uploads\/2019\/11\/injectablefl-768x768-300x225.jpg 300w, https:\/\/www.notebook.hu\/blog\/wp-content\/uploads\/2019\/11\/injectablefl-768x768-768x576.jpg 768w\" sizes=\"auto, (max-width: 800px) 100vw, 800px\" \/><\/figure>\n\n\n\n<p>B\u00e1r a m\u00e1sodik m\u00e9g nem el\u00e9rhet\u0151 lehet\u0151s\u00e9g, rem\u00e9lj\u00fck mihamarabb gy\u00f3gyul\u00e1st jelenthet az ilyen jelleg\u0171 probl\u00e9m\u00e1kkal k\u00fczd\u0151knek. Viszont, ha a t\u00e9li id\u0151szakban hajlamos vagy a depresszi\u00f3s t\u00fcnetekre, akkor a fejhallgat\u00f3s ketyer\u00e9re ezen a <a href=\"https:\/\/flowneuroscience.com\/home\/shop\/\">linken<\/a> tehetsz szert. <\/p>\n","protected":false},"excerpt":{"rendered":"<p>Mai, felgyorsult vil\u00e1gunkban nem csoda, ha az emberek nem szeretnek betegek lenni. Olykor a h\u00e1tunk k\u00f6zep\u00e9re sem k\u00edv\u00e1njuk azt, hogy az orvosi rendel\u0151ben versenyezz\u00fcnk az utols\u00f3 sorsz\u00e1m\u00e9rt, vagy hogy a diagn\u00f3zis ut\u00e1n t\u00f6bb hetes t\u00e1pp\u00e9nzre kelljen menn\u00fcnk. \u00c9ppen ez\u00e9rt megnyugtat\u00f3 a tudat, hogy a tudom\u00e1nynak k\u00f6sz\u00f6nhet\u0151en nap mint nap olyan orvosi felfedez\u00e9sek, \u00fajdons\u00e1gok bukkannak el\u0151 &hellip;<\/p>\n","protected":false},"author":1,"featured_media":5215,"comment_status":"closed","ping_status":"open","sticky":false,"template":"","format":"standard","meta":{"_jetpack_memberships_contains_paid_content":false,"footnotes":""},"categories":[42,1,211],"tags":[917,915,916,914],"class_list":["post-5211","post","type-post","status-publish","format-standard","has-post-thumbnail","","category-cikkek","category-egyeb","category-tudomany","tag-depresszio","tag-gyogyitas","tag-orvostudomany","tag-sci-fi"],"jetpack_featured_media_url":"https:\/\/www.notebook.hu\/blog\/wp-content\/uploads\/2019\/11\/107138838_l-b.jpg","jetpack_shortlink":"https:\/\/wp.me\/p9xSLL-1m3","jetpack_sharing_enabled":true,"_links":{"self":[{"href":"https:\/\/www.notebook.hu\/blog\/wp-json\/wp\/v2\/posts\/5211","targetHints":{"allow":["GET"]}}],"collection":[{"href":"https:\/\/www.notebook.hu\/blog\/wp-json\/wp\/v2\/posts"}],"about":[{"href":"https:\/\/www.notebook.hu\/blog\/wp-json\/wp\/v2\/types\/post"}],"author":[{"embeddable":true,"href":"https:\/\/www.notebook.hu\/blog\/wp-json\/wp\/v2\/users\/1"}],"replies":[{"embeddable":true,"href":"https:\/\/www.notebook.hu\/blog\/wp-json\/wp\/v2\/comments?post=5211"}],"version-history":[{"count":5,"href":"https:\/\/www.notebook.hu\/blog\/wp-json\/wp\/v2\/posts\/5211\/revisions"}],"predecessor-version":[{"id":5226,"href":"https:\/\/www.notebook.hu\/blog\/wp-json\/wp\/v2\/posts\/5211\/revisions\/5226"}],"wp:featuredmedia":[{"embeddable":true,"href":"https:\/\/www.notebook.hu\/blog\/wp-json\/wp\/v2\/media\/5215"}],"wp:attachment":[{"href":"https:\/\/www.notebook.hu\/blog\/wp-json\/wp\/v2\/media?parent=5211"}],"wp:term":[{"taxonomy":"category","embeddable":true,"href":"https:\/\/www.notebook.hu\/blog\/wp-json\/wp\/v2\/categories?post=5211"},{"taxonomy":"post_tag","embeddable":true,"href":"https:\/\/www.notebook.hu\/blog\/wp-json\/wp\/v2\/tags?post=5211"}],"curies":[{"name":"wp","href":"https:\/\/api.w.org\/{rel}","templated":true}]}}