{"id":5177,"date":"2019-11-18T08:48:22","date_gmt":"2019-11-18T07:48:22","guid":{"rendered":"https:\/\/www.notebook.hu\/blog\/?p=5177"},"modified":"2019-11-18T14:33:35","modified_gmt":"2019-11-18T13:33:35","slug":"black-friday","status":"publish","type":"post","link":"https:\/\/www.notebook.hu\/blog\/black-friday\/","title":{"rendered":"Black Friday \u2013 AKCI\u00d3RA felk\u00e9sz\u00fclni!"},"content":{"rendered":"\n<figure class=\"wp-block-image is-resized\"><img loading=\"lazy\" decoding=\"async\" data-attachment-id=\"5191\" data-permalink=\"https:\/\/www.notebook.hu\/blog\/black-friday\/20191115_poszt_800x600_notebook800x600\/\" data-orig-file=\"https:\/\/www.notebook.hu\/blog\/wp-content\/uploads\/2019\/11\/20191115_poszt_800x600_Notebook800x600.png\" data-orig-size=\"800,600\" data-comments-opened=\"0\" data-image-meta=\"{&quot;aperture&quot;:&quot;0&quot;,&quot;credit&quot;:&quot;&quot;,&quot;camera&quot;:&quot;&quot;,&quot;caption&quot;:&quot;&quot;,&quot;created_timestamp&quot;:&quot;0&quot;,&quot;copyright&quot;:&quot;&quot;,&quot;focal_length&quot;:&quot;0&quot;,&quot;iso&quot;:&quot;0&quot;,&quot;shutter_speed&quot;:&quot;0&quot;,&quot;title&quot;:&quot;&quot;,&quot;orientation&quot;:&quot;0&quot;}\" data-image-title=\"20191115_poszt_800x600_Notebook800x600\" data-image-description=\"\" data-image-caption=\"\" data-medium-file=\"https:\/\/www.notebook.hu\/blog\/wp-content\/uploads\/2019\/11\/20191115_poszt_800x600_Notebook800x600-300x225.png\" data-large-file=\"https:\/\/www.notebook.hu\/blog\/wp-content\/uploads\/2019\/11\/20191115_poszt_800x600_Notebook800x600.png\" src=\"https:\/\/www.notebook.hu\/blog\/wp-content\/uploads\/2019\/11\/20191115_poszt_800x600_Notebook800x600.png\" alt=\"\" class=\"wp-image-5191\" width=\"400\" height=\"300\" srcset=\"https:\/\/www.notebook.hu\/blog\/wp-content\/uploads\/2019\/11\/20191115_poszt_800x600_Notebook800x600.png 800w, https:\/\/www.notebook.hu\/blog\/wp-content\/uploads\/2019\/11\/20191115_poszt_800x600_Notebook800x600-300x225.png 300w, https:\/\/www.notebook.hu\/blog\/wp-content\/uploads\/2019\/11\/20191115_poszt_800x600_Notebook800x600-768x576.png 768w\" sizes=\"auto, (max-width: 400px) 100vw, 400px\" \/><\/figure>\n\n\n\n<p><strong>2019.<\/strong> <strong>november 22-e k\u00e9ts\u00e9gk\u00edv\u00fcl az \u00e9vnek az a napja, amikor a legdurv\u00e1bb akci\u00f3kkal v\u00e1runk, r\u00e1ad\u00e1sul most m\u00e9g OTP \u00e1ruhitelre is v\u00e1s\u00e1rolhattok. Vannak kiemelt term\u00e9kek, amiket ilyenkor elk\u00e9peszt\u0151 kedvezm\u00e9nnyel szerezhettek meg, ebben a kateg\u00f3ri\u00e1ban id\u00e9n biztosan lesz egy konzol, gamer \u00e9s irodai notebook \u00e9s okostelefon is. De a Black Friday nem egy sima v\u00e1s\u00e1rl\u00e1s. A brut\u00e1lis kedvezm\u00e9nyek bezsebel\u00e9se nem olyan egyszer\u0171. Ezt m\u00e1r nagyon sokan tapasztalt\u00e1k, akik lecs\u00fasztak az elm\u00falt \u00e9vekben r\u00f3la. De mi a TITOK? Hogyan kell megszerezni a legjobban le\u00e9rt\u00e9kelt cuccokat? Most megs\u00fagjuk Nektek!<\/strong><\/p>\n\n\n\n<p>N\u00e9zd meg az oldalunkat minden nap, mert november 22-ig folyamatosan ker\u00fclnek ki a bomba aj\u00e1nlataink! <a href=\"https:\/\/www.notebook.hu\/black-friday\">Itt van egyb\u0151l a mai!<\/a> <\/p>\n\n\n\n<p> <strong>Mi is az a Black Friday? <\/strong><br> <br> A \u201efekete p\u00e9ntek\u201d fogalma Amerik\u00e1b\u00f3l ered, a tengerent\u00falon ez a h\u00e1laad\u00e1st k\u00f6vet\u0151 p\u00e9ntek elnevez\u00e9se, \u00e9s egyben a hagyom\u00e1nyos&nbsp;<a href=\"https:\/\/hu.wikipedia.org\/wiki\/Kar%C3%A1csony\">kar\u00e1csonyi<\/a>&nbsp;bev\u00e1s\u00e1rl\u00e1si szezon kezdete. A kifejez\u00e9s 1960-as \u00e9vekben jelent meg el\u0151sz\u00f6r \u00e9s a s\u0171r\u0171 forgalomra utal, m\u00e1ra pedig a vil\u00e1g sz\u00e1mos orsz\u00e1g\u00e1ban haszn\u00e1lj\u00e1k m\u00e1r. Hogy l\u00e1sd, Amerik\u00e1ban mennyire k\u00e9sz\u00fclnek a fekete p\u00e9ntekre: sokan szabads\u00e1got vesznek ki erre a napra munkahely\u00fck\u00f6n, a keresked\u0151k pedig kor\u00e1bban nyitnak \u2013 vannak olyan \u00e1ruh\u00e1zl\u00e1ncok, amelyek ilyenkor 0-24 \u00f3r\u00e1ban nyitva tartanak. Ilyenkor lehet olyan vide\u00f3kat is l\u00e1tni, hogy az elk\u00e9peszt\u0151 t\u00f6meg nyit\u00e1skor letarolja a boltot. <\/p>\n\n\n\n<figure class=\"wp-block-image\"><img loading=\"lazy\" decoding=\"async\" width=\"800\" height=\"600\" data-attachment-id=\"5180\" data-permalink=\"https:\/\/www.notebook.hu\/blog\/black-friday\/online-shopping-concept-shopping-cart-mobile-and-gift-box-with\/\" data-orig-file=\"https:\/\/www.notebook.hu\/blog\/wp-content\/uploads\/2019\/11\/88971797_l-k.jpg\" data-orig-size=\"800,600\" data-comments-opened=\"0\" data-image-meta=\"{&quot;aperture&quot;:&quot;3&quot;,&quot;credit&quot;:&quot;Siam Pukkato&quot;,&quot;camera&quot;:&quot;NIKON D810&quot;,&quot;caption&quot;:&quot;Online shopping concept. Shopping cart, mobile and gift box with Black Friday sale card on red background.&quot;,&quot;created_timestamp&quot;:&quot;1509200643&quot;,&quot;copyright&quot;:&quot;Siam Pukkato&quot;,&quot;focal_length&quot;:&quot;105&quot;,&quot;iso&quot;:&quot;200&quot;,&quot;shutter_speed&quot;:&quot;0.00125&quot;,&quot;title&quot;:&quot;Online shopping concept. Shopping cart, mobile and gift box with&quot;,&quot;orientation&quot;:&quot;1&quot;}\" data-image-title=\"Online shopping concept. Shopping cart, mobile and gift box with\" data-image-description=\"\" data-image-caption=\"&lt;p&gt;Online shopping concept. Shopping cart, mobile and gift box with Black Friday sale card on red background.&lt;\/p&gt;\n\" data-medium-file=\"https:\/\/www.notebook.hu\/blog\/wp-content\/uploads\/2019\/11\/88971797_l-k-300x225.jpg\" data-large-file=\"https:\/\/www.notebook.hu\/blog\/wp-content\/uploads\/2019\/11\/88971797_l-k.jpg\" src=\"https:\/\/www.notebook.hu\/blog\/wp-content\/uploads\/2019\/11\/88971797_l-k.jpg\" alt=\"\" class=\"wp-image-5180\" srcset=\"https:\/\/www.notebook.hu\/blog\/wp-content\/uploads\/2019\/11\/88971797_l-k.jpg 800w, https:\/\/www.notebook.hu\/blog\/wp-content\/uploads\/2019\/11\/88971797_l-k-300x225.jpg 300w, https:\/\/www.notebook.hu\/blog\/wp-content\/uploads\/2019\/11\/88971797_l-k-768x576.jpg 768w\" sizes=\"auto, (max-width: 800px) 100vw, 800px\" \/><\/figure>\n\n\n\n<p><strong>Hogyan szerezz\u00e9tek meg a legjobb term\u00e9keket? <\/strong><\/p>\n\n\n\n<p>Tudnotok kell, hogy a nagyon le\u00e1razott term\u00e9kek mennyis\u00e9ge v\u00e9ges. Szinte mindegy, hogy 50, 200 vagy 600 darab van bel\u0151le, ha az akci\u00f3 elindul\u00e1s\u00e1nak pillanat\u00e1ban t\u00f6bb ezer ember akarja egyszerre megv\u00e1s\u00e1rolni. Ebben a szitu\u00e1ci\u00f3ban hogyan tudod el\u00e9rni, hogy te legy\u00e9l az egyik szerencs\u00e9s, akinek m\u00e9gis siker\u00fcl? Pontokba szedve mutatjuk a tutit:<\/p>\n\n\n\n<ul class=\"wp-block-list\"><li>\u00c9rkezz v\u00e9giggondolt, v\u00e9gleges v\u00e1s\u00e1rl\u00e1si sz\u00e1nd\u00e9kkal. <br>Ha valami nagyobb dolgot szeretn\u00e9l extra j\u00f3 \u00e1ron megcs\u00edpni, akkor sajnos nem lesz id\u0151d az akci\u00f3 megjelen\u00e9sekor azon gondolkodnod, hogy neked egy sima, office notebookra vagy egy komoly grafikai kapacit\u00e1s\u00fa gamer laptopra van-e sz\u00fcks\u00e9ged. \u00c9rdemes legal\u00e1bb a f\u0151bb param\u00e9tereket m\u00e1r letiszt\u00e1znod magadban a v\u00e1s\u00e1rl\u00e1s el\u0151tt.<br> <\/li><li>Ehhez j\u00f6n j\u00f3l, ha el\u0151tte alaposan v\u00e9gign\u00e9zed a <a href=\"https:\/\/www.notebook.hu\/\">webshopot<\/a>, vagy sz\u00e9tn\u00e9zel valamelyik <a href=\"https:\/\/www.notebook.hu\/szakuzleteink\">\u00fczlet\u00fcnkben<\/a>. \u00cdgy p\u00e9ld\u00e1ul, ha <a href=\"https:\/\/www.notebook.hu\/okostelefon\">mobiltelefont<\/a> szeretn\u00e9l v\u00e1s\u00e1rolni a Black Fridayen, akkor m\u00e1r pontosan tudni fogod, hogy milyen m\u00e1rk\u00e1k \u00e9s modellek \u00e9rdekelnek. <br> <\/li><li>\u00c9rdemes feliratkozni a <a href=\"https:\/\/www.notebook.hu\/#hirlevel\">h\u00edrlevel\u00fcnkre<\/a>, hiszen e-mailben \u00e9rtes\u00edt\u00fcnk mindenkit az akci\u00f3 pontos kezd\u00e9s\u00e9r\u0151l. Vagyis akik tudj\u00e1k, mikor startol a Black Friday, azok sokkal nagyobb es\u00e9llyel szerzik meg a kiemelten akci\u00f3s cuccokat. <br> <\/li><li>Regisztr\u00e1lj el\u0151re! Mivel a webshop nem foglalja a kos\u00e1rban l\u00e9v\u0151 term\u00e9ket, \u00edgy csak az lesz biztosan a Tied, aminek a v\u00e1s\u00e1rl\u00e1si folyamat\u00e1t befejezted. Ez sokkal egyszer\u0171bb, ha el\u0151re regisztr\u00e1lsz, \u00e9s m\u00e1r ezzel sem kell id\u0151t pazarolnod. R\u00e1ad\u00e1sul \u00edgy k\u00edv\u00e1ns\u00e1glist\u00e1t is gy\u0171jthetsz.<br> <\/li><li>Csak megb\u00edzhat\u00f3 helyr\u0151l v\u00e1s\u00e1rolj! Sokan hirdetnek hihetetlennek t\u0171n\u0151 kedvezm\u00e9nyeket, amik ut\u00e1n j\u00f6het a csal\u00f3d\u00e1s. A notebook.hu-n\u00e1l biztos lehetsz abban, hogy v\u00e1s\u00e1rl\u00e1sodhoz val\u00f3di magyarorsz\u00e1gi garancia \u00e9s megb\u00edzhat\u00f3 szolg\u00e1ltat\u00e1sok tartoznak. <\/li><\/ul>\n\n\n\n<figure class=\"wp-block-image\"><img loading=\"lazy\" decoding=\"async\" width=\"800\" height=\"600\" data-attachment-id=\"5198\" data-permalink=\"https:\/\/www.notebook.hu\/blog\/black-friday\/20191115_bf_kiemelt_termekek_osszes_01_v1-800x600_v1\/\" data-orig-file=\"https:\/\/www.notebook.hu\/blog\/wp-content\/uploads\/2019\/11\/20191115_BF_kiemelt_termekek_osszes_01_v1-800x600_v1.png\" data-orig-size=\"800,600\" data-comments-opened=\"0\" data-image-meta=\"{&quot;aperture&quot;:&quot;0&quot;,&quot;credit&quot;:&quot;&quot;,&quot;camera&quot;:&quot;&quot;,&quot;caption&quot;:&quot;&quot;,&quot;created_timestamp&quot;:&quot;0&quot;,&quot;copyright&quot;:&quot;&quot;,&quot;focal_length&quot;:&quot;0&quot;,&quot;iso&quot;:&quot;0&quot;,&quot;shutter_speed&quot;:&quot;0&quot;,&quot;title&quot;:&quot;&quot;,&quot;orientation&quot;:&quot;0&quot;}\" data-image-title=\"20191115_BF_kiemelt_termekek_osszes_01_v1-800x600_v1\" data-image-description=\"\" data-image-caption=\"\" data-medium-file=\"https:\/\/www.notebook.hu\/blog\/wp-content\/uploads\/2019\/11\/20191115_BF_kiemelt_termekek_osszes_01_v1-800x600_v1-300x225.png\" data-large-file=\"https:\/\/www.notebook.hu\/blog\/wp-content\/uploads\/2019\/11\/20191115_BF_kiemelt_termekek_osszes_01_v1-800x600_v1.png\" src=\"https:\/\/www.notebook.hu\/blog\/wp-content\/uploads\/2019\/11\/20191115_BF_kiemelt_termekek_osszes_01_v1-800x600_v1.png\" alt=\"\" class=\"wp-image-5198\" srcset=\"https:\/\/www.notebook.hu\/blog\/wp-content\/uploads\/2019\/11\/20191115_BF_kiemelt_termekek_osszes_01_v1-800x600_v1.png 800w, https:\/\/www.notebook.hu\/blog\/wp-content\/uploads\/2019\/11\/20191115_BF_kiemelt_termekek_osszes_01_v1-800x600_v1-300x225.png 300w, https:\/\/www.notebook.hu\/blog\/wp-content\/uploads\/2019\/11\/20191115_BF_kiemelt_termekek_osszes_01_v1-800x600_v1-768x576.png 768w\" sizes=\"auto, (max-width: 800px) 100vw, 800px\" \/><\/figure>\n\n\n\n<p><strong>Black Friday a notebook.hu-n!<\/strong><\/p>\n\n\n\n<p>Mi sem maradunk ki a <a href=\"https:\/\/www.notebook.hu\/black-friday\">Black Friday akci\u00f3<\/a>b\u00f3l: november 22-\u00e9n t\u00f6bb mint 500 k\u00fcl\u00f6nb\u00f6z\u0151 Notebook, Okostelefon, Tablet, Monitor, Konzol, Nyomtat\u00f3 \u00e9s J\u00e1t\u00e9kszoftver v\u00e1r ak\u00e1r 50%-os kedvezm\u00e9nnyel. De itt m\u00e9g nincsen v\u00e9ge! N\u00e1lunk OTP \u00e1ruhitelre is v\u00e1s\u00e1rolhatsz a fekete p\u00e9nteken, amit ak\u00e1r online, gyorsan is ig\u00e9nyelhetsz! (Hogy pontosan hogyan, azt ebben a<a href=\"https:\/\/youtu.be\/9Wccz-2dujE\"> vide\u00f3ban<\/a> mutatjuk meg. )<\/p>\n\n\n\n<p class=\"has-background has-very-light-gray-background-color\"><strong>Kis \u00edzel\u00edt\u0151 aj\u00e1nlatunkb\u00f3l:<\/strong><br>Samsung Galaxy A50 okostelefon: 79.900 Ft (124.900 Ft helyett),<br>LENOVO IDEAPAD notebook: 79.900 Ft (119.900 Ft helyett),<br>XBOX ONE S 1TB 6 j\u00e1t\u00e9kkal: 59.900 Ft (89.900 Ft helyett),<br>ASUS ROG ZEPHYRUS notebook: 339.900 Ft (419.900 Ft helyett).<\/p>\n\n\n\n<p>Ha nem akarsz lemaradni a BLACK FRIDAY h\u00edreir\u0151l, akkor kedveld a <a href=\"https:\/\/www.facebook.com\/notebookhu\/\">Facebook<\/a> oldalunkat, vagy csatlakozz a <a href=\"https:\/\/www.facebook.com\/groups\/notebookvip\/\">Facebook VIP csoportunkhoz<\/a>, hogy els\u0151k\u00e9nt \u00e9rtes\u00fclhess az akci\u00f3kr\u00f3l! <a href=\"https:\/\/www.instagram.com\/notebook_hu\/\">Instagramon<\/a> is ott vagyunk!<br>De a legegyszer\u0171bb, ha feliratkozol a <a href=\"https:\/\/www.notebook.hu\/#hirlevel\">h\u00edrlevel\u00fcnkre<\/a>, \u00edgy biztosan nem maradsz le semmir\u0151l!<\/p>\n\n\n\n<p class=\"has-background has-pale-cyan-blue-background-color\"><strong>N\u00e9zd meg az oldalunkat minden nap, mert november 22-ig folyamatosan ker\u00fclnek ki a bomba aj\u00e1nlataink! <br>Itt van egyb\u0151l a mai:<\/strong><a href=\"https:\/\/www.notebook.hu\/black-friday\"> https:\/\/www.notebook.hu\/black-friday <\/a><\/p>\n","protected":false},"excerpt":{"rendered":"<p>2019. november 22-e k\u00e9ts\u00e9gk\u00edv\u00fcl az \u00e9vnek az a napja, amikor a legdurv\u00e1bb akci\u00f3kkal v\u00e1runk, r\u00e1ad\u00e1sul most m\u00e9g OTP \u00e1ruhitelre is v\u00e1s\u00e1rolhattok. Vannak kiemelt term\u00e9kek, amiket ilyenkor elk\u00e9peszt\u0151 kedvezm\u00e9nnyel szerezhettek meg, ebben a kateg\u00f3ri\u00e1ban id\u00e9n biztosan lesz egy konzol, gamer \u00e9s irodai notebook \u00e9s okostelefon is. De a Black Friday nem egy sima v\u00e1s\u00e1rl\u00e1s. A brut\u00e1lis &hellip;<\/p>\n","protected":false},"author":1,"featured_media":5191,"comment_status":"closed","ping_status":"open","sticky":false,"template":"","format":"standard","meta":{"_jetpack_memberships_contains_paid_content":false,"footnotes":""},"categories":[42,1,41],"tags":[159,910,193,219],"class_list":["post-5177","post","type-post","status-publish","format-standard","has-post-thumbnail","","category-cikkek","category-egyeb","category-hirek","tag-akcio","tag-akciok","tag-black-friday","tag-karacsony"],"jetpack_featured_media_url":"https:\/\/www.notebook.hu\/blog\/wp-content\/uploads\/2019\/11\/20191115_poszt_800x600_Notebook800x600.png","jetpack_shortlink":"https:\/\/wp.me\/p9xSLL-1lv","jetpack_sharing_enabled":true,"_links":{"self":[{"href":"https:\/\/www.notebook.hu\/blog\/wp-json\/wp\/v2\/posts\/5177","targetHints":{"allow":["GET"]}}],"collection":[{"href":"https:\/\/www.notebook.hu\/blog\/wp-json\/wp\/v2\/posts"}],"about":[{"href":"https:\/\/www.notebook.hu\/blog\/wp-json\/wp\/v2\/types\/post"}],"author":[{"embeddable":true,"href":"https:\/\/www.notebook.hu\/blog\/wp-json\/wp\/v2\/users\/1"}],"replies":[{"embeddable":true,"href":"https:\/\/www.notebook.hu\/blog\/wp-json\/wp\/v2\/comments?post=5177"}],"version-history":[{"count":16,"href":"https:\/\/www.notebook.hu\/blog\/wp-json\/wp\/v2\/posts\/5177\/revisions"}],"predecessor-version":[{"id":5199,"href":"https:\/\/www.notebook.hu\/blog\/wp-json\/wp\/v2\/posts\/5177\/revisions\/5199"}],"wp:featuredmedia":[{"embeddable":true,"href":"https:\/\/www.notebook.hu\/blog\/wp-json\/wp\/v2\/media\/5191"}],"wp:attachment":[{"href":"https:\/\/www.notebook.hu\/blog\/wp-json\/wp\/v2\/media?parent=5177"}],"wp:term":[{"taxonomy":"category","embeddable":true,"href":"https:\/\/www.notebook.hu\/blog\/wp-json\/wp\/v2\/categories?post=5177"},{"taxonomy":"post_tag","embeddable":true,"href":"https:\/\/www.notebook.hu\/blog\/wp-json\/wp\/v2\/tags?post=5177"}],"curies":[{"name":"wp","href":"https:\/\/api.w.org\/{rel}","templated":true}]}}