{"id":5118,"date":"2019-11-04T15:02:24","date_gmt":"2019-11-04T14:02:24","guid":{"rendered":"https:\/\/www.notebook.hu\/blog\/?p=5118"},"modified":"2019-11-04T15:03:10","modified_gmt":"2019-11-04T14:03:10","slug":"a-facebook-elkaszalja-a-lajkot","status":"publish","type":"post","link":"https:\/\/www.notebook.hu\/blog\/a-facebook-elkaszalja-a-lajkot\/","title":{"rendered":"A Facebook elkasz\u00e1lja a l\u00e1jkot?"},"content":{"rendered":"\n<figure class=\"wp-block-image is-resized\"><img loading=\"lazy\" decoding=\"async\" data-attachment-id=\"5119\" data-permalink=\"https:\/\/www.notebook.hu\/blog\/a-facebook-elkaszalja-a-lajkot\/business-hand-holding-like-icon\/\" data-orig-file=\"https:\/\/www.notebook.hu\/blog\/wp-content\/uploads\/2019\/10\/46152550_l_v1.jpg\" data-orig-size=\"800,600\" data-comments-opened=\"0\" data-image-meta=\"{&quot;aperture&quot;:&quot;0&quot;,&quot;credit&quot;:&quot;&quot;,&quot;camera&quot;:&quot;&quot;,&quot;caption&quot;:&quot;business hand holding like icon&quot;,&quot;created_timestamp&quot;:&quot;1443195692&quot;,&quot;copyright&quot;:&quot;&quot;,&quot;focal_length&quot;:&quot;0&quot;,&quot;iso&quot;:&quot;0&quot;,&quot;shutter_speed&quot;:&quot;0&quot;,&quot;title&quot;:&quot;business hand holding like icon&quot;,&quot;orientation&quot;:&quot;1&quot;}\" data-image-title=\"business hand holding like icon\" data-image-description=\"\" data-image-caption=\"&lt;p&gt;business hand holding like icon&lt;\/p&gt;\n\" data-medium-file=\"https:\/\/www.notebook.hu\/blog\/wp-content\/uploads\/2019\/10\/46152550_l_v1-300x225.jpg\" data-large-file=\"https:\/\/www.notebook.hu\/blog\/wp-content\/uploads\/2019\/10\/46152550_l_v1.jpg\" src=\"https:\/\/www.notebook.hu\/blog\/wp-content\/uploads\/2019\/10\/46152550_l_v1.jpg\" alt=\"\" class=\"wp-image-5119\" width=\"400\" height=\"300\" srcset=\"https:\/\/www.notebook.hu\/blog\/wp-content\/uploads\/2019\/10\/46152550_l_v1.jpg 800w, https:\/\/www.notebook.hu\/blog\/wp-content\/uploads\/2019\/10\/46152550_l_v1-300x225.jpg 300w, https:\/\/www.notebook.hu\/blog\/wp-content\/uploads\/2019\/10\/46152550_l_v1-768x576.jpg 768w\" sizes=\"auto, (max-width: 400px) 100vw, 400px\" \/><\/figure>\n\n\n\n<p><strong>Az elm\u00falt 10 \u00e9vben szinte minden Facebook felhaszn\u00e1l\u00f3 gondolata ak\u00f6r\u00fcl forgott, hogy az adott posztj\u00e1val, ami lehetett egy cuki kiskutya, egy babafot\u00f3 vagy egy szerelmes id\u00e9zet, h\u00e1ny l\u00e1jkot is fog majd bezsebelni mag\u00e1nak. Sokan ebben m\u00e9rt\u00e9k oldaluk vagy ak\u00e1r saj\u00e1t maguk n\u00e9pszer\u0171s\u00e9g\u00e9t is. Azonban ezen a protokollon most egyszer s mindenkorra v\u00e1ltoztatnak a Facebook vezet\u0151i. <\/strong><\/p>\n\n\n\n<p><strong>Nem v\u00e1rt l\u00e9p\u00e9s<\/strong><br><br>Bombak\u00e9nt robbant a h\u00edr m\u00e9g \u00e1prilisban, hogy az Instagram els\u0151k\u00e9nt a vil\u00e1gon, elrejti az egy k\u00e9pre kapott l\u00e1jkok sz\u00e1m\u00e1t. A folyamat ebben az esetben Kanad\u00e1ban kezd\u0151d\u00f6tt \u00e9s olyan j\u00f3l siker\u00fclt, hogy az\u00f3ta m\u00e1r \u00cdrorsz\u00e1gban, \u00daj-Z\u00e9landon \u00e9s Ausztr\u00e1li\u00e1ban is bevezett\u00e9k ezt a v\u00e1ltoztat\u00e1st. De nem kellett sokat v\u00e1rni ahhoz sem, hogy a m\u00e1sik nagyobb platform, a Facebook is becsatlakozzon ebbe a kezdem\u00e9nyez\u00e9sbe. A Facebook munkat\u00e1rsai ugyanis azt gondolj\u00e1k, hogy a l\u00e1jkok megmutat\u00e1s\u00e1val sokkal stresszesebb az emberek online jelenl\u00e9te. <\/p>\n\n\n\n<figure class=\"wp-block-image\"><img loading=\"lazy\" decoding=\"async\" width=\"780\" height=\"438\" data-attachment-id=\"5123\" data-permalink=\"https:\/\/www.notebook.hu\/blog\/a-facebook-elkaszalja-a-lajkot\/190926095518-20190926-facebook-private-likes-in-story-exlarge-169-1\/\" data-orig-file=\"https:\/\/www.notebook.hu\/blog\/wp-content\/uploads\/2019\/10\/190926095518-20190926-facebook-private-likes-in-story-exlarge-169-1.jpg\" data-orig-size=\"780,438\" data-comments-opened=\"0\" data-image-meta=\"{&quot;aperture&quot;:&quot;0&quot;,&quot;credit&quot;:&quot;&quot;,&quot;camera&quot;:&quot;&quot;,&quot;caption&quot;:&quot;&quot;,&quot;created_timestamp&quot;:&quot;0&quot;,&quot;copyright&quot;:&quot;&quot;,&quot;focal_length&quot;:&quot;0&quot;,&quot;iso&quot;:&quot;0&quot;,&quot;shutter_speed&quot;:&quot;0&quot;,&quot;title&quot;:&quot;&quot;,&quot;orientation&quot;:&quot;0&quot;}\" data-image-title=\"190926095518-20190926-facebook-private-likes-in-story-exlarge-169-1\" data-image-description=\"\" data-image-caption=\"\" data-medium-file=\"https:\/\/www.notebook.hu\/blog\/wp-content\/uploads\/2019\/10\/190926095518-20190926-facebook-private-likes-in-story-exlarge-169-1-300x168.jpg\" data-large-file=\"https:\/\/www.notebook.hu\/blog\/wp-content\/uploads\/2019\/10\/190926095518-20190926-facebook-private-likes-in-story-exlarge-169-1.jpg\" src=\"https:\/\/www.notebook.hu\/blog\/wp-content\/uploads\/2019\/10\/190926095518-20190926-facebook-private-likes-in-story-exlarge-169-1.jpg\" alt=\"\" class=\"wp-image-5123\" srcset=\"https:\/\/www.notebook.hu\/blog\/wp-content\/uploads\/2019\/10\/190926095518-20190926-facebook-private-likes-in-story-exlarge-169-1.jpg 780w, https:\/\/www.notebook.hu\/blog\/wp-content\/uploads\/2019\/10\/190926095518-20190926-facebook-private-likes-in-story-exlarge-169-1-300x168.jpg 300w, https:\/\/www.notebook.hu\/blog\/wp-content\/uploads\/2019\/10\/190926095518-20190926-facebook-private-likes-in-story-exlarge-169-1-768x431.jpg 768w\" sizes=\"auto, (max-width: 780px) 100vw, 780px\" \/><\/figure>\n\n\n\n<p>\u00cdgy a tesztid\u0151szak alatt azt pr\u00f3b\u00e1lj\u00e1k meg bebizony\u00edtani, hogy sokkal jobb, ha a felhaszn\u00e1l\u00f3k sz\u00e1mok helyett csup\u00e1n azt l\u00e1tj\u00e1k, hogy \u201eXY \u00e9s m\u00e1sok kedvelt\u00e9k ezt a bejegyz\u00e9st\u201d. Term\u00e9szetesen az adott poszt k\u00e9sz\u00edt\u0151je l\u00e1tni fogja a statisztik\u00e1t, azonban ez a k\u00fcls\u0151 szeml\u00e9l\u0151knek teljesen l\u00e1thatatlan lesz. <\/p>\n\n\n\n<figure class=\"wp-block-image\"><img loading=\"lazy\" decoding=\"async\" width=\"800\" height=\"600\" data-attachment-id=\"5120\" data-permalink=\"https:\/\/www.notebook.hu\/blog\/a-facebook-elkaszalja-a-lajkot\/businessman-holding-like-notification-on-a-contact-on-a-social\/\" data-orig-file=\"https:\/\/www.notebook.hu\/blog\/wp-content\/uploads\/2019\/10\/105481378_l_v1.jpg\" data-orig-size=\"800,600\" data-comments-opened=\"0\" data-image-meta=\"{&quot;aperture&quot;:&quot;0&quot;,&quot;credit&quot;:&quot;&quot;,&quot;camera&quot;:&quot;&quot;,&quot;caption&quot;:&quot;View of a Businessman holding  Like notification on a contact on a social media 3d rendering&quot;,&quot;created_timestamp&quot;:&quot;0&quot;,&quot;copyright&quot;:&quot;&quot;,&quot;focal_length&quot;:&quot;0&quot;,&quot;iso&quot;:&quot;0&quot;,&quot;shutter_speed&quot;:&quot;0&quot;,&quot;title&quot;:&quot;Businessman holding  Like notification on a contact on a social&quot;,&quot;orientation&quot;:&quot;1&quot;}\" data-image-title=\"Businessman holding  Like notification on a contact on a social\" data-image-description=\"\" data-image-caption=\"&lt;p&gt;View of a Businessman holding  Like notification on a contact on a social media 3d rendering&lt;\/p&gt;\n\" data-medium-file=\"https:\/\/www.notebook.hu\/blog\/wp-content\/uploads\/2019\/10\/105481378_l_v1-300x225.jpg\" data-large-file=\"https:\/\/www.notebook.hu\/blog\/wp-content\/uploads\/2019\/10\/105481378_l_v1.jpg\" src=\"https:\/\/www.notebook.hu\/blog\/wp-content\/uploads\/2019\/10\/105481378_l_v1.jpg\" alt=\"\" class=\"wp-image-5120\" srcset=\"https:\/\/www.notebook.hu\/blog\/wp-content\/uploads\/2019\/10\/105481378_l_v1.jpg 800w, https:\/\/www.notebook.hu\/blog\/wp-content\/uploads\/2019\/10\/105481378_l_v1-300x225.jpg 300w, https:\/\/www.notebook.hu\/blog\/wp-content\/uploads\/2019\/10\/105481378_l_v1-768x576.jpg 768w\" sizes=\"auto, (max-width: 800px) 100vw, 800px\" \/><\/figure>\n\n\n\n<p><strong>Sikeres teszt\u00fczem<\/strong><br><br>A m\u00e1r most is folyamatosan zajl\u00f3 teszt\u00fczem visszajelz\u00e9sei mind a Facebook, mint pedig az Instagram eset\u00e9ben igen pozit\u00edvak. Sokan ugyanis a kedvel\u00e9st egy azonnali visszajelz\u00e9sk\u00e9nt fogj\u00e1k fel, \u00edgy amikor nem \u00e9rkezik meg a k\u00edv\u00e1nt l\u00e1jksz\u00e1m, letargi\u00e1ba eshetnek. Ezzel az \u00faj von\u00e1ssal pedig nagy m\u00e9rt\u00e9kben cs\u00f6kken a lehet\u0151s\u00e9g erre. Az Instagram eset\u00e9ben egyed\u00fcl az influencerek azok, akik kifog\u00e1ssal \u00e9ltek az \u00faj rendszer ellen, mivel \u0151k sokszor szponzor\u00e1lt tartalmaikat saj\u00e1t kedvel\u00e9seiknek sz\u00e1ma alapj\u00e1n zsebelik be, \u00edgy egyel\u0151re nekik a bev\u00e9teli forr\u00e1sukba ker\u00fclhet, ha az Instagram m\u00e9g t\u00f6bb orsz\u00e1gra is kiterjeszti a kedvel\u00e9sek elrejt\u00e9s\u00e9t.<\/p>\n\n\n\n<p>Te \u00f6r\u00fclsz a Facebook (\u00e9s az Instagram) leg\u00fajabb kezdem\u00e9nyez\u00e9s\u00e9nek?<\/p>\n\n\n\n<p class=\"has-background has-pale-cyan-blue-background-color\">Ha tetszett a blogunk, kedveld a <a href=\"https:\/\/www.facebook.com\/notebookhu\/\">Facebook<\/a> oldalunkat, vagy csatlakozz hozz\u00e1nk az <a href=\"https:\/\/www.instagram.com\/notebook_hu\/\">Instagramon<\/a>!<\/p>\n","protected":false},"excerpt":{"rendered":"<p>Az elm\u00falt 10 \u00e9vben szinte minden Facebook felhaszn\u00e1l\u00f3 gondolata ak\u00f6r\u00fcl forgott, hogy az adott posztj\u00e1val, ami lehetett egy cuki kiskutya, egy babafot\u00f3 vagy egy szerelmes id\u00e9zet, h\u00e1ny l\u00e1jkot is fog majd bezsebelni mag\u00e1nak. Sokan ebben m\u00e9rt\u00e9k oldaluk vagy ak\u00e1r saj\u00e1t maguk n\u00e9pszer\u0171s\u00e9g\u00e9t is. Azonban ezen a protokollon most egyszer s mindenkorra v\u00e1ltoztatnak a Facebook vezet\u0151i. &hellip;<\/p>\n","protected":false},"author":1,"featured_media":5119,"comment_status":"closed","ping_status":"open","sticky":false,"template":"","format":"standard","meta":{"_jetpack_memberships_contains_paid_content":false,"footnotes":""},"categories":[42,1,41],"tags":[87,590,896,897],"class_list":["post-5118","post","type-post","status-publish","format-standard","has-post-thumbnail","","category-cikkek","category-egyeb","category-hirek","tag-facebook","tag-legtobbet-likeolt","tag-like","tag-vege"],"jetpack_featured_media_url":"https:\/\/www.notebook.hu\/blog\/wp-content\/uploads\/2019\/10\/46152550_l_v1.jpg","jetpack_shortlink":"https:\/\/wp.me\/p9xSLL-1ky","jetpack_sharing_enabled":true,"_links":{"self":[{"href":"https:\/\/www.notebook.hu\/blog\/wp-json\/wp\/v2\/posts\/5118","targetHints":{"allow":["GET"]}}],"collection":[{"href":"https:\/\/www.notebook.hu\/blog\/wp-json\/wp\/v2\/posts"}],"about":[{"href":"https:\/\/www.notebook.hu\/blog\/wp-json\/wp\/v2\/types\/post"}],"author":[{"embeddable":true,"href":"https:\/\/www.notebook.hu\/blog\/wp-json\/wp\/v2\/users\/1"}],"replies":[{"embeddable":true,"href":"https:\/\/www.notebook.hu\/blog\/wp-json\/wp\/v2\/comments?post=5118"}],"version-history":[{"count":7,"href":"https:\/\/www.notebook.hu\/blog\/wp-json\/wp\/v2\/posts\/5118\/revisions"}],"predecessor-version":[{"id":5158,"href":"https:\/\/www.notebook.hu\/blog\/wp-json\/wp\/v2\/posts\/5118\/revisions\/5158"}],"wp:featuredmedia":[{"embeddable":true,"href":"https:\/\/www.notebook.hu\/blog\/wp-json\/wp\/v2\/media\/5119"}],"wp:attachment":[{"href":"https:\/\/www.notebook.hu\/blog\/wp-json\/wp\/v2\/media?parent=5118"}],"wp:term":[{"taxonomy":"category","embeddable":true,"href":"https:\/\/www.notebook.hu\/blog\/wp-json\/wp\/v2\/categories?post=5118"},{"taxonomy":"post_tag","embeddable":true,"href":"https:\/\/www.notebook.hu\/blog\/wp-json\/wp\/v2\/tags?post=5118"}],"curies":[{"name":"wp","href":"https:\/\/api.w.org\/{rel}","templated":true}]}}