{"id":5103,"date":"2019-10-31T14:27:27","date_gmt":"2019-10-31T13:27:27","guid":{"rendered":"https:\/\/www.notebook.hu\/blog\/?p=5103"},"modified":"2019-10-31T15:35:39","modified_gmt":"2019-10-31T14:35:39","slug":"mit-tud-a-10-generacios-intel-processzor","status":"publish","type":"post","link":"https:\/\/www.notebook.hu\/blog\/mit-tud-a-10-generacios-intel-processzor\/","title":{"rendered":"Mit tud a 10. gener\u00e1ci\u00f3s Intel processzor?"},"content":{"rendered":"\n<figure class=\"wp-block-image is-resized\"><img loading=\"lazy\" decoding=\"async\" data-attachment-id=\"5109\" data-permalink=\"https:\/\/www.notebook.hu\/blog\/mit-tud-a-10-generacios-intel-processzor\/intel-10th-gen\/\" data-orig-file=\"https:\/\/www.notebook.hu\/blog\/wp-content\/uploads\/2019\/10\/Intel-10th-Gen.png\" data-orig-size=\"746,462\" data-comments-opened=\"0\" data-image-meta=\"{&quot;aperture&quot;:&quot;0&quot;,&quot;credit&quot;:&quot;&quot;,&quot;camera&quot;:&quot;&quot;,&quot;caption&quot;:&quot;&quot;,&quot;created_timestamp&quot;:&quot;0&quot;,&quot;copyright&quot;:&quot;&quot;,&quot;focal_length&quot;:&quot;0&quot;,&quot;iso&quot;:&quot;0&quot;,&quot;shutter_speed&quot;:&quot;0&quot;,&quot;title&quot;:&quot;&quot;,&quot;orientation&quot;:&quot;0&quot;}\" data-image-title=\"Intel-10th-Gen\" data-image-description=\"\" data-image-caption=\"\" data-medium-file=\"https:\/\/www.notebook.hu\/blog\/wp-content\/uploads\/2019\/10\/Intel-10th-Gen-300x186.png\" data-large-file=\"https:\/\/www.notebook.hu\/blog\/wp-content\/uploads\/2019\/10\/Intel-10th-Gen.png\" src=\"https:\/\/www.notebook.hu\/blog\/wp-content\/uploads\/2019\/10\/Intel-10th-Gen.png\" alt=\"\" class=\"wp-image-5109\" width=\"560\" height=\"347\" srcset=\"https:\/\/www.notebook.hu\/blog\/wp-content\/uploads\/2019\/10\/Intel-10th-Gen.png 746w, https:\/\/www.notebook.hu\/blog\/wp-content\/uploads\/2019\/10\/Intel-10th-Gen-300x186.png 300w\" sizes=\"auto, (max-width: 560px) 100vw, 560px\" \/><\/figure>\n\n\n\n<p><strong>Augusztus v\u00e9g\u00e9n az Intel sokkolta a vil\u00e1got, leg\u00fajabb 10. gener\u00e1ci\u00f3s processzorainak hivatalos bejelent\u00e9s\u00e9vel. Ez, a 10. gener\u00e1ci\u00f3 ugyanis egy sokkal szignifik\u00e1nsabb v\u00e1ltoz\u00e1st jelent a c\u00e9g eddigi processzor csal\u00e1djaihoz k\u00e9pest. De m\u00e9gis mi minden v\u00e1ltozott a leg\u00fajabb kiad\u00e1sban? Mi most erre pr\u00f3b\u00e1ltuk megkeresni a v\u00e1laszt!<\/strong><\/p>\n\n\n\n<p><strong>Miben \u00faj\u00edt\u00f3 a 10. gener\u00e1ci\u00f3?<\/strong><\/p>\n\n\n\n<p>Miel\u0151tt belemer\u00fcln\u00e9nk az\nelemz\u00e9sbe fontos megeml\u00edten\u00fcnk, hogy a mostani \u00fajdons\u00e1gok egyel\u0151re csak notebookokban\nlesznek el\u00e9rhet\u0151ek, \u00edgy egy\u00e9ni teljes\u00edtm\u00e9ny\u00fck helyett azt \u00e9rdemesebb vizsg\u00e1lni,\nhogy hogyan szerepelnek egy eg\u00e9sz r\u00e9szek\u00e9nt. A 10. gener\u00e1ci\u00f3s processzorok eset\u00e9ben\na legnagyobb v\u00e1ltoz\u00e1st abban lehet l\u00e1tni, hogy m\u00e1r nem 14 nanom\u00e9teres\ntechnol\u00f3gi\u00e1val (amit 2014-\u00f3ta haszn\u00e1l a c\u00e9g), hanem 10 nm-essel dolgoznak. A\nkisebb sz\u00e1m ebben az esetben azt jelenti, hogy a CPU sokkal\nenergiatakar\u00e9kosabb, amivel a notebook t\u00f6lt\u00f6tts\u00e9gi ideje n\u00f6vekszik. <\/p>\n\n\n\n<figure class=\"wp-block-image\"><img loading=\"lazy\" decoding=\"async\" width=\"800\" height=\"500\" data-attachment-id=\"5112\" data-permalink=\"https:\/\/www.notebook.hu\/blog\/mit-tud-a-10-generacios-intel-processzor\/microchip-for-analysis\/\" data-orig-file=\"https:\/\/www.notebook.hu\/blog\/wp-content\/uploads\/2019\/10\/72844830_l_v1.jpg\" data-orig-size=\"800,500\" data-comments-opened=\"0\" data-image-meta=\"{&quot;aperture&quot;:&quot;0&quot;,&quot;credit&quot;:&quot;&quot;,&quot;camera&quot;:&quot;&quot;,&quot;caption&quot;:&quot;Computer engineer holding microchip for detailed analysis on the foreground&quot;,&quot;created_timestamp&quot;:&quot;0&quot;,&quot;copyright&quot;:&quot;&quot;,&quot;focal_length&quot;:&quot;0&quot;,&quot;iso&quot;:&quot;0&quot;,&quot;shutter_speed&quot;:&quot;0&quot;,&quot;title&quot;:&quot;Microchip for analysis&quot;,&quot;orientation&quot;:&quot;1&quot;}\" data-image-title=\"Microchip for analysis\" data-image-description=\"\" data-image-caption=\"&lt;p&gt;Computer engineer holding microchip for detailed analysis on the foreground&lt;\/p&gt;\n\" data-medium-file=\"https:\/\/www.notebook.hu\/blog\/wp-content\/uploads\/2019\/10\/72844830_l_v1-300x188.jpg\" data-large-file=\"https:\/\/www.notebook.hu\/blog\/wp-content\/uploads\/2019\/10\/72844830_l_v1.jpg\" src=\"https:\/\/www.notebook.hu\/blog\/wp-content\/uploads\/2019\/10\/72844830_l_v1.jpg\" alt=\"\" class=\"wp-image-5112\" srcset=\"https:\/\/www.notebook.hu\/blog\/wp-content\/uploads\/2019\/10\/72844830_l_v1.jpg 800w, https:\/\/www.notebook.hu\/blog\/wp-content\/uploads\/2019\/10\/72844830_l_v1-300x188.jpg 300w, https:\/\/www.notebook.hu\/blog\/wp-content\/uploads\/2019\/10\/72844830_l_v1-768x480.jpg 768w\" sizes=\"auto, (max-width: 800px) 100vw, 800px\" \/><\/figure>\n\n\n\n<p>De ezen k\u00edv\u00fcl is t\u00f6rt\u00e9nt p\u00e1r innovat\u00edv \u00faj\u00edt\u00e1s: a 10. gener\u00e1ci\u00f3s processzorokba v\u00e9gre be\u00e9p\u00edtett\u00e9k a Thunderbolt 3-at, amivel j\u00f3csk\u00e1n megk\u00f6nny\u00edtett\u00e9k a notebookgy\u00e1rt\u00f3k, f\u0151leg az Apple dolg\u00e1t a fejleszt\u0151k. (A Thunderbolt 3 egy olyan csatlakoz\u00f3, amivel k\u00fcls\u0151 egys\u00e9geket lehet a g\u00e9pre eset\u00fcnkben a processzorhoz kapcsolni.) Tov\u00e1bb\u00e1 az \u00faj chipek t\u00e1mogatni fogj\u00e1k a Wi-FI 6-ot (802.11ax) is, a leg\u00fajabb Wi-Fi szabv\u00e1nyt, ami csak most kezdte el megh\u00f3d\u00edtani a piacot. S\u0151t a fejleszt\u0151k m\u00e9g arra is figyeltek, hogy a processzor grafikus tulajdons\u00e1gait fejlessz\u00e9k. Ugyan a be\u00e9p\u00edtett grafikus chip m\u00e9g mindig szitoksz\u00f3nak sz\u00e1m\u00edt egy rendes vide\u00f3k\u00e1rty\u00e1hoz k\u00e9pest, de a v\u00e1llalkoz\u00f3 kedv\u0171ek m\u00e1r 1080p-ben is (magasabb min\u0151s\u00e9gben) \u00e9lvezhetik a Fortnite-ot vagy a Dirt Rally 2-\u0151t. De a 4K-s vide\u00f3k v\u00e1g\u00e1sa, illetve a magas felbont\u00e1s\u00fa k\u00e9pek feldolgoz\u00e1sa sem fog nagyobb probl\u00e9m\u00e1t jelenteni a notebooknak. <\/p>\n\n\n\n<figure class=\"wp-block-image\"><img loading=\"lazy\" decoding=\"async\" width=\"800\" height=\"500\" data-attachment-id=\"5111\" data-permalink=\"https:\/\/www.notebook.hu\/blog\/mit-tud-a-10-generacios-intel-processzor\/wgaachki50fh0hzf_v1-1\/\" data-orig-file=\"https:\/\/www.notebook.hu\/blog\/wp-content\/uploads\/2019\/10\/WGAAchKI50fH0hzf_v1-1.jpg\" data-orig-size=\"800,500\" data-comments-opened=\"0\" data-image-meta=\"{&quot;aperture&quot;:&quot;0&quot;,&quot;credit&quot;:&quot;&quot;,&quot;camera&quot;:&quot;&quot;,&quot;caption&quot;:&quot;&quot;,&quot;created_timestamp&quot;:&quot;0&quot;,&quot;copyright&quot;:&quot;&quot;,&quot;focal_length&quot;:&quot;0&quot;,&quot;iso&quot;:&quot;0&quot;,&quot;shutter_speed&quot;:&quot;0&quot;,&quot;title&quot;:&quot;&quot;,&quot;orientation&quot;:&quot;1&quot;}\" data-image-title=\"WGAAchKI50fH0hzf_v1-1\" data-image-description=\"\" data-image-caption=\"\" data-medium-file=\"https:\/\/www.notebook.hu\/blog\/wp-content\/uploads\/2019\/10\/WGAAchKI50fH0hzf_v1-1-300x188.jpg\" data-large-file=\"https:\/\/www.notebook.hu\/blog\/wp-content\/uploads\/2019\/10\/WGAAchKI50fH0hzf_v1-1.jpg\" src=\"https:\/\/www.notebook.hu\/blog\/wp-content\/uploads\/2019\/10\/WGAAchKI50fH0hzf_v1-1.jpg\" alt=\"\" class=\"wp-image-5111\" srcset=\"https:\/\/www.notebook.hu\/blog\/wp-content\/uploads\/2019\/10\/WGAAchKI50fH0hzf_v1-1.jpg 800w, https:\/\/www.notebook.hu\/blog\/wp-content\/uploads\/2019\/10\/WGAAchKI50fH0hzf_v1-1-300x188.jpg 300w, https:\/\/www.notebook.hu\/blog\/wp-content\/uploads\/2019\/10\/WGAAchKI50fH0hzf_v1-1-768x480.jpg 768w\" sizes=\"auto, (max-width: 800px) 100vw, 800px\" \/><\/figure>\n\n\n\n<p><strong>Mennyi processzort kapunk?<\/strong><\/p>\n\n\n\n<p>Jelen pillanatban 11 darab 10. gener\u00e1ci\u00f3s intel processzor el\u00e9rhet\u0151 k\u00fcl\u00f6nb\u00f6z\u0151 laptopokban. Ezekb\u0151l a chipekb\u0151l 5 darab als\u00f3 kateg\u00f3ri\u00e1s (Y-sz\u00e9ria) \u00e9s 6 darab m\u00e1r sokkal magasabb (U-sz\u00e9ria) min\u0151s\u00e9g\u0171. De a lenti t\u00e1bl\u00e1zatban az \u00f6sszes chip tulajdons\u00e1gait k\u00f6zelebbr\u0151l is megtekinthetitek: <\/p>\n\n\n\n<figure class=\"wp-block-image\"><img loading=\"lazy\" decoding=\"async\" width=\"602\" height=\"775\" data-attachment-id=\"5104\" data-permalink=\"https:\/\/www.notebook.hu\/blog\/mit-tud-a-10-generacios-intel-processzor\/tablazat\/\" data-orig-file=\"https:\/\/www.notebook.hu\/blog\/wp-content\/uploads\/2019\/10\/tablazat.jpg\" data-orig-size=\"602,775\" data-comments-opened=\"0\" data-image-meta=\"{&quot;aperture&quot;:&quot;0&quot;,&quot;credit&quot;:&quot;&quot;,&quot;camera&quot;:&quot;&quot;,&quot;caption&quot;:&quot;&quot;,&quot;created_timestamp&quot;:&quot;0&quot;,&quot;copyright&quot;:&quot;&quot;,&quot;focal_length&quot;:&quot;0&quot;,&quot;iso&quot;:&quot;0&quot;,&quot;shutter_speed&quot;:&quot;0&quot;,&quot;title&quot;:&quot;&quot;,&quot;orientation&quot;:&quot;0&quot;}\" data-image-title=\"tablazat\" data-image-description=\"\" data-image-caption=\"\" data-medium-file=\"https:\/\/www.notebook.hu\/blog\/wp-content\/uploads\/2019\/10\/tablazat-233x300.jpg\" data-large-file=\"https:\/\/www.notebook.hu\/blog\/wp-content\/uploads\/2019\/10\/tablazat.jpg\" src=\"https:\/\/www.notebook.hu\/blog\/wp-content\/uploads\/2019\/10\/tablazat.jpg\" alt=\"\" class=\"wp-image-5104\" srcset=\"https:\/\/www.notebook.hu\/blog\/wp-content\/uploads\/2019\/10\/tablazat.jpg 602w, https:\/\/www.notebook.hu\/blog\/wp-content\/uploads\/2019\/10\/tablazat-233x300.jpg 233w\" sizes=\"auto, (max-width: 602px) 100vw, 602px\" \/><\/figure>\n\n\n\n<p><strong>Itt az ideje a cser\u00e9nek!<\/strong><br><br>\u00d6sszess\u00e9g\u00e9ben egy nagyon j\u00f3 kis gener\u00e1ci\u00f3t hozott \u00f6ssze az Intel, mi pedig k\u00edv\u00e1ncsian v\u00e1rjuk, hogy hogyan fognak leg\u00fajabb chipjeik szerepelni a k\u00fcl\u00f6nb\u00f6z\u0151 notebookokban! Te lecser\u00e9led a notebookodat a leg\u00fajabb gener\u00e1ci\u00f3ra vagy v\u00e1rsz m\u00e9g egy darabig vele?<\/p>\n\n\n\n<p class=\"has-background has-pale-cyan-blue-background-color\">V\u00e1lassz a 10. gener\u00e1ci\u00f3s notebookjaink k\u00f6z\u00fcl a<a href=\"https:\/\/www.notebook.hu\/intel-10th-generacio\"> web\u00e1ruh\u00e1zunkban<\/a>!<\/p>\n","protected":false},"excerpt":{"rendered":"<p>Augusztus v\u00e9g\u00e9n az Intel sokkolta a vil\u00e1got, leg\u00fajabb 10. gener\u00e1ci\u00f3s processzorainak hivatalos bejelent\u00e9s\u00e9vel. Ez, a 10. gener\u00e1ci\u00f3 ugyanis egy sokkal szignifik\u00e1nsabb v\u00e1ltoz\u00e1st jelent a c\u00e9g eddigi processzor csal\u00e1djaihoz k\u00e9pest. De m\u00e9gis mi minden v\u00e1ltozott a leg\u00fajabb kiad\u00e1sban? Mi most erre pr\u00f3b\u00e1ltuk megkeresni a v\u00e1laszt! Miben \u00faj\u00edt\u00f3 a 10. gener\u00e1ci\u00f3? Miel\u0151tt belemer\u00fcln\u00e9nk az elemz\u00e9sbe fontos megeml\u00edten\u00fcnk, &hellip;<\/p>\n","protected":false},"author":1,"featured_media":5109,"comment_status":"closed","ping_status":"open","sticky":false,"template":"","format":"standard","meta":{"_jetpack_memberships_contains_paid_content":false,"footnotes":""},"categories":[42,1,211],"tags":[898,900,367,44,899,901],"class_list":["post-5103","post","type-post","status-publish","format-standard","has-post-thumbnail","","category-cikkek","category-egyeb","category-tudomany","tag-10-generacios","tag-gyorsasag","tag-intel","tag-notebook-laptop","tag-processzor","tag-uj"],"jetpack_featured_media_url":"https:\/\/www.notebook.hu\/blog\/wp-content\/uploads\/2019\/10\/Intel-10th-Gen.png","jetpack_shortlink":"https:\/\/wp.me\/p9xSLL-1kj","jetpack_sharing_enabled":true,"_links":{"self":[{"href":"https:\/\/www.notebook.hu\/blog\/wp-json\/wp\/v2\/posts\/5103","targetHints":{"allow":["GET"]}}],"collection":[{"href":"https:\/\/www.notebook.hu\/blog\/wp-json\/wp\/v2\/posts"}],"about":[{"href":"https:\/\/www.notebook.hu\/blog\/wp-json\/wp\/v2\/types\/post"}],"author":[{"embeddable":true,"href":"https:\/\/www.notebook.hu\/blog\/wp-json\/wp\/v2\/users\/1"}],"replies":[{"embeddable":true,"href":"https:\/\/www.notebook.hu\/blog\/wp-json\/wp\/v2\/comments?post=5103"}],"version-history":[{"count":8,"href":"https:\/\/www.notebook.hu\/blog\/wp-json\/wp\/v2\/posts\/5103\/revisions"}],"predecessor-version":[{"id":5137,"href":"https:\/\/www.notebook.hu\/blog\/wp-json\/wp\/v2\/posts\/5103\/revisions\/5137"}],"wp:featuredmedia":[{"embeddable":true,"href":"https:\/\/www.notebook.hu\/blog\/wp-json\/wp\/v2\/media\/5109"}],"wp:attachment":[{"href":"https:\/\/www.notebook.hu\/blog\/wp-json\/wp\/v2\/media?parent=5103"}],"wp:term":[{"taxonomy":"category","embeddable":true,"href":"https:\/\/www.notebook.hu\/blog\/wp-json\/wp\/v2\/categories?post=5103"},{"taxonomy":"post_tag","embeddable":true,"href":"https:\/\/www.notebook.hu\/blog\/wp-json\/wp\/v2\/tags?post=5103"}],"curies":[{"name":"wp","href":"https:\/\/api.w.org\/{rel}","templated":true}]}}