{"id":5041,"date":"2019-09-27T12:51:49","date_gmt":"2019-09-27T10:51:49","guid":{"rendered":"https:\/\/www.notebook.hu\/blog\/?p=5041"},"modified":"2019-10-01T10:21:14","modified_gmt":"2019-10-01T08:21:14","slug":"elso-lego-figurakbol-allo-zenekar","status":"publish","type":"post","link":"https:\/\/www.notebook.hu\/blog\/elso-lego-figurakbol-allo-zenekar\/","title":{"rendered":"Itt a Lego figur\u00e1kb\u00f3l \u00e1ll\u00f3 zenekar!"},"content":{"rendered":"\n<figure class=\"wp-block-image is-resized\"><img loading=\"lazy\" decoding=\"async\" data-attachment-id=\"5042\" data-permalink=\"https:\/\/www.notebook.hu\/blog\/elso-lego-figurakbol-allo-zenekar\/1-2\/\" data-orig-file=\"https:\/\/www.notebook.hu\/blog\/wp-content\/uploads\/2019\/09\/1.png\" data-orig-size=\"798,445\" data-comments-opened=\"0\" data-image-meta=\"{&quot;aperture&quot;:&quot;0&quot;,&quot;credit&quot;:&quot;&quot;,&quot;camera&quot;:&quot;&quot;,&quot;caption&quot;:&quot;&quot;,&quot;created_timestamp&quot;:&quot;0&quot;,&quot;copyright&quot;:&quot;&quot;,&quot;focal_length&quot;:&quot;0&quot;,&quot;iso&quot;:&quot;0&quot;,&quot;shutter_speed&quot;:&quot;0&quot;,&quot;title&quot;:&quot;&quot;,&quot;orientation&quot;:&quot;0&quot;}\" data-image-title=\"1\" data-image-description=\"\" data-image-caption=\"\" data-medium-file=\"https:\/\/www.notebook.hu\/blog\/wp-content\/uploads\/2019\/09\/1-300x167.png\" data-large-file=\"https:\/\/www.notebook.hu\/blog\/wp-content\/uploads\/2019\/09\/1.png\" src=\"https:\/\/www.notebook.hu\/blog\/wp-content\/uploads\/2019\/09\/1.png\" alt=\"\" class=\"wp-image-5042\" width=\"599\" height=\"334\" srcset=\"https:\/\/www.notebook.hu\/blog\/wp-content\/uploads\/2019\/09\/1.png 798w, https:\/\/www.notebook.hu\/blog\/wp-content\/uploads\/2019\/09\/1-300x167.png 300w, https:\/\/www.notebook.hu\/blog\/wp-content\/uploads\/2019\/09\/1-768x428.png 768w\" sizes=\"auto, (max-width: 599px) 100vw, 599px\" \/><\/figure>\n\n\n\n<p><strong>Azzal m\u00e1r hossz\u00fa ideje tiszt\u00e1ban vagyunk, hogy a Lego c\u00e9gn\u00e9l \u00e9rtenek a prom\u00f3ci\u00f3khoz. A mostani, Star Wars \u2013 Droid Parancsnok kollekci\u00f3hoz megalkotott vide\u00f3ra azonban val\u00f3sz\u00edn\u0171leg senki sem sz\u00e1m\u00edtott. <\/strong><\/p>\n\n\n\n<p>Az alig k\u00e9t perces, m\u00e1r a YouTube-on is megtekinthet\u0151 felv\u00e9teleken egy szigor\u00faan csak leg\u00f3b\u00f3l fabrik\u00e1lt zenekar muzsik\u00e1j\u00e1t hallgathatjuk v\u00e9gig, ahol egyed\u00fcl a karmester nem k\u00e9sz\u00fclt m\u0171anyagb\u00f3l. Az \u00f6tlet \u00e9s a kivitelez\u00e9s is az el\u0151bb emlegetett \u201e\u0151r\u00fclt zseni\u201d, Sam Battle fej\u00e9b\u0151l pattant ki.<\/p>\n\n\n\n<figure class=\"wp-block-image is-resized\"><img loading=\"lazy\" decoding=\"async\" data-attachment-id=\"5043\" data-permalink=\"https:\/\/www.notebook.hu\/blog\/elso-lego-figurakbol-allo-zenekar\/72523-r2d2-standard-block\/\" data-orig-file=\"https:\/\/www.notebook.hu\/blog\/wp-content\/uploads\/2019\/09\/72523-r2d2-Standard-Block.jpg\" data-orig-size=\"975,675\" data-comments-opened=\"0\" data-image-meta=\"{&quot;aperture&quot;:&quot;0&quot;,&quot;credit&quot;:&quot;&quot;,&quot;camera&quot;:&quot;&quot;,&quot;caption&quot;:&quot;&quot;,&quot;created_timestamp&quot;:&quot;0&quot;,&quot;copyright&quot;:&quot;&quot;,&quot;focal_length&quot;:&quot;0&quot;,&quot;iso&quot;:&quot;0&quot;,&quot;shutter_speed&quot;:&quot;0&quot;,&quot;title&quot;:&quot;&quot;,&quot;orientation&quot;:&quot;0&quot;}\" data-image-title=\"72523-r2d2-Standard-Block\" data-image-description=\"\" data-image-caption=\"\" data-medium-file=\"https:\/\/www.notebook.hu\/blog\/wp-content\/uploads\/2019\/09\/72523-r2d2-Standard-Block-300x208.jpg\" data-large-file=\"https:\/\/www.notebook.hu\/blog\/wp-content\/uploads\/2019\/09\/72523-r2d2-Standard-Block.jpg\" src=\"https:\/\/www.notebook.hu\/blog\/wp-content\/uploads\/2019\/09\/72523-r2d2-Standard-Block.jpg\" alt=\"\" class=\"wp-image-5043\" width=\"488\" height=\"338\" srcset=\"https:\/\/www.notebook.hu\/blog\/wp-content\/uploads\/2019\/09\/72523-r2d2-Standard-Block.jpg 975w, https:\/\/www.notebook.hu\/blog\/wp-content\/uploads\/2019\/09\/72523-r2d2-Standard-Block-300x208.jpg 300w, https:\/\/www.notebook.hu\/blog\/wp-content\/uploads\/2019\/09\/72523-r2d2-Standard-Block-768x532.jpg 768w, https:\/\/www.notebook.hu\/blog\/wp-content\/uploads\/2019\/09\/72523-r2d2-Standard-Block-110x75.jpg 110w\" sizes=\"auto, (max-width: 488px) 100vw, 488px\" \/><\/figure>\n\n\n\n<p>A k\u00e9sz\u00edt\u0151 Leg\u00f3val k\u00f6z\u00f6s kollabor\u00e1ci\u00f3ja t\u00f6bb, mint 3000 \u00f3r\u00e1j\u00e1ba ker\u00fclt. Ezen azonban mi nem igaz\u00e1n tudunk csod\u00e1lkozni: a leg\u00f3 figur\u00e1k \u00f6ssze\u00e1ll\u00edt\u00e1s\u00e1n k\u00edv\u00fcl arra is gondolnia kellet az alkot\u00f3nak, hogy milyen mechanik\u00e1val fogja a kis h\u0151s\u00f6ket mozgatni. Igaz, hogy a leg\u00f3k beprogramozhat\u00f3k, de ink\u00e1bb a jobbra-balra mozg\u00e1sban mintsem a zen\u00e9l\u00e9s\u00e9ben. <\/p>\n\n\n\n<figure class=\"wp-block-embed-youtube wp-block-embed is-type-video is-provider-youtube wp-embed-aspect-16-9 wp-has-aspect-ratio\"><div class=\"wp-block-embed__wrapper\">\n<iframe loading=\"lazy\" title=\"Star Wars Theme Played by LEGO Droid Orchestra\" width=\"618\" height=\"348\" src=\"https:\/\/www.youtube.com\/embed\/GVB35pSBA_Q?feature=oembed\" frameborder=\"0\" allow=\"accelerometer; autoplay; clipboard-write; encrypted-media; gyroscope; picture-in-picture; web-share\" referrerpolicy=\"strict-origin-when-cross-origin\" allowfullscreen><\/iframe>\n<\/div><\/figure>\n\n\n\n<p>A muzsikus brig\u00e1dban v\u00e9g\u00fcl 95 droid kaphatott helyet, ami 42 darab R2-D2-t, 26 darab eg\u00e9r droidot \u00e9s 23 gonk droidot jelent. A dalv\u00e1laszt\u00e1s pedig mondhatni egy\u00e9rtelm\u0171 volt: John Williams m\u00e1ra m\u00e1r ikonikuss\u00e1 v\u00e1lt Csillagok H\u00e1bor\u00faja f\u0151c\u00edmdal\u00e1t adt\u00e1k el\u0151, m\u00e9ghozz\u00e1 igazi emberek \u00e1ltal is haszn\u00e1lhat\u00f3 hangszerekkel.&nbsp; Ugyan a felv\u00e9teleket val\u00f3sz\u00edn\u0171leg nem fogjuk viszont hallani a k\u00f6vetkez\u0151 Csillagok h\u00e1bor\u00faja filmekben, de mi \u00edgy is im\u00e1djuk!<\/p>\n","protected":false},"excerpt":{"rendered":"<p>Azzal m\u00e1r hossz\u00fa ideje tiszt\u00e1ban vagyunk, hogy a Lego c\u00e9gn\u00e9l \u00e9rtenek a prom\u00f3ci\u00f3khoz. A mostani, Star Wars \u2013 Droid Parancsnok kollekci\u00f3hoz megalkotott vide\u00f3ra azonban val\u00f3sz\u00edn\u0171leg senki sem sz\u00e1m\u00edtott. Az alig k\u00e9t perces, m\u00e1r a YouTube-on is megtekinthet\u0151 felv\u00e9teleken egy szigor\u00faan csak leg\u00f3b\u00f3l fabrik\u00e1lt zenekar muzsik\u00e1j\u00e1t hallgathatjuk v\u00e9gig, ahol egyed\u00fcl a karmester nem k\u00e9sz\u00fclt m\u0171anyagb\u00f3l. Az &hellip;<\/p>\n","protected":false},"author":1,"featured_media":5042,"comment_status":"closed","ping_status":"open","sticky":false,"template":"","format":"standard","meta":{"_jetpack_memberships_contains_paid_content":false,"footnotes":""},"categories":[42,1,347],"tags":[884,888,885,887,886],"class_list":["post-5041","post","type-post","status-publish","format-standard","has-post-thumbnail","","category-cikkek","category-egyeb","category-videok","tag-lego","tag-programozas","tag-starwars","tag-zene","tag-zenekar"],"jetpack_featured_media_url":"https:\/\/www.notebook.hu\/blog\/wp-content\/uploads\/2019\/09\/1.png","jetpack_shortlink":"https:\/\/wp.me\/p9xSLL-1jj","jetpack_sharing_enabled":true,"_links":{"self":[{"href":"https:\/\/www.notebook.hu\/blog\/wp-json\/wp\/v2\/posts\/5041","targetHints":{"allow":["GET"]}}],"collection":[{"href":"https:\/\/www.notebook.hu\/blog\/wp-json\/wp\/v2\/posts"}],"about":[{"href":"https:\/\/www.notebook.hu\/blog\/wp-json\/wp\/v2\/types\/post"}],"author":[{"embeddable":true,"href":"https:\/\/www.notebook.hu\/blog\/wp-json\/wp\/v2\/users\/1"}],"replies":[{"embeddable":true,"href":"https:\/\/www.notebook.hu\/blog\/wp-json\/wp\/v2\/comments?post=5041"}],"version-history":[{"count":4,"href":"https:\/\/www.notebook.hu\/blog\/wp-json\/wp\/v2\/posts\/5041\/revisions"}],"predecessor-version":[{"id":5070,"href":"https:\/\/www.notebook.hu\/blog\/wp-json\/wp\/v2\/posts\/5041\/revisions\/5070"}],"wp:featuredmedia":[{"embeddable":true,"href":"https:\/\/www.notebook.hu\/blog\/wp-json\/wp\/v2\/media\/5042"}],"wp:attachment":[{"href":"https:\/\/www.notebook.hu\/blog\/wp-json\/wp\/v2\/media?parent=5041"}],"wp:term":[{"taxonomy":"category","embeddable":true,"href":"https:\/\/www.notebook.hu\/blog\/wp-json\/wp\/v2\/categories?post=5041"},{"taxonomy":"post_tag","embeddable":true,"href":"https:\/\/www.notebook.hu\/blog\/wp-json\/wp\/v2\/tags?post=5041"}],"curies":[{"name":"wp","href":"https:\/\/api.w.org\/{rel}","templated":true}]}}