{"id":4996,"date":"2019-09-11T11:52:05","date_gmt":"2019-09-11T09:52:05","guid":{"rendered":"https:\/\/www.notebook.hu\/blog\/?p=4996"},"modified":"2019-09-23T13:23:34","modified_gmt":"2019-09-23T11:23:34","slug":"asus-rog-strix-g-g531gu-teszt","status":"publish","type":"post","link":"https:\/\/www.notebook.hu\/blog\/asus-rog-strix-g-g531gu-teszt\/","title":{"rendered":"Asus ROG Strix G G531GU teszt | a t\u00f6k\u00e9letes kistes\u00f3"},"content":{"rendered":"\n<figure class=\"wp-block-image is-resized\"><img loading=\"lazy\" decoding=\"async\" data-attachment-id=\"5012\" data-permalink=\"https:\/\/www.notebook.hu\/blog\/asus-rog-strix-g-g531gu-teszt\/20190911_notebookhu_blog_poszt_thumbnailpsd_01_v1-3\/\" data-orig-file=\"https:\/\/www.notebook.hu\/blog\/wp-content\/uploads\/2019\/09\/20190911_notebookhu_blog_poszt_thumbnailpsd_01_v1-3.png\" data-orig-size=\"768,402\" data-comments-opened=\"0\" data-image-meta=\"{&quot;aperture&quot;:&quot;0&quot;,&quot;credit&quot;:&quot;&quot;,&quot;camera&quot;:&quot;&quot;,&quot;caption&quot;:&quot;&quot;,&quot;created_timestamp&quot;:&quot;0&quot;,&quot;copyright&quot;:&quot;&quot;,&quot;focal_length&quot;:&quot;0&quot;,&quot;iso&quot;:&quot;0&quot;,&quot;shutter_speed&quot;:&quot;0&quot;,&quot;title&quot;:&quot;&quot;,&quot;orientation&quot;:&quot;0&quot;}\" data-image-title=\"20190911_notebookhu_blog_poszt_thumbnailpsd_01_v1-3\" data-image-description=\"\" data-image-caption=\"\" data-medium-file=\"https:\/\/www.notebook.hu\/blog\/wp-content\/uploads\/2019\/09\/20190911_notebookhu_blog_poszt_thumbnailpsd_01_v1-3-300x157.png\" data-large-file=\"https:\/\/www.notebook.hu\/blog\/wp-content\/uploads\/2019\/09\/20190911_notebookhu_blog_poszt_thumbnailpsd_01_v1-3.png\" src=\"https:\/\/www.notebook.hu\/blog\/wp-content\/uploads\/2019\/09\/20190911_notebookhu_blog_poszt_thumbnailpsd_01_v1-3.png\" alt=\"\" class=\"wp-image-5012\" width=\"512\" height=\"268\" srcset=\"https:\/\/www.notebook.hu\/blog\/wp-content\/uploads\/2019\/09\/20190911_notebookhu_blog_poszt_thumbnailpsd_01_v1-3.png 768w, https:\/\/www.notebook.hu\/blog\/wp-content\/uploads\/2019\/09\/20190911_notebookhu_blog_poszt_thumbnailpsd_01_v1-3-300x157.png 300w\" sizes=\"auto, (max-width: 512px) 100vw, 512px\" \/><\/figure>\n\n\n\n<p><strong>Val\u00f3sz\u00edn\u0171leg nem mondunk azzal senkinek sem \u00fajat, ha kijelentj\u00fck, hogy az ASUS m\u00e1r r\u00e9g\u00f3ta a j\u00f3 min\u0151s\u00e9g\u0171 gamer notebookjair\u00f3l h\u00edres. Most \u0151sszel pedig az eddigi verzi\u00f3k mell\u00e9 egy \u00fajabb vonal csatlakozott a \u201ekis\u201d csal\u00e1dba. A sz\u00f3ban forg\u00f3 Asus ROG Strix G egyb\u0151l elvar\u00e1zsolt minket kin\u00e9zet\u00e9vel, meg azzal, hogy a k\u00f6zkedvelt ROG SCAR megfizethet\u0151bb verzi\u00f3jak\u00e9nt ker\u00fclt a piacra. De ne t\u00e9vesszen meg senkit a m\u00e1r szinte megszokottnak mondhat\u00f3 led-f\u00e9nyben \u00fasz\u00f3 g\u00e9pezet: az Asus \u00fajdons\u00e1ga videok\u00e1rty\u00e1j\u00e1nak k\u00f6sz\u00f6nhet\u0151en egy \u00fajabb szintre emelkedett a gamer notebookok k\u00f6z\u00f6tt.<\/strong><\/p>\n\n\n\n<p><strong>A k\u00fcls\u0151 | sz\u00ednkavalk\u00e1d \u00e9s szigor\u00fa funkcionalit\u00e1s <\/strong><\/p>\n\n\n\n<p>Ahogyan a legt\u00f6bb sz\u00e1m\u00edt\u00f3g\u00e9pes j\u00e1t\u00e9k eset\u00e9ben is fontos az\nel\u0151j\u00e1t\u00e9k\/tutorial \u00edgy mi is szeretn\u00e9nk a g\u00e9p csomagol\u00e1s\u00e1val kezdeni\nelemz\u00e9s\u00fcnket. A notebook el\u0151deihez hasonl\u00f3an egy matt fekete dobozban \u00e9rkezik\nmegrendel\u0151j\u00e9hez, amelyen a m\u00e1r megszokottnak mondhat\u00f3 ASUS \u201ebe\u00fct\u00e9sek\u201d\nl\u00e1that\u00f3ak. F\u00e9nycs\u00edkok a sziv\u00e1rv\u00e1ny minden \u00e1rnyalat\u00e1ban illetve a g\u00e9p neve, a\nmattb\u00f3l kiemelked\u0151 f\u00e9nyes finissel. Teh\u00e1t m\u00e1r a csomagol\u00e1ssal megkapunk minden\nolyan design-elemet, amit egy gamer notebookt\u00f3l v\u00e1runk. A doboz felnyit\u00e1s\u00e1t\nk\u00f6vet\u0151en egyb\u0151l megpillantjuk a g\u00e9pet, amelyet kiv\u00e9ve egy h\u00e1rom rekeszes t\u00e1rol\u00f3ban\nrejtett\u00e9k el a fejleszt\u0151k a 66 wattos t\u00f6lt\u0151t illetve a g\u00e9p le\u00edr\u00e1s\u00e1t.<\/p>\n\n\n\n<figure class=\"wp-block-image\"><img loading=\"lazy\" decoding=\"async\" width=\"1024\" height=\"576\" data-attachment-id=\"4998\" data-permalink=\"https:\/\/www.notebook.hu\/blog\/asus-rog-strix-g-g531gu-teszt\/y2ma0001\/\" data-orig-file=\"https:\/\/www.notebook.hu\/blog\/wp-content\/uploads\/2019\/09\/y2ma0001.jpg\" data-orig-size=\"1920,1080\" data-comments-opened=\"0\" data-image-meta=\"{&quot;aperture&quot;:&quot;0&quot;,&quot;credit&quot;:&quot;&quot;,&quot;camera&quot;:&quot;&quot;,&quot;caption&quot;:&quot;&quot;,&quot;created_timestamp&quot;:&quot;0&quot;,&quot;copyright&quot;:&quot;&quot;,&quot;focal_length&quot;:&quot;0&quot;,&quot;iso&quot;:&quot;0&quot;,&quot;shutter_speed&quot;:&quot;0&quot;,&quot;title&quot;:&quot;&quot;,&quot;orientation&quot;:&quot;1&quot;}\" data-image-title=\"y2ma0001\" data-image-description=\"\" data-image-caption=\"\" data-medium-file=\"https:\/\/www.notebook.hu\/blog\/wp-content\/uploads\/2019\/09\/y2ma0001-300x169.jpg\" data-large-file=\"https:\/\/www.notebook.hu\/blog\/wp-content\/uploads\/2019\/09\/y2ma0001-1024x576.jpg\" src=\"https:\/\/www.notebook.hu\/blog\/wp-content\/uploads\/2019\/09\/y2ma0001-1024x576.jpg\" alt=\"\" class=\"wp-image-4998\" srcset=\"https:\/\/www.notebook.hu\/blog\/wp-content\/uploads\/2019\/09\/y2ma0001-1024x576.jpg 1024w, https:\/\/www.notebook.hu\/blog\/wp-content\/uploads\/2019\/09\/y2ma0001-300x169.jpg 300w, https:\/\/www.notebook.hu\/blog\/wp-content\/uploads\/2019\/09\/y2ma0001-768x432.jpg 768w, https:\/\/www.notebook.hu\/blog\/wp-content\/uploads\/2019\/09\/y2ma0001.jpg 1920w\" sizes=\"auto, (max-width: 1024px) 100vw, 1024px\" \/><\/figure>\n\n\n\n<p>Az els\u0151 \u00e9s tal\u00e1n leggyorsabban szembet\u0171n\u0151 \u00faj\u00edt\u00e1s a notebook k\u00fclsej\u00e9n az,\nhogy nem rendelkezik elt\u00falzott vonalakkal. A fejleszt\u0151k megpr\u00f3b\u00e1ltak szigor\u00faan\nmindent a funkcionalit\u00e1s jegy\u00e9ben kialak\u00edtani. \u00cdgy a m\u00e1r \u201ej\u00f3l\u201d megszokott plusz\n\u00e9s f\u00f6l\u00f6sleges helyeknek b\u00facs\u00fat intve t\u00e9nyleg csak azt kapjuk, amire sz\u00fcks\u00e9g\u00fcnk\nvan. A kijelz\u0151 v\u00e9kony k\u00e1v\u00e1inak k\u00f6sz\u00f6nhet\u0151en p\u00e9ld\u00e1ul m\u00e1r kev\u00e9sb\u00e9 kell tartani\natt\u00f3l, hogy nem f\u00e9r bele az \u00e1ltalunk v\u00e1lasztott t\u00e1sk\u00e1ba. De ez a megold\u00e1s arra\nis j\u00f3, hogy m\u00e9g nagyobbnak t\u0171nj\u00f6n a FullHD (1920 x 1080) kijelz\u0151. Ami mellett\nazonban nem tudunk sz\u00f3 n\u00e9lk\u00fcl elmenni, ugyanis sok felhaszn\u00e1l\u00f3 sz\u00e1m\u00e1ra furcsa\nlesz az, hogy nem kapott a notebook k\u00fcl\u00f6n numerikus billenty\u0171zet panelt. Ezt a\nfejleszt\u0151k nagyon \u00fcgyesen a touchpad-en oldott\u00e1k meg. Ott egy gomb\nmegnyom\u00e1s\u00e1val elkezd vil\u00e1g\u00edtani a touchpad-en kialak\u00edtott numerikus r\u00e9sz \u00e9s m\u00e1r\nlehet is haszn\u00e1lni. Ezzel rengeteg helyet sp\u00f3roltak meg a notebook billenty\u0171zet\u00e9n,\nilletve \u00edgy egyszer\u0171bben is haszn\u00e1lhat\u00f3 ez a funkci\u00f3, mivel jobban k\u00e9zre esnek\na sz\u00e1mok. A g\u00e9pet ezen megold\u00e1s ellen\u00e9re is teljesen \u00e1thatja a letisztults\u00e1g\n\u00e9rzete, ami els\u0151 sorban a s\u00f6t\u00e9tsz\u00fcrke sz\u00e1lcsiszolt bor\u00edt\u00e1snak k\u00f6sz\u00f6nhet\u0151, de az is j\u00f3csk\u00e1n k\u00f6zre j\u00e1tszik, hogy most\nt\u00e9nyleg nem tal\u00e1lhatunk \u00fcresen hagyott fel\u00fcleteket rajta.<\/p>\n\n\n\n<figure class=\"wp-block-image\"><img loading=\"lazy\" decoding=\"async\" width=\"1024\" height=\"576\" data-attachment-id=\"5002\" data-permalink=\"https:\/\/www.notebook.hu\/blog\/asus-rog-strix-g-g531gu-teszt\/y2ma0322-1\/\" data-orig-file=\"https:\/\/www.notebook.hu\/blog\/wp-content\/uploads\/2019\/09\/y2ma0322-1.jpg\" data-orig-size=\"1920,1080\" data-comments-opened=\"0\" data-image-meta=\"{&quot;aperture&quot;:&quot;0&quot;,&quot;credit&quot;:&quot;&quot;,&quot;camera&quot;:&quot;&quot;,&quot;caption&quot;:&quot;&quot;,&quot;created_timestamp&quot;:&quot;0&quot;,&quot;copyright&quot;:&quot;&quot;,&quot;focal_length&quot;:&quot;0&quot;,&quot;iso&quot;:&quot;0&quot;,&quot;shutter_speed&quot;:&quot;0&quot;,&quot;title&quot;:&quot;&quot;,&quot;orientation&quot;:&quot;1&quot;}\" data-image-title=\"y2ma0322-1\" data-image-description=\"\" data-image-caption=\"\" data-medium-file=\"https:\/\/www.notebook.hu\/blog\/wp-content\/uploads\/2019\/09\/y2ma0322-1-300x169.jpg\" data-large-file=\"https:\/\/www.notebook.hu\/blog\/wp-content\/uploads\/2019\/09\/y2ma0322-1-1024x576.jpg\" src=\"https:\/\/www.notebook.hu\/blog\/wp-content\/uploads\/2019\/09\/y2ma0322-1-1024x576.jpg\" alt=\"\" class=\"wp-image-5002\" srcset=\"https:\/\/www.notebook.hu\/blog\/wp-content\/uploads\/2019\/09\/y2ma0322-1-1024x576.jpg 1024w, https:\/\/www.notebook.hu\/blog\/wp-content\/uploads\/2019\/09\/y2ma0322-1-300x169.jpg 300w, https:\/\/www.notebook.hu\/blog\/wp-content\/uploads\/2019\/09\/y2ma0322-1-768x432.jpg 768w, https:\/\/www.notebook.hu\/blog\/wp-content\/uploads\/2019\/09\/y2ma0322-1.jpg 1920w\" sizes=\"auto, (max-width: 1024px) 100vw, 1024px\" \/><\/figure>\n\n\n\n<p>A notebookot a legt\u00f6bb gamer laptophoz hasonl\u00f3an felszerelt\u00e9k j\u00f3 p\u00e1r\nf\u00e9nyforr\u00e1ssal is. Vil\u00e1g\u00edt\u00f3 log\u00f3, t\u00f6bb sz\u00ednben pomp\u00e1z\u00f3 billenty\u0171zet jellemzi a\nszerkezetet. S\u0151t m\u00e9g egy als\u00f3 led-cs\u00edkot is kapott a g\u00e9p, aminek sz\u00edne\nmegegyezik az \u00e9ppen a billenty\u0171zeten is megtal\u00e1lhat\u00f3 \u00e1rnyalattal. Abban m\u00e1r\nmost biztosak vagyunk, hogy \u00e9jszaka igen meghat\u00e1roz\u00f3 \u00e9lm\u00e9ny lesz ezen a notebookon\nj\u00e1tszani, hiszen nemcsak a sz\u00ednek, a f\u00e9ny er\u0151ss\u00e9ge, de m\u00e9g az is \u00e1ll\u00edthat\u00f3\nrajta, hogy mindez milyen \u00fctemben v\u00e1ltozzon, pulz\u00e1ljon. A ROG Strix G az eddigi\nASUS gamer notebookokhoz hasonl\u00f3an is kapott egy olyan gombot, aminek\nmegnyom\u00e1s\u00e1val k\u00f6nnyen el lehet \u00e9rni azt a programot, ahol mindezt be lehet\n\u00e1ll\u00edtani, \u00edgy nem kell hatalmas tud\u00e1s \u00e9s hossz\u00fa le\u00edr\u00e1s a f\u00e9nyek kezel\u00e9s\u00e9hez\nsem. <\/p>\n\n\n\n<p><strong>Kijelz\u0151 \u00e9s eszk\u00f6zt\u00e1r |<\/strong> <strong>a kezek v\u00e9delm\u00e9ben<\/strong><\/p>\n\n\n\n<p>A g\u00e9p h\u00e1tulj\u00e1n egy Ethernet bemenet, egy HDMI, egy USB-C 3.1-es bemenet tal\u00e1lhat\u00f3 illetve a notebook t\u00f6lt\u0151j\u00e9t is ide lehet bedugni. A g\u00e9p bal oldal\u00e1n pedig h\u00e1rom darab USB 3.1-es portot \u00e9s egy JACK dug\u00f3t helyeztek el a fejleszt\u0151k. Az ASUS ROG Strix G eset\u00e9ben a notebook jobb oldal\u00e1n nem tal\u00e1lhat\u00f3 egy port sem, ami lehet picit szokatlan lesz els\u0151re a felhaszn\u00e1l\u00f3k sz\u00e1m\u00e1ra, azonban kellett az itt megtal\u00e1lhat\u00f3 hely a k\u00e9sz\u00edt\u0151knek, ugyanis ide ker\u00fclt az egyik h\u0171t\u00e9si-kimenetet. Annak \u00e9rdek\u00e9ben pedig, hogy a vev\u0151k ne \u201es\u00fcss\u00e9k\u201d meg magukat ezzel a kimenettel megpr\u00f3b\u00e1ltak minden fontos dolgot \u00e1tpakolni a m\u00e1sik oldalra.<\/p>\n\n\n\n<p class=\"has-background has-pale-cyan-blue-background-color\"><strong><em>\u00c9rdekelne vide\u00f3s teszt\u00fcnk is az <a href=\"https:\/\/www.notebook.hu\/asus-rog-strix-iii-g531gu-g531gu-al001\">ASUS ROG STRIX G<\/a>-r\u0151l? Tess\u00e9k!<\/em><\/strong><\/p>\n\n\n\n<figure class=\"wp-block-embed-youtube wp-block-embed is-type-video is-provider-youtube wp-embed-aspect-16-9 wp-has-aspect-ratio\"><div class=\"wp-block-embed__wrapper\">\n<iframe loading=\"lazy\" title=\"ASUS ROG Strix G531GU teszt | A t\u00f6k\u00e9letes kistes\u00f3\" width=\"618\" height=\"348\" src=\"https:\/\/www.youtube.com\/embed\/inq52BLEftk?feature=oembed\" frameborder=\"0\" allow=\"accelerometer; autoplay; clipboard-write; encrypted-media; gyroscope; picture-in-picture; web-share\" referrerpolicy=\"strict-origin-when-cross-origin\" allowfullscreen><\/iframe>\n<\/div><\/figure>\n\n\n\n<p> <strong>Teljes\u00edtm\u00e9ny |<\/strong> <strong> nagy er\u0151 egy \u201ekis\u201d g\u00e9pben<\/strong><\/p>\n\n\n\n<p>A notebook belsej\u00e9nek vizsg\u00e1lat\u00e1t\nkezdj\u00fck a speci\u00e1lisan a Wi-Fi jel meger\u0151s\u00edt\u00e9s\u00e9re kialak\u00edtott RangeBoost\ntechnol\u00f3gi\u00e1val. Ennek a technik\u00e1nak k\u00f6sz\u00f6nhet\u0151en a g\u00e9p algoritmusa kisz\u00e1molja,\nhogy a notebook-ban megtal\u00e1lhat\u00f3 n\u00e9gy t\u00e1rcsa k\u00f6z\u00fcl melyik kett\u0151 az, amelyik a\nlegjobb teljes\u00edtm\u00e9nyt ny\u00fajtja. Ezzel minimaliz\u00e1lva a lefedetlen ter\u00fcletet \u00e9s\nak\u00e1r 30%-al n\u00f6velve a vezet\u00e9k n\u00e9lk\u00fcli lefedetts\u00e9get.&nbsp; Term\u00e9szetesen ebben a szekci\u00f3ban besz\u00e9ln\u00fcnk\nkell a videok\u00e1rtya specifik\u00e1ci\u00f3ir\u00f3l is. A notebookban egy Nvidia GeForce GTX\n1660 Ti tal\u00e1lhat\u00f3, ami nem olyan r\u00e9gen ker\u00fclt be a piacra. Az \u00fajdons\u00e1g els\u0151sorban\na GeForce GTX 1060 videok\u00e1rty\u00e1k lev\u00e1lt\u00e1s\u00e1ra szolg\u00e1lt, de ezen mi nem is tudunk\ncsod\u00e1lkozni, ugyanis minimum 30%-al jobban teljes\u00edt, mint a 1060. Sokkal\nfelhaszn\u00e1l\u00f3 \u00e9s p\u00e9nzt\u00e1rca bar\u00e1tabb, mint p\u00e9ld\u00e1ul az RTX 2060, viszont\nmin\u0151s\u00e9g\u00e9ben \u00e9s teljes\u00edtm\u00e9ny\u00e9ben k\u00f6nnyed\u00e9n fel tudja venni vele a versenyt.\nMindent egybevetve egy igen j\u00f3 videok\u00e1rtya ker\u00fclt a notebook-ba, ami a leg\u00fajabb\nj\u00e1t\u00e9kokat is k\u00f6nnyed\u00e9n futtatni fogja majd. Ezen k\u00edv\u00fcl tal\u00e1lhatunk m\u00e9g itt egy\nkilencedik gener\u00e1ci\u00f3s Intel Core i7-9750H processzort, ami alapbe\u00e1ll\u00edt\u00e1sokkal\n2,6 GHz-en megy, de ak\u00e1r 4,5 GHz-ig is ki lehet h\u00fazni. Term\u00e9szetesen a laptopban\nvan m\u00e9g egy 8 GB-os DDR4-es RAM \u00e9s egy 512 GB-os merevlemez is. <\/p>\n\n\n\n<figure class=\"wp-block-image\"><img loading=\"lazy\" decoding=\"async\" width=\"1024\" height=\"576\" data-attachment-id=\"5000\" data-permalink=\"https:\/\/www.notebook.hu\/blog\/asus-rog-strix-g-g531gu-teszt\/y2ma0413\/\" data-orig-file=\"https:\/\/www.notebook.hu\/blog\/wp-content\/uploads\/2019\/09\/y2ma0413.jpg\" data-orig-size=\"1920,1080\" data-comments-opened=\"0\" data-image-meta=\"{&quot;aperture&quot;:&quot;0&quot;,&quot;credit&quot;:&quot;&quot;,&quot;camera&quot;:&quot;&quot;,&quot;caption&quot;:&quot;&quot;,&quot;created_timestamp&quot;:&quot;0&quot;,&quot;copyright&quot;:&quot;&quot;,&quot;focal_length&quot;:&quot;0&quot;,&quot;iso&quot;:&quot;0&quot;,&quot;shutter_speed&quot;:&quot;0&quot;,&quot;title&quot;:&quot;&quot;,&quot;orientation&quot;:&quot;1&quot;}\" data-image-title=\"y2ma0413\" data-image-description=\"\" data-image-caption=\"\" data-medium-file=\"https:\/\/www.notebook.hu\/blog\/wp-content\/uploads\/2019\/09\/y2ma0413-300x169.jpg\" data-large-file=\"https:\/\/www.notebook.hu\/blog\/wp-content\/uploads\/2019\/09\/y2ma0413-1024x576.jpg\" src=\"https:\/\/www.notebook.hu\/blog\/wp-content\/uploads\/2019\/09\/y2ma0413-1024x576.jpg\" alt=\"\" class=\"wp-image-5000\" srcset=\"https:\/\/www.notebook.hu\/blog\/wp-content\/uploads\/2019\/09\/y2ma0413-1024x576.jpg 1024w, https:\/\/www.notebook.hu\/blog\/wp-content\/uploads\/2019\/09\/y2ma0413-300x169.jpg 300w, https:\/\/www.notebook.hu\/blog\/wp-content\/uploads\/2019\/09\/y2ma0413-768x432.jpg 768w, https:\/\/www.notebook.hu\/blog\/wp-content\/uploads\/2019\/09\/y2ma0413.jpg 1920w\" sizes=\"auto, (max-width: 1024px) 100vw, 1024px\" \/><\/figure>\n\n\n\n<p>De nem szabad megfeledkezn\u00fcnk a notebook\nhangj\u00e1t ad\u00f3, 2 wattos be\u00e9p\u00edtett hangsz\u00f3r\u00f3kr\u00f3l sem. A Strix G-be a fejleszt\u0151k\noldal ir\u00e1ny\u00faan helyezt\u00e9k el ezeket, aminek seg\u00edts\u00e9g\u00e9vel a felhaszn\u00e1l\u00f3 k\u00f6nnyen\n\u00fagy \u00e9rezheti, hogy a csata k\u00f6zep\u00e9be cs\u00f6ppent. Tov\u00e1bb\u00e1 olyan val\u00f3s idej\u0171\nkorrekci\u00f3k zajlanak le egy hang kiad\u00e1sakor, amivel az adott hanghat\u00e1st sokkal\nnagyobb teljes\u00edtm\u00e9nnyel, t\u00f6bb basszussal \u00e9s kisebb zajtorz\u00edt\u00e1ssal hallja\nviszont a felhaszn\u00e1l\u00f3.<\/p>\n\n\n\n<p>Fontos m\u00e9g besz\u00e9ln\u00fcnk a notebook h\u0171t\u00e9s\u00e9r\u0151l\nis, mivel egy el\u00e9g komoly rendszerr\u0151l besz\u00e9l\u00fcnk m\u00e1r csak a videok\u00e1rty\u00e1t \u00e9s a\nprocesszort figyelembe v\u00e9ve is, amelynek karbantart\u00e1sa \u2013 amibe bele tartozik a\nh\u0151elvezet\u00e9s is &#8211; nagy odafigyel\u00e9st ig\u00e9nyel. A ROG Strix G eset\u00e9ben azonban ezt\nis k\u00f6nnyed\u00e9n meg tudt\u00e1k oldani: a notebook-ot alapb\u00f3l j\u00f3l szell\u0151z\u0151v\u00e9 tett\u00e9k,\ns\u0151t m\u00e9g egy \u00f6ntiszt\u00edt\u00f3 funkci\u00f3t is bele\u00e9p\u00edtettek (kil\u00f6ki mag\u00e1b\u00f3l a koszt) ezzel\nny\u00fajtva a g\u00e9p \u00e9lettartam\u00e1t. Igaz, hogy els\u0151re kicsit hangosnak t\u0171nhet a h\u0171t\u00e9s,\nde valamit valami\u00e9rt alapon meg kell b\u00e9k\u00fclnie ezzel a felhaszn\u00e1l\u00f3nak.<\/p>\n\n\n\n<p>V\u00e9g\u00fcl, de nem utols\u00f3 sorban a g\u00e9p\nt\u00f6lt\u00e9s n\u00e9lk\u00fcli \u201e\u00e9lettartam\u00e1t\u201d is \u00e9rdemes k\u00f6zelebbr\u0151l megn\u00e9zn\u00fcnk. A gy\u00e1rt\u00f3\n\u00edg\u00e9retei itt sem nyomnak sokat a latba, mivel haszn\u00e1lat k\u00f6zben rengeteg program\nak\u00e1r a t\u00f6bbsz\u00f6r\u00f6s\u00e9t is elveheti az energi\u00e1nak, mint az pap\u00edron kisz\u00e1molva. J\u00f3\nh\u00edr azonban, hogy m\u00e9g \u00edgy is b\u00edr n\u00e9gy-\u00f6t \u00f3r\u00e1t t\u00f6lt\u00e9s n\u00e9lk\u00fcl, att\u00f3l f\u00fcgg\u0151en,\nhogy mennyire veszi ig\u00e9nybe a notebookot az \u00e1ltalunk haszn\u00e1lt program. Teljesen\nlemer\u00fclt \u00e1llapotr\u00f3l 100%-os t\u00f6lt\u00f6tts\u00e9gre alig m\u00e1sf\u00e9l \u00f3ra alatt tud felt\u00f6lteni,\n\u00edgy akkor sem kell majd agg\u00f3dnunk, ha esetleg a j\u00e1t\u00e9k hev\u00e9ben nem\nkoncentr\u00e1ltunk annyira, a t\u00f6lt\u00f6tts\u00e9gi szintre.<\/p>\n\n\n\n<figure class=\"wp-block-image\"><img loading=\"lazy\" decoding=\"async\" width=\"1024\" height=\"576\" data-attachment-id=\"5001\" data-permalink=\"https:\/\/www.notebook.hu\/blog\/asus-rog-strix-g-g531gu-teszt\/y2ma3869\/\" data-orig-file=\"https:\/\/www.notebook.hu\/blog\/wp-content\/uploads\/2019\/09\/y2ma3869.jpg\" data-orig-size=\"1920,1080\" data-comments-opened=\"0\" data-image-meta=\"{&quot;aperture&quot;:&quot;0&quot;,&quot;credit&quot;:&quot;&quot;,&quot;camera&quot;:&quot;&quot;,&quot;caption&quot;:&quot;&quot;,&quot;created_timestamp&quot;:&quot;0&quot;,&quot;copyright&quot;:&quot;&quot;,&quot;focal_length&quot;:&quot;0&quot;,&quot;iso&quot;:&quot;0&quot;,&quot;shutter_speed&quot;:&quot;0&quot;,&quot;title&quot;:&quot;&quot;,&quot;orientation&quot;:&quot;1&quot;}\" data-image-title=\"y2ma3869\" data-image-description=\"\" data-image-caption=\"\" data-medium-file=\"https:\/\/www.notebook.hu\/blog\/wp-content\/uploads\/2019\/09\/y2ma3869-300x169.jpg\" data-large-file=\"https:\/\/www.notebook.hu\/blog\/wp-content\/uploads\/2019\/09\/y2ma3869-1024x576.jpg\" src=\"https:\/\/www.notebook.hu\/blog\/wp-content\/uploads\/2019\/09\/y2ma3869-1024x576.jpg\" alt=\"\" class=\"wp-image-5001\" srcset=\"https:\/\/www.notebook.hu\/blog\/wp-content\/uploads\/2019\/09\/y2ma3869-1024x576.jpg 1024w, https:\/\/www.notebook.hu\/blog\/wp-content\/uploads\/2019\/09\/y2ma3869-300x169.jpg 300w, https:\/\/www.notebook.hu\/blog\/wp-content\/uploads\/2019\/09\/y2ma3869-768x432.jpg 768w, https:\/\/www.notebook.hu\/blog\/wp-content\/uploads\/2019\/09\/y2ma3869.jpg 1920w\" sizes=\"auto, (max-width: 1024px) 100vw, 1024px\" \/><\/figure>\n\n\n\n<p> <strong>\u00d6sszefoglal\u00e1s<\/strong> |<strong> egy \u00fajabb megfizethet\u0151 \u00e9s j\u00f3 gamer notebook van a piacon!<\/strong><\/p>\n\n\n\n<p>Nagyzol\u00e1snak t\u0171nhet a kijelent\u00e9s, de\nmi t\u00e9nyleg \u00edgy gondoljuk. Az ASUS ROG Strix G egy nagyon j\u00f3 megold\u00e1s lesz azok\nsz\u00e1m\u00e1ra, akik nem akarnak asztali sz\u00e1m\u00edt\u00f3g\u00e9pbe befektetni, mert p\u00e9ld\u00e1ul sokat\nutaznak, vagy esetleg nem akarj\u00e1k elv\u00e1lasztani a munk\u00e1hoz haszn\u00e1lt g\u00e9p\u00fcket a\nj\u00e1t\u00e9kost\u00f3l. Az <strong>Asus ROG Strix G<\/strong> egy\nid\u0151t\u00e1ll\u00f3 megold\u00e1s lesz sz\u00e1mukra, a mostani piacon megtal\u00e1lhat\u00f3 leg\u00fajabb\ntechnol\u00f3gi\u00e1kkal, r\u00e1ad\u00e1sul designosan, \u201eg\u00e9meresen\u201d.<\/p>\n\n\n\n<p class=\"has-background has-pale-cyan-blue-background-color\"><strong><em>\u00c9rdekelne a&nbsp;<\/em><\/strong><a href=\"https:\/\/www.notebook.hu\/asus-rog-strix-iii-g531gu-g531gu-al001\"> <\/a><strong><em><a href=\"https:\/\/www.notebook.hu\/asus-rog-strix-iii-g531gu-g531gu-al001\">ASUS ROG STRIX G<\/a><\/em><\/strong> <strong><em>? Szerezd be a webshopunkb\u00f3l!<\/em><\/strong><\/p>\n","protected":false},"excerpt":{"rendered":"<p>Val\u00f3sz\u00edn\u0171leg nem mondunk azzal senkinek sem \u00fajat, ha kijelentj\u00fck, hogy az ASUS m\u00e1r r\u00e9g\u00f3ta a j\u00f3 min\u0151s\u00e9g\u0171 gamer notebookjair\u00f3l h\u00edres. Most \u0151sszel pedig az eddigi verzi\u00f3k mell\u00e9 egy \u00fajabb vonal csatlakozott a \u201ekis\u201d csal\u00e1dba. A sz\u00f3ban forg\u00f3 Asus ROG Strix G egyb\u0151l elvar\u00e1zsolt minket kin\u00e9zet\u00e9vel, meg azzal, hogy a k\u00f6zkedvelt ROG SCAR megfizethet\u0151bb verzi\u00f3jak\u00e9nt ker\u00fclt &hellip;<\/p>\n","protected":false},"author":1,"featured_media":5006,"comment_status":"closed","ping_status":"open","sticky":false,"template":"","format":"standard","meta":{"_jetpack_memberships_contains_paid_content":false,"footnotes":""},"categories":[1,43],"tags":[49,390,872,187,873,210],"class_list":["post-4996","post","type-post","status-publish","format-standard","has-post-thumbnail","","category-egyeb","category-tesztek","tag-asus","tag-asus-rog","tag-asus-strix","tag-gamer","tag-gamer-laptop","tag-gamer-notebook"],"jetpack_featured_media_url":"https:\/\/www.notebook.hu\/blog\/wp-content\/uploads\/2019\/09\/20190911_notebookhu_blog_poszt_thumbnailpsd_01_v1-1.png","jetpack_shortlink":"https:\/\/wp.me\/p9xSLL-1iA","jetpack_sharing_enabled":true,"_links":{"self":[{"href":"https:\/\/www.notebook.hu\/blog\/wp-json\/wp\/v2\/posts\/4996","targetHints":{"allow":["GET"]}}],"collection":[{"href":"https:\/\/www.notebook.hu\/blog\/wp-json\/wp\/v2\/posts"}],"about":[{"href":"https:\/\/www.notebook.hu\/blog\/wp-json\/wp\/v2\/types\/post"}],"author":[{"embeddable":true,"href":"https:\/\/www.notebook.hu\/blog\/wp-json\/wp\/v2\/users\/1"}],"replies":[{"embeddable":true,"href":"https:\/\/www.notebook.hu\/blog\/wp-json\/wp\/v2\/comments?post=4996"}],"version-history":[{"count":11,"href":"https:\/\/www.notebook.hu\/blog\/wp-json\/wp\/v2\/posts\/4996\/revisions"}],"predecessor-version":[{"id":5016,"href":"https:\/\/www.notebook.hu\/blog\/wp-json\/wp\/v2\/posts\/4996\/revisions\/5016"}],"wp:featuredmedia":[{"embeddable":true,"href":"https:\/\/www.notebook.hu\/blog\/wp-json\/wp\/v2\/media\/5006"}],"wp:attachment":[{"href":"https:\/\/www.notebook.hu\/blog\/wp-json\/wp\/v2\/media?parent=4996"}],"wp:term":[{"taxonomy":"category","embeddable":true,"href":"https:\/\/www.notebook.hu\/blog\/wp-json\/wp\/v2\/categories?post=4996"},{"taxonomy":"post_tag","embeddable":true,"href":"https:\/\/www.notebook.hu\/blog\/wp-json\/wp\/v2\/tags?post=4996"}],"curies":[{"name":"wp","href":"https:\/\/api.w.org\/{rel}","templated":true}]}}