{"id":4935,"date":"2019-08-30T10:08:24","date_gmt":"2019-08-30T08:08:24","guid":{"rendered":"https:\/\/www.notebook.hu\/blog\/?p=4935"},"modified":"2019-08-30T11:17:27","modified_gmt":"2019-08-30T09:17:27","slug":"legjobb-iskolai-kiegszitok","status":"publish","type":"post","link":"https:\/\/www.notebook.hu\/blog\/legjobb-iskolai-kiegszitok\/","title":{"rendered":"5+1 kieg\u00e9sz\u00edt\u0151, ami biztosan feldobja az iskolakezd\u00e9st"},"content":{"rendered":"\n<figure class=\"wp-block-image is-resized\"><img loading=\"lazy\" decoding=\"async\" data-attachment-id=\"4946\" data-permalink=\"https:\/\/www.notebook.hu\/blog\/legjobb-iskolai-kiegszitok\/group-of-students-talking-and-writing-at-school\/\" data-orig-file=\"https:\/\/www.notebook.hu\/blog\/wp-content\/uploads\/2019\/08\/35024640_l.jpg\" data-orig-size=\"3003,2002\" data-comments-opened=\"0\" data-image-meta=\"{&quot;aperture&quot;:&quot;2.8&quot;,&quot;credit&quot;:&quot;lev dolgachov&quot;,&quot;camera&quot;:&quot;Canon EOS 5D Mark III&quot;,&quot;caption&quot;:&quot;education, elementary school, learning and people concept - group of school kids with pens and papers writing in classroom&quot;,&quot;created_timestamp&quot;:&quot;1416063942&quot;,&quot;copyright&quot;:&quot;lev dolgachov&quot;,&quot;focal_length&quot;:&quot;85&quot;,&quot;iso&quot;:&quot;800&quot;,&quot;shutter_speed&quot;:&quot;0.00625&quot;,&quot;title&quot;:&quot;group of students talking and writing at school&quot;,&quot;orientation&quot;:&quot;1&quot;}\" data-image-title=\"group of students talking and writing at school\" data-image-description=\"\" data-image-caption=\"&lt;p&gt;education, elementary school, learning and people concept &#8211; group of school kids with pens and papers writing in classroom&lt;\/p&gt;\n\" data-medium-file=\"https:\/\/www.notebook.hu\/blog\/wp-content\/uploads\/2019\/08\/35024640_l-300x200.jpg\" data-large-file=\"https:\/\/www.notebook.hu\/blog\/wp-content\/uploads\/2019\/08\/35024640_l-1024x683.jpg\" src=\"https:\/\/www.notebook.hu\/blog\/wp-content\/uploads\/2019\/08\/35024640_l-1024x683.jpg\" alt=\"\" class=\"wp-image-4946\" width=\"512\" height=\"342\" srcset=\"https:\/\/www.notebook.hu\/blog\/wp-content\/uploads\/2019\/08\/35024640_l-1024x683.jpg 1024w, https:\/\/www.notebook.hu\/blog\/wp-content\/uploads\/2019\/08\/35024640_l-300x200.jpg 300w, https:\/\/www.notebook.hu\/blog\/wp-content\/uploads\/2019\/08\/35024640_l-768x512.jpg 768w\" sizes=\"auto, (max-width: 512px) 100vw, 512px\" \/><\/figure>\n\n\n\n<p><strong>Azzal val\u00f3sz\u00edn\u0171leg nem lep\u00fcnk meg senkit, hogy ha azt mondjuk, hivatalosan is itt az \u0151sz! A gy\u00f6ny\u00f6r\u0171 sz\u00ednekben pomp\u00e1z\u00f3 \u00e9s \u00e9ppen ez\u00e9rt sokak \u00e1ltal kedvelt \u00e9vszak hallat\u00e1n azonban rengeteg fiatal sz\u00edve \u00f6sszeszorul. De ez nem is csoda: ilyenkor kezd\u0151dik el az iskola, ami nem felt\u00e9tlen\u00fcl k\u00f6zkedvelt id\u0151t\u00f6lt\u00e9se a fiatalabb gener\u00e1ci\u00f3nak. Viszont mi azt tapasztaltuk, hogy ezt az id\u0151szakot is fel lehet dobni n\u00e9h\u00e1ny k\u00fcl\u00f6nleges kieg\u00e9sz\u00edt\u0151vel, \u00edgy el is hoztunk nektek hat olyan dolgot, amivel \u00e9lm\u00e9ny lesz az iskolakezd\u00e9s.<\/strong><\/p>\n\n\n\n<p><strong>Az es\u0151 \u00e9s \u00fcd\u00edt\u0151\u00e1ll\u00f3 t\u00e1ska<\/strong><\/p>\n\n\n\n<figure class=\"wp-block-image\"><img loading=\"lazy\" decoding=\"async\" width=\"967\" height=\"598\" data-attachment-id=\"4940\" data-permalink=\"https:\/\/www.notebook.hu\/blog\/legjobb-iskolai-kiegszitok\/attachment\/3\/\" data-orig-file=\"https:\/\/www.notebook.hu\/blog\/wp-content\/uploads\/2019\/08\/3.png\" data-orig-size=\"967,598\" data-comments-opened=\"0\" data-image-meta=\"{&quot;aperture&quot;:&quot;0&quot;,&quot;credit&quot;:&quot;&quot;,&quot;camera&quot;:&quot;&quot;,&quot;caption&quot;:&quot;&quot;,&quot;created_timestamp&quot;:&quot;0&quot;,&quot;copyright&quot;:&quot;&quot;,&quot;focal_length&quot;:&quot;0&quot;,&quot;iso&quot;:&quot;0&quot;,&quot;shutter_speed&quot;:&quot;0&quot;,&quot;title&quot;:&quot;&quot;,&quot;orientation&quot;:&quot;0&quot;}\" data-image-title=\"3\" data-image-description=\"\" data-image-caption=\"\" data-medium-file=\"https:\/\/www.notebook.hu\/blog\/wp-content\/uploads\/2019\/08\/3-300x186.png\" data-large-file=\"https:\/\/www.notebook.hu\/blog\/wp-content\/uploads\/2019\/08\/3.png\" src=\"https:\/\/www.notebook.hu\/blog\/wp-content\/uploads\/2019\/08\/3.png\" alt=\"\" class=\"wp-image-4940\" srcset=\"https:\/\/www.notebook.hu\/blog\/wp-content\/uploads\/2019\/08\/3.png 967w, https:\/\/www.notebook.hu\/blog\/wp-content\/uploads\/2019\/08\/3-300x186.png 300w, https:\/\/www.notebook.hu\/blog\/wp-content\/uploads\/2019\/08\/3-768x475.png 768w\" sizes=\"auto, (max-width: 967px) 100vw, 967px\" \/><\/figure>\n\n\n\n<p>Az iskolat\u00e1ska az egyik legfontosabb alkot\u00f3eleme a k\u00e9nyelmes\n\u00e9vkezd\u00e9snek. El\u00e9g furcs\u00e1n is n\u00e9zn\u00e9nek ki a di\u00e1kok m\u0171anyag szatyorba pakolt\nf\u00fczetekkel, k\u00f6nyvekkel. A fenti iskolat\u00e1ska azonban picivel k\u00fcl\u00f6nlegesebb, mint\naz \u00e1tlag: v\u00edz\u00e1ll\u00f3 fed\u0151r\u00e9teg\u00e9nek k\u00f6sz\u00f6nhet\u0151en megv\u00e9di a benne lapul\u00f3 dolgokat.\nS\u0151t olyan ny\u00edl\u00e1sokkal is rendelkezik, amelyb\u0151l a f\u00fclhallgat\u00f3d zsin\u00f3rj\u00e1t is ki\ntudod vezetni, \u00edgy nem kell folyton a kezedben, zsebedben tartanod azt. <\/p>\n\n\n\n<p><strong>Grafikus sz\u00e1mol\u00f3g\u00e9p, amivel matekzseni leszel<\/strong><\/p>\n\n\n\n<figure class=\"wp-block-image\"><img loading=\"lazy\" decoding=\"async\" width=\"1024\" height=\"536\" data-attachment-id=\"4939\" data-permalink=\"https:\/\/www.notebook.hu\/blog\/legjobb-iskolai-kiegszitok\/tiled-dfad0f6c\/\" data-orig-file=\"https:\/\/www.notebook.hu\/blog\/wp-content\/uploads\/2019\/08\/tiled-dfad0f6c.jpg\" data-orig-size=\"1910,1000\" data-comments-opened=\"0\" data-image-meta=\"{&quot;aperture&quot;:&quot;0&quot;,&quot;credit&quot;:&quot;&quot;,&quot;camera&quot;:&quot;&quot;,&quot;caption&quot;:&quot;&quot;,&quot;created_timestamp&quot;:&quot;0&quot;,&quot;copyright&quot;:&quot;&quot;,&quot;focal_length&quot;:&quot;0&quot;,&quot;iso&quot;:&quot;0&quot;,&quot;shutter_speed&quot;:&quot;0&quot;,&quot;title&quot;:&quot;&quot;,&quot;orientation&quot;:&quot;0&quot;}\" data-image-title=\"tiled-dfad0f6c\" data-image-description=\"\" data-image-caption=\"\" data-medium-file=\"https:\/\/www.notebook.hu\/blog\/wp-content\/uploads\/2019\/08\/tiled-dfad0f6c-300x157.jpg\" data-large-file=\"https:\/\/www.notebook.hu\/blog\/wp-content\/uploads\/2019\/08\/tiled-dfad0f6c-1024x536.jpg\" src=\"https:\/\/www.notebook.hu\/blog\/wp-content\/uploads\/2019\/08\/tiled-dfad0f6c-1024x536.jpg\" alt=\"\" class=\"wp-image-4939\" srcset=\"https:\/\/www.notebook.hu\/blog\/wp-content\/uploads\/2019\/08\/tiled-dfad0f6c-1024x536.jpg 1024w, https:\/\/www.notebook.hu\/blog\/wp-content\/uploads\/2019\/08\/tiled-dfad0f6c-300x157.jpg 300w, https:\/\/www.notebook.hu\/blog\/wp-content\/uploads\/2019\/08\/tiled-dfad0f6c-768x402.jpg 768w, https:\/\/www.notebook.hu\/blog\/wp-content\/uploads\/2019\/08\/tiled-dfad0f6c.jpg 1910w\" sizes=\"auto, (max-width: 1024px) 100vw, 1024px\" \/><\/figure>\n\n\n\n<p>Nem egyszer hallottuk m\u00e1r, hogy a matematika az egyik\nlegnehezebb tant\u00e1rgy, azonban ezzel az \u00fajfajta sz\u00e1mol\u00f3g\u00e9ppel biztos, hogy\npillanatok alatt megleszel a feladatokkal! A fels\u0151 320&#215;240 pixeles kijelz\u0151j\u00e9vel\negyszer\u0171en nyomon tudod k\u00f6vetni m\u00e9g a legbonyolultabb grafikonokat is 5\nk\u00fcl\u00f6nb\u00f6z\u0151 nyelven!<\/p>\n\n\n\n<p><strong>Virtu\u00e1lis klaviat\u00fara a szabadszellem\u0171 di\u00e1koknak<\/strong><\/p>\n\n\n\n<figure class=\"wp-block-image\"><img loading=\"lazy\" decoding=\"async\" width=\"700\" height=\"430\" data-attachment-id=\"4937\" data-permalink=\"https:\/\/www.notebook.hu\/blog\/legjobb-iskolai-kiegszitok\/magic_cube_laser_projection_keyboard_touchpad_celluon_jebiga\/\" data-orig-file=\"https:\/\/www.notebook.hu\/blog\/wp-content\/uploads\/2019\/08\/Magic_Cube_Laser_Projection_Keyboard_Touchpad_Celluon_Jebiga.jpg\" data-orig-size=\"700,430\" data-comments-opened=\"0\" data-image-meta=\"{&quot;aperture&quot;:&quot;0&quot;,&quot;credit&quot;:&quot;&quot;,&quot;camera&quot;:&quot;&quot;,&quot;caption&quot;:&quot;&quot;,&quot;created_timestamp&quot;:&quot;0&quot;,&quot;copyright&quot;:&quot;&quot;,&quot;focal_length&quot;:&quot;0&quot;,&quot;iso&quot;:&quot;0&quot;,&quot;shutter_speed&quot;:&quot;0&quot;,&quot;title&quot;:&quot;&quot;,&quot;orientation&quot;:&quot;0&quot;}\" data-image-title=\"Magic_Cube_Laser_Projection_Keyboard_Touchpad_Celluon_Jebiga\" data-image-description=\"\" data-image-caption=\"\" data-medium-file=\"https:\/\/www.notebook.hu\/blog\/wp-content\/uploads\/2019\/08\/Magic_Cube_Laser_Projection_Keyboard_Touchpad_Celluon_Jebiga-300x184.jpg\" data-large-file=\"https:\/\/www.notebook.hu\/blog\/wp-content\/uploads\/2019\/08\/Magic_Cube_Laser_Projection_Keyboard_Touchpad_Celluon_Jebiga.jpg\" src=\"https:\/\/www.notebook.hu\/blog\/wp-content\/uploads\/2019\/08\/Magic_Cube_Laser_Projection_Keyboard_Touchpad_Celluon_Jebiga.jpg\" alt=\"\" class=\"wp-image-4937\" srcset=\"https:\/\/www.notebook.hu\/blog\/wp-content\/uploads\/2019\/08\/Magic_Cube_Laser_Projection_Keyboard_Touchpad_Celluon_Jebiga.jpg 700w, https:\/\/www.notebook.hu\/blog\/wp-content\/uploads\/2019\/08\/Magic_Cube_Laser_Projection_Keyboard_Touchpad_Celluon_Jebiga-300x184.jpg 300w\" sizes=\"auto, (max-width: 700px) 100vw, 700px\" \/><\/figure>\n\n\n\n<p>Ha nem szeretsz sokat k\u00f6rm\u00f6lni, de nem akarsz mindig\nlaptopot bevinni az egyetemre, akkor ezt a ketyer\u00e9t neked tal\u00e1lt\u00e1k ki! Seg\u00edts\u00e9g\u00e9vel\naz \u00f6sszes olyan eszk\u00f6z\u00f6dbe tudsz \u00edrni, ami Bluetooth kapcsolattal \u00e9s\njegyzett\u00f6mbbel vagy Word-el rendelkezik.<\/p>\n\n\n\n<p><strong>K\u00f6nyvre szerelhet\u0151 l\u00e1mpa az \u00e9jszakai baglyoknak<\/strong><\/p>\n\n\n\n<figure class=\"wp-block-image\"><img loading=\"lazy\" decoding=\"async\" width=\"1024\" height=\"683\" data-attachment-id=\"4938\" data-permalink=\"https:\/\/www.notebook.hu\/blog\/legjobb-iskolai-kiegszitok\/81qoxrowrfl-_sl1500_\/\" data-orig-file=\"https:\/\/www.notebook.hu\/blog\/wp-content\/uploads\/2019\/08\/81QoxRoWRFL._SL1500_.jpg\" data-orig-size=\"1500,1000\" data-comments-opened=\"0\" data-image-meta=\"{&quot;aperture&quot;:&quot;0&quot;,&quot;credit&quot;:&quot;&quot;,&quot;camera&quot;:&quot;&quot;,&quot;caption&quot;:&quot;&quot;,&quot;created_timestamp&quot;:&quot;0&quot;,&quot;copyright&quot;:&quot;&quot;,&quot;focal_length&quot;:&quot;0&quot;,&quot;iso&quot;:&quot;0&quot;,&quot;shutter_speed&quot;:&quot;0&quot;,&quot;title&quot;:&quot;&quot;,&quot;orientation&quot;:&quot;0&quot;}\" data-image-title=\"81QoxRoWRFL._SL1500_\" data-image-description=\"\" data-image-caption=\"\" data-medium-file=\"https:\/\/www.notebook.hu\/blog\/wp-content\/uploads\/2019\/08\/81QoxRoWRFL._SL1500_-300x200.jpg\" data-large-file=\"https:\/\/www.notebook.hu\/blog\/wp-content\/uploads\/2019\/08\/81QoxRoWRFL._SL1500_-1024x683.jpg\" src=\"https:\/\/www.notebook.hu\/blog\/wp-content\/uploads\/2019\/08\/81QoxRoWRFL._SL1500_-1024x683.jpg\" alt=\"\" class=\"wp-image-4938\" srcset=\"https:\/\/www.notebook.hu\/blog\/wp-content\/uploads\/2019\/08\/81QoxRoWRFL._SL1500_-1024x683.jpg 1024w, https:\/\/www.notebook.hu\/blog\/wp-content\/uploads\/2019\/08\/81QoxRoWRFL._SL1500_-300x200.jpg 300w, https:\/\/www.notebook.hu\/blog\/wp-content\/uploads\/2019\/08\/81QoxRoWRFL._SL1500_-768x512.jpg 768w, https:\/\/www.notebook.hu\/blog\/wp-content\/uploads\/2019\/08\/81QoxRoWRFL._SL1500_.jpg 1500w\" sizes=\"auto, (max-width: 1024px) 100vw, 1024px\" \/><\/figure>\n\n\n\n<p>&nbsp;A Moleskine leg\u00fajabb\ntal\u00e1lm\u00e1nya t\u00e9nyleg azoknak sz\u00f3l, akik szeretnek \u00e9jszaka olvasni vagy tanulni,\nde nem akarnak m\u00e1st zavarni a f\u00e9nnyel. A kis, k\u00f6nyvre szerelhet\u0151 l\u00e1mpa mindk\u00e9t\nc\u00e9lra megfelel: f\u00e9nye el\u00e9g er\u0151s ahhoz, hogy ak\u00e1r a legs\u00f6t\u00e9tebb helyeken is j\u00f3l l\u00e1ss,\nazonban m\u00e9gsem zavar senkit.<\/p>\n\n\n\n<p><strong>L\u00e1mpa az \u00f6r\u00f6k gyerekeknek<\/strong><\/p>\n\n\n\n<figure class=\"wp-block-image\"><img loading=\"lazy\" decoding=\"async\" width=\"1024\" height=\"628\" data-attachment-id=\"4941\" data-permalink=\"https:\/\/www.notebook.hu\/blog\/legjobb-iskolai-kiegszitok\/lp15_001_1024x10242x\/\" data-orig-file=\"https:\/\/www.notebook.hu\/blog\/wp-content\/uploads\/2019\/08\/LP15_001_1024x1024@2x.jpg\" data-orig-size=\"1500,920\" data-comments-opened=\"0\" data-image-meta=\"{&quot;aperture&quot;:&quot;0&quot;,&quot;credit&quot;:&quot;&quot;,&quot;camera&quot;:&quot;&quot;,&quot;caption&quot;:&quot;&quot;,&quot;created_timestamp&quot;:&quot;0&quot;,&quot;copyright&quot;:&quot;&quot;,&quot;focal_length&quot;:&quot;0&quot;,&quot;iso&quot;:&quot;0&quot;,&quot;shutter_speed&quot;:&quot;0&quot;,&quot;title&quot;:&quot;&quot;,&quot;orientation&quot;:&quot;0&quot;}\" data-image-title=\"LP15_001_1024x1024@2x\" data-image-description=\"\" data-image-caption=\"\" data-medium-file=\"https:\/\/www.notebook.hu\/blog\/wp-content\/uploads\/2019\/08\/LP15_001_1024x1024@2x-300x184.jpg\" data-large-file=\"https:\/\/www.notebook.hu\/blog\/wp-content\/uploads\/2019\/08\/LP15_001_1024x1024@2x-1024x628.jpg\" src=\"https:\/\/www.notebook.hu\/blog\/wp-content\/uploads\/2019\/08\/LP15_001_1024x1024@2x-1024x628.jpg\" alt=\"\" class=\"wp-image-4941\" srcset=\"https:\/\/www.notebook.hu\/blog\/wp-content\/uploads\/2019\/08\/LP15_001_1024x1024@2x-1024x628.jpg 1024w, https:\/\/www.notebook.hu\/blog\/wp-content\/uploads\/2019\/08\/LP15_001_1024x1024@2x-300x184.jpg 300w, https:\/\/www.notebook.hu\/blog\/wp-content\/uploads\/2019\/08\/LP15_001_1024x1024@2x-768x471.jpg 768w, https:\/\/www.notebook.hu\/blog\/wp-content\/uploads\/2019\/08\/LP15_001_1024x1024@2x.jpg 1500w\" sizes=\"auto, (max-width: 1024px) 100vw, 1024px\" \/><\/figure>\n\n\n\n<p>Ezzel az asztali l\u00e1mp\u00e1val a j\u00f6v\u0151d m\u00e9g a (Hal\u00e1l)csillagokn\u00e1l is f\u00e9nyesebb fog ragyogni. Legal\u00e1bbis lesz egy s\u00f6t\u00e9t LEGO gonosz, aki megv\u00e9d t\u00e9ged mindent\u0151l. <\/p>\n","protected":false},"excerpt":{"rendered":"<p>Azzal val\u00f3sz\u00edn\u0171leg nem lep\u00fcnk meg senkit, hogy ha azt mondjuk, hivatalosan is itt az \u0151sz! A gy\u00f6ny\u00f6r\u0171 sz\u00ednekben pomp\u00e1z\u00f3 \u00e9s \u00e9ppen ez\u00e9rt sokak \u00e1ltal kedvelt \u00e9vszak hallat\u00e1n azonban rengeteg fiatal sz\u00edve \u00f6sszeszorul. De ez nem is csoda: ilyenkor kezd\u0151dik el az iskola, ami nem felt\u00e9tlen\u00fcl k\u00f6zkedvelt id\u0151t\u00f6lt\u00e9se a fiatalabb gener\u00e1ci\u00f3nak. Viszont mi azt tapasztaltuk, hogy &hellip;<\/p>\n","protected":false},"author":1,"featured_media":4955,"comment_status":"closed","ping_status":"open","sticky":false,"template":"","format":"standard","meta":{"_jetpack_memberships_contains_paid_content":false,"footnotes":""},"categories":[42,1],"tags":[93,860,396],"class_list":["post-4935","post","type-post","status-publish","format-standard","has-post-thumbnail","","category-cikkek","category-egyeb","tag-iskola","tag-iskolakezdes","tag-kiegeszito"],"jetpack_featured_media_url":"https:\/\/www.notebook.hu\/blog\/wp-content\/uploads\/2019\/08\/35024640_l-1.jpg","jetpack_shortlink":"https:\/\/wp.me\/p9xSLL-1hB","jetpack_sharing_enabled":true,"_links":{"self":[{"href":"https:\/\/www.notebook.hu\/blog\/wp-json\/wp\/v2\/posts\/4935","targetHints":{"allow":["GET"]}}],"collection":[{"href":"https:\/\/www.notebook.hu\/blog\/wp-json\/wp\/v2\/posts"}],"about":[{"href":"https:\/\/www.notebook.hu\/blog\/wp-json\/wp\/v2\/types\/post"}],"author":[{"embeddable":true,"href":"https:\/\/www.notebook.hu\/blog\/wp-json\/wp\/v2\/users\/1"}],"replies":[{"embeddable":true,"href":"https:\/\/www.notebook.hu\/blog\/wp-json\/wp\/v2\/comments?post=4935"}],"version-history":[{"count":3,"href":"https:\/\/www.notebook.hu\/blog\/wp-json\/wp\/v2\/posts\/4935\/revisions"}],"predecessor-version":[{"id":4961,"href":"https:\/\/www.notebook.hu\/blog\/wp-json\/wp\/v2\/posts\/4935\/revisions\/4961"}],"wp:featuredmedia":[{"embeddable":true,"href":"https:\/\/www.notebook.hu\/blog\/wp-json\/wp\/v2\/media\/4955"}],"wp:attachment":[{"href":"https:\/\/www.notebook.hu\/blog\/wp-json\/wp\/v2\/media?parent=4935"}],"wp:term":[{"taxonomy":"category","embeddable":true,"href":"https:\/\/www.notebook.hu\/blog\/wp-json\/wp\/v2\/categories?post=4935"},{"taxonomy":"post_tag","embeddable":true,"href":"https:\/\/www.notebook.hu\/blog\/wp-json\/wp\/v2\/tags?post=4935"}],"curies":[{"name":"wp","href":"https:\/\/api.w.org\/{rel}","templated":true}]}}