{"id":4828,"date":"2019-08-06T09:27:11","date_gmt":"2019-08-06T07:27:11","guid":{"rendered":"https:\/\/www.notebook.hu\/blog\/?p=4828"},"modified":"2019-08-06T09:27:11","modified_gmt":"2019-08-06T07:27:11","slug":"asus-zenbook-pro-14-teszt","status":"publish","type":"post","link":"https:\/\/www.notebook.hu\/blog\/asus-zenbook-pro-14-teszt\/","title":{"rendered":"ASUS Zenbook Pro 14 Teszt | \u201eAzta, egy kijelz\u0151 a touchpad?\u201d"},"content":{"rendered":"\n<figure class=\"wp-block-image is-resized\"><img loading=\"lazy\" decoding=\"async\" data-attachment-id=\"4830\" data-permalink=\"https:\/\/www.notebook.hu\/blog\/asus-zenbook-pro-14-teszt\/blog_asuszenbookpro\/\" data-orig-file=\"https:\/\/www.notebook.hu\/blog\/wp-content\/uploads\/2019\/07\/blog_asuszenbookpro.jpg\" data-orig-size=\"1200,628\" data-comments-opened=\"0\" data-image-meta=\"{&quot;aperture&quot;:&quot;0&quot;,&quot;credit&quot;:&quot;&quot;,&quot;camera&quot;:&quot;&quot;,&quot;caption&quot;:&quot;&quot;,&quot;created_timestamp&quot;:&quot;0&quot;,&quot;copyright&quot;:&quot;&quot;,&quot;focal_length&quot;:&quot;0&quot;,&quot;iso&quot;:&quot;0&quot;,&quot;shutter_speed&quot;:&quot;0&quot;,&quot;title&quot;:&quot;&quot;,&quot;orientation&quot;:&quot;0&quot;}\" data-image-title=\"blog_asuszenbookpro\" data-image-description=\"\" data-image-caption=\"\" data-medium-file=\"https:\/\/www.notebook.hu\/blog\/wp-content\/uploads\/2019\/07\/blog_asuszenbookpro-300x157.jpg\" data-large-file=\"https:\/\/www.notebook.hu\/blog\/wp-content\/uploads\/2019\/07\/blog_asuszenbookpro-1024x536.jpg\" src=\"https:\/\/www.notebook.hu\/blog\/wp-content\/uploads\/2019\/07\/blog_asuszenbookpro-1024x536.jpg\" alt=\"\" class=\"wp-image-4830\" width=\"512\" height=\"268\" srcset=\"https:\/\/www.notebook.hu\/blog\/wp-content\/uploads\/2019\/07\/blog_asuszenbookpro-1024x536.jpg 1024w, https:\/\/www.notebook.hu\/blog\/wp-content\/uploads\/2019\/07\/blog_asuszenbookpro-300x157.jpg 300w, https:\/\/www.notebook.hu\/blog\/wp-content\/uploads\/2019\/07\/blog_asuszenbookpro-768x402.jpg 768w, https:\/\/www.notebook.hu\/blog\/wp-content\/uploads\/2019\/07\/blog_asuszenbookpro.jpg 1200w\" sizes=\"auto, (max-width: 512px) 100vw, 512px\" \/><\/figure>\n\n\n\n<p><strong>Ett\u0151l kreat\u00edvabb alc\u00edmet tal\u00e1n tal\u00e1lhattam volna a tesztnek, de az esetek 99.9%-\u00e1ban ezt a k\u00e9rd\u00e9st kaptam meg, amikor valaki megl\u00e1tta haszn\u00e1lat k\u00f6zben a n\u00e1lam l\u00e9v\u0151 Zenbook Pro-t. Az biztos, hogy felt\u0171n\u0151 \u00e9s l\u00e1tv\u00e1nyos egy ilyen jelleg\u0171 megold\u00e1s, de az, hogy mit tud emellett a g\u00e9p \u00e9s mennyi haszna van ennek a kieg\u00e9sz\u00edt\u00e9snek, az a teszt\u00fcnkb\u0151l kider\u00fcl.<\/strong><\/p>\n\n\n\n<p><strong>K\u00fcls\u0151 | Pr\u00e9mium a k\u00f6z\u00e9ps\u0151 neve<\/strong><\/p>\n\n\n\n<p>Felkapott \u201chome office\u201d-ra alkalmas k\u00e1v\u00e9z\u00f3ba, vagy egy eleg\u00e1ns \u00e9tterembe tervezett megbesz\u00e9l\u00e9sre vigyem a g\u00e9pet? Igaz\u00e1b\u00f3l ebben a k\u00e9rd\u00e9sben sokkal ink\u00e1bb d\u00f6nt majd a felhaszn\u00e1l\u00f3 preferenci\u00e1ja, hiszen a Zenbook Pro minden k\u00f6rnyezetben meg\u00e1llja a hely\u00e9t: egyszerre eleg\u00e1ns, de kell\u0151k\u00e9pp divatos. V\u00e9kony, kompakt &#8211; \u00e9s ahogy k\u00e9s\u0151bb l\u00e1tni fogj\u00e1tok, m\u00e9g er\u0151s is &#8211; ergo t\u00f6k\u00e9letes mobilis munkag\u00e9p. Legyen sz\u00f3 egy k\u00e1v\u00e9z\u00f3r\u00f3l, ahov\u00e1 a cikkeket meg\u00edrni viszed &#8211; vagy vide\u00f3kat vagdosni -, vagy egy \u00f6tcsillagos helyre, ahol elv\u00e1rt a min\u0151s\u00e9gi megjelen\u00e9s, sehonnan sem fog kil\u00f3gni. A bor\u00edt\u00e1s a Zenbookokt\u00f3l megszokott koncentrikus k\u00f6rben sz\u00e1lcsiszolt f\u00e9m, egy zseni\u00e1lis m\u00e9lys\u00f6t\u00e9t k\u00e9k sz\u00ednben. Formavil\u00e1g\u00e1t tekintve a Zenbook-sz\u00e9ri\u00e1t\u00f3l megszokott eleg\u00e1ns formavil\u00e1g, enyhe lekerek\u00edt\u00e9sekkel \u00e9s remek \u00f6ssze\u00e1ll\u00edt\u00e1si min\u0151s\u00e9ggel. Ahogy m\u00e1r mondtam, rosegold dekorelemek sz\u00ednes\u00edtik az eszk\u00f6zt: a branding \u00e9s az alapegys\u00e9g fels\u0151 r\u00e9sz\u00e9re ker\u00fclt elem is ilyen sz\u00ednben pomp\u00e1zik. A kijelz\u0151elem kidolgoz\u00e1sa m\u00e1r a kor\u00e1bbi Zenbookokr\u00f3l \u00e9s a Zephyrusr\u00f3l is ismer\u0151s lehet: a felnyit\u00e1skor a hossz\u00edtott egys\u00e9g megemeli az eszk\u00f6zt, hogy ezzel biztos\u00edtson n\u00e9mi extra leveg\u0151t a g\u00e9p szell\u0151z\u00e9s\u00e9hez. A tasztat\u00fara ugyan el\u00e9g s\u0171r\u0171, de m\u00e9g k\u00e9nyelmesen haszn\u00e1lhat\u00f3 &#8211; numpad nincs (majd a touchpadn\u00e1l lesz el\u00e9rhet\u0151), a kurzormozgat\u00f3 billenty\u0171k kaptak n\u00e9mi kiemel\u00e9st, ha j\u00e1tszani akarn\u00e1nk (err\u0151l is k\u00e9s\u0151bb). A billenty\u0171zet kapott egy h\u00e1rom \u00e1ll\u00e1s\u00fa LED-h\u00e1tt\u00e9rvil\u00e1g\u00edt\u00e1st, ami esti haszn\u00e1lathoz t\u00f6k\u00e9letesen alkalmas, a csukl\u00f3nknak pedig el\u00e9g hely jut az 5.5 h\u00fcvelykes \u00e1tm\u00e9r\u0151j\u0171, \u00fcvegbor\u00edt\u00e1s\u00fa Screenpad mellett. M\u00e9reteit tekintve, egy klasszikus ultrabooknak megfelel\u0151en igaz\u00e1n v\u00e9kony \u00e9s mobilis: 1.79&#215;32.3&#215;22.5cm-es dimenzi\u00f3ihoz t\u00e1rsul egy mind\u00f6ssze 1.6kg-os s\u00faly. \u00d6lben, illetve l\u00e1bon tartva k\u00e9nyelmesen haszn\u00e1lhat\u00f3, egyed\u00fcl a nagyobb teljes\u00edtm\u00e9ny lead\u00e1s\u00e1n\u00e1l jelentkez\u0151 meleged\u00e9s lehet ilyenkor kellemetlen &#8211; \u00e9rdemes teh\u00e1t asztalon, vagy valamilyen h\u0171t\u0151s \u00e1llom\u00e1son haszn\u00e1lni. A kijelz\u0151 k\u00f6r\u00fcli k\u00e1va rendk\u00edv\u00fcl v\u00e9kony, minden oldalr\u00f3l a lehet\u0151 legjobban igyekeztek lesp\u00f3rolni a keretez\u00e9st az ASUS tervez\u0151i, \u00edgy a mind\u00f6ssze 5,2 mm-es elemeknek h\u00e1la a kijelz\u0151 a fels\u0151 panel 86%-\u00e1t fedi le.<\/p>\n\n\n\n<figure class=\"wp-block-image\"><img loading=\"lazy\" decoding=\"async\" width=\"1024\" height=\"576\" data-attachment-id=\"4834\" data-permalink=\"https:\/\/www.notebook.hu\/blog\/asus-zenbook-pro-14-teszt\/asuszenbookpro14_01\/\" data-orig-file=\"https:\/\/www.notebook.hu\/blog\/wp-content\/uploads\/2019\/07\/ASUSZenbookPRO14_01.jpg\" data-orig-size=\"1920,1080\" data-comments-opened=\"0\" data-image-meta=\"{&quot;aperture&quot;:&quot;0&quot;,&quot;credit&quot;:&quot;&quot;,&quot;camera&quot;:&quot;&quot;,&quot;caption&quot;:&quot;&quot;,&quot;created_timestamp&quot;:&quot;0&quot;,&quot;copyright&quot;:&quot;&quot;,&quot;focal_length&quot;:&quot;0&quot;,&quot;iso&quot;:&quot;0&quot;,&quot;shutter_speed&quot;:&quot;0&quot;,&quot;title&quot;:&quot;&quot;,&quot;orientation&quot;:&quot;0&quot;}\" data-image-title=\"ASUSZenbookPRO14_01\" data-image-description=\"\" data-image-caption=\"\" data-medium-file=\"https:\/\/www.notebook.hu\/blog\/wp-content\/uploads\/2019\/07\/ASUSZenbookPRO14_01-300x169.jpg\" data-large-file=\"https:\/\/www.notebook.hu\/blog\/wp-content\/uploads\/2019\/07\/ASUSZenbookPRO14_01-1024x576.jpg\" src=\"https:\/\/www.notebook.hu\/blog\/wp-content\/uploads\/2019\/07\/ASUSZenbookPRO14_01-1024x576.jpg\" alt=\"\" class=\"wp-image-4834\" srcset=\"https:\/\/www.notebook.hu\/blog\/wp-content\/uploads\/2019\/07\/ASUSZenbookPRO14_01-1024x576.jpg 1024w, https:\/\/www.notebook.hu\/blog\/wp-content\/uploads\/2019\/07\/ASUSZenbookPRO14_01-300x169.jpg 300w, https:\/\/www.notebook.hu\/blog\/wp-content\/uploads\/2019\/07\/ASUSZenbookPRO14_01-768x432.jpg 768w, https:\/\/www.notebook.hu\/blog\/wp-content\/uploads\/2019\/07\/ASUSZenbookPRO14_01.jpg 1920w\" sizes=\"auto, (max-width: 1024px) 100vw, 1024px\" \/><\/figure>\n\n\n\n<p><strong>Eszk\u00f6zt\u00e1r | T\u00e9nyleg egy kijelz\u0151 a touchpad? :O<\/strong><\/p>\n\n\n\n<p>Kezdj\u00fck a szok\u00e1soknak megfelel\u0151en a multim\u00e9di\u00e1s eszk\u00f6zt\u00e1rral: kijelz\u0151nek kaptunk egy f\u00e9nyes fel\u00fclet\u0171, 14 h\u00fcvelykes LED h\u00e1tt\u00e9rvil\u00e1g\u00edt\u00e1s\u00fa Full HD, 16:9-es k\u00e9par\u00e1ny\u00fa k\u00e9perny\u0151t, IPS, nagy betekint\u00e9si sz\u00f6ggel (178 fok). A t\u00fckr\u00f6z\u0151d\u00e9ssel ugyan lehet bajunk a f\u00e9nyes fel\u00fclet miatt &#8211; a maxim\u00e1lis f\u00e9nyer\u0151 be\u00e1ll\u00edt\u00e1sokkal az\u00e9rt m\u00e9g el\u00e9g sokat lehet l\u00e1tni \u00fagy is -, de ide\u00e1lis k\u00f6r\u00fclm\u00e9nyek k\u00f6zt gy\u00f6ny\u00f6r\u0171ek a sz\u00ednek, kontrasztos \u00e9s el\u00e9g f\u00e9nyes is a kijelz\u0151, az ASUS Eye Care rendszernek h\u00e1la pedig a szem\u00fcnkbe jut\u00f3 k\u00e9k f\u00e9ny mennyis\u00e9ge 30%-al kevesebb, mint egy \u201c\u00e1tlag\u201d LED-panel eset\u00e9ben. A v\u00e9kony k\u00e1v\u00e1knak k\u00f6sz\u00f6nhet\u0151en nincs semmi, ami elvonn\u00e1 a figyelm\u00fcnket, \u00e9s ezzel egy kis optikai csal\u00f3d\u00e1st is produk\u00e1lnak: n\u00e9ha sim\u00e1n \u201celhittem neki\u201d, hogy nagyobb a kijelz\u0151 panel, mint val\u00f3j\u00e1ban. Ez nyilv\u00e1n a filmek, sorozatok \u00e9s vide\u00f3k n\u00e9zeget\u00e9s\u00e9n\u00e9l lehet igaz\u00e1n ide\u00e1lis. Kieg\u00e9sz\u00edti a k\u00e9pet a hang, egy ASUS SonicMaster sztere\u00f3 audio rendszer surround hanggal; intelligens er\u0151s\u00edt\u0151vel, harman\/kardon tan\u00fas\u00edtv\u00e1nnyal dolgozik a g\u00e9ph\u00e1zban, ami notebookhoz m\u00e9rten nagyon sz\u00e9p tiszta hangot ad \u00e9s kell\u0151 hanger\u0151t is tud biztos\u00edtani a h\u00e9tk\u00f6znapi felhaszn\u00e1l\u00e1shoz. A standard portok v\u00e9gigb\u00f6ng\u00e9sz\u00e9se el\u0151tt viszont a kiemelt helyre hozzuk fel a ScreenPad-et: a klasszikus TouchPad hely\u00e9re ugyanis az ASUS egy \u00e9rint\u0151kijelz\u0151t \u00e9p\u00edtett be. Ahogy m\u00e1r fentebb \u00edrtam, egy 5.5 inches \u00fcveg bor\u00edt\u00e1s\u00fa, IPS LED-panelr\u0151l van sz\u00f3. Az f6-os gombbal tudjuk szab\u00e1lyozni, hogy mik\u00e9nt m\u0171k\u00f6dj\u00f6n az eszk\u00f6z, kezdve a standard touchpad m\u00f3dr\u00f3l (ilyenkor a panel lekapcsol \u00e9s \u201cegyszer\u0171, fekete \u00e9rint\u0151padnak\u201d t\u0171nik), \u00e1t a ScreenPad m\u00f3don (err\u0151l b\u0151vebben), eg\u00e9szen a m\u00e1sodlagos kijelz\u0151 funkci\u00f3ig. Ut\u00f3bbinak a hasznoss\u00e1g\u00e1r\u00f3l tudn\u00e9k vitatkozni. Bizonyos helyzetekben hasznos lehet (pl. vide\u00f3szerkeszt\u00e9sn\u00e9l a nyersanyagokat b\u00f6ng\u00e9sz\u00e9s\u00e9hez nem kell \u00e1tl\u00e9pni a programb\u00f3l a mapp\u00e1kba, hanem a m\u00e1sodlagos kijelz\u0151r\u0151l beh\u00fazhatjuk \u0151ket), de pl. sz\u00f6vegszerkeszt\u00e9sre, vagy olvas\u00e1shoz nem t\u00fal j\u00f3l alkalmazhat\u00f3. Ezt majd mindenki maga eld\u00f6nti, hogy akarja-e alkalmazni, vagy a ScreenPad m\u00f3dn\u00e1l, a dedik\u00e1lt alkalmaz\u00e1sokat haszn\u00e1lja. Ilyenkor igaz\u00e1b\u00f3l egy \u201cgyorsel\u00e9r\u00e9si panel\u201d-k\u00e9nt is m\u0171k\u00f6dik a SP, hiszen ide pakolhatjuk a kedvenc alkalmaz\u00e1saink ikonjait, illetve kimondottan a panelra kialak\u00edtott appokat haszn\u00e1lhatunk (napt\u00e1r, sz\u00e1mol\u00f3g\u00e9p, zenelej\u00e1tsz\u00f3). Ezek tipikusan olyan megold\u00e1sok, amik a komfortos \u00e9s gyorsabb felhaszn\u00e1l\u00e1st teszik lehet\u0151v\u00e9. Mint TP, abszol\u00fat j\u00f3l m\u0171k\u00f6dik, a gesztusvez\u00e9rl\u00e9s t\u00f6bb ujjas haszn\u00e1lat mellett is j\u00f3l muzsik\u00e1l\u2026 igaz\u00e1b\u00f3l le a kalappal a gy\u00e1rt\u00f3 el\u0151tt.<\/p>\n\n\n\n<figure class=\"wp-block-image\"><img loading=\"lazy\" decoding=\"async\" width=\"1024\" height=\"576\" data-attachment-id=\"4835\" data-permalink=\"https:\/\/www.notebook.hu\/blog\/asus-zenbook-pro-14-teszt\/asuszenbookpro14_02\/\" data-orig-file=\"https:\/\/www.notebook.hu\/blog\/wp-content\/uploads\/2019\/07\/ASUSZenbookPRO14_02.jpg\" data-orig-size=\"1920,1080\" data-comments-opened=\"0\" data-image-meta=\"{&quot;aperture&quot;:&quot;0&quot;,&quot;credit&quot;:&quot;&quot;,&quot;camera&quot;:&quot;&quot;,&quot;caption&quot;:&quot;&quot;,&quot;created_timestamp&quot;:&quot;0&quot;,&quot;copyright&quot;:&quot;&quot;,&quot;focal_length&quot;:&quot;0&quot;,&quot;iso&quot;:&quot;0&quot;,&quot;shutter_speed&quot;:&quot;0&quot;,&quot;title&quot;:&quot;&quot;,&quot;orientation&quot;:&quot;0&quot;}\" data-image-title=\"ASUSZenbookPRO14_02\" data-image-description=\"\" data-image-caption=\"\" data-medium-file=\"https:\/\/www.notebook.hu\/blog\/wp-content\/uploads\/2019\/07\/ASUSZenbookPRO14_02-300x169.jpg\" data-large-file=\"https:\/\/www.notebook.hu\/blog\/wp-content\/uploads\/2019\/07\/ASUSZenbookPRO14_02-1024x576.jpg\" src=\"https:\/\/www.notebook.hu\/blog\/wp-content\/uploads\/2019\/07\/ASUSZenbookPRO14_02-1024x576.jpg\" alt=\"\" class=\"wp-image-4835\" srcset=\"https:\/\/www.notebook.hu\/blog\/wp-content\/uploads\/2019\/07\/ASUSZenbookPRO14_02-1024x576.jpg 1024w, https:\/\/www.notebook.hu\/blog\/wp-content\/uploads\/2019\/07\/ASUSZenbookPRO14_02-300x169.jpg 300w, https:\/\/www.notebook.hu\/blog\/wp-content\/uploads\/2019\/07\/ASUSZenbookPRO14_02-768x432.jpg 768w, https:\/\/www.notebook.hu\/blog\/wp-content\/uploads\/2019\/07\/ASUSZenbookPRO14_02.jpg 1920w\" sizes=\"auto, (max-width: 1024px) 100vw, 1024px\" \/><\/figure>\n\n\n\n<p>T\u00e9rj\u00fcnk akkor r\u00e1 a standard port \u00e9s adatkommunik\u00e1ci\u00f3s k\u00edn\u00e1latra is. A g\u00e9p bal \u00e9s jobb oldal\u00e1n megtal\u00e1lhatunk egy&nbsp; 2. gener\u00e1ci\u00f3s USB 3.1 Type C-csatlakoz\u00f3t, egy USB 3.1, egy USB 2.0 \u00e9s egy HDMI portot, na meg egy COMBO audio jack-csatlakoz\u00f3t is. L\u00e9nyeg\u00e9ben megkaptunk mindent, amire csak sz\u00fcks\u00e9g lehet, de ha hi\u00e1nyoln\u00e1nk a felsorol\u00e1sb\u00f3l az RJ-45-\u00f6s Ethernet portot, akkor sem kell sok\u00e1ig b\u00faslakodnunk, hiszen a csomagol\u00e1s tartalmaz egy USB-s \u00e1talak\u00edt\u00f3t ehhez (a b\u0151rtok mellett). Adatkommunik\u00e1ci\u00f3 ter\u00e9n nem feledkez\u00fcnk meg term\u00e9szetesen a k\u00e9ts\u00e1vos 802.11ac-szabv\u00e1nyos WiFi ad\u00f3- \u00e9s vev\u0151r\u0151l, valamint egy 5.0-\u00e1s Bluetoothr\u00f3l.&nbsp;<\/p>\n\n\n\n<p class=\"has-background has-pale-cyan-blue-background-color\"><strong><em>\u00c9rdekelne vide\u00f3s teszt\u00fcnk is a&nbsp;<a href=\"https:\/\/www.notebook.hu\/asus-zenbook-pro-14-ux480fd-ux480fd-be012t-szurke\">ASUS Zenbook Pro 14<\/a>-r\u0151l? Tess\u00e9k!<\/em><\/strong><\/p>\n\n\n\n<figure class=\"wp-block-embed-youtube wp-block-embed is-type-video is-provider-youtube wp-embed-aspect-16-9 wp-has-aspect-ratio wp-embed-aspect-4-3\"><div class=\"wp-block-embed__wrapper\">\n<iframe loading=\"lazy\" title=\"ASUS Zenbook Pro 14 Teszt | \u201eAzta, egy kijelz\u0151 a touchpad?\u201d\" width=\"618\" height=\"348\" src=\"https:\/\/www.youtube.com\/embed\/ClE5FesUIx0?feature=oembed\" frameborder=\"0\" allow=\"accelerometer; autoplay; clipboard-write; encrypted-media; gyroscope; picture-in-picture; web-share\" referrerpolicy=\"strict-origin-when-cross-origin\" allowfullscreen><\/iframe>\n<\/div><\/figure>\n\n\n\n<p><strong>Teljes\u00edtm\u00e9ny | Van ereje<\/strong><\/p>\n\n\n\n<p>Amellett, hogy k\u00fcl\u00f6nleges extr\u00e1t pakoltak r\u00e1, az ASUS Zenbook Pro k\u00e9pes a teljes\u00edtm\u00e9ny\u00e9vel is elk\u00e1pr\u00e1ztatni a k\u00f6zel\u00e9ben lev\u0151ket. Ebben komoly szerepet v\u00e1llal az i7-es Intel Core 8565U, Whiskey Lake processzor, a maga 2.0 Ghz-es alap \u00f3rajel\u00e9vel, amit a Turbo Boost ak\u00e1r 4.1 Ghz-ig tud felp\u00f6rgetni. A 8 sz\u00e1lon, 4 maggal dolgoz\u00f3 processzor megkapta az Intel minden fontosabb szabv\u00e1ny\u00e1t, kezdve a Hyper Threadinggel, a SpeedShiftel \u00e9s az Optane-t\u00e1mogat\u00e1ssal. Alapvet\u0151en a CPU \u201ctartalmaz\u201d egy integr\u00e1lt video vez\u00e9rl\u0151 egys\u00e9get is egy UHD Graphics 620-as form\u00e1j\u00e1ban, de a grafikus munka oroszl\u00e1nr\u00e9sz\u00e9t nem ez fogja ell\u00e1tni, hanem a Max-Q kialak\u00edt\u00e1s\u00fa NVidia Geforce GTX 1050-es. A 14 nm-es kialak\u00edt\u00e1s\u00fa chipet kev\u00e9sb\u00e9 a j\u00e1t\u00e9kok t\u00e1mogat\u00e1s\u00e1hoz, sokkal ink\u00e1bb a komolyabb grafikai ig\u00e9ny\u0171 tervez\u0151- \u00e9s szerkeszt\u0151programok futtat\u00e1s\u00e1hoz alak\u00edtott\u00e1k ki. Az alap 1050-es modellhez k\u00e9pest 10-15%-kal visszafogottabb \u00edgy a grafikus teljes\u00edtm\u00e9nye, de ezzel egy\u00fctt a fogyaszt\u00e1sa is j\u00f3val bar\u00e1ts\u00e1gosabb, ak\u00e1rcsak az U-jelz\u00e9s\u0171 processzornak. <\/p>\n\n\n\n<figure class=\"wp-block-image\"><img loading=\"lazy\" decoding=\"async\" width=\"1024\" height=\"576\" data-attachment-id=\"4836\" data-permalink=\"https:\/\/www.notebook.hu\/blog\/asus-zenbook-pro-14-teszt\/asuszenbookpro14_03\/\" data-orig-file=\"https:\/\/www.notebook.hu\/blog\/wp-content\/uploads\/2019\/07\/ASUSZenbookPRO14_03.jpg\" data-orig-size=\"1920,1080\" data-comments-opened=\"0\" data-image-meta=\"{&quot;aperture&quot;:&quot;0&quot;,&quot;credit&quot;:&quot;&quot;,&quot;camera&quot;:&quot;&quot;,&quot;caption&quot;:&quot;&quot;,&quot;created_timestamp&quot;:&quot;0&quot;,&quot;copyright&quot;:&quot;&quot;,&quot;focal_length&quot;:&quot;0&quot;,&quot;iso&quot;:&quot;0&quot;,&quot;shutter_speed&quot;:&quot;0&quot;,&quot;title&quot;:&quot;&quot;,&quot;orientation&quot;:&quot;0&quot;}\" data-image-title=\"ASUSZenbookPRO14_03\" data-image-description=\"\" data-image-caption=\"\" data-medium-file=\"https:\/\/www.notebook.hu\/blog\/wp-content\/uploads\/2019\/07\/ASUSZenbookPRO14_03-300x169.jpg\" data-large-file=\"https:\/\/www.notebook.hu\/blog\/wp-content\/uploads\/2019\/07\/ASUSZenbookPRO14_03-1024x576.jpg\" src=\"https:\/\/www.notebook.hu\/blog\/wp-content\/uploads\/2019\/07\/ASUSZenbookPRO14_03-1024x576.jpg\" alt=\"\" class=\"wp-image-4836\" srcset=\"https:\/\/www.notebook.hu\/blog\/wp-content\/uploads\/2019\/07\/ASUSZenbookPRO14_03-1024x576.jpg 1024w, https:\/\/www.notebook.hu\/blog\/wp-content\/uploads\/2019\/07\/ASUSZenbookPRO14_03-300x169.jpg 300w, https:\/\/www.notebook.hu\/blog\/wp-content\/uploads\/2019\/07\/ASUSZenbookPRO14_03-768x432.jpg 768w, https:\/\/www.notebook.hu\/blog\/wp-content\/uploads\/2019\/07\/ASUSZenbookPRO14_03.jpg 1920w\" sizes=\"auto, (max-width: 1024px) 100vw, 1024px\" \/><\/figure>\n\n\n\n<p>J\u00e1t\u00e9kok tekintet\u00e9ben ez azt jelenti, hogy egy FIFA 19-et, vagy a trendibb battle royale \u00e9s MOBA j\u00e1t\u00e9kokat \u00edgy is eg\u00e9szs\u00e9ges FPS sz\u00e1mok mellett lehet futtatni magas be\u00e1ll\u00edt\u00e1sokn\u00e1l (a Notebookcheck eredm\u00e9nyei szerint), de a komolyabb g\u00e9pig\u00e9ny\u0171 j\u00e1t\u00e9kok FullHD felbont\u00e1son maximum alacsonyabb r\u00e9szletess\u00e9g mellett lesznek \u201chaszn\u00e1lhat\u00f3ak\u201d. A Geekbench m\u00e9r\u00e9sein a CPU 5213 \u00e9s 15379 pontot produk\u00e1lt, m\u00edg a Compute teszten 75429 pont lett a v\u00e9geredm\u00e9ny. Lefuttattam rajta a 3DMark k\u00e9t f\u0151bb benchmarkj\u00e1t, a Fire Strike-ot is: amin 5196 pontot futott, a kor\u00e1bbi m\u00e9r\u00e9sek&nbsp; 30 sz\u00e1zal\u00e9k\u00e1nak legy\u0171r\u00e9s\u00e9vel. Nagyon a j\u00e1t\u00e9kokkal nem f\u00e1rasztottam, egy Subnautic\u00e1t alacsony be\u00e1ll\u00edt\u00e1sokon (egyed\u00fcl a v\u00edz r\u00e9szletess\u00e9ge volt magas) lefuttattam rajta \u00e9s \u00e1tlag 84 FPS-t produk\u00e1lt  (Min: 57 &#8211; Max: 113) vele az ASUS Zenbook Pro. Nem t\u00fal j\u00f3, de nem is v\u00e9szes az eredm\u00e9ny, illetve hozz\u00e1 kell azt is tenni, hogy nem ez volt a rendszer f\u0151 c\u00e9lja. Fot\u00f3kat, vide\u00f3kat szerkeszthet\u00fcnk rajta\u2026 ami 14 colon tal\u00e1n kisebb az ide\u00e1lisn\u00e1l, de mobilis munka\u00e1llom\u00e1snak, vagy egy k\u00fcls\u0151 kijelz\u0151vel \u00f6sszek\u00f6tve zseni\u00e1lis \u00e9s megb\u00edzhat\u00f3 munkag\u00e9p lehet fejleszt\u0151knek, grafikusoknak, fot\u00f3soknak \u00e9s vide\u00f3soknak egyar\u00e1nt. Kaptunk am\u00fagy m\u00e9g a csomagba 16GB-nyi DDR4-es 2400MHz-es mem\u00f3ria egys\u00e9get, t\u00e1rhelynek pedig egy 512 GB-os M.2 PCIe SSD-t. Ut\u00f3bbi el\u0151tt le a kalappal, a gyors munkav\u00e9gz\u00e9shez rendk\u00edv\u00fcl ide\u00e1lis \u00e9s m\u00e1r elegend\u0151 mennyis\u00e9g ahhoz, hogy a komolyabb szerkeszt\u0151programok ide\u00e1lis bootid\u0151 mellett m\u0171k\u00f6dhessenek.  Akku ter\u00e9n egy 4 cell\u00e1s 70Whr-s be\u00e9p\u00edtett akku biztos\u00edtja majd az energiaforr\u00e1st, ami az ultrabookoknak megfelel\u0151en eg\u00e9szen hossz\u00fa \u00fczemid\u0151t \u00e9s standby \u00e1llapotot tud nek\u00fcnk biztos\u00edtani. Ezt a cikket sim\u00e1n meg\u00edrtam rajta, b\u00f6ng\u00e9sztem mellette \u00e9s a tesztprogramokat t\u00f6lt\u00f6gettem\/telep\u00edtettem fel \u00fagy, hogy m\u00e9g csak a t\u00f6lt\u0151t a k\u00f6zelbe sem kellett hoznom \u00e9s az akku sem mer\u00fclt signifik\u00e1nsabban alacsony szintre.&nbsp;<\/p>\n\n\n\n<p><strong>\u00d6sszefoglal\u00e1s<\/strong><\/p>\n\n\n\n<p>A t\u00f6k\u00e9letes munkag\u00e9p. Persze, megk\u00e9rik az \u00e1r\u00e1t egy pr\u00e9mium ultrabooknak, de ebben az esetben kapunk is \u00e9rte b\u0151ven dolgokat: egy olyan hardvert, ami a kreat\u00edv munk\u00e1khoz t\u00f6k\u00e9letesen megfelel, egy exkluz\u00edv megold\u00e1st a ScreenPad k\u00e9p\u00e9ben \u00e9s az ultrabookokt\u00f3l megszokott mobilit\u00e1st \u00e9s pr\u00e9mium \u00e9rzetet. Az ASUS remek\u00fcl ny\u00falt ehhez a sz\u00e9ri\u00e1hoz \u00e9s a 14-es m\u00e9retben ez a notebook kiemelkedik a mez\u0151nyb\u0151l.&nbsp;<\/p>\n\n\n\n<p class=\"has-background has-pale-cyan-blue-background-color\"><em>Megv\u00e1s\u00e1roln\u00e1d a<strong>z <a href=\"https:\/\/www.notebook.hu\/asus-zenbook-pro-14-ux480fd-ux480fd-be012t-szurke\">Asus Zenbook Pro 1<\/a><\/strong><\/em><a href=\"https:\/\/www.notebook.hu\/asus-zenbook-pro-14-ux480fd-ux480fd-be012t-szurke\"><em><strong>4<\/strong><\/em><\/a><em><strong>&#8211;<\/strong>est?<\/em><\/p>\n\n\n\n<figure class=\"wp-block-image\"><img loading=\"lazy\" decoding=\"async\" width=\"1024\" height=\"576\" data-attachment-id=\"4837\" data-permalink=\"https:\/\/www.notebook.hu\/blog\/asus-zenbook-pro-14-teszt\/asuszenbookpro14_04\/\" data-orig-file=\"https:\/\/www.notebook.hu\/blog\/wp-content\/uploads\/2019\/07\/ASUSZenbookPRO14_04.jpg\" data-orig-size=\"1920,1080\" data-comments-opened=\"0\" data-image-meta=\"{&quot;aperture&quot;:&quot;0&quot;,&quot;credit&quot;:&quot;&quot;,&quot;camera&quot;:&quot;&quot;,&quot;caption&quot;:&quot;&quot;,&quot;created_timestamp&quot;:&quot;0&quot;,&quot;copyright&quot;:&quot;&quot;,&quot;focal_length&quot;:&quot;0&quot;,&quot;iso&quot;:&quot;0&quot;,&quot;shutter_speed&quot;:&quot;0&quot;,&quot;title&quot;:&quot;&quot;,&quot;orientation&quot;:&quot;0&quot;}\" data-image-title=\"ASUSZenbookPRO14_04\" data-image-description=\"\" data-image-caption=\"\" data-medium-file=\"https:\/\/www.notebook.hu\/blog\/wp-content\/uploads\/2019\/07\/ASUSZenbookPRO14_04-300x169.jpg\" data-large-file=\"https:\/\/www.notebook.hu\/blog\/wp-content\/uploads\/2019\/07\/ASUSZenbookPRO14_04-1024x576.jpg\" src=\"https:\/\/www.notebook.hu\/blog\/wp-content\/uploads\/2019\/07\/ASUSZenbookPRO14_04-1024x576.jpg\" alt=\"\" class=\"wp-image-4837\" srcset=\"https:\/\/www.notebook.hu\/blog\/wp-content\/uploads\/2019\/07\/ASUSZenbookPRO14_04-1024x576.jpg 1024w, https:\/\/www.notebook.hu\/blog\/wp-content\/uploads\/2019\/07\/ASUSZenbookPRO14_04-300x169.jpg 300w, https:\/\/www.notebook.hu\/blog\/wp-content\/uploads\/2019\/07\/ASUSZenbookPRO14_04-768x432.jpg 768w, https:\/\/www.notebook.hu\/blog\/wp-content\/uploads\/2019\/07\/ASUSZenbookPRO14_04.jpg 1920w\" sizes=\"auto, (max-width: 1024px) 100vw, 1024px\" \/><\/figure>\n","protected":false},"excerpt":{"rendered":"<p>Ett\u0151l kreat\u00edvabb alc\u00edmet tal\u00e1n tal\u00e1lhattam volna a tesztnek, de az esetek 99.9%-\u00e1ban ezt a k\u00e9rd\u00e9st kaptam meg, amikor valaki megl\u00e1tta haszn\u00e1lat k\u00f6zben a n\u00e1lam l\u00e9v\u0151 Zenbook Pro-t. Az biztos, hogy felt\u0171n\u0151 \u00e9s l\u00e1tv\u00e1nyos egy ilyen jelleg\u0171 megold\u00e1s, de az, hogy mit tud emellett a g\u00e9p \u00e9s mennyi haszna van ennek a kieg\u00e9sz\u00edt\u00e9snek, az a teszt\u00fcnkb\u0151l &hellip;<\/p>\n","protected":false},"author":1,"featured_media":4830,"comment_status":"closed","ping_status":"open","sticky":false,"template":"","format":"standard","meta":{"_jetpack_memberships_contains_paid_content":false,"footnotes":""},"categories":[1,43],"tags":[416,854,856,855,238,237,857],"class_list":["post-4828","post","type-post","status-publish","format-standard","has-post-thumbnail","","category-egyeb","category-tesztek","tag-asus-zenbook","tag-asus-zenbook-pro-13","tag-asus-zenbook-pro-13-bemutato","tag-asus-zenbook-pro-13-teszt","tag-bemutato","tag-teszt","tag-zenbook"],"jetpack_featured_media_url":"https:\/\/www.notebook.hu\/blog\/wp-content\/uploads\/2019\/07\/blog_asuszenbookpro.jpg","jetpack_shortlink":"https:\/\/wp.me\/p9xSLL-1fS","jetpack_sharing_enabled":true,"_links":{"self":[{"href":"https:\/\/www.notebook.hu\/blog\/wp-json\/wp\/v2\/posts\/4828","targetHints":{"allow":["GET"]}}],"collection":[{"href":"https:\/\/www.notebook.hu\/blog\/wp-json\/wp\/v2\/posts"}],"about":[{"href":"https:\/\/www.notebook.hu\/blog\/wp-json\/wp\/v2\/types\/post"}],"author":[{"embeddable":true,"href":"https:\/\/www.notebook.hu\/blog\/wp-json\/wp\/v2\/users\/1"}],"replies":[{"embeddable":true,"href":"https:\/\/www.notebook.hu\/blog\/wp-json\/wp\/v2\/comments?post=4828"}],"version-history":[{"count":13,"href":"https:\/\/www.notebook.hu\/blog\/wp-json\/wp\/v2\/posts\/4828\/revisions"}],"predecessor-version":[{"id":4863,"href":"https:\/\/www.notebook.hu\/blog\/wp-json\/wp\/v2\/posts\/4828\/revisions\/4863"}],"wp:featuredmedia":[{"embeddable":true,"href":"https:\/\/www.notebook.hu\/blog\/wp-json\/wp\/v2\/media\/4830"}],"wp:attachment":[{"href":"https:\/\/www.notebook.hu\/blog\/wp-json\/wp\/v2\/media?parent=4828"}],"wp:term":[{"taxonomy":"category","embeddable":true,"href":"https:\/\/www.notebook.hu\/blog\/wp-json\/wp\/v2\/categories?post=4828"},{"taxonomy":"post_tag","embeddable":true,"href":"https:\/\/www.notebook.hu\/blog\/wp-json\/wp\/v2\/tags?post=4828"}],"curies":[{"name":"wp","href":"https:\/\/api.w.org\/{rel}","templated":true}]}}