{"id":4757,"date":"2019-07-25T12:05:56","date_gmt":"2019-07-25T10:05:56","guid":{"rendered":"https:\/\/www.notebook.hu\/blog\/?p=4757"},"modified":"2019-08-23T14:26:58","modified_gmt":"2019-08-23T12:26:58","slug":"kozossegi-oldalak","status":"publish","type":"post","link":"https:\/\/www.notebook.hu\/blog\/kozossegi-oldalak\/","title":{"rendered":"K\u00f6z\u00f6ss\u00e9gi oldalak\u2026 avagy mi volt a Facebook el\u0151tt?"},"content":{"rendered":"\n<figure class=\"wp-block-image\"><img loading=\"lazy\" decoding=\"async\" width=\"1024\" height=\"683\" data-attachment-id=\"4763\" data-permalink=\"https:\/\/www.notebook.hu\/blog\/kozossegi-oldalak\/social-media-image\/\" data-orig-file=\"https:\/\/www.notebook.hu\/blog\/wp-content\/uploads\/2019\/07\/social-media-image-.jpg\" data-orig-size=\"1254,837\" data-comments-opened=\"0\" data-image-meta=\"{&quot;aperture&quot;:&quot;0&quot;,&quot;credit&quot;:&quot;&quot;,&quot;camera&quot;:&quot;&quot;,&quot;caption&quot;:&quot;&quot;,&quot;created_timestamp&quot;:&quot;0&quot;,&quot;copyright&quot;:&quot;&quot;,&quot;focal_length&quot;:&quot;0&quot;,&quot;iso&quot;:&quot;0&quot;,&quot;shutter_speed&quot;:&quot;0&quot;,&quot;title&quot;:&quot;&quot;,&quot;orientation&quot;:&quot;0&quot;}\" data-image-title=\"social-media-image-\" data-image-description=\"\" data-image-caption=\"\" data-medium-file=\"https:\/\/www.notebook.hu\/blog\/wp-content\/uploads\/2019\/07\/social-media-image--300x200.jpg\" data-large-file=\"https:\/\/www.notebook.hu\/blog\/wp-content\/uploads\/2019\/07\/social-media-image--1024x683.jpg\" src=\"https:\/\/www.notebook.hu\/blog\/wp-content\/uploads\/2019\/07\/social-media-image--1024x683.jpg\" alt=\"\" class=\"wp-image-4763\" srcset=\"https:\/\/www.notebook.hu\/blog\/wp-content\/uploads\/2019\/07\/social-media-image--1024x683.jpg 1024w, https:\/\/www.notebook.hu\/blog\/wp-content\/uploads\/2019\/07\/social-media-image--300x200.jpg 300w, https:\/\/www.notebook.hu\/blog\/wp-content\/uploads\/2019\/07\/social-media-image--768x513.jpg 768w, https:\/\/www.notebook.hu\/blog\/wp-content\/uploads\/2019\/07\/social-media-image-.jpg 1254w\" sizes=\"auto, (max-width: 1024px) 100vw, 1024px\" \/><\/figure>\n\n\n\n<p><strong>Nosztalgikus \u00e9rz\u00e9ssel vegyes gyomorg\u00f6rccsel \u00fcltem le a g\u00e9p el\u00e9, mikor eszembe jutott: \u201eideje felkeresni az internet r\u00e9g elfeledett szegleteit \u00e9s szembes\u00fclni azzal, milyen h\u00fclyes\u00e9geket posztoltam r\u00e9gen a k\u00f6z\u00f6ss\u00e9gi m\u00e9di\u00e1s fel\u00fcleteimre\u201d. Hamar megnyugodtam, hiszen az ismer\u0151s z\u00f6ld kezd\u0151lapon kattintgatva r\u00e1j\u00f6ttem, hogy m\u00e1r nem akt\u00edv a r\u00e9gi profilom\u2026 na, de n\u00e9zz\u00fck is meg mi jelentette a \u201ef\u00e9szbukot\u201d a k\u00e9k-feh\u00e9r k\u00f6z\u00f6ss\u00e9gi oldal berobban\u00e1sa el\u0151tt.<\/strong><\/p>\n\n\n\n<p><strong>iWiW \u2013 Ide \u00fagyis csak a feln\u0151ttek regisztr\u00e1lnak<\/strong><\/p>\n\n\n\n<p>Kezdj\u00fcnk ott bele a t\u00f6rt\u00e9netbe, hogy nagyj\u00e1b\u00f3l 4-5 \u00e9vet fedett le az az id\u0151szak, amit a saj\u00e1t \u00e9letemben a \u201epre-Facebook\u201d id\u0151szaknak tudok be. Ez id\u0151 alatt t\u00f6bb \u2013 a mai trendi kifejez\u00e9ssel \u00e9lve: k\u00f6z\u00f6ss\u00e9gi m\u00e9di\u00e1s \u2013 oldalnak voltam felhaszn\u00e1l\u00f3ja. Az egyik ezek k\u00f6z\u00fcl az egyik legn\u00e9pszer\u0171bb magyar k\u00f6z\u00f6ss\u00e9gi port\u00e1l, az iWiW volt. 2014-es megsz\u00fcntet\u00e9s\u00e9ig 4 550&nbsp;000 felhaszn\u00e1l\u00f3 volt regisztr\u00e1lva r\u00e1. Az iWiW profilunkra minden fontosabb adatunk, k\u00e9peink felker\u00fclhettek, valamint F\u00f3rumokon kereszt\u00fcl lehetett k\u00f6z\u00f6ss\u00e9gi interakci\u00f3kban r\u00e9sztvenni. Egyetlen nehez\u00edt\u00e9st igaz\u00e1b\u00f3l a bejut\u00e1s jelentette: megh\u00edv\u00e1sos rendszerrel m\u0171k\u00f6d\u00f6tt, \u00edgy csak olyan tudott bevinni, aki rendelkezett megh\u00edv\u00f3val. Egyszer\u0171, letisztult diz\u00e1jnja \u00e9s a nem t\u00fal \u00f6sszetett k\u00f6z\u00f6ss\u00e9gi fel\u00fclete miatt ink\u00e1bb az id\u0151sebbek sz\u00e1m\u00e1ra volt n\u00e9pszer\u0171 \u2013 az akkori tinik ink\u00e1bb csak \u201ehogy ez is legyen\u201d elven haszn\u00e1lt\u00e1k. 5 \u00e9ve kapcsolt\u00e1k le az oldalt, az utols\u00f3 h\u00f3napokban volt lehet\u0151s\u00e9g \u2013 egyfajta id\u0151kapszulak\u00e9nt \u2013 lementeni profilunk tartalm\u00e1t.<\/p>\n\n\n\n<figure class=\"wp-block-image\"><img loading=\"lazy\" decoding=\"async\" width=\"1024\" height=\"664\" data-attachment-id=\"4762\" data-permalink=\"https:\/\/www.notebook.hu\/blog\/kozossegi-oldalak\/attachment\/00076776\/\" data-orig-file=\"https:\/\/www.notebook.hu\/blog\/wp-content\/uploads\/2019\/07\/00076776.jpeg\" data-orig-size=\"1127,731\" data-comments-opened=\"0\" data-image-meta=\"{&quot;aperture&quot;:&quot;0&quot;,&quot;credit&quot;:&quot;&quot;,&quot;camera&quot;:&quot;&quot;,&quot;caption&quot;:&quot;&quot;,&quot;created_timestamp&quot;:&quot;0&quot;,&quot;copyright&quot;:&quot;&quot;,&quot;focal_length&quot;:&quot;0&quot;,&quot;iso&quot;:&quot;0&quot;,&quot;shutter_speed&quot;:&quot;0&quot;,&quot;title&quot;:&quot;&quot;,&quot;orientation&quot;:&quot;1&quot;}\" data-image-title=\"00076776\" data-image-description=\"\" data-image-caption=\"\" data-medium-file=\"https:\/\/www.notebook.hu\/blog\/wp-content\/uploads\/2019\/07\/00076776-300x195.jpeg\" data-large-file=\"https:\/\/www.notebook.hu\/blog\/wp-content\/uploads\/2019\/07\/00076776-1024x664.jpeg\" src=\"https:\/\/www.notebook.hu\/blog\/wp-content\/uploads\/2019\/07\/00076776-1024x664.jpeg\" alt=\"\" class=\"wp-image-4762\" srcset=\"https:\/\/www.notebook.hu\/blog\/wp-content\/uploads\/2019\/07\/00076776-1024x664.jpeg 1024w, https:\/\/www.notebook.hu\/blog\/wp-content\/uploads\/2019\/07\/00076776-300x195.jpeg 300w, https:\/\/www.notebook.hu\/blog\/wp-content\/uploads\/2019\/07\/00076776-768x498.jpeg 768w, https:\/\/www.notebook.hu\/blog\/wp-content\/uploads\/2019\/07\/00076776.jpeg 1127w\" sizes=\"auto, (max-width: 1024px) 100vw, 1024px\" \/><\/figure>\n\n\n\n<p><strong>MyVIP \u2013 Fiatalok j\u00e1tsz\u00f3tere<\/strong><\/p>\n\n\n\n<p>Ez volt a fiatalabb gener\u00e1ci\u00f3 iWiW-je. A z\u00f6ld-fekete diz\u00e1jnt egy id\u0151 ut\u00e1n a korszakos trendeknek megfelel\u0151en EMO-diz\u00e1jn\u00fara, vagy m\u00e1s csirics\u00e1r\u00e9 dekorral ell\u00e1tott sablonnal cser\u00e9lhett\u00fck ki. K\u00f6nnyebb volt a csoportokba rendez\u0151d\u00e9s \u00e9s az \u00f6nkifejez\u00e9s is sokkal izgalmasabb m\u00f3dokon val\u00f3sulhatott meg: k\u00e9pek mapp\u00e1kba rendez\u00e9se, vide\u00f3k, a tartalmak alatti megtekint\u00e9sek sz\u00e1ma \u00e9s a speci\u00e1lis bemutatkoz\u00f3 sz\u00f6vegek. A fel\u00fclet egyik legizgalmasabb tulajdons\u00e1ga a \u201eKik n\u00e9zt\u00e9k meg a profilomat?\u201d fel\u00fclet volt, ugyanis itt le tudtuk csekkolni, hogy kik kattintottak az adatlapunkra: avagy kiket \u00e9rdekl\u00fcnk a legjobban (igen, ezek az \u201eadatok\u201d \u00e9s n\u00e9zel\u0151d\u00e9sek f\u0151leg a p\u00e1rkeres\u00e9si szempontn\u00e1l j\u00f6ttek a k\u00e9pbe). A MyVIP ugyan igyekezett fenntartani a felhaszn\u00e1l\u00f3k lelkesed\u00e9s\u00e9t, hiszen megjelent az \u00fczen\u0151fal \u00e9s k\u00fcl\u00f6nb\u00f6z\u0151 \u201ehivatalos myVIP-es j\u00e1t\u00e9kokat szerveztek\u201d, v\u00e9g\u00fcl \u0151ket is elnyomta a Zuckerberg-f\u00e9le Facebook-sereg. Az oldal jelenleg is akt\u00edv, j\u00f3p\u00e1r profilt megtal\u00e1lhattok m\u00e9g\u2026 ki tudja, p\u00e1r k\u00f6z\u00e9piskolai ismer\u0151sr\u0151l akad m\u00e9g ott ciki k\u00e9p. <\/p>\n\n\n\n<figure class=\"wp-block-image\"><img loading=\"lazy\" decoding=\"async\" width=\"450\" height=\"300\" data-attachment-id=\"4761\" data-permalink=\"https:\/\/www.notebook.hu\/blog\/kozossegi-oldalak\/myvipkicsi\/\" data-orig-file=\"https:\/\/www.notebook.hu\/blog\/wp-content\/uploads\/2019\/07\/myvipkicsi.jpg\" data-orig-size=\"450,300\" data-comments-opened=\"0\" data-image-meta=\"{&quot;aperture&quot;:&quot;0&quot;,&quot;credit&quot;:&quot;&quot;,&quot;camera&quot;:&quot;&quot;,&quot;caption&quot;:&quot;&quot;,&quot;created_timestamp&quot;:&quot;0&quot;,&quot;copyright&quot;:&quot;&quot;,&quot;focal_length&quot;:&quot;0&quot;,&quot;iso&quot;:&quot;0&quot;,&quot;shutter_speed&quot;:&quot;0&quot;,&quot;title&quot;:&quot;&quot;,&quot;orientation&quot;:&quot;0&quot;}\" data-image-title=\"myvipkicsi\" data-image-description=\"\" data-image-caption=\"\" data-medium-file=\"https:\/\/www.notebook.hu\/blog\/wp-content\/uploads\/2019\/07\/myvipkicsi-300x200.jpg\" data-large-file=\"https:\/\/www.notebook.hu\/blog\/wp-content\/uploads\/2019\/07\/myvipkicsi.jpg\" src=\"https:\/\/www.notebook.hu\/blog\/wp-content\/uploads\/2019\/07\/myvipkicsi.jpg\" alt=\"\" class=\"wp-image-4761\" srcset=\"https:\/\/www.notebook.hu\/blog\/wp-content\/uploads\/2019\/07\/myvipkicsi.jpg 450w, https:\/\/www.notebook.hu\/blog\/wp-content\/uploads\/2019\/07\/myvipkicsi-300x200.jpg 300w\" sizes=\"auto, (max-width: 450px) 100vw, 450px\" \/><\/figure>\n\n\n\n<p><strong>MySpace \u2013 Do you speak english?<\/strong><\/p>\n\n\n\n<p>Ok\u00e9, ez is egy ma m\u00e9g akt\u00edv oldal, de j\u00f3val kisebb a lelkesed\u00e9s ir\u00e1nta, mint kor\u00e1bban. A MySpace ink\u00e1bb a kreat\u00edv tartalomgy\u00e1rt\u00f3k fel\u00fclete, ahol a fot\u00f3kat, zen\u00e9ket \u00e9s vide\u00f3kat lehetett megosztani, na meg term\u00e9szetesen ott volt a kis profilunk, amit kit\u00f6lthett\u00fcnk. H\u00edroldalk\u00e9nt is funkcion\u00e1l m\u00e1r, a fel\u00fclet viszont teljesen angol nyelv\u0171, \u00edgy a magyar interneten \u2013 f\u0151leg a 2000-es \u00e9vek els\u0151 \u00e9vtized\u00e9ben \u2013 nem nagyon tudott elterjedni.<\/p>\n\n\n\n<figure class=\"wp-block-image\"><img loading=\"lazy\" decoding=\"async\" width=\"1024\" height=\"643\" data-attachment-id=\"4760\" data-permalink=\"https:\/\/www.notebook.hu\/blog\/kozossegi-oldalak\/nov-3-spec_-myspace-blog_frommsdn-com_\/\" data-orig-file=\"https:\/\/www.notebook.hu\/blog\/wp-content\/uploads\/2019\/07\/nov.3.spec_.myspace.blog_frommsdn.com_.jpg\" data-orig-size=\"1262,793\" data-comments-opened=\"0\" data-image-meta=\"{&quot;aperture&quot;:&quot;0&quot;,&quot;credit&quot;:&quot;Sayuri Wijaya Gould&quot;,&quot;camera&quot;:&quot;&quot;,&quot;caption&quot;:&quot;&quot;,&quot;created_timestamp&quot;:&quot;1268930433&quot;,&quot;copyright&quot;:&quot;&quot;,&quot;focal_length&quot;:&quot;0&quot;,&quot;iso&quot;:&quot;0&quot;,&quot;shutter_speed&quot;:&quot;0&quot;,&quot;title&quot;:&quot;&quot;,&quot;orientation&quot;:&quot;1&quot;}\" data-image-title=\"nov.3.spec_.myspace.blog_frommsdn.com_\" data-image-description=\"\" data-image-caption=\"\" data-medium-file=\"https:\/\/www.notebook.hu\/blog\/wp-content\/uploads\/2019\/07\/nov.3.spec_.myspace.blog_frommsdn.com_-300x189.jpg\" data-large-file=\"https:\/\/www.notebook.hu\/blog\/wp-content\/uploads\/2019\/07\/nov.3.spec_.myspace.blog_frommsdn.com_-1024x643.jpg\" src=\"https:\/\/www.notebook.hu\/blog\/wp-content\/uploads\/2019\/07\/nov.3.spec_.myspace.blog_frommsdn.com_-1024x643.jpg\" alt=\"\" class=\"wp-image-4760\" srcset=\"https:\/\/www.notebook.hu\/blog\/wp-content\/uploads\/2019\/07\/nov.3.spec_.myspace.blog_frommsdn.com_-1024x643.jpg 1024w, https:\/\/www.notebook.hu\/blog\/wp-content\/uploads\/2019\/07\/nov.3.spec_.myspace.blog_frommsdn.com_-300x189.jpg 300w, https:\/\/www.notebook.hu\/blog\/wp-content\/uploads\/2019\/07\/nov.3.spec_.myspace.blog_frommsdn.com_-768x483.jpg 768w, https:\/\/www.notebook.hu\/blog\/wp-content\/uploads\/2019\/07\/nov.3.spec_.myspace.blog_frommsdn.com_.jpg 1262w\" sizes=\"auto, (max-width: 1024px) 100vw, 1024px\" \/><\/figure>\n\n\n\n<p><strong>Baratikor.com \u00e9s Veledutaztam.hu<\/strong><\/p>\n\n\n\n<p>Ezeknek a port\u00e1loknak ink\u00e1bb csak a neve, meg p\u00e1r oldala villant be el\u0151ttem, mikor elkezdtem keresg\u00e9lni a blogcikkhez az anyagokat. A Bar\u00e1tik\u00f6r egy lightosabb kiad\u00e1s\u00fa iwiw-myVIP kever\u00e9k volt, a \u201eVeled utaztam\u201d viszont egy kreat\u00edv alap\u00f6tletre \u00e9p\u00fclt: l\u00e1tt\u00e1l egy neked tetsz\u0151 fi\u00fat\/l\u00e1nyt valamelyik buszon\/vonaton? Regisztr\u00e1lj az oldalra, jel\u00f6ld be, hogy milyen \u00fatvonalakon, milyen gyakran j\u00e1rsz \u2013 mondjuk ez biztons\u00e1gi okokb\u00f3l nem teljesen ide\u00e1lis \u2013 \u00e9s vedd fel a kapcsolatot azzal, aki szint\u00e9n ezt az \u00fatvonalat haszn\u00e1lja. Az \u00f6tlet sz\u00e9p volt, viszont nem volt el\u00e9gg\u00e9 felkapott, hogy \u00e9letk\u00e9pes tudjon maradni.<\/p>\n\n\n\n<figure class=\"wp-block-image\"><img loading=\"lazy\" decoding=\"async\" width=\"979\" height=\"185\" data-attachment-id=\"4759\" data-permalink=\"https:\/\/www.notebook.hu\/blog\/kozossegi-oldalak\/baratikormenu\/\" data-orig-file=\"https:\/\/www.notebook.hu\/blog\/wp-content\/uploads\/2019\/07\/Baratikormenu.jpg\" data-orig-size=\"979,185\" data-comments-opened=\"0\" data-image-meta=\"{&quot;aperture&quot;:&quot;0&quot;,&quot;credit&quot;:&quot;&quot;,&quot;camera&quot;:&quot;&quot;,&quot;caption&quot;:&quot;&quot;,&quot;created_timestamp&quot;:&quot;0&quot;,&quot;copyright&quot;:&quot;&quot;,&quot;focal_length&quot;:&quot;0&quot;,&quot;iso&quot;:&quot;0&quot;,&quot;shutter_speed&quot;:&quot;0&quot;,&quot;title&quot;:&quot;&quot;,&quot;orientation&quot;:&quot;0&quot;}\" data-image-title=\"Baratikormenu\" data-image-description=\"\" data-image-caption=\"\" data-medium-file=\"https:\/\/www.notebook.hu\/blog\/wp-content\/uploads\/2019\/07\/Baratikormenu-300x57.jpg\" data-large-file=\"https:\/\/www.notebook.hu\/blog\/wp-content\/uploads\/2019\/07\/Baratikormenu.jpg\" src=\"https:\/\/www.notebook.hu\/blog\/wp-content\/uploads\/2019\/07\/Baratikormenu.jpg\" alt=\"\" class=\"wp-image-4759\" srcset=\"https:\/\/www.notebook.hu\/blog\/wp-content\/uploads\/2019\/07\/Baratikormenu.jpg 979w, https:\/\/www.notebook.hu\/blog\/wp-content\/uploads\/2019\/07\/Baratikormenu-300x57.jpg 300w, https:\/\/www.notebook.hu\/blog\/wp-content\/uploads\/2019\/07\/Baratikormenu-768x145.jpg 768w\" sizes=\"auto, (max-width: 979px) 100vw, 979px\" \/><\/figure>\n\n\n\n<p><strong>Hotdog \u00e9s Gport\u00e1l<\/strong><\/p>\n\n\n\n<p>Ezt a p\u00e1rost direkt hagytam a\nv\u00e9g\u00e9re. A Hotdog alapjaiban \u00fagy m\u0171k\u00f6d\u00f6tt, mint a Facebook, csak sokkal t\u00f6bb\nlehet\u0151s\u00e9ged volt szem\u00e9lyre szabni a profilodat. F\u00f3rumok, chatek m\u0171k\u00f6dtek \u00e9s az\n\u00e9rdekl\u0151d\u00e9sed, meg a tev\u00e9kenys\u00e9geid alapj\u00e1n kis kit\u0171z\u0151ket kaphatt\u00e1l. Az oldal\negyfajta magazin-oldalk\u00e9nt is m\u0171k\u00f6d\u00f6tt, \u00edgy \u2013 ink\u00e1bb a tin\u00e9dzser kor\u00fa\nfelhaszn\u00e1l\u00f3kra c\u00e9lzott cikkekel \u2013 ny\u00fajtott lehet\u0151s\u00e9get, hogy k\u00fcl\u00f6nb\u00f6z\u0151\ntartalmakat olvashassanak.<\/p>\n\n\n\n<p>A Gport\u00e1l m\u00e1r k\u00f6zel sem k\u00f6z\u00f6ss\u00e9gi\nfel\u00fclet volt, hanem egy egyszer\u0171 lehet\u0151s\u00e9g, hogy saj\u00e1t weboldalt nyiss. Anno\n200 forintos regisztr\u00e1ci\u00f3s SMS-el m\u00e1r meg is kaptad az \u00e9rv\u00e9nyes\u00edt\u0151 k\u00f3dot az \u201eels\u0151\nsaj\u00e1t weboldalad\u201d elind\u00edt\u00e1s\u00e1hoz. Ezeket is sz\u00e9pen lehetett cicom\u00e1zni, egym\u00e1s\nchatj\u00e9ben pedig tolni a rekl\u00e1mot \u00e9s bannercser\u00e9ket. Rendk\u00edv\u00fcl sok mostani\nweboldal alapj\u00e1ul szolg\u00e1lt egy korai\u2026 buta HTML-ezget\u00e9ssel szem\u00e9lyre szabott\nkis gport\u00e1los site. Ma m\u00e1r j\u00f3val alacsonyabb a l\u00e1togatotts\u00e1ga \u00e9s egy-k\u00e9t oldalt\nb\u00f6ng\u00e9szve, szinte mellbe is r\u00fag a 2000-es \u00e9vek flash.<\/p>\n\n\n\n<p><strong>+1: MSN Messnger<\/strong><\/p>\n\n\n\n<p>Haza\u00e9rsz, g\u00e9p bekapcs \u00e9s a r\u00e9gi j\u00f3 hotmailes, vagy freemailes e-mail c\u00edmmel bel\u00e9psz a korszak legn\u00e9pszer\u0171bb chat-programj\u00e1ba. L\u00e9trehozni egy saj\u00e1t emotikont? A vil\u00e1g legcsics\u00e1sabb, sz\u00ednesebb \u00e9s szimb\u00f3lumokkal tel\u00edtettebb nick-nev\u00e9t megadni magadnak? A mentett besz\u00e9lget\u00e9seket visszaolvasgatni? Megmutatni a nagy vil\u00e1gnak, hogy te \u00e9ppen mit hallgatsz \u00e9s ezzel lehet, hogy m\u00e9g \u00fczenhett\u00e9l is valakinek, valamit (Z\u00e1mb\u00f3 Jimmy \u2013 Egyszer megjavulok \u00e9n\u2026 avagy szerelmes ball\u00e9p\u00e9seidet dalban mondhatod el). Ez mind megoldhat\u00f3 volt a Messengerben, ami sz\u00e9p lassan \u00e1tadta a teret a most ismert \u00e9s n\u00e9pszer\u0171 Facebook Messengernek\u2026 pedig annyira frank\u00f3 emotikonokat lehetett a gagyi port\u00e1lokr\u00f3l \u00f6sszekuk\u00e1zni!<\/p>\n\n\n\n<figure class=\"wp-block-image\"><img loading=\"lazy\" decoding=\"async\" width=\"1024\" height=\"443\" data-attachment-id=\"4758\" data-permalink=\"https:\/\/www.notebook.hu\/blog\/kozossegi-oldalak\/msn-featured\/\" data-orig-file=\"https:\/\/www.notebook.hu\/blog\/wp-content\/uploads\/2019\/07\/msn-featured.jpg\" data-orig-size=\"3339,1446\" data-comments-opened=\"0\" data-image-meta=\"{&quot;aperture&quot;:&quot;0&quot;,&quot;credit&quot;:&quot;&quot;,&quot;camera&quot;:&quot;&quot;,&quot;caption&quot;:&quot;&quot;,&quot;created_timestamp&quot;:&quot;0&quot;,&quot;copyright&quot;:&quot;&quot;,&quot;focal_length&quot;:&quot;0&quot;,&quot;iso&quot;:&quot;0&quot;,&quot;shutter_speed&quot;:&quot;0&quot;,&quot;title&quot;:&quot;&quot;,&quot;orientation&quot;:&quot;1&quot;}\" data-image-title=\"msn-featured\" data-image-description=\"\" data-image-caption=\"\" data-medium-file=\"https:\/\/www.notebook.hu\/blog\/wp-content\/uploads\/2019\/07\/msn-featured-300x130.jpg\" data-large-file=\"https:\/\/www.notebook.hu\/blog\/wp-content\/uploads\/2019\/07\/msn-featured-1024x443.jpg\" src=\"https:\/\/www.notebook.hu\/blog\/wp-content\/uploads\/2019\/07\/msn-featured-1024x443.jpg\" alt=\"\" class=\"wp-image-4758\" srcset=\"https:\/\/www.notebook.hu\/blog\/wp-content\/uploads\/2019\/07\/msn-featured-1024x443.jpg 1024w, https:\/\/www.notebook.hu\/blog\/wp-content\/uploads\/2019\/07\/msn-featured-300x130.jpg 300w, https:\/\/www.notebook.hu\/blog\/wp-content\/uploads\/2019\/07\/msn-featured-768x333.jpg 768w\" sizes=\"auto, (max-width: 1024px) 100vw, 1024px\" \/><\/figure>\n","protected":false},"excerpt":{"rendered":"<p>Nosztalgikus \u00e9rz\u00e9ssel vegyes gyomorg\u00f6rccsel \u00fcltem le a g\u00e9p el\u00e9, mikor eszembe jutott: \u201eideje felkeresni az internet r\u00e9g elfeledett szegleteit \u00e9s szembes\u00fclni azzal, milyen h\u00fclyes\u00e9geket posztoltam r\u00e9gen a k\u00f6z\u00f6ss\u00e9gi m\u00e9di\u00e1s fel\u00fcleteimre\u201d. Hamar megnyugodtam, hiszen az ismer\u0151s z\u00f6ld kezd\u0151lapon kattintgatva r\u00e1j\u00f6ttem, hogy m\u00e1r nem akt\u00edv a r\u00e9gi profilom\u2026 na, de n\u00e9zz\u00fck is meg mi jelentette a \u201ef\u00e9szbukot\u201d &hellip;<\/p>\n","protected":false},"author":1,"featured_media":4763,"comment_status":"closed","ping_status":"open","sticky":false,"template":"","format":"standard","meta":{"_jetpack_memberships_contains_paid_content":false,"footnotes":""},"categories":[42],"tags":[837,87,840,839,834,836,835,838],"class_list":["post-4757","post","type-post","status-publish","format-standard","has-post-thumbnail","","category-cikkek","tag-baratikor-com","tag-facebook","tag-gportal","tag-hotdog","tag-iwiw","tag-myspace","tag-myvip","tag-veledutaztam-hu"],"jetpack_featured_media_url":"https:\/\/www.notebook.hu\/blog\/wp-content\/uploads\/2019\/07\/social-media-image-.jpg","jetpack_shortlink":"https:\/\/wp.me\/p9xSLL-1eJ","jetpack_sharing_enabled":true,"_links":{"self":[{"href":"https:\/\/www.notebook.hu\/blog\/wp-json\/wp\/v2\/posts\/4757","targetHints":{"allow":["GET"]}}],"collection":[{"href":"https:\/\/www.notebook.hu\/blog\/wp-json\/wp\/v2\/posts"}],"about":[{"href":"https:\/\/www.notebook.hu\/blog\/wp-json\/wp\/v2\/types\/post"}],"author":[{"embeddable":true,"href":"https:\/\/www.notebook.hu\/blog\/wp-json\/wp\/v2\/users\/1"}],"replies":[{"embeddable":true,"href":"https:\/\/www.notebook.hu\/blog\/wp-json\/wp\/v2\/comments?post=4757"}],"version-history":[{"count":3,"href":"https:\/\/www.notebook.hu\/blog\/wp-json\/wp\/v2\/posts\/4757\/revisions"}],"predecessor-version":[{"id":4954,"href":"https:\/\/www.notebook.hu\/blog\/wp-json\/wp\/v2\/posts\/4757\/revisions\/4954"}],"wp:featuredmedia":[{"embeddable":true,"href":"https:\/\/www.notebook.hu\/blog\/wp-json\/wp\/v2\/media\/4763"}],"wp:attachment":[{"href":"https:\/\/www.notebook.hu\/blog\/wp-json\/wp\/v2\/media?parent=4757"}],"wp:term":[{"taxonomy":"category","embeddable":true,"href":"https:\/\/www.notebook.hu\/blog\/wp-json\/wp\/v2\/categories?post=4757"},{"taxonomy":"post_tag","embeddable":true,"href":"https:\/\/www.notebook.hu\/blog\/wp-json\/wp\/v2\/tags?post=4757"}],"curies":[{"name":"wp","href":"https:\/\/api.w.org\/{rel}","templated":true}]}}