{"id":4729,"date":"2019-07-10T09:14:05","date_gmt":"2019-07-10T07:14:05","guid":{"rendered":"https:\/\/www.notebook.hu\/blog\/?p=4729"},"modified":"2019-07-08T12:09:49","modified_gmt":"2019-07-08T10:09:49","slug":"torott-kijelzo","status":"publish","type":"post","link":"https:\/\/www.notebook.hu\/blog\/torott-kijelzo\/","title":{"rendered":"T\u00f6r\u00f6tt kijelz\u0151 | F\u00e9l\u00fcnk t\u0151le, de nem tesz\u00fcnk ellene"},"content":{"rendered":"\n<figure class=\"wp-block-image\"><img loading=\"lazy\" decoding=\"async\" width=\"2000\" height=\"1328\" data-attachment-id=\"4730\" data-permalink=\"https:\/\/www.notebook.hu\/blog\/torott-kijelzo\/53689895_l\/\" data-orig-file=\"https:\/\/www.notebook.hu\/blog\/wp-content\/uploads\/2019\/07\/53689895_l.jpg\" data-orig-size=\"2000,1328\" data-comments-opened=\"0\" data-image-meta=\"{&quot;aperture&quot;:&quot;5.6&quot;,&quot;credit&quot;:&quot;&quot;,&quot;camera&quot;:&quot;NIKON D90&quot;,&quot;caption&quot;:&quot;Hands holding broken mobile smartphone with stock graph overlay. Investment risk stock concept.&quot;,&quot;created_timestamp&quot;:&quot;1421057266&quot;,&quot;copyright&quot;:&quot;&quot;,&quot;focal_length&quot;:&quot;50&quot;,&quot;iso&quot;:&quot;200&quot;,&quot;shutter_speed&quot;:&quot;0.003125&quot;,&quot;title&quot;:&quot;Hands holding broken mobile smartphone with stock graph&quot;,&quot;orientation&quot;:&quot;1&quot;}\" data-image-title=\"53689895_l\" data-image-description=\"\" data-image-caption=\"&lt;p&gt;Hands holding broken mobile smartphone with stock graph overlay. Investment risk stock concept.&lt;\/p&gt;\n\" data-medium-file=\"https:\/\/www.notebook.hu\/blog\/wp-content\/uploads\/2019\/07\/53689895_l-300x199.jpg\" data-large-file=\"https:\/\/www.notebook.hu\/blog\/wp-content\/uploads\/2019\/07\/53689895_l-1024x680.jpg\" src=\"https:\/\/i0.wp.com\/www.notebook.hu\/blog\/wp-content\/uploads\/2019\/07\/53689895_l.jpg?fit=618%2C410&amp;ssl=1\" alt=\"\" class=\"wp-image-4730\" srcset=\"https:\/\/www.notebook.hu\/blog\/wp-content\/uploads\/2019\/07\/53689895_l.jpg 2000w, https:\/\/www.notebook.hu\/blog\/wp-content\/uploads\/2019\/07\/53689895_l-300x199.jpg 300w, https:\/\/www.notebook.hu\/blog\/wp-content\/uploads\/2019\/07\/53689895_l-768x510.jpg 768w, https:\/\/www.notebook.hu\/blog\/wp-content\/uploads\/2019\/07\/53689895_l-1024x680.jpg 1024w, https:\/\/www.notebook.hu\/blog\/wp-content\/uploads\/2019\/07\/53689895_l-310x205.jpg 310w\" sizes=\"auto, (max-width: 2000px) 100vw, 2000px\" \/><\/figure>\n\n\n\n<p><strong>A Huawei 10 orsz\u00e1gban &#8211; k\u00f6zt\u00fck haz\u00e1nkban &#8211; v\u00e9gzett felm\u00e9r\u00e9sben arra kerestek v\u00e1laszt, hogy tulajdonosaik szerint milyen vesz\u00e9lyek fenyegetik a legink\u00e1bb az okostelefonokat, \u00e9s mi miatt viszik szervizbe k\u00e9sz\u00fcl\u00e9keiket.&nbsp;<\/strong><br><\/p>\n\n\n\n<p>\u00c9rdekes &#8211; m\u00e1r-m\u00e1r ellentmond\u00e1sos &#8211; eredm\u00e9nyt produk\u00e1lt a Huawei felhaszn\u00e1l\u00f3k k\u00f6r\u00e9ben v\u00e9gzett felm\u00e9r\u00e9s: a magyar felhaszn\u00e1l\u00f3k mind\u00f6ssze fele v\u00e9di a telefonja kijelz\u0151j\u00e9t att\u00f3l, hogy az megs\u00e9r\u00fcl, m\u00e9gis ennek az elemnek a rong\u00e1l\u00f3d\u00e1s\u00e1t\u00f3l tartanak a legjobban. Ez az ar\u00e1ny azzal az adal\u00e9kkal m\u00e9g ink\u00e1bb furcsa, hogy a megk\u00e9rdezettek harmad\u00e1n\u00e1l m\u00e1r repedt, vagy t\u00f6rt kijelz\u0151. Azzal egy\u00fctt, hogy a megk\u00e9rdezettek 69%-a nem tudja elk\u00e9pzelni az \u00e9let\u00e9t m\u00e1r okostelefon n\u00e9lk\u00fcl, egy igen ambivalens v\u00e9geredm\u00e9ny: f\u00e9ltj\u00fck, de nem v\u00e9dj\u00fck, annak ellen\u00e9re sem, hogy az \u00e9let\u00fcnk n\u00e9lk\u00fcl\u00f6zhetetlen r\u00e9sze.&nbsp;<br><\/p>\n\n\n\n<p>A magyarok negyede nem tartja semmilyen tokban a mobilj\u00e1t, illetve telefonja kijelz\u0151j\u00e9t csak a v\u00e1laszad\u00f3k alig fele v\u00e9di f\u00f3li\u00e1val, ezzel kit\u00e9ve a k\u00e9sz\u00fcl\u00e9k\u00fcket az esetleges s\u00e9r\u00fcl\u00e9seknek. Annak ellen\u00e9re, hogy &#8211; p\u00e9ld\u00e1ul a Gorilla Glass \u00fcvegekkel &#8211; egyre jobban igyekeznek a gy\u00e1rt\u00f3k \u201c\u00fct\u00e9sbiztos\u201d elemekkel dolgozni, mindig j\u00f3l j\u00f6n egy extra r\u00e9teg, ami v\u00e9di a kijelz\u0151t! Ami megintcsak furcsa, hogy mind\u00f6ssze a megk\u00e9rdezettek 11 sz\u00e1zal\u00e9ka k\u00f6t\u00f6tt valamilyen biztos\u00edt\u00e1st az okostelefonja k\u00e1rosod\u00e1sa eset\u00e9re &#8211; pedig sokszor rendk\u00edv\u00fcl egyszer\u0171 ennek a megk\u00f6t\u00e9se, ak\u00e1r m\u00e1r a v\u00e1s\u00e1rl\u00e1s pillanat\u00e1ban k\u00e9rhet\u0151 r\u00e1 bizonyos viszontelad\u00f3kt\u00f3l. Az is kider\u00fclt, hogy a magyarok 75 sz\u00e1zal\u00e9ka m\u00e9g soha nem cser\u00e9ltette ki telefonja el\u0151lapj\u00e1t annak ellen\u00e9re, hogy 32 sz\u00e1zal\u00e9kuk m\u00e1r legal\u00e1bb egyszer bet\u00f6rte azt. A szervizekt\u0151l val\u00f3 t\u00e1volmarad\u00e1s oka a hazai megk\u00e9rdezettek v\u00e1laszai alapj\u00e1n egy\u00e9rtelm\u0171en a p\u00e9nzt\u00e1rc\u00e1jukra foghat\u00f3: a magyarok k\u00f6zel 92 sz\u00e1zal\u00e9ka \u00fagy gondolja, hogy egy kijelz\u0151csere t\u00fals\u00e1gosan dr\u00e1ga, 41 sz\u00e1zal\u00e9k szerint pedig ennek a k\u00f6lts\u00e9gnek nem szabadna meghaladnia a piaci \u00e1tlag\u00e1rnak tartott 32 ezer forintot.<br><\/p>\n\n\n\n<p>&nbsp;A v\u00e1laszad\u00f3k t\u00f6bbs\u00e9ge \u00e1ltal\u00e1noss\u00e1gban t\u00fal s\u00e9r\u00fcl\u00e9kenynek \u00edt\u00e9lik meg a mobilk\u00e9sz\u00fcl\u00e9keket, valamint kifejezetten hajlamosnak tartj\u00e1k azokat a k\u00fcl\u00f6nb\u00f6z\u0151 meghib\u00e1sod\u00e1sokra. Az okostelefon-tulajdonosok els\u0151sorban a k\u00e9sz\u00fcl\u00e9kek gy\u00e1rt\u00f3it\u00f3l v\u00e1rj\u00e1k a megold\u00e1st: a r\u00e9sztvev\u0151k 78 sz\u00e1zal\u00e9ka \u00f6sszess\u00e9g\u00e9ben elv\u00e1rn\u00e1, hogy strapab\u00edr\u00f3bb k\u00e9sz\u00fcl\u00e9keket fejlesszenek sz\u00e1mukra \u00e9s adott esetben megk\u00edm\u00e9lj\u00e9k a felhaszn\u00e1l\u00f3kat az emberi mulaszt\u00e1sb\u00f3l \u00e9s balesetekb\u0151l ad\u00f3d\u00f3 k\u00e1rok jav\u00edt\u00e1si k\u00f6lts\u00e9geit\u0151l is. A v\u00e1s\u00e1rl\u00f3i mentalit\u00e1s teh\u00e1t ink\u00e1bb az \u201cegyszer megvettem, ne kelljen hozz\u00e1 extra dolgokat vennem, hogy j\u00f3l tudjon m\u0171k\u00f6dni\u201d mondattal jellemezhet\u0151. <br><\/p>\n\n\n\n<figure class=\"wp-block-image\"><img loading=\"lazy\" decoding=\"async\" width=\"2000\" height=\"1333\" data-attachment-id=\"4731\" data-permalink=\"https:\/\/www.notebook.hu\/blog\/torott-kijelzo\/31487513_l\/\" data-orig-file=\"https:\/\/www.notebook.hu\/blog\/wp-content\/uploads\/2019\/07\/31487513_l.jpg\" data-orig-size=\"2000,1333\" data-comments-opened=\"0\" data-image-meta=\"{&quot;aperture&quot;:&quot;4&quot;,&quot;credit&quot;:&quot;Jan Faukner&quot;,&quot;camera&quot;:&quot;Canon EOS 5D Mark III&quot;,&quot;caption&quot;:&quot;Broken glass of smart phone on the wood table&quot;,&quot;created_timestamp&quot;:&quot;1404744942&quot;,&quot;copyright&quot;:&quot;Jan Faukner&quot;,&quot;focal_length&quot;:&quot;100&quot;,&quot;iso&quot;:&quot;320&quot;,&quot;shutter_speed&quot;:&quot;0.005&quot;,&quot;title&quot;:&quot;Broken glass of smart phone on the wood table&quot;,&quot;orientation&quot;:&quot;1&quot;}\" data-image-title=\"31487513_l\" data-image-description=\"\" data-image-caption=\"&lt;p&gt;Broken glass of smart phone on the wood table&lt;\/p&gt;\n\" data-medium-file=\"https:\/\/www.notebook.hu\/blog\/wp-content\/uploads\/2019\/07\/31487513_l-300x200.jpg\" data-large-file=\"https:\/\/www.notebook.hu\/blog\/wp-content\/uploads\/2019\/07\/31487513_l-1024x682.jpg\" src=\"https:\/\/i2.wp.com\/www.notebook.hu\/blog\/wp-content\/uploads\/2019\/07\/31487513_l.jpg?fit=618%2C412&amp;ssl=1\" alt=\"\" class=\"wp-image-4731\" srcset=\"https:\/\/www.notebook.hu\/blog\/wp-content\/uploads\/2019\/07\/31487513_l.jpg 2000w, https:\/\/www.notebook.hu\/blog\/wp-content\/uploads\/2019\/07\/31487513_l-300x200.jpg 300w, https:\/\/www.notebook.hu\/blog\/wp-content\/uploads\/2019\/07\/31487513_l-768x512.jpg 768w, https:\/\/www.notebook.hu\/blog\/wp-content\/uploads\/2019\/07\/31487513_l-1024x682.jpg 1024w\" sizes=\"auto, (max-width: 2000px) 100vw, 2000px\" \/><\/figure>\n","protected":false},"excerpt":{"rendered":"<p>A Huawei 10 orsz\u00e1gban &#8211; k\u00f6zt\u00fck haz\u00e1nkban &#8211; v\u00e9gzett felm\u00e9r\u00e9sben arra kerestek v\u00e1laszt, hogy tulajdonosaik szerint milyen vesz\u00e9lyek fenyegetik a legink\u00e1bb az okostelefonokat, \u00e9s mi miatt viszik szervizbe k\u00e9sz\u00fcl\u00e9keiket.&nbsp; \u00c9rdekes &#8211; m\u00e1r-m\u00e1r ellentmond\u00e1sos &#8211; eredm\u00e9nyt produk\u00e1lt a Huawei felhaszn\u00e1l\u00f3k k\u00f6r\u00e9ben v\u00e9gzett felm\u00e9r\u00e9s: a magyar felhaszn\u00e1l\u00f3k mind\u00f6ssze fele v\u00e9di a telefonja kijelz\u0151j\u00e9t att\u00f3l, hogy az megs\u00e9r\u00fcl, &hellip;<\/p>\n","protected":false},"author":1,"featured_media":4730,"comment_status":"closed","ping_status":"open","sticky":false,"template":"","format":"standard","meta":{"_jetpack_memberships_contains_paid_content":false,"footnotes":""},"categories":[42],"tags":[832,833,831],"class_list":["post-4729","post","type-post","status-publish","format-standard","has-post-thumbnail","","category-cikkek","tag-kijelzo-csere","tag-szerviz","tag-torott-kijelzo"],"jetpack_featured_media_url":"https:\/\/www.notebook.hu\/blog\/wp-content\/uploads\/2019\/07\/53689895_l.jpg","jetpack_shortlink":"https:\/\/wp.me\/p9xSLL-1eh","jetpack_sharing_enabled":true,"_links":{"self":[{"href":"https:\/\/www.notebook.hu\/blog\/wp-json\/wp\/v2\/posts\/4729","targetHints":{"allow":["GET"]}}],"collection":[{"href":"https:\/\/www.notebook.hu\/blog\/wp-json\/wp\/v2\/posts"}],"about":[{"href":"https:\/\/www.notebook.hu\/blog\/wp-json\/wp\/v2\/types\/post"}],"author":[{"embeddable":true,"href":"https:\/\/www.notebook.hu\/blog\/wp-json\/wp\/v2\/users\/1"}],"replies":[{"embeddable":true,"href":"https:\/\/www.notebook.hu\/blog\/wp-json\/wp\/v2\/comments?post=4729"}],"version-history":[{"count":4,"href":"https:\/\/www.notebook.hu\/blog\/wp-json\/wp\/v2\/posts\/4729\/revisions"}],"predecessor-version":[{"id":4740,"href":"https:\/\/www.notebook.hu\/blog\/wp-json\/wp\/v2\/posts\/4729\/revisions\/4740"}],"wp:featuredmedia":[{"embeddable":true,"href":"https:\/\/www.notebook.hu\/blog\/wp-json\/wp\/v2\/media\/4730"}],"wp:attachment":[{"href":"https:\/\/www.notebook.hu\/blog\/wp-json\/wp\/v2\/media?parent=4729"}],"wp:term":[{"taxonomy":"category","embeddable":true,"href":"https:\/\/www.notebook.hu\/blog\/wp-json\/wp\/v2\/categories?post=4729"},{"taxonomy":"post_tag","embeddable":true,"href":"https:\/\/www.notebook.hu\/blog\/wp-json\/wp\/v2\/tags?post=4729"}],"curies":[{"name":"wp","href":"https:\/\/api.w.org\/{rel}","templated":true}]}}