{"id":4693,"date":"2019-06-28T09:00:05","date_gmt":"2019-06-28T07:00:05","guid":{"rendered":"https:\/\/www.notebook.hu\/blog\/?p=4693"},"modified":"2019-06-27T16:29:44","modified_gmt":"2019-06-27T14:29:44","slug":"libra-sajat-penzneme-lesz-a-facebook-vilaganak","status":"publish","type":"post","link":"https:\/\/www.notebook.hu\/blog\/libra-sajat-penzneme-lesz-a-facebook-vilaganak\/","title":{"rendered":"Libra | Saj\u00e1t p\u00e9nzneme lesz a Facebook-vil\u00e1g\u00e1nak?"},"content":{"rendered":"\n<figure class=\"wp-block-image\"><img loading=\"lazy\" decoding=\"async\" width=\"1170\" height=\"470\" data-attachment-id=\"4695\" data-permalink=\"https:\/\/www.notebook.hu\/blog\/libra-sajat-penzneme-lesz-a-facebook-vilaganak\/libra-01-1170x470\/\" data-orig-file=\"https:\/\/www.notebook.hu\/blog\/wp-content\/uploads\/2019\/06\/libra-01-1170x470.png\" data-orig-size=\"1170,470\" data-comments-opened=\"0\" data-image-meta=\"{&quot;aperture&quot;:&quot;0&quot;,&quot;credit&quot;:&quot;&quot;,&quot;camera&quot;:&quot;&quot;,&quot;caption&quot;:&quot;&quot;,&quot;created_timestamp&quot;:&quot;0&quot;,&quot;copyright&quot;:&quot;&quot;,&quot;focal_length&quot;:&quot;0&quot;,&quot;iso&quot;:&quot;0&quot;,&quot;shutter_speed&quot;:&quot;0&quot;,&quot;title&quot;:&quot;&quot;,&quot;orientation&quot;:&quot;0&quot;}\" data-image-title=\"libra-01-1170&#215;470\" data-image-description=\"\" data-image-caption=\"\" data-medium-file=\"https:\/\/www.notebook.hu\/blog\/wp-content\/uploads\/2019\/06\/libra-01-1170x470-300x121.png\" data-large-file=\"https:\/\/www.notebook.hu\/blog\/wp-content\/uploads\/2019\/06\/libra-01-1170x470-1024x411.png\" src=\"https:\/\/i0.wp.com\/www.notebook.hu\/blog\/wp-content\/uploads\/2019\/06\/libra-01-1170x470.png?fit=618%2C248&amp;ssl=1\" alt=\"\" class=\"wp-image-4695\" srcset=\"https:\/\/www.notebook.hu\/blog\/wp-content\/uploads\/2019\/06\/libra-01-1170x470.png 1170w, https:\/\/www.notebook.hu\/blog\/wp-content\/uploads\/2019\/06\/libra-01-1170x470-300x121.png 300w, https:\/\/www.notebook.hu\/blog\/wp-content\/uploads\/2019\/06\/libra-01-1170x470-768x309.png 768w, https:\/\/www.notebook.hu\/blog\/wp-content\/uploads\/2019\/06\/libra-01-1170x470-1024x411.png 1024w\" sizes=\"auto, (max-width: 1170px) 100vw, 1170px\" \/><\/figure>\n\n\n\n<p><strong>J\u00fanius k\u00f6zep\u00e9n ker\u00fclt bemutat\u00e1sra, hogy hogyan tervezik bevezetni j\u00f6v\u0151re a saj\u00e1t digit\u00e1lis p\u00e9nznem\u00e9t a Facebook, amit Libr\u00e1nak kereszteltek. Hogy mire lesz j\u00f3, hogyan fog m\u0171k\u00f6dni \u00e9s egy\u00e1ltal\u00e1n mi is ez, azt megpr\u00f3b\u00e1ltuk most egy blogcikkbe \u00f6sszeszedni nektek. <\/strong><\/p>\n\n\n\n<p>Mark Zuckerberg\u00e9k egy \u00faj vil\u00e1got\nteremtettek. A social media hajnal\u00e1n megsz\u00fclet\u0151 Facebook m\u00e1ra m\u00e1r beh\u00e1l\u00f3zta az\n\u00e9let\u00fcnket \u00e9s app-csoportj\u00e1val egy\u00fctt a h\u00e9tk\u00f6znapjaink organikus r\u00e9sz\u00e9v\u00e9 v\u00e1lt.\nMivel egyfajta \u201e\u00e1llam-az-\u00e1llamban\u201d rendszerk\u00e9nt l\u00e9tezik, \u00edgy mondhatni ideje\nvolt m\u00e1r annak, hogy saj\u00e1t p\u00e9nzneme is legyen a Facebook-birodalomnak. A c\u00e9g\nhivatalos indokl\u00e1sa a Libra l\u00e9trehoz\u00e1s\u00e1ra az, hogy annak az 1,7 milli\u00e1rd\nfeln\u0151tt embernek akarnak seg\u00edteni vil\u00e1gszerte, akinek nincs banksz\u00e1ml\u00e1ja, \u00e9s ezzel\nh\u00e1tr\u00e1nyos helyzetben vannak a v\u00e1s\u00e1rl\u00f3i piacon, els\u0151sorban a fejl\u0151d\u0151\norsz\u00e1gokban.<\/p>\n\n\n\n<p>A Facebook \u00e1ll\u00edt\u00e1sa szerint a Libr\u00e1t a t\u00f6bbi szolg\u00e1ltat\u00e1st\u00f3l f\u00fcggetlen\u00fcl fogj\u00e1k menedzselni, \u00e9s val\u00f3s \u00e9rt\u00e9k fog \u00e1llni az \u00e1rfolyama m\u00f6g\u00f6tt. R\u00e1ad\u00e1sul annyira egyszer\u0171 lesz vele fizetni, mint amikor egy \u00fczenetet k\u00fcld el az ember. A bejelent\u00e9s szerint a felhaszn\u00e1l\u00f3k k\u00f6zvetlen\u00fcl tudnak majd fizetni egy Libra alkalmaz\u00e1son kereszt\u00fcl, de ak\u00e1r a Facebook c\u00e9gcsal\u00e1dj\u00e1ba tartoz\u00f3 WhatsApp-on bel\u00fcl is. <\/p>\n\n\n\n<figure class=\"wp-block-image\"><img loading=\"lazy\" decoding=\"async\" width=\"1024\" height=\"578\" data-attachment-id=\"4696\" data-permalink=\"https:\/\/www.notebook.hu\/blog\/libra-sajat-penzneme-lesz-a-facebook-vilaganak\/1_zvdpqq5kxfwwohqfw4zajw\/\" data-orig-file=\"https:\/\/www.notebook.hu\/blog\/wp-content\/uploads\/2019\/06\/1_zvDPQq5kxfWwOhQFw4zaJw.jpeg\" data-orig-size=\"1024,578\" data-comments-opened=\"0\" data-image-meta=\"{&quot;aperture&quot;:&quot;0&quot;,&quot;credit&quot;:&quot;&quot;,&quot;camera&quot;:&quot;&quot;,&quot;caption&quot;:&quot;&quot;,&quot;created_timestamp&quot;:&quot;0&quot;,&quot;copyright&quot;:&quot;&quot;,&quot;focal_length&quot;:&quot;0&quot;,&quot;iso&quot;:&quot;0&quot;,&quot;shutter_speed&quot;:&quot;0&quot;,&quot;title&quot;:&quot;&quot;,&quot;orientation&quot;:&quot;0&quot;}\" data-image-title=\"1_zvDPQq5kxfWwOhQFw4zaJw\" data-image-description=\"\" data-image-caption=\"\" data-medium-file=\"https:\/\/www.notebook.hu\/blog\/wp-content\/uploads\/2019\/06\/1_zvDPQq5kxfWwOhQFw4zaJw-300x169.jpeg\" data-large-file=\"https:\/\/www.notebook.hu\/blog\/wp-content\/uploads\/2019\/06\/1_zvDPQq5kxfWwOhQFw4zaJw-1024x578.jpeg\" src=\"https:\/\/i1.wp.com\/www.notebook.hu\/blog\/wp-content\/uploads\/2019\/06\/1_zvDPQq5kxfWwOhQFw4zaJw.jpeg?fit=618%2C349&amp;ssl=1\" alt=\"\" class=\"wp-image-4696\" srcset=\"https:\/\/www.notebook.hu\/blog\/wp-content\/uploads\/2019\/06\/1_zvDPQq5kxfWwOhQFw4zaJw.jpeg 1024w, https:\/\/www.notebook.hu\/blog\/wp-content\/uploads\/2019\/06\/1_zvDPQq5kxfWwOhQFw4zaJw-300x169.jpeg 300w, https:\/\/www.notebook.hu\/blog\/wp-content\/uploads\/2019\/06\/1_zvDPQq5kxfWwOhQFw4zaJw-768x434.jpeg 768w\" sizes=\"auto, (max-width: 1024px) 100vw, 1024px\" \/><\/figure>\n\n\n\n<p>Az amerikai giga-v\u00e1llalat szerint a\nj\u00f6v\u0151 \u00e9vt\u0151l kezdve a Facebook fel\u00fcletein lehet majd Libr\u00e1t v\u00e1s\u00e1rolni, ennek\nt\u00e1rol\u00e1s\u00e1ra pedig lesz majd egy digit\u00e1lis p\u00e9nzt\u00e1rc\u00e1nk, amit Calibra n\u00e9vre\nkereszteltek. Ezzel el\u00e9rhet\u0151 lesz a felhaszn\u00e1l\u00f3k k\u00f6zti k\u00f6zvetlen tranzakci\u00f3 \u2013\nami a Marketplace eset\u00e9ben hasznos lehet -, a c\u00e9l pedig az, hogy id\u0151vel egyre\nt\u00f6bb szolg\u00e1ltat\u00e1st \u00e9s \u00fczletet \u2013 \u00e9rtsd ak\u00e1r komolyabb c\u00e9gcsoportok term\u00e9keit is\nitt v\u00e1s\u00e1rolhatod meg &#8211; vonjanak be. A Calibra a a bankok \u00e9s hitelk\u00e1rty\u00e1k\nrendszer\u00e9nek megfelel\u0151 hiteles\u00edt\u00e9si \u00e9s biztons\u00e1gi eszk\u00f6z\u00f6ket haszn\u00e1lja majd, azaz\nezekhez hasonl\u00f3an biztons\u00e1gosan lesz majd haszn\u00e1lhat\u00f3.<\/p>\n\n\n\n<p>Az \u00edg\u00e9retek szerint a tranzakci\u00f3s\nk\u00f6lts\u00e9g rendk\u00edv\u00fcl alacsony lesz, a p\u00e9nzt pedig a Libra Sz\u00f6vets\u00e9g fogja\nmenedzselni, melybe rajtuk k\u00edv\u00fcl m\u00e1s c\u00e9gek \u00e9s j\u00f3t\u00e9konys\u00e1gi szervezetek is\nhelyet kapnak majd. Jelenleg a tagok k\u00f6z\u00f6tt van m\u00e1r a Mastercard, a PayPal, a\nSpotify, az Ebay, az Uber \u00e9s a Vodafone. A Libra Sz\u00f6vets\u00e9g m\u0171k\u00f6d\u00e9s\u00e9r\u0151l egyel\u0151re\nr\u00e9szletesebb inform\u00e1ci\u00f3t nem tudunk k\u00f6z\u00f6lni, l\u00e9nyeg\u00e9ben ezek azok a c\u00e9gek, amik\na kezdett\u0151l fogva kezelni tudj\u00e1k majd a Libra-tranzakci\u00f3kat (ergo ahol lesz\nMastercard-os fizet\u00e9si rendszer, ott a Libra is \u2013 nagy val\u00f3sz\u00edn\u0171s\u00e9g szerint \u2013\nalkalmazhat\u00f3 lesz). A Facebook am\u00fagy nem korl\u00e1tozza mag\u00e1t a social media\nter\u00e9be, hiszen arra sz\u00e1m\u00edtanak, hogy a Libr\u00e1val a devizapiacokon is lehet majd\nkereskedni. A Libra glob\u00e1lis deviz\u00e1nak lesz sz\u00e1nva, a haszn\u00e1lat\u00e1t azonban minden\negyes orsz\u00e1g saj\u00e1t p\u00e9nz\u00fcgyi fel\u00fcgyelete szab\u00e1lyozza majd, \u00e1rfolyam\u00e1t pedig t\u00f6bb\njelent\u0151s deviz\u00e1hoz, p\u00e9ld\u00e1ul a fonthoz, a doll\u00e1rhoz, a jenhez \u00e9s az eur\u00f3hoz\nfogj\u00e1k k\u00f6tni, ezzel \u00e9rve el, hogy ne tudjon nagyon ingadozni az \u00e9rt\u00e9ke. <\/p>\n\n\n\n<figure class=\"wp-block-image\"><img loading=\"lazy\" decoding=\"async\" width=\"1920\" height=\"1280\" data-attachment-id=\"4694\" data-permalink=\"https:\/\/www.notebook.hu\/blog\/libra-sajat-penzneme-lesz-a-facebook-vilaganak\/libra-pixabay\/\" data-orig-file=\"https:\/\/www.notebook.hu\/blog\/wp-content\/uploads\/2019\/06\/libra-Pixabay.jpg\" data-orig-size=\"1920,1280\" data-comments-opened=\"0\" data-image-meta=\"{&quot;aperture&quot;:&quot;0&quot;,&quot;credit&quot;:&quot;&quot;,&quot;camera&quot;:&quot;&quot;,&quot;caption&quot;:&quot;&quot;,&quot;created_timestamp&quot;:&quot;0&quot;,&quot;copyright&quot;:&quot;&quot;,&quot;focal_length&quot;:&quot;0&quot;,&quot;iso&quot;:&quot;0&quot;,&quot;shutter_speed&quot;:&quot;0&quot;,&quot;title&quot;:&quot;&quot;,&quot;orientation&quot;:&quot;0&quot;}\" data-image-title=\"libra-Pixabay\" data-image-description=\"\" data-image-caption=\"\" data-medium-file=\"https:\/\/www.notebook.hu\/blog\/wp-content\/uploads\/2019\/06\/libra-Pixabay-300x200.jpg\" data-large-file=\"https:\/\/www.notebook.hu\/blog\/wp-content\/uploads\/2019\/06\/libra-Pixabay-1024x683.jpg\" src=\"https:\/\/i1.wp.com\/www.notebook.hu\/blog\/wp-content\/uploads\/2019\/06\/libra-Pixabay.jpg?fit=618%2C412&amp;ssl=1\" alt=\"\" class=\"wp-image-4694\" srcset=\"https:\/\/www.notebook.hu\/blog\/wp-content\/uploads\/2019\/06\/libra-Pixabay.jpg 1920w, https:\/\/www.notebook.hu\/blog\/wp-content\/uploads\/2019\/06\/libra-Pixabay-300x200.jpg 300w, https:\/\/www.notebook.hu\/blog\/wp-content\/uploads\/2019\/06\/libra-Pixabay-768x512.jpg 768w, https:\/\/www.notebook.hu\/blog\/wp-content\/uploads\/2019\/06\/libra-Pixabay-1024x683.jpg 1024w\" sizes=\"auto, (max-width: 1920px) 100vw, 1920px\" \/><\/figure>\n","protected":false},"excerpt":{"rendered":"<p>J\u00fanius k\u00f6zep\u00e9n ker\u00fclt bemutat\u00e1sra, hogy hogyan tervezik bevezetni j\u00f6v\u0151re a saj\u00e1t digit\u00e1lis p\u00e9nznem\u00e9t a Facebook, amit Libr\u00e1nak kereszteltek. Hogy mire lesz j\u00f3, hogyan fog m\u0171k\u00f6dni \u00e9s egy\u00e1ltal\u00e1n mi is ez, azt megpr\u00f3b\u00e1ltuk most egy blogcikkbe \u00f6sszeszedni nektek. Mark Zuckerberg\u00e9k egy \u00faj vil\u00e1got teremtettek. A social media hajnal\u00e1n megsz\u00fclet\u0151 Facebook m\u00e1ra m\u00e1r beh\u00e1l\u00f3zta az \u00e9let\u00fcnket \u00e9s &hellip;<\/p>\n","protected":false},"author":1,"featured_media":4696,"comment_status":"closed","ping_status":"open","sticky":false,"template":"","format":"standard","meta":{"_jetpack_memberships_contains_paid_content":false,"footnotes":""},"categories":[42,211],"tags":[823,87,824,822],"class_list":["post-4693","post","type-post","status-publish","format-standard","has-post-thumbnail","","category-cikkek","category-tudomany","tag-calibra","tag-facebook","tag-facebook-penz","tag-libra"],"jetpack_featured_media_url":"https:\/\/www.notebook.hu\/blog\/wp-content\/uploads\/2019\/06\/1_zvDPQq5kxfWwOhQFw4zaJw.jpeg","jetpack_shortlink":"https:\/\/wp.me\/p9xSLL-1dH","jetpack_sharing_enabled":true,"_links":{"self":[{"href":"https:\/\/www.notebook.hu\/blog\/wp-json\/wp\/v2\/posts\/4693","targetHints":{"allow":["GET"]}}],"collection":[{"href":"https:\/\/www.notebook.hu\/blog\/wp-json\/wp\/v2\/posts"}],"about":[{"href":"https:\/\/www.notebook.hu\/blog\/wp-json\/wp\/v2\/types\/post"}],"author":[{"embeddable":true,"href":"https:\/\/www.notebook.hu\/blog\/wp-json\/wp\/v2\/users\/1"}],"replies":[{"embeddable":true,"href":"https:\/\/www.notebook.hu\/blog\/wp-json\/wp\/v2\/comments?post=4693"}],"version-history":[{"count":2,"href":"https:\/\/www.notebook.hu\/blog\/wp-json\/wp\/v2\/posts\/4693\/revisions"}],"predecessor-version":[{"id":4698,"href":"https:\/\/www.notebook.hu\/blog\/wp-json\/wp\/v2\/posts\/4693\/revisions\/4698"}],"wp:featuredmedia":[{"embeddable":true,"href":"https:\/\/www.notebook.hu\/blog\/wp-json\/wp\/v2\/media\/4696"}],"wp:attachment":[{"href":"https:\/\/www.notebook.hu\/blog\/wp-json\/wp\/v2\/media?parent=4693"}],"wp:term":[{"taxonomy":"category","embeddable":true,"href":"https:\/\/www.notebook.hu\/blog\/wp-json\/wp\/v2\/categories?post=4693"},{"taxonomy":"post_tag","embeddable":true,"href":"https:\/\/www.notebook.hu\/blog\/wp-json\/wp\/v2\/tags?post=4693"}],"curies":[{"name":"wp","href":"https:\/\/api.w.org\/{rel}","templated":true}]}}