{"id":4645,"date":"2019-07-02T11:07:08","date_gmt":"2019-07-02T09:07:08","guid":{"rendered":"https:\/\/www.notebook.hu\/blog\/?p=4645"},"modified":"2019-07-04T16:55:22","modified_gmt":"2019-07-04T14:55:22","slug":"asus-rog-strix-g531gt-teszt","status":"publish","type":"post","link":"https:\/\/www.notebook.hu\/blog\/asus-rog-strix-g531gt-teszt\/","title":{"rendered":"ASUS ROG STRIX G531GT Teszt | Strix aurum?"},"content":{"rendered":"\n<figure class=\"wp-block-image is-resized\"><img loading=\"lazy\" decoding=\"async\" data-attachment-id=\"4653\" data-permalink=\"https:\/\/www.notebook.hu\/blog\/asus-rog-strix-g531gt-teszt\/blog_thumbnail_asusg531gt_png\/\" data-orig-file=\"https:\/\/www.notebook.hu\/blog\/wp-content\/uploads\/2019\/06\/Blog_Thumbnail_ASUSG531GT_png.png\" data-orig-size=\"1200,628\" data-comments-opened=\"0\" data-image-meta=\"{&quot;aperture&quot;:&quot;0&quot;,&quot;credit&quot;:&quot;&quot;,&quot;camera&quot;:&quot;&quot;,&quot;caption&quot;:&quot;&quot;,&quot;created_timestamp&quot;:&quot;0&quot;,&quot;copyright&quot;:&quot;&quot;,&quot;focal_length&quot;:&quot;0&quot;,&quot;iso&quot;:&quot;0&quot;,&quot;shutter_speed&quot;:&quot;0&quot;,&quot;title&quot;:&quot;&quot;,&quot;orientation&quot;:&quot;0&quot;}\" data-image-title=\"Blog_Thumbnail_ASUSG531GT_png\" data-image-description=\"\" data-image-caption=\"\" data-medium-file=\"https:\/\/www.notebook.hu\/blog\/wp-content\/uploads\/2019\/06\/Blog_Thumbnail_ASUSG531GT_png-300x157.png\" data-large-file=\"https:\/\/www.notebook.hu\/blog\/wp-content\/uploads\/2019\/06\/Blog_Thumbnail_ASUSG531GT_png-1024x536.png\" src=\"https:\/\/www.notebook.hu\/blog\/wp-content\/uploads\/2019\/06\/Blog_Thumbnail_ASUSG531GT_png-1024x536.png\" alt=\"\" class=\"wp-image-4653\" width=\"512\" height=\"268\" srcset=\"https:\/\/www.notebook.hu\/blog\/wp-content\/uploads\/2019\/06\/Blog_Thumbnail_ASUSG531GT_png-1024x536.png 1024w, https:\/\/www.notebook.hu\/blog\/wp-content\/uploads\/2019\/06\/Blog_Thumbnail_ASUSG531GT_png-300x157.png 300w, https:\/\/www.notebook.hu\/blog\/wp-content\/uploads\/2019\/06\/Blog_Thumbnail_ASUSG531GT_png-768x402.png 768w, https:\/\/www.notebook.hu\/blog\/wp-content\/uploads\/2019\/06\/Blog_Thumbnail_ASUSG531GT_png.png 1200w\" sizes=\"auto, (max-width: 512px) 100vw, 512px\" \/><\/figure>\n\n\n\n<p><strong>A ny\u00e1ri uborkaszezon lagymatag pillanatait t\u00f6rte meg egy bagoly huhog\u00e1sa. Az ASUS ROG-csal\u00e1dj\u00e1nak kedvenc h\u00e1zi\u00e1llata, a Strix egyik leg\u00fajabb kiad\u00e1sa a FullHD-s gaming \u00e9lm\u00e9ny maximaliz\u00e1l\u00e1s\u00e1ra t\u00f6rekszik \u00fagy, hogy egy j\u00f3csk\u00e1n felfriss\u00edtett diz\u00e1jnt is mag\u00e1ra h\u00faz. Vajon a G531GT egy val\u00f3di \u00e9jszakai ragadoz\u00f3, vagy vakon csattan az els\u0151 f\u00e1nak? Teszt\u00fcnkb\u0151l kider\u00fcl. <\/strong><\/p>\n\n\n\n<p><strong>K\u00fcls\u0151 | Cyberpunk bagoly<\/strong><\/p>\n\n\n\n<p>Az ASUS nem finomkodott, amikor nekiestek az \u00faj Strix-sz\u00e9ria megjelen\u00e9s\u00e9nek: r\u00f6gt\u00f6n seg\u00edts\u00e9g\u00fcl h\u00edvt\u00e1k a BMW-csoporthoz tartoz\u00f3 Designworks csapat\u00e1t, hogy \u201eugyan n\u00e9zz\u00e9tek m\u00e1r meg hogy lehetne feldobni a kedvenc madarunk tollazat\u00e1t\u201d. Nos, a v\u00e9geredm\u00e9ny egy iszony\u00fa sz\u00f6gletes, a cyberpunk st\u00edlust id\u00e9z\u0151 g\u00e9ph\u00e1z lett, aminek a k\u00e9t ir\u00e1nyb\u00f3l csiszolt fels\u0151 bor\u00edt\u00e1s\u00e1r\u00f3l kacsint r\u00e1nk a ROG-szem. A lekerek\u00edtett form\u00e1kat csak h\u00edrb\u0151l ismer\u0151, fekete csiszolt f\u00e9m h\u00e1z remek\u00fcl n\u00e9z ki \u2013 ezt megszoktuk az ASUS-t\u00f3l -, de az egyre sz\u00f6gletesebb gamer formavil\u00e1g (ami kb. a Zephyrust\u00f3l eredeztethet\u0151) nekem annyira nem j\u00f6n \u00e1t. Esik m\u00e9g sz\u00f3 a kijelz\u0151r\u0151l, de most emelj\u00fck ki egy fontos r\u00e9sz\u00e9t, az orm\u00f3tlanul vastag als\u00f3 k\u00e1v\u00e1t, ami egyfajta \u00e1ldozat-szerepben van, hogy a marad\u00e9k h\u00e1rom keretelem kellemesen v\u00e9kony lehessen. A h\u0171t\u0151bord\u00e1k \u00e9s a hangsz\u00f3r\u00f3 kidolgoz\u00e1s\u00e1n\u00e1l is az \u00e9les vonalvezet\u00e9s volt a vez\u00e9relv, \u00edgy egy igazi \u201eold school\u201d sz\u00f6gletes kasznit kaptunk, amit az RGB LED-vil\u00e1g\u00edt\u00e1s tud feldobni. Erre t\u00e9rj\u00fcnk is ki egy kicsit r\u00e9szletesebben: az m\u00e1r alap, hogy egy gamer g\u00e9pn\u00e9l a billenty\u0171zet m\u00f6g\u00e9 megkapjuk az AURA-h\u00e1tt\u00e9rf\u00e9nyt, amit k\u00e9ny\u00fcnk-kedv\u00fcnk szerint szabhatunk szem\u00e9lyre, s\u0151t ism\u00e9t \u00e1ttetsz\u0151 WASD-gombokat kaptunk, hogy az sz\u00e9pen (f\u0151leg megvil\u00e1g\u00edtva) ki\u00fcss\u00f6n a t\u00f6megb\u0151l. E mell\u00e9 a m\u00e1r-m\u00e1r standard dekorelem mell\u00e9 kaptunk egy l\u00e1tv\u00e1nyosabb megold\u00e1st egy m\u00e9retes f\u00e9nycs\u00edk szem\u00e9ly\u00e9ben a G531GT alj\u00e1ra, aminek sz\u00edn\u00e9t szint\u00e9n mi alak\u00edthatunk a megfelel\u0151 szoftver seg\u00edts\u00e9g\u00e9vel. A kijelz\u0151 k\u00e9t zsan\u00e9rral csatlakozik a f\u0151 egys\u00e9ghez, a h\u0171t\u0151r\u00e1csok \u00e9s a hangsz\u00f3r\u00f3\u00e9rt felel\u0151s elemn\u00e9l, ami egy l\u00e9pcs\u0151s-bord\u00e1zott kidolgoz\u00e1st kapott, ezek a d\u00edsz\u00edt\u0151cs\u00edkok pedig eg\u00e9szen a billenty\u0171zet als\u00f3 sor\u00e1ig futnak (\u00e9rdekes m\u00f3d csak a jobb oldalon, amit\u0151l egy kicsit \u201ed\u0151l\u201d a diz\u00e1jnja a tasztat\u00far\u00e1nak, de ez ink\u00e1bb csak kekecked\u00e9s). M\u00e9reteit tekintve egy eg\u00e9szen vaskos notebookr\u00f3l besz\u00e9l\u00fcnk, a 360 x 275 x 26 mm-es dimenzi\u00f3ival, de ezzel szemben a nagyj\u00e1b\u00f3l 2.4 kg-os s\u00falya nem tekinthet\u0151 igaz\u00e1n v\u00e9szesnek.  <\/p>\n\n\n\n<figure class=\"wp-block-image\"><img loading=\"lazy\" decoding=\"async\" width=\"1920\" height=\"1080\" data-attachment-id=\"4670\" data-permalink=\"https:\/\/www.notebook.hu\/blog\/asus-rog-strix-g531gt-teszt\/asusstrixg531gt_01\/\" data-orig-file=\"https:\/\/www.notebook.hu\/blog\/wp-content\/uploads\/2019\/06\/ASUSStrixG531GT_01.jpg\" data-orig-size=\"1920,1080\" data-comments-opened=\"0\" data-image-meta=\"{&quot;aperture&quot;:&quot;0&quot;,&quot;credit&quot;:&quot;&quot;,&quot;camera&quot;:&quot;&quot;,&quot;caption&quot;:&quot;&quot;,&quot;created_timestamp&quot;:&quot;0&quot;,&quot;copyright&quot;:&quot;&quot;,&quot;focal_length&quot;:&quot;0&quot;,&quot;iso&quot;:&quot;0&quot;,&quot;shutter_speed&quot;:&quot;0&quot;,&quot;title&quot;:&quot;&quot;,&quot;orientation&quot;:&quot;0&quot;}\" data-image-title=\"ASUSStrixG531GT_01\" data-image-description=\"\" data-image-caption=\"\" data-medium-file=\"https:\/\/www.notebook.hu\/blog\/wp-content\/uploads\/2019\/06\/ASUSStrixG531GT_01-300x169.jpg\" data-large-file=\"https:\/\/www.notebook.hu\/blog\/wp-content\/uploads\/2019\/06\/ASUSStrixG531GT_01-1024x576.jpg\" src=\"https:\/\/i0.wp.com\/www.notebook.hu\/blog\/wp-content\/uploads\/2019\/06\/ASUSStrixG531GT_01.jpg?fit=618%2C348&amp;ssl=1\" alt=\"\" class=\"wp-image-4670\" srcset=\"https:\/\/www.notebook.hu\/blog\/wp-content\/uploads\/2019\/06\/ASUSStrixG531GT_01.jpg 1920w, https:\/\/www.notebook.hu\/blog\/wp-content\/uploads\/2019\/06\/ASUSStrixG531GT_01-300x169.jpg 300w, https:\/\/www.notebook.hu\/blog\/wp-content\/uploads\/2019\/06\/ASUSStrixG531GT_01-768x432.jpg 768w, https:\/\/www.notebook.hu\/blog\/wp-content\/uploads\/2019\/06\/ASUSStrixG531GT_01-1024x576.jpg 1024w\" sizes=\"auto, (max-width: 1920px) 100vw, 1920px\" \/><\/figure>\n\n\n\n<p><strong>Kijelz\u0151 \u00e9s eszk\u00f6zt\u00e1r | Mindent l\u00e1t\u00f3 szem<\/strong><\/p>\n\n\n\n<p>N\u00e9zz\u00fck a mutim\u00e9di\u00e1s blokkot kezd\u00e9sk\u00e9pp, el\u0151re v\u00e9ve a FullHD felbont\u00e1s\u00fa kijelz\u0151t! Azt m\u00e1r megt\u00e1rgyaltuk, hogy a k\u00e1v\u00e1k ar\u00e1ny\u00e1ban az als\u00f3 szekci\u00f3 \u2013 m\u00e1r-m\u00e1r orm\u00f3tlanul \u2013 t\u00fal lett terhelve, cser\u00e9be viszont a csud\u00e1latosan v\u00e9konyka sz\u00e9ls\u0151 \u00e9s fels\u0151 k\u00e1va alig vonja el majd a figyelmet a mutatott k\u00e9panyagr\u00f3l. Maga a panel azzal egy\u00fctt is megnyer\u0151, hogy k\u00fcl\u00f6n\u00f6sebb extr\u00e1t nem mutat: egy \u201eszok\u00e1sosnak mondhat\u00f3\u201d 15.6 inches, FullHD felbont\u00e1s\u00fa (1920 x 1080), matt IPS LED-h\u00e1tt\u00e9rvil\u00e1g\u00edt\u00e1s\u00fa egys\u00e9gr\u0151l besz\u00e9l\u00fcnk, 60Hz-s k\u00e9pfriss\u00edt\u00e9si r\u00e1t\u00e1val. Mivel n\u00e1lam a \u201elegkisebb\u201d kiad\u00e1s volt a g\u00e9pb\u0151l, \u00edgy a 120 Hz-s v\u00e1ltozatr\u00f3l nem tudok nyilatkozni (ez m\u00e1r az egyel nagyobb tes\u00f3ban megvan), de ebben az esetben az elv\u00e1rtakat hozta. Kell\u0151en er\u0151s sz\u00ednek, kontrasztos \u00e9s sz\u00e9les betekint\u00e9si sz\u00f6g, mint alap megvannak n\u00e1la. Ehhez csap\u00f3dik m\u00e9g egy Smart Amp technol\u00f3gi\u00e1val felszerelt hangrendszer is (ez figyeli a hang eszk\u00f6z m\u0171k\u00f6d\u00e9s\u00e9t \u00e9s megakad\u00e1lyozza, hogy a rezonancia \u00e1ltal keltett h\u0151 k\u00e1rt tegyen benne). Komoly hanger\u0151 \u00e9s hat\u00e1sos basszus, ezek a f\u0151bb tulajdons\u00e1gok, ami am\u00fagy a k\u00e9t darab 4W-os hangsz\u00f3r\u00f3b\u00f3l m\u00e1sznak el\u0151. Hogy ne csak kimenet, de bemenet is legyen, kapunk m\u00e9g egy teljesen korrekt t\u00f6mbmikrofont is, ami a netes kommunik\u00e1ci\u00f3hoz teljesen megfelel\u0151 min\u0151s\u00e9get k\u00e9pvisel. &nbsp;&nbsp;&nbsp;<\/p>\n\n\n\n<p class=\"has-background has-pale-cyan-blue-background-color\"><strong><em>\u00c9rdekelne vide\u00f3s teszt\u00fcnk is a&nbsp;<a href=\"https:\/\/www.notebook.hu\/asus-rog-strix-g531gt-g531gt-al004\">ASUS ROG STRIX G531GT<\/a>-r\u00f3l? Tess\u00e9k!<\/em><\/strong><br><\/p>\n\n\n\n<figure class=\"wp-block-embed-youtube wp-block-embed is-type-video is-provider-youtube wp-embed-aspect-16-9 wp-has-aspect-ratio wp-embed-aspect-4-3\"><div class=\"wp-block-embed__wrapper\">\n<iframe loading=\"lazy\" title=\"ASUS ROG STRIX G531GT Teszt | Strix aurum?\" width=\"618\" height=\"348\" src=\"https:\/\/www.youtube.com\/embed\/v0wsXE7qSdo?feature=oembed\" frameborder=\"0\" allow=\"accelerometer; autoplay; clipboard-write; encrypted-media; gyroscope; picture-in-picture; web-share\" referrerpolicy=\"strict-origin-when-cross-origin\" allowfullscreen><\/iframe>\n<\/div><\/figure>\n\n\n\n<p>Egy kor\u00e1bbi tesztben m\u00e1r le\u00edrtam, hogy mennyire frank\u00f3, amikor egy c\u00e9g igyekszik \u2013 \u00e9s nem csak a marketing kommunik\u00e1ci\u00f3j\u00e1ban \u2013 a felhaszn\u00e1l\u00f3k fej\u00e9vel gondolkodni. Az ASUS a portok elhelyez\u00e9s\u00e9n\u00e9l biztos, hogy odafigyelt (legal\u00e1bbis a jobbkezes felhaszn\u00e1l\u00f3kra tuti). A portok a megszokott bal-jobb oldalp\u00e1r helyett bal oldalon \u00e9s h\u00e1tul kaptak helyet. A k\u00fcls\u0151 kijelz\u0151nek sz\u00e1nt HDMI-port, az RJ-45-\u00f6s netdugasz \u00e9s a t\u00f6lt\u00e9sre szolg\u00e1l\u00f3 port a g\u00e9p h\u00e1toldal\u00e1ra ker\u00fclt\u2026 \u00e9s valljuk be, ez remek \u00f6tlet. Eszt\u00e9tikai szempontb\u00f3l is klassz, hiszen nem \u201et\u00f6ltj\u00fck t\u00fal\u201d a g\u00e9p bal oldal\u00e1t, ha mindent ide kell dugni \u00e9s pl. egy asztalra is sokkal pof\u00e1sabban el tudjuk \u00edgy helyezni a Strixet. Bal oldalra \u00edgy sokkal kisebb sz\u00e1m\u00fa eszk\u00f6z ker\u00fclt, konkr\u00e9tan USB 3.1-es, a combo audio-jack csatlakoz\u00f3. El\u0151bbiek am\u00fagy \u2013 annak ellen\u00e9re, hogy mennyire sok hely\u00fck lenne \u2013 el\u00e9g sz\u0171ken lettek elhelyezve: \u00edgy, ha valakinek van egy csics\u00e1s figur\u00e1s, vagy csak szimpl\u00e1n nagyobb testtel rendelkez\u0151 USB-kulcsa, az ism\u00e9t azzal a probl\u00e9m\u00e1val tal\u00e1lkozhat majd, hogy a k\u00f6zvetlen mellette lev\u0151 portot lehet, hogy eltakarja majd az eszk\u00f6ze. Adatkommunik\u00e1ci\u00f3 ter\u00e9n kaptunk egy Intel\u00ae 802.11ac WiFi-ad\u00f3vev\u0151t \u2013 ezt megn\u00f6velt hat\u00f3t\u00e1v\u00fa antenn\u00e1kkal teszi, amik a RangeBoost technol\u00f3gi\u00e1val kieg\u00e9sz\u00edtve, nagyj\u00e1b\u00f3l 30%-al n\u00f6velt\u00e9k a v\u00e9teli k\u00e9pess\u00e9geket &#8211; \u00e9s egy Bluetooth 5.0-\u00e1st, \u00edgy a vezet\u00e9k n\u00e9lk\u00fcli kapcsolatainkr\u00f3l sem kell lemondanunk. Val\u00f3sz\u00edn\u0171, hogy az alaplap nem engedett nagyobb teret az eszk\u00f6z\u00f6k k\u00f6z\u00e9, de egy kicsit fura. A billenty\u0171zet eset\u00e9ben az ASUS kiemelte a ROG Overstroke technol\u00f3gi\u00e1t, aminek az a l\u00e9nyege, hogy a billenty\u0171 lenyom\u00e1sakor t\u00f6rt\u00e9n\u0151 \u201eholtteret\u201d cs\u00f6kkentett\u00e9k, a billenty\u0171\u00fat ez\u00e1ltal ler\u00f6vid\u00fcl \u00e9s hamarabb reag\u00e1l az eszk\u00f6z egy le\u00fct\u00e9sre, mint egy standard billenty\u0171n\u00e9l.&nbsp; A tasztat\u00far\u00e1n am\u00fagy a fontosabb r\u00e9szek kiemel\u00e9s\u00e9re is odafigyeltek: a funkci\u00f3gomb-csoportok k\u00f6zt nagyobb a t\u00e9r, a ny\u00edl-billenty\u0171k jobban elk\u00fcl\u00f6n\u00fclnek a k\u00f6rnyezet\u00fckt\u0151l \u00e9s a Space is kapott egy ny\u00falv\u00e1nyt, hogy k\u00f6nnyebb legyen a j\u00e1t\u00e9k k\u00f6zben \u201evakon\u201d is le\u00fctni&#8230; \u00e9s miel\u0151tt elfelejten\u00e9m, magyar gombkioszt\u00e1st kaptunk! NumPad viszont a klasszikus form\u00e1j\u00e1ban nincs (hely\u00e9re a ny\u00edlbillenty\u0171k feletti hatos ker\u00fclt, t\u00f6bbekk\u00f6zt a Home,Insert,Prt Src \u00e9s Delete gombokkal), ink\u00e1bb egy egyedibb megold\u00e1ssal oper\u00e1lt az ASUS: elhozt\u00e1k a Numberpad-et. Ez ugye a m\u00e1r megszokott NumPad \u00e9s a TouchPad szerelemgyermeke. A tapipad jobb fels\u0151 sark\u00e1ra r\u00e1nyomva, hirtelen egy piros f\u00e9nnyel kirajzol\u00f3dnak rajta a numpad elemei (ez id\u0151 alatt az \u00e9rint\u0151 fel\u00fclet eg\u00e9rk\u00e9nt nem \u00fczemel) \u00e9s m\u00e1r haszn\u00e1lhatjuk is \u0151ket. <\/p>\n\n\n\n<figure class=\"wp-block-image\"><img loading=\"lazy\" decoding=\"async\" width=\"1920\" height=\"1080\" data-attachment-id=\"4671\" data-permalink=\"https:\/\/www.notebook.hu\/blog\/asus-rog-strix-g531gt-teszt\/asusstrixg531gt_03\/\" data-orig-file=\"https:\/\/www.notebook.hu\/blog\/wp-content\/uploads\/2019\/06\/ASUSStrixG531GT_03.jpg\" data-orig-size=\"1920,1080\" data-comments-opened=\"0\" data-image-meta=\"{&quot;aperture&quot;:&quot;0&quot;,&quot;credit&quot;:&quot;&quot;,&quot;camera&quot;:&quot;&quot;,&quot;caption&quot;:&quot;&quot;,&quot;created_timestamp&quot;:&quot;0&quot;,&quot;copyright&quot;:&quot;&quot;,&quot;focal_length&quot;:&quot;0&quot;,&quot;iso&quot;:&quot;0&quot;,&quot;shutter_speed&quot;:&quot;0&quot;,&quot;title&quot;:&quot;&quot;,&quot;orientation&quot;:&quot;0&quot;}\" data-image-title=\"ASUSStrixG531GT_03\" data-image-description=\"\" data-image-caption=\"\" data-medium-file=\"https:\/\/www.notebook.hu\/blog\/wp-content\/uploads\/2019\/06\/ASUSStrixG531GT_03-300x169.jpg\" data-large-file=\"https:\/\/www.notebook.hu\/blog\/wp-content\/uploads\/2019\/06\/ASUSStrixG531GT_03-1024x576.jpg\" src=\"https:\/\/i2.wp.com\/www.notebook.hu\/blog\/wp-content\/uploads\/2019\/06\/ASUSStrixG531GT_03.jpg?fit=618%2C348&amp;ssl=1\" alt=\"\" class=\"wp-image-4671\" srcset=\"https:\/\/www.notebook.hu\/blog\/wp-content\/uploads\/2019\/06\/ASUSStrixG531GT_03.jpg 1920w, https:\/\/www.notebook.hu\/blog\/wp-content\/uploads\/2019\/06\/ASUSStrixG531GT_03-300x169.jpg 300w, https:\/\/www.notebook.hu\/blog\/wp-content\/uploads\/2019\/06\/ASUSStrixG531GT_03-768x432.jpg 768w, https:\/\/www.notebook.hu\/blog\/wp-content\/uploads\/2019\/06\/ASUSStrixG531GT_03-1024x576.jpg 1024w\" sizes=\"auto, (max-width: 1920px) 100vw, 1920px\" \/><\/figure>\n\n\n\n<p><strong>Teljes\u00edtm\u00e9ny | \u00c9jszakai ragadoz\u00f3<\/strong><\/p>\n\n\n\n<p>Mit is tud egy \u2013 gamer kateg\u00f3ri\u00e1ban \u2013 beugr\u00f3 kateg\u00f3ri\u00e1s g\u00e9p manaps\u00e1g? Nos annyit, hogy a legjobb c\u00edmek is sim\u00e1n \u00e9lvezhet\u0151ek rajta FullHD felbont\u00e1s mellett, minim\u00e1lis megszor\u00edt\u00e1sokkal a r\u00e9szletess\u00e9gi be\u00e1ll\u00edt\u00e1sok ter\u00e9n. A legfontosabb t\u00e9nyez\u0151 ebben az esetben az Intel \u00faj, 9. gener\u00e1ci\u00f3s, Coffee Lake processzora, az i7-9750H-jelz\u00e9s\u0171 rendszerchip. A 14 nm-es technol\u00f3gi\u00e1val k\u00e9sz\u00fclt, 6 maggal, 12 sz\u00e1lon dolgoz\u00f3 processzor alapj\u00e1raton 2.6 GHz-es teljes\u00edtm\u00e9nnyel b\u00edr, m\u00edg a TurboBoost technol\u00f3gi\u00e1nak h\u00e1la ez eg\u00e9szen 4.5 GHz-re k\u00e9pes felp\u00f6r\u00f6gni. A 12 MB-os SmartCache mell\u00e9 beker\u00fclt m\u00e9g a csomagba egy integr\u00e1lt vide\u00f3vez\u00e9rl\u0151 is az UHD Graphics 630-as k\u00e9p\u00e9ben (ami am\u00fagy m\u00e1r mag\u00e1ban is \u201eel\u00e9gs\u00e9ges\u201d lenne a VR-oz\u00e1shoz\u2026 de err\u0151l majd k\u00e9s\u0151bb). Az i7-9750H term\u00e9szetesen t\u00e1mogatja az Optane mem\u00f3ri\u00e1kat, a HyperThreading rendszer\u00e9t ami az am\u00fagy is gyors adat\u00e1raml\u00e1st biztos\u00edt\u00f3 SSD-vel kieg\u00e9sz\u00fclve egy igen komoly temp\u00f3t tud biztos\u00edtani a h\u00e9tk\u00f6znapi felhaszn\u00e1l\u00e1sban. A kilencedik gener\u00e1ci\u00f3 harmadik leger\u0151sebb processzora mell\u00e9 megkapjuk az NVIDIA GeForce GTX 1650-as, 4GB GGDR5-\u00f6s GPU-j\u00e1t. A Turing architekt\u00far\u00e1ra \u00e9p\u00fcl\u0151 GPU a procival egy\u00fcttm\u0171k\u00f6dve \u2013 na meg a 8GB DDR4 2666MHz RAM-mal, ami ugyan lehetne a dupl\u00e1ja\u2026 de \u00fcsse k\u0151, ebben az \u00e1rkateg\u00f3ri\u00e1ban m\u00e9g ok\u00e9 \u2013 a FullHD High kateg\u00f3ri\u00e1s gaming lehet\u0151s\u00e9g\u00e9t k\u00edn\u00e1lja. K\u00e9t benchmark valami\u00e9rt nem volt hajland\u00f3 a GPU-val kommunik\u00e1lni, \u00edgy a Geekbench 4 \u00e9s a Steam VR Benchmark eredm\u00e9nyeit most egy kicsit elengedj\u00fck (b\u00e1r jegyezz\u00fck meg, hogy a VR-alkalmass\u00e1got m\u00e9r\u0151 Steam benchmark m\u00e9g az Intel UHD Graphics 630-ast is \u201eel\u00e9gs\u00e9gesnek\u201d \u00e9rt\u00e9kelte a vizsg\u00e1n). A 3DBenchmark eredm\u00e9nyein korrekt, a kor\u00e1bbi m\u00e9r\u00e9sek 21 (TimeSpy) \u00e9s 37 (FireStrike) sz\u00e1zal\u00e9k\u00e1n\u00e1l \u00e9rtek el jobb eredm\u00e9nyt, ami ism\u00e9t egy kicsit furcs\u00e1n fest \u2013 ez\u00e9rt sem 100%-osak \u00e9s ink\u00e1bb csak viszony\u00edt\u00e1si alapnak j\u00f3k a szintetikus tesztek \u2013 l\u00e9v\u00e9n a nagyobb \u201eelv\u00e1r\u00e1s\u00fa\u201d teszten sim\u00e1n meg\u00fct\u00f6tte a g\u00e9p a VR-szintet \u00e9s a Gamer PC-k szintj\u00e9t, a Fire Strike-on viszont gyeng\u00e9bb eredm\u00e9nyt \u00e9rt el.\u00a0 Ezen lend\u00fclj\u00fcnk tov\u00e1bb a Final Fantasy Benchmark fel\u00e9, ami tal\u00e1n egy fokkal m\u00e9g re\u00e1lisabb k\u00e9pet tud mutatni: Standard be\u00e1ll\u00edt\u00e1sokon \u201eEg\u00e9szen magas\u201d pontsz\u00e1mot produk\u00e1lt a g\u00e9p, m\u00edg a Magas r\u00e9szletess\u00e9gi bell\u00edt\u00e1sok mellett \u201eStandard\u201d eredm\u00e9nyt \u00e9rt el. Ez annyit jelent, hogy K\u00f6zepes \u00e9s High k\u00f6zti be\u00e1ll\u00edt\u00e1sokkal, FullHD felbont\u00e1son sim\u00e1n megfutja a j\u00e1t\u00e9k az 50-60 k\u00f6r\u00fcli FPS-t m\u00e9g a leg\u00fajabb j\u00e1t\u00e9kokn\u00e1l is, ergo hossz\u00fat\u00e1vra egy biztos gamer vas lehet a v\u00e1s\u00e1rl\u00f3j\u00e1nak. Egy Apex-k\u00f6rre is elmentem vele, ahol hozta a stabil 68-as FPS-sz\u00e1mot, 37-minimummal \u00e9s 139 maximum \u00e9rt\u00e9kkel.<\/p>\n\n\n\n<figure class=\"wp-block-image\"><img loading=\"lazy\" decoding=\"async\" width=\"1920\" height=\"1080\" data-attachment-id=\"4673\" data-permalink=\"https:\/\/www.notebook.hu\/blog\/asus-rog-strix-g531gt-teszt\/asusstrixg531gt_04\/\" data-orig-file=\"https:\/\/www.notebook.hu\/blog\/wp-content\/uploads\/2019\/06\/ASUSStrixG531GT_04.jpg\" data-orig-size=\"1920,1080\" data-comments-opened=\"0\" data-image-meta=\"{&quot;aperture&quot;:&quot;0&quot;,&quot;credit&quot;:&quot;&quot;,&quot;camera&quot;:&quot;&quot;,&quot;caption&quot;:&quot;&quot;,&quot;created_timestamp&quot;:&quot;0&quot;,&quot;copyright&quot;:&quot;&quot;,&quot;focal_length&quot;:&quot;0&quot;,&quot;iso&quot;:&quot;0&quot;,&quot;shutter_speed&quot;:&quot;0&quot;,&quot;title&quot;:&quot;&quot;,&quot;orientation&quot;:&quot;0&quot;}\" data-image-title=\"ASUSStrixG531GT_04\" data-image-description=\"\" data-image-caption=\"\" data-medium-file=\"https:\/\/www.notebook.hu\/blog\/wp-content\/uploads\/2019\/06\/ASUSStrixG531GT_04-300x169.jpg\" data-large-file=\"https:\/\/www.notebook.hu\/blog\/wp-content\/uploads\/2019\/06\/ASUSStrixG531GT_04-1024x576.jpg\" src=\"https:\/\/i0.wp.com\/www.notebook.hu\/blog\/wp-content\/uploads\/2019\/06\/ASUSStrixG531GT_04.jpg?fit=618%2C348&amp;ssl=1\" alt=\"\" class=\"wp-image-4673\" srcset=\"https:\/\/www.notebook.hu\/blog\/wp-content\/uploads\/2019\/06\/ASUSStrixG531GT_04.jpg 1920w, https:\/\/www.notebook.hu\/blog\/wp-content\/uploads\/2019\/06\/ASUSStrixG531GT_04-300x169.jpg 300w, https:\/\/www.notebook.hu\/blog\/wp-content\/uploads\/2019\/06\/ASUSStrixG531GT_04-768x432.jpg 768w, https:\/\/www.notebook.hu\/blog\/wp-content\/uploads\/2019\/06\/ASUSStrixG531GT_04-1024x576.jpg 1024w\" sizes=\"auto, (max-width: 1920px) 100vw, 1920px\" \/><\/figure>\n\n\n\n<p>Kit\u00e9rtem m\u00e1r egy f\u00e9l mondat erej\u00e9ig az SSD-re, de most az is kapjon egy kicsit t\u00f6bb karaktert: 512 GB M.2 NVMe PCIE 3.0-as SSD \u00e9rkezik merevlemezk\u00e9nt, ami m\u00e1r azt hiszem egy teljesen korrekt m\u00e9ret, akkor is ha t\u00f6bb j\u00e1t\u00e9kkal is megpakoln\u00e1nk egyszerre a g\u00e9p\u00fcnket. Mivel SSD-r\u0151l van sz\u00f3, \u00edgy a gyors bootid\u0151 garant\u00e1lt, a g\u00e9p a tesztid\u0151szakban probl\u00e9ma mentesen ment, \u00edgy egy rossz szavam sem lehet r\u00e1. Az akku tov\u00e1bbra is annyit tud, mint a legt\u00f6bb gamer g\u00e9p eset\u00e9ben: egy 3 cell\u00e1s 48Whr Li-ion be\u00e9p\u00edtett egys\u00e9g, ami j\u00e1t\u00e9k k\u00f6zben 1-2 \u00f3r\u00e1n bel\u00fcl kiadja mag\u00e1b\u00f3l a szuszt, \u00edgy \u00e9rdemes \u00e1ramforr\u00e1s k\u00f6zel\u00e9ben t\u00e1bort verni, ha j\u00e1t\u00e9kra adjuk a fej\u00fcnket.<\/p>\n\n\n\n<figure class=\"wp-block-image\"><img loading=\"lazy\" decoding=\"async\" width=\"1920\" height=\"1080\" data-attachment-id=\"4674\" data-permalink=\"https:\/\/www.notebook.hu\/blog\/asus-rog-strix-g531gt-teszt\/asusstrixg531gt_02\/\" data-orig-file=\"https:\/\/www.notebook.hu\/blog\/wp-content\/uploads\/2019\/06\/ASUSStrixG531GT_02.jpg\" data-orig-size=\"1920,1080\" data-comments-opened=\"0\" data-image-meta=\"{&quot;aperture&quot;:&quot;0&quot;,&quot;credit&quot;:&quot;&quot;,&quot;camera&quot;:&quot;&quot;,&quot;caption&quot;:&quot;&quot;,&quot;created_timestamp&quot;:&quot;0&quot;,&quot;copyright&quot;:&quot;&quot;,&quot;focal_length&quot;:&quot;0&quot;,&quot;iso&quot;:&quot;0&quot;,&quot;shutter_speed&quot;:&quot;0&quot;,&quot;title&quot;:&quot;&quot;,&quot;orientation&quot;:&quot;0&quot;}\" data-image-title=\"ASUSStrixG531GT_02\" data-image-description=\"\" data-image-caption=\"\" data-medium-file=\"https:\/\/www.notebook.hu\/blog\/wp-content\/uploads\/2019\/06\/ASUSStrixG531GT_02-300x169.jpg\" data-large-file=\"https:\/\/www.notebook.hu\/blog\/wp-content\/uploads\/2019\/06\/ASUSStrixG531GT_02-1024x576.jpg\" src=\"https:\/\/i1.wp.com\/www.notebook.hu\/blog\/wp-content\/uploads\/2019\/06\/ASUSStrixG531GT_02.jpg?fit=618%2C348&amp;ssl=1\" alt=\"\" class=\"wp-image-4674\" srcset=\"https:\/\/www.notebook.hu\/blog\/wp-content\/uploads\/2019\/06\/ASUSStrixG531GT_02.jpg 1920w, https:\/\/www.notebook.hu\/blog\/wp-content\/uploads\/2019\/06\/ASUSStrixG531GT_02-300x169.jpg 300w, https:\/\/www.notebook.hu\/blog\/wp-content\/uploads\/2019\/06\/ASUSStrixG531GT_02-768x432.jpg 768w, https:\/\/www.notebook.hu\/blog\/wp-content\/uploads\/2019\/06\/ASUSStrixG531GT_02-1024x576.jpg 1024w\" sizes=\"auto, (max-width: 1920px) 100vw, 1920px\" \/><\/figure>\n\n\n\n<p><strong>\u00d6sszefoglal\u00f3<\/strong><\/p>\n\n\n\n<p>Az ASUS nem hib\u00e1zott. Nem hib\u00e1zott akkor, amikor az Intel 9. gener\u00e1ci\u00f3s processzor\u00e1hoz ny\u00falt, amikor a 1650-es GeForce k\u00e1rty\u00e1ra tette a voks\u00e1t \u00e9s\u2026 na j\u00f3, amikor a sz\u00f6gletes diz\u00e1jnt \u00f6sszerakt\u00e1k akkor tal\u00e1n igen \u2013 szerintem &#8211;&nbsp; de ez m\u00e1r \u00edzl\u00e9s k\u00e9rd\u00e9se. Egy t\u00f6bb, mint korrekt k\u00f6z\u00e9pkateg\u00f3ri\u00e1s gamer g\u00e9pet kapunk, \u00e1r\/\u00e9rt\u00e9kben fantasztikus mutat\u00f3kkal, ami hossz\u00fat\u00e1vra is biztos\u00edthatja nek\u00fcnk a j\u00e1t\u00e9kok el\u0151tt t\u00f6lt\u00f6tt \u00f3r\u00e1kat.<\/p>\n\n\n\n<p class=\"has-background has-pale-cyan-blue-background-color\"><em><strong>Amennyiben megtetszett, webshopunkban megtal\u00e1lhatod a<\/strong><\/em><strong>\u2013<\/strong> <br><strong><em><a href=\"https:\/\/www.notebook.hu\/asus-rog-strix-g531gt-g531gt-al004\">ASUS ROG STRIX G531GT<\/a><\/em><\/strong> <em><strong>-t!<\/strong><\/em><br><\/p>\n\n\n\n<p><blockquote class=\"instagram-media\" data-instgrm-permalink=\"https:\/\/www.instagram.com\/p\/BzFsF0BgV25\/\" data-instgrm-version=\"12\" style=\" background:#FFF; border:0; border-radius:3px; box-shadow:0 0 1px 0 rgba(0,0,0,0.5),0 1px 10px 0 rgba(0,0,0,0.15); margin: 1px; max-width:540px; min-width:326px; padding:0; width:99.375%; width:-webkit-calc(100% - 2px); width:calc(100% - 2px);\"><div style=\"padding:16px;\"> <a href=\"https:\/\/www.instagram.com\/p\/BzFsF0BgV25\/\" style=\" background:#FFFFFF; line-height:0; padding:0 0; text-align:center; text-decoration:none; width:100%;\" target=\"_blank\"> <div style=\" display: flex; flex-direction: row; align-items: center;\"> <div style=\"background-color: #F4F4F4; border-radius: 50%; flex-grow: 0; height: 40px; margin-right: 14px; width: 40px;\"><\/div> <div style=\"display: flex; flex-direction: column; flex-grow: 1; justify-content: center;\"> <div style=\" background-color: #F4F4F4; border-radius: 4px; flex-grow: 0; height: 14px; margin-bottom: 6px; width: 100px;\"><\/div> <div style=\" background-color: #F4F4F4; border-radius: 4px; flex-grow: 0; height: 14px; width: 60px;\"><\/div><\/div><\/div><div style=\"padding: 19% 0;\"><\/div> <div style=\"display:block; height:50px; margin:0 auto 12px; width:50px;\"><svg width=\"50px\" height=\"50px\" viewBox=\"0 0 60 60\" version=\"1.1\" xmlns=\"https:\/\/www.w3.org\/2000\/svg\" xmlns:xlink=\"https:\/\/www.w3.org\/1999\/xlink\"><g stroke=\"none\" stroke-width=\"1\" fill=\"none\" fill-rule=\"evenodd\"><g transform=\"translate(-511.000000, -20.000000)\" fill=\"#000000\"><g><path d=\"M556.869,30.41 C554.814,30.41 553.148,32.076 553.148,34.131 C553.148,36.186 554.814,37.852 556.869,37.852 C558.924,37.852 560.59,36.186 560.59,34.131 C560.59,32.076 558.924,30.41 556.869,30.41 M541,60.657 C535.114,60.657 530.342,55.887 530.342,50 C530.342,44.114 535.114,39.342 541,39.342 C546.887,39.342 551.658,44.114 551.658,50 C551.658,55.887 546.887,60.657 541,60.657 M541,33.886 C532.1,33.886 524.886,41.1 524.886,50 C524.886,58.899 532.1,66.113 541,66.113 C549.9,66.113 557.115,58.899 557.115,50 C557.115,41.1 549.9,33.886 541,33.886 M565.378,62.101 C565.244,65.022 564.756,66.606 564.346,67.663 C563.803,69.06 563.154,70.057 562.106,71.106 C561.058,72.155 560.06,72.803 558.662,73.347 C557.607,73.757 556.021,74.244 553.102,74.378 C549.944,74.521 548.997,74.552 541,74.552 C533.003,74.552 532.056,74.521 528.898,74.378 C525.979,74.244 524.393,73.757 523.338,73.347 C521.94,72.803 520.942,72.155 519.894,71.106 C518.846,70.057 518.197,69.06 517.654,67.663 C517.244,66.606 516.755,65.022 516.623,62.101 C516.479,58.943 516.448,57.996 516.448,50 C516.448,42.003 516.479,41.056 516.623,37.899 C516.755,34.978 517.244,33.391 517.654,32.338 C518.197,30.938 518.846,29.942 519.894,28.894 C520.942,27.846 521.94,27.196 523.338,26.654 C524.393,26.244 525.979,25.756 528.898,25.623 C532.057,25.479 533.004,25.448 541,25.448 C548.997,25.448 549.943,25.479 553.102,25.623 C556.021,25.756 557.607,26.244 558.662,26.654 C560.06,27.196 561.058,27.846 562.106,28.894 C563.154,29.942 563.803,30.938 564.346,32.338 C564.756,33.391 565.244,34.978 565.378,37.899 C565.522,41.056 565.552,42.003 565.552,50 C565.552,57.996 565.522,58.943 565.378,62.101 M570.82,37.631 C570.674,34.438 570.167,32.258 569.425,30.349 C568.659,28.377 567.633,26.702 565.965,25.035 C564.297,23.368 562.623,22.342 560.652,21.575 C558.743,20.834 556.562,20.326 553.369,20.18 C550.169,20.033 549.148,20 541,20 C532.853,20 531.831,20.033 528.631,20.18 C525.438,20.326 523.257,20.834 521.349,21.575 C519.376,22.342 517.703,23.368 516.035,25.035 C514.368,26.702 513.342,28.377 512.574,30.349 C511.834,32.258 511.326,34.438 511.181,37.631 C511.035,40.831 511,41.851 511,50 C511,58.147 511.035,59.17 511.181,62.369 C511.326,65.562 511.834,67.743 512.574,69.651 C513.342,71.625 514.368,73.296 516.035,74.965 C517.703,76.634 519.376,77.658 521.349,78.425 C523.257,79.167 525.438,79.673 528.631,79.82 C531.831,79.965 532.853,80.001 541,80.001 C549.148,80.001 550.169,79.965 553.369,79.82 C556.562,79.673 558.743,79.167 560.652,78.425 C562.623,77.658 564.297,76.634 565.965,74.965 C567.633,73.296 568.659,71.625 569.425,69.651 C570.167,67.743 570.674,65.562 570.82,62.369 C570.966,59.17 571,58.147 571,50 C571,41.851 570.966,40.831 570.82,37.631\"><\/path><\/g><\/g><\/g><\/svg><\/div><div style=\"padding-top: 8px;\"> <div style=\" color:#3897f0; font-family:Arial,sans-serif; font-size:14px; font-style:normal; font-weight:550; line-height:18px;\"> A bejegyz\u00e9s megtekint\u00e9se az Instagramon<\/div><\/div><div style=\"padding: 12.5% 0;\"><\/div> <div style=\"display: flex; flex-direction: row; margin-bottom: 14px; align-items: center;\"><div> <div style=\"background-color: #F4F4F4; border-radius: 50%; height: 12.5px; width: 12.5px; transform: translateX(0px) translateY(7px);\"><\/div> <div style=\"background-color: #F4F4F4; height: 12.5px; transform: rotate(-45deg) translateX(3px) translateY(1px); width: 12.5px; flex-grow: 0; margin-right: 14px; margin-left: 2px;\"><\/div> <div style=\"background-color: #F4F4F4; border-radius: 50%; height: 12.5px; width: 12.5px; transform: translateX(9px) translateY(-18px);\"><\/div><\/div><div style=\"margin-left: 8px;\"> <div style=\" background-color: #F4F4F4; border-radius: 50%; flex-grow: 0; height: 20px; width: 20px;\"><\/div> <div style=\" width: 0; height: 0; border-top: 2px solid transparent; border-left: 6px solid #f4f4f4; border-bottom: 2px solid transparent; transform: translateX(16px) translateY(-4px) rotate(30deg)\"><\/div><\/div><div style=\"margin-left: auto;\"> <div style=\" width: 0px; border-top: 8px solid #F4F4F4; border-right: 8px solid transparent; transform: translateY(16px);\"><\/div> <div style=\" background-color: #F4F4F4; flex-grow: 0; height: 12px; width: 16px; transform: translateY(-4px);\"><\/div> <div style=\" width: 0; height: 0; border-top: 8px solid #F4F4F4; border-left: 8px solid transparent; transform: translateY(-4px) translateX(8px);\"><\/div><\/div><\/div> <div style=\"display: flex; flex-direction: column; flex-grow: 1; justify-content: center; margin-bottom: 24px;\"> <div style=\" background-color: #F4F4F4; border-radius: 4px; flex-grow: 0; height: 14px; margin-bottom: 6px; width: 224px;\"><\/div> <div style=\" background-color: #F4F4F4; border-radius: 4px; flex-grow: 0; height: 14px; width: 144px;\"><\/div><\/div><\/a><p style=\" color:#c9c8cd; font-family:Arial,sans-serif; font-size:14px; line-height:17px; margin-bottom:0; margin-top:8px; overflow:hidden; padding:8px 0 7px; text-align:center; text-overflow:ellipsis; white-space:nowrap;\"><a href=\"https:\/\/www.instagram.com\/p\/BzFsF0BgV25\/\" style=\" color:#c9c8cd; font-family:Arial,sans-serif; font-size:14px; font-style:normal; font-weight:normal; line-height:17px; text-decoration:none;\" target=\"_blank\">notebook.hu (@notebook_hu) \u00e1ltal megosztott bejegyz\u00e9s<\/a>, <time style=\" font-family:Arial,sans-serif; font-size:14px; line-height:17px;\" datetime=\"2019-06-24T10:18:59+00:00\">J\u00fan 24., 2019, id\u0151pont: 3:18 (PDT id\u0151z\u00f3na szerint)<\/time><\/p><\/div><\/blockquote> <script async=\"\" src=\"\/\/www.instagram.com\/embed.js\"><\/script><\/p>\n","protected":false},"excerpt":{"rendered":"<p>A ny\u00e1ri uborkaszezon lagymatag pillanatait t\u00f6rte meg egy bagoly huhog\u00e1sa. Az ASUS ROG-csal\u00e1dj\u00e1nak kedvenc h\u00e1zi\u00e1llata, a Strix egyik leg\u00fajabb kiad\u00e1sa a FullHD-s gaming \u00e9lm\u00e9ny maximaliz\u00e1l\u00e1s\u00e1ra t\u00f6rekszik \u00fagy, hogy egy j\u00f3csk\u00e1n felfriss\u00edtett diz\u00e1jnt is mag\u00e1ra h\u00faz. Vajon a G531GT egy val\u00f3di \u00e9jszakai ragadoz\u00f3, vagy vakon csattan az els\u0151 f\u00e1nak? Teszt\u00fcnkb\u0151l kider\u00fcl. K\u00fcls\u0151 | Cyberpunk bagoly Az &hellip;<\/p>\n","protected":false},"author":1,"featured_media":4653,"comment_status":"closed","ping_status":"open","sticky":false,"template":"","format":"standard","meta":{"_jetpack_memberships_contains_paid_content":false,"footnotes":""},"categories":[43],"tags":[390,810,812,811,813],"class_list":["post-4645","post","type-post","status-publish","format-standard","has-post-thumbnail","","category-tesztek","tag-asus-rog","tag-asus-rog-strix-g531gt","tag-asus-rog-strix-g531gt-bemutato","tag-asus-rog-strix-g531gt-teszt","tag-g531gt"],"jetpack_featured_media_url":"https:\/\/www.notebook.hu\/blog\/wp-content\/uploads\/2019\/06\/Blog_Thumbnail_ASUSG531GT_png.png","jetpack_shortlink":"https:\/\/wp.me\/p9xSLL-1cV","jetpack_sharing_enabled":true,"_links":{"self":[{"href":"https:\/\/www.notebook.hu\/blog\/wp-json\/wp\/v2\/posts\/4645","targetHints":{"allow":["GET"]}}],"collection":[{"href":"https:\/\/www.notebook.hu\/blog\/wp-json\/wp\/v2\/posts"}],"about":[{"href":"https:\/\/www.notebook.hu\/blog\/wp-json\/wp\/v2\/types\/post"}],"author":[{"embeddable":true,"href":"https:\/\/www.notebook.hu\/blog\/wp-json\/wp\/v2\/users\/1"}],"replies":[{"embeddable":true,"href":"https:\/\/www.notebook.hu\/blog\/wp-json\/wp\/v2\/comments?post=4645"}],"version-history":[{"count":16,"href":"https:\/\/www.notebook.hu\/blog\/wp-json\/wp\/v2\/posts\/4645\/revisions"}],"predecessor-version":[{"id":4722,"href":"https:\/\/www.notebook.hu\/blog\/wp-json\/wp\/v2\/posts\/4645\/revisions\/4722"}],"wp:featuredmedia":[{"embeddable":true,"href":"https:\/\/www.notebook.hu\/blog\/wp-json\/wp\/v2\/media\/4653"}],"wp:attachment":[{"href":"https:\/\/www.notebook.hu\/blog\/wp-json\/wp\/v2\/media?parent=4645"}],"wp:term":[{"taxonomy":"category","embeddable":true,"href":"https:\/\/www.notebook.hu\/blog\/wp-json\/wp\/v2\/categories?post=4645"},{"taxonomy":"post_tag","embeddable":true,"href":"https:\/\/www.notebook.hu\/blog\/wp-json\/wp\/v2\/tags?post=4645"}],"curies":[{"name":"wp","href":"https:\/\/api.w.org\/{rel}","templated":true}]}}