{"id":4626,"date":"2019-06-20T10:27:19","date_gmt":"2019-06-20T08:27:19","guid":{"rendered":"https:\/\/www.notebook.hu\/blog\/?p=4626"},"modified":"2019-06-20T10:27:25","modified_gmt":"2019-06-20T08:27:25","slug":"milyen-szinu-a-golyo-az-internet-nagy-szemfenyvesztoi","status":"publish","type":"post","link":"https:\/\/www.notebook.hu\/blog\/milyen-szinu-a-golyo-az-internet-nagy-szemfenyvesztoi\/","title":{"rendered":"Milyen szin\u0171 a goly\u00f3? | Az internet nagy szemf\u00e9nyveszt\u0151i"},"content":{"rendered":"\n<p><strong>\u201eEltal\u00e1lod, hogy milyen sz\u00edn\u0171 a goly\u00f3?\u201d, \u201eSosem tal\u00e1ln\u00e1d ki, hogy milyenek a goly\u00f3k val\u00f3j\u00e1ban\u201d \u2013 \u00e9s ehhez hasonl\u00f3 kattint\u00e1svad\u00e1sz c\u00edmekkel bomb\u00e1zt\u00e1k teli a k\u00f6z\u00f6ss\u00e9gi m\u00e9dia fel\u00fcleteit a l\u00e1jk-gy\u0171jt\u0151 oldalak. Az aprop\u00f3t egy remek ill\u00fazi\u00f3 keltette\u2026 amihez hasonl\u00f3t m\u00e1r l\u00e1tott az internet.<\/strong><\/p>\n\n\n\n<p>Minden \u00e9vben van valamilyen trending t\u00e9ma az interneten, ami az ill\u00fazi\u00f3ra, a szem\u00fcnk megt\u00e9veszt\u00e9s\u00e9re \u00e9p\u00fcl. Az elm\u00falt id\u0151szakban ruh\u00e1k val\u00f3di sz\u00edn\u00e9n vitatkozhattunk, de sziluettek forg\u00e1si ir\u00e1ny\u00e1n lament\u00e1lhattunk \u00e9s mozg\u00f3nak t\u0171n\u0151, \u00e1mde statikus k\u00e9peken \u00e1muldozhattunk. Ezeket a \u201enetrobbant\u00f3\u201d alkot\u00e1sokat k\u00f6veti most a University of Texas professzor\u00e1nak, David Novicknak a k\u00e9pe, amin 12 BARNA, de az RGB sk\u00e1la sz\u00edneivel szisztematikusan metszett g\u00f6mb\u00f6t l\u00e1thatunk.<\/p>\n\n\n\n<figure class=\"wp-block-image\"><img loading=\"lazy\" decoding=\"async\" width=\"1024\" height=\"756\" data-attachment-id=\"4627\" data-permalink=\"https:\/\/www.notebook.hu\/blog\/milyen-szinu-a-golyo-az-internet-nagy-szemfenyvesztoi\/7jpfudxamx5hgwccs\/\" data-orig-file=\"https:\/\/www.notebook.hu\/blog\/wp-content\/uploads\/2019\/06\/7JpfuDXamX5hGWCCs.jpeg\" data-orig-size=\"1024,756\" data-comments-opened=\"0\" data-image-meta=\"{&quot;aperture&quot;:&quot;0&quot;,&quot;credit&quot;:&quot;&quot;,&quot;camera&quot;:&quot;&quot;,&quot;caption&quot;:&quot;&quot;,&quot;created_timestamp&quot;:&quot;0&quot;,&quot;copyright&quot;:&quot;&quot;,&quot;focal_length&quot;:&quot;0&quot;,&quot;iso&quot;:&quot;0&quot;,&quot;shutter_speed&quot;:&quot;0&quot;,&quot;title&quot;:&quot;&quot;,&quot;orientation&quot;:&quot;0&quot;}\" data-image-title=\"7JpfuDXamX5hGWCCs\" data-image-description=\"\" data-image-caption=\"\" data-medium-file=\"https:\/\/www.notebook.hu\/blog\/wp-content\/uploads\/2019\/06\/7JpfuDXamX5hGWCCs-300x221.jpeg\" data-large-file=\"https:\/\/www.notebook.hu\/blog\/wp-content\/uploads\/2019\/06\/7JpfuDXamX5hGWCCs-1024x756.jpeg\" src=\"https:\/\/i0.wp.com\/www.notebook.hu\/blog\/wp-content\/uploads\/2019\/06\/7JpfuDXamX5hGWCCs.jpeg?fit=618%2C456&amp;ssl=1\" alt=\"\" class=\"wp-image-4627\" srcset=\"https:\/\/www.notebook.hu\/blog\/wp-content\/uploads\/2019\/06\/7JpfuDXamX5hGWCCs.jpeg 1024w, https:\/\/www.notebook.hu\/blog\/wp-content\/uploads\/2019\/06\/7JpfuDXamX5hGWCCs-300x221.jpeg 300w, https:\/\/www.notebook.hu\/blog\/wp-content\/uploads\/2019\/06\/7JpfuDXamX5hGWCCs-768x567.jpeg 768w\" sizes=\"auto, (max-width: 1024px) 100vw, 1024px\" \/><\/figure>\n\n\n\n<p>Addig, am\u00edg nem koncentr\u00e1lunk 100%-osan arra, hogy a form\u00e1k sz\u00edneit figyelj\u00fck, az agyunk hajlamos arra, hogy a form\u00e1kon \u00e1tfut\u00f3 cs\u00edkok hat\u00e1s\u00e1ra teljesen m\u00e1s \u00e1rnyalatban mutassa azokat &#8211; ahol a k\u00e9k fut \u00e1t a testeken, ott egy kicsit k\u00e9kesebb az \u00e1rnyalat, a v\u00f6r\u00f6sn\u00e9l v\u00f6r\u00f6ses \u00e9s \u00edgy tov\u00e1bb, l\u00e1sd a k\u00e9pen. A t\u00e9ves \u00e9rz\u00e9kel\u00e9st di\u00f3h\u00e9jban az okozza, hogy a fed\u0151 cs\u00edkokr\u00f3l kapott jeleket az agyunk \u00f6sszemossa a g\u00f6mbform\u00e1k\u00e9val, \u00edgy azok sz\u00edne \u00f6sszemos\u00f3dik. Ezeket a t\u00edpus\u00fa agyi sz\u00ednt\u00e9veszt\u00e9seket Munker-ill\u00fazi\u00f3nak nevezz\u00fck. <\/p>\n\n\n\n<figure class=\"wp-block-image\"><img loading=\"lazy\" decoding=\"async\" width=\"1199\" height=\"886\" data-attachment-id=\"4628\" data-permalink=\"https:\/\/www.notebook.hu\/blog\/milyen-szinu-a-golyo-az-internet-nagy-szemfenyvesztoi\/7jpgnbvcgk0sjleis\/\" data-orig-file=\"https:\/\/www.notebook.hu\/blog\/wp-content\/uploads\/2019\/06\/7JpgNBVCgk0SJLEIs.jpeg\" data-orig-size=\"1199,886\" data-comments-opened=\"0\" data-image-meta=\"{&quot;aperture&quot;:&quot;0&quot;,&quot;credit&quot;:&quot;&quot;,&quot;camera&quot;:&quot;&quot;,&quot;caption&quot;:&quot;&quot;,&quot;created_timestamp&quot;:&quot;0&quot;,&quot;copyright&quot;:&quot;&quot;,&quot;focal_length&quot;:&quot;0&quot;,&quot;iso&quot;:&quot;0&quot;,&quot;shutter_speed&quot;:&quot;0&quot;,&quot;title&quot;:&quot;&quot;,&quot;orientation&quot;:&quot;0&quot;}\" data-image-title=\"7JpgNBVCgk0SJLEIs\" data-image-description=\"\" data-image-caption=\"\" data-medium-file=\"https:\/\/www.notebook.hu\/blog\/wp-content\/uploads\/2019\/06\/7JpgNBVCgk0SJLEIs-300x222.jpeg\" data-large-file=\"https:\/\/www.notebook.hu\/blog\/wp-content\/uploads\/2019\/06\/7JpgNBVCgk0SJLEIs-1024x757.jpeg\" src=\"https:\/\/i0.wp.com\/www.notebook.hu\/blog\/wp-content\/uploads\/2019\/06\/7JpgNBVCgk0SJLEIs.jpeg?fit=618%2C457&amp;ssl=1\" alt=\"\" class=\"wp-image-4628\" srcset=\"https:\/\/www.notebook.hu\/blog\/wp-content\/uploads\/2019\/06\/7JpgNBVCgk0SJLEIs.jpeg 1199w, https:\/\/www.notebook.hu\/blog\/wp-content\/uploads\/2019\/06\/7JpgNBVCgk0SJLEIs-300x222.jpeg 300w, https:\/\/www.notebook.hu\/blog\/wp-content\/uploads\/2019\/06\/7JpgNBVCgk0SJLEIs-768x568.jpeg 768w, https:\/\/www.notebook.hu\/blog\/wp-content\/uploads\/2019\/06\/7JpgNBVCgk0SJLEIs-1024x757.jpeg 1024w\" sizes=\"auto, (max-width: 1199px) 100vw, 1199px\" \/><\/figure>\n\n\n\n<p>Novick m\u00e1r 2018-ban is publik\u00e1lt egy hasonl\u00f3 k\u00e9pet, Akiyoshi Kitaoka, a Kyoto-i egyetem pszichol\u00f3giai kar\u00e1n dolgoz\u00f3 professzor k\u00f6zrem\u0171k\u00f6d\u00e9s\u00e9vel. Vizsg\u00e1latuk az agy sz\u00ednfelismer\u0151 k\u00e9szs\u00e9geire koncentr\u00e1lt\u2026 \u00e9s, hogy mi ind\u00edtotta el a kutat\u00e1st? Nos, az a 2015-\u00f6s \u201ek\u00e9k-fekete, vagy arany-feh\u00e9r-e a ruha?\u201d vita amit m\u00e1r el\u0151bb a felvezet\u00e9sben is emlegettem. \u00c9rdekes, hogy egy egyszer\u0171 netes m\u00e9m milyen hat\u00e1ssal lehet a tudom\u00e1nyra: egyszerre sz\u00fcl egy \u00fajabb izgalmas tartalmat \u00e9s lend\u00edti el\u0151 az agyunk megismer\u00e9s\u00e9t. <\/p>\n\n\n\n<p>\u00c9rdemes Twitteren r\u00e1n\u00e9zni Novick professzorra, ugyanis gyakran osztja meg a munk\u00e1j\u00e1hoz hasonl\u00f3 \u201erajong\u00f3i\u201d v\u00e1ltozatokat, amik az elemek \u00e9s sz\u00ednek cser\u00e9j\u00e9vel j\u00e1tszanak. <\/p>\n\n\n\n<blockquote class=\"twitter-tweet\" data-lang=\"hu\"><p lang=\"en\" dir=\"ltr\">Mind?! These are great. I hope you keep at it and contribute more! <a href=\"https:\/\/t.co\/N6PHfheu5l\">https:\/\/t.co\/N6PHfheu5l<\/a><\/p>&mdash; David Novick (@NovickProf) <a href=\"https:\/\/twitter.com\/NovickProf\/status\/1141134826591936516?ref_src=twsrc%5Etfw\">2019. j\u00fanius 19.<\/a><\/blockquote>\n<script async src=\"https:\/\/platform.twitter.com\/widgets.js\" charset=\"utf-8\"><\/script>\n","protected":false},"excerpt":{"rendered":"<p>\u201eEltal\u00e1lod, hogy milyen sz\u00edn\u0171 a goly\u00f3?\u201d, \u201eSosem tal\u00e1ln\u00e1d ki, hogy milyenek a goly\u00f3k val\u00f3j\u00e1ban\u201d \u2013 \u00e9s ehhez hasonl\u00f3 kattint\u00e1svad\u00e1sz c\u00edmekkel bomb\u00e1zt\u00e1k teli a k\u00f6z\u00f6ss\u00e9gi m\u00e9dia fel\u00fcleteit a l\u00e1jk-gy\u0171jt\u0151 oldalak. Az aprop\u00f3t egy remek ill\u00fazi\u00f3 keltette\u2026 amihez hasonl\u00f3t m\u00e1r l\u00e1tott az internet. Minden \u00e9vben van valamilyen trending t\u00e9ma az interneten, ami az ill\u00fazi\u00f3ra, a szem\u00fcnk megt\u00e9veszt\u00e9s\u00e9re &hellip;<\/p>\n","protected":false},"author":1,"featured_media":4627,"comment_status":"closed","ping_status":"open","sticky":false,"template":"","format":"standard","meta":{"_jetpack_memberships_contains_paid_content":false,"footnotes":""},"categories":[42],"tags":[803,804,806],"class_list":["post-4626","post","type-post","status-publish","format-standard","has-post-thumbnail","","category-cikkek","tag-david-novick","tag-illuzio","tag-szinek"],"jetpack_featured_media_url":"https:\/\/www.notebook.hu\/blog\/wp-content\/uploads\/2019\/06\/7JpfuDXamX5hGWCCs.jpeg","jetpack_shortlink":"https:\/\/wp.me\/p9xSLL-1cC","jetpack_sharing_enabled":true,"_links":{"self":[{"href":"https:\/\/www.notebook.hu\/blog\/wp-json\/wp\/v2\/posts\/4626","targetHints":{"allow":["GET"]}}],"collection":[{"href":"https:\/\/www.notebook.hu\/blog\/wp-json\/wp\/v2\/posts"}],"about":[{"href":"https:\/\/www.notebook.hu\/blog\/wp-json\/wp\/v2\/types\/post"}],"author":[{"embeddable":true,"href":"https:\/\/www.notebook.hu\/blog\/wp-json\/wp\/v2\/users\/1"}],"replies":[{"embeddable":true,"href":"https:\/\/www.notebook.hu\/blog\/wp-json\/wp\/v2\/comments?post=4626"}],"version-history":[{"count":3,"href":"https:\/\/www.notebook.hu\/blog\/wp-json\/wp\/v2\/posts\/4626\/revisions"}],"predecessor-version":[{"id":4632,"href":"https:\/\/www.notebook.hu\/blog\/wp-json\/wp\/v2\/posts\/4626\/revisions\/4632"}],"wp:featuredmedia":[{"embeddable":true,"href":"https:\/\/www.notebook.hu\/blog\/wp-json\/wp\/v2\/media\/4627"}],"wp:attachment":[{"href":"https:\/\/www.notebook.hu\/blog\/wp-json\/wp\/v2\/media?parent=4626"}],"wp:term":[{"taxonomy":"category","embeddable":true,"href":"https:\/\/www.notebook.hu\/blog\/wp-json\/wp\/v2\/categories?post=4626"},{"taxonomy":"post_tag","embeddable":true,"href":"https:\/\/www.notebook.hu\/blog\/wp-json\/wp\/v2\/tags?post=4626"}],"curies":[{"name":"wp","href":"https:\/\/api.w.org\/{rel}","templated":true}]}}