{"id":4543,"date":"2019-05-22T10:09:32","date_gmt":"2019-05-22T08:09:32","guid":{"rendered":"https:\/\/www.notebook.hu\/blog\/?p=4543"},"modified":"2019-05-22T10:09:36","modified_gmt":"2019-05-22T08:09:36","slug":"miert-szeretjuk-a-kiscicas-videokat-grumpy-cat","status":"publish","type":"post","link":"https:\/\/www.notebook.hu\/blog\/miert-szeretjuk-a-kiscicas-videokat-grumpy-cat\/","title":{"rendered":"Mi\u00e9rt szeretj\u00fck a kiscic\u00e1s vide\u00f3kat? | Eml\u00e9kezz\u00fcnk Grumpy Cat-re"},"content":{"rendered":"\n<figure class=\"wp-block-image\"><img loading=\"lazy\" decoding=\"async\" width=\"1200\" height=\"675\" data-attachment-id=\"4545\" data-permalink=\"https:\/\/www.notebook.hu\/blog\/miert-szeretjuk-a-kiscicas-videokat-grumpy-cat\/20190521_grumpycat_01\/\" data-orig-file=\"https:\/\/www.notebook.hu\/blog\/wp-content\/uploads\/2019\/05\/20190521_grumpycat_01.jpg\" data-orig-size=\"1200,675\" data-comments-opened=\"0\" data-image-meta=\"{&quot;aperture&quot;:&quot;0&quot;,&quot;credit&quot;:&quot;&quot;,&quot;camera&quot;:&quot;&quot;,&quot;caption&quot;:&quot;&quot;,&quot;created_timestamp&quot;:&quot;0&quot;,&quot;copyright&quot;:&quot;&quot;,&quot;focal_length&quot;:&quot;0&quot;,&quot;iso&quot;:&quot;0&quot;,&quot;shutter_speed&quot;:&quot;0&quot;,&quot;title&quot;:&quot;&quot;,&quot;orientation&quot;:&quot;0&quot;}\" data-image-title=\"20190521_grumpycat_01\" data-image-description=\"\" data-image-caption=\"\" data-medium-file=\"https:\/\/www.notebook.hu\/blog\/wp-content\/uploads\/2019\/05\/20190521_grumpycat_01-300x169.jpg\" data-large-file=\"https:\/\/www.notebook.hu\/blog\/wp-content\/uploads\/2019\/05\/20190521_grumpycat_01-1024x576.jpg\" src=\"https:\/\/i1.wp.com\/www.notebook.hu\/blog\/wp-content\/uploads\/2019\/05\/20190521_grumpycat_01.jpg?fit=618%2C348&amp;ssl=1\" alt=\"\" class=\"wp-image-4545\" srcset=\"https:\/\/www.notebook.hu\/blog\/wp-content\/uploads\/2019\/05\/20190521_grumpycat_01.jpg 1200w, https:\/\/www.notebook.hu\/blog\/wp-content\/uploads\/2019\/05\/20190521_grumpycat_01-300x169.jpg 300w, https:\/\/www.notebook.hu\/blog\/wp-content\/uploads\/2019\/05\/20190521_grumpycat_01-768x432.jpg 768w, https:\/\/www.notebook.hu\/blog\/wp-content\/uploads\/2019\/05\/20190521_grumpycat_01-1024x576.jpg 1024w\" sizes=\"auto, (max-width: 1200px) 100vw, 1200px\" \/><figcaption>Forr\u00e1s: WSMV<\/figcaption><\/figure>\n\n\n\n<p><strong>Az elm\u00falt hetek egyik \u201evezet\u0151 h\u00edre\u201d volt, hogy az internet egyik legn\u00e9pszer\u0171bb macsk\u00e1ja az \u00f6r\u00f6k vad\u00e1szmez\u0151kre t\u00e1vozott. A \u201ed\u00f6g\u00f6lj\u00f6n meg a vil\u00e1g\u201d arckifejez\u00e9s\u00e9r\u0151l h\u00edres cica 7 \u00e9ves volt, eredetileg pedig Tart\u00e1rsz\u00f3sznak h\u00edvt\u00e1k. Amellett, hogy megeml\u00e9kez\u00fcnk p\u00e1r m\u00e9mmel a h\u00edres n\u00e9gyl\u00e1b\u00far\u00f3l, megbesz\u00e9lj\u00fck azt is, hogy mi \u201e\u00e9rtelme\u201d van a neten a macsk\u00e1s vide\u00f3knak. <\/strong><\/p>\n\n\n\n<p>A m\u00e9m-macsekr\u0151l 2012-ben k\u00e9sz\u00fclt az els\u0151 fot\u00f3, ami egyb\u0151l bej\u00e1rta az internetet. A t\u00f6rpe termet\u0171, deform\u00e1lt \u00e1llkapcs\u00fa \u2013 \u00e9s emiatt folyton m\u00e9rgesnek t\u0171n\u0151 &#8211; cica pillanatok alatt az egyik legismertebb m\u00e9mm\u00e9 n\u0151tte ki mag\u00e1t. A gazdik hamar megl\u00e1tt\u00e1k benne az anyagi lehet\u0151s\u00e9geket, \u00edgy a \u201eGrumpy Cat\u201d nevet lev\u00e9dett\u00e9k saj\u00e1t m\u00e1rk\u00e1s cuccaik mellett, k\u00fcl\u00f6nb\u00f6z\u0151 szponzor\u00e1lt tartalmakhoz haszn\u00e1lt\u00e1k fel n\u00e9gyl\u00e1b\u00fa kedvenc\u00fck fura \u00e1br\u00e1zat\u00e1t. Grumpy, avagy Tart\u00e1rsz\u00f3sz 7 \u00e9ves kor\u00e1ban hunyt el, egy h\u00fagy\u00fati fert\u0151z\u00e9sben, eml\u00e9k\u00e9t viszont m\u00e9g hosszan \u0151rzik majd az internetes port\u00e1lok has\u00e1bjai. <\/p>\n\n\n\n<figure class=\"wp-block-image\"><img loading=\"lazy\" decoding=\"async\" width=\"1200\" height=\"630\" data-attachment-id=\"4546\" data-permalink=\"https:\/\/www.notebook.hu\/blog\/miert-szeretjuk-a-kiscicas-videokat-grumpy-cat\/20190521_grumpycat_02\/\" data-orig-file=\"https:\/\/www.notebook.hu\/blog\/wp-content\/uploads\/2019\/05\/20190521_grumpycat_02.jpg\" data-orig-size=\"1200,630\" data-comments-opened=\"0\" data-image-meta=\"{&quot;aperture&quot;:&quot;0&quot;,&quot;credit&quot;:&quot;&quot;,&quot;camera&quot;:&quot;&quot;,&quot;caption&quot;:&quot;&quot;,&quot;created_timestamp&quot;:&quot;0&quot;,&quot;copyright&quot;:&quot;&quot;,&quot;focal_length&quot;:&quot;0&quot;,&quot;iso&quot;:&quot;0&quot;,&quot;shutter_speed&quot;:&quot;0&quot;,&quot;title&quot;:&quot;&quot;,&quot;orientation&quot;:&quot;0&quot;}\" data-image-title=\"20190521_grumpycat_02\" data-image-description=\"\" data-image-caption=\"\" data-medium-file=\"https:\/\/www.notebook.hu\/blog\/wp-content\/uploads\/2019\/05\/20190521_grumpycat_02-300x158.jpg\" data-large-file=\"https:\/\/www.notebook.hu\/blog\/wp-content\/uploads\/2019\/05\/20190521_grumpycat_02-1024x538.jpg\" src=\"https:\/\/i1.wp.com\/www.notebook.hu\/blog\/wp-content\/uploads\/2019\/05\/20190521_grumpycat_02.jpg?fit=618%2C325&amp;ssl=1\" alt=\"\" class=\"wp-image-4546\" srcset=\"https:\/\/www.notebook.hu\/blog\/wp-content\/uploads\/2019\/05\/20190521_grumpycat_02.jpg 1200w, https:\/\/www.notebook.hu\/blog\/wp-content\/uploads\/2019\/05\/20190521_grumpycat_02-300x158.jpg 300w, https:\/\/www.notebook.hu\/blog\/wp-content\/uploads\/2019\/05\/20190521_grumpycat_02-768x403.jpg 768w, https:\/\/www.notebook.hu\/blog\/wp-content\/uploads\/2019\/05\/20190521_grumpycat_02-1024x538.jpg 1024w\" sizes=\"auto, (max-width: 1200px) 100vw, 1200px\" \/><figcaption>Forr\u00e1s: Vulture.com<\/figcaption><\/figure>\n\n\n\n<p>Aki el\u00e9g r\u00e9g\u00f3ta haszn\u00e1lja az internetet \u00e9s a k\u00f6z\u00f6ss\u00e9gi m\u00e9di\u00e1t \u2013 b\u00e1r ebben a t\u00e9m\u00e1ban el\u00e9g egy-k\u00e9t nap is \u2013 az biztos, hogy n+v\u00e9gtelen mennyis\u00e9g\u0171 cuki, kis\u00e1llatos vide\u00f3val tal\u00e1lkozhatott m\u00e1r. Macsk\u00e1k, kuty\u00e1k, r\u00e1gcs\u00e1l\u00f3k\u2026 de igaz\u00e1b\u00f3l b\u00e1rmilyen kis\/nagy \u00e1llatr\u00f3l k\u00e9sz\u00fclt sz\u00edvmelenget\u0151 tartalmak sokas\u00e1ga oszt\u00f3dik meg napr\u00f3l-napra, amik \u2013 ak\u00e1r hiszitek, ak\u00e1r nem \u2013 m\u00e9g pozit\u00edv \u00e9lettani hat\u00e1sokkal is lehetnek r\u00e1nk, n\u00e9z\u0151kre.<\/p>\n\n\n\n<p>Dr. Jessica Gall Myrick, az Indiana\nUniversity professzora a macsk\u00e1s vide\u00f3k hat\u00e1sait vizsg\u00e1lta egy tanulm\u00e1nyban.\nMyrick szerint ezek a tartalmak az \u00e1llat-ter\u00e1pi\u00e1s kezel\u00e9sek hat\u00e1saival \u00e9rnek\nfel, azaz jav\u00edtj\u00e1k a k\u00f6z\u00e9rzetet, ez\u00e1ltal pedig \u00e9l\u00e9nk\u00edtik \u00e9s motiv\u00e1lj\u00e1k a\nr\u00e9sztvev\u0151t. A vil\u00e1gh\u00e1l\u00f3 is pozit\u00edvumk\u00e9nt j\u00f6n a k\u00e9pbe: a \u201ecukicic\u00e1s\u201d tartalmak\nmegoszt\u00e1s\u00e1val, vagy a posztok alatti hozz\u00e1sz\u00f3l\u00e1sok \u00e1ltal, a magukat\nintrovert\u00e1ltnak tart\u00f3 emberek k\u00f6nnyebben tudnak kommunik\u00e1lni, ismerkedni a\nhasonl\u00f3 \u00edzl\u00e9s\u0171 felhaszn\u00e1l\u00f3kkal. Amellett nem mehet\u00fcnk el ugyan, hogy a macsk\u00e1s\nvide\u00f3k n\u00e9zeget\u00e9se nem \u00e9ppen proakt\u00edv tev\u00e9kenys\u00e9g, de Myrick szerint egy-k\u00e9t\nvide\u00f3 k\u00e9t feladat k\u00f6zti sz\u00fcnetben, pozit\u00edv hat\u00e1ssal lehet a munkav\u00e9gz\u00e9s\u00fcnk\nmin\u0151s\u00e9g\u00e9re is a vide\u00f3k \u00e1ltal termel\u0151d\u00f6tt \u201e\u00f6r\u00f6mhormonoknak\u201d k\u00f6sz\u00f6nhet\u0151en. <\/p>\n\n\n\n<p>Most, hogy meg tudod indokolni a f\u0151n\u00f6k\u00f6dnek, hogy mel\u00f3 k\u00f6zben mi\u00e9rt n\u00e9zel cic\u00e1s vide\u00f3kat\u2026 gyere, ezt m\u00e9g n\u00e9zd meg!<\/p>\n\n\n\n<figure class=\"wp-block-embed-youtube wp-block-embed is-type-video is-provider-youtube wp-embed-aspect-16-9 wp-has-aspect-ratio\"><div class=\"wp-block-embed__wrapper\">\n<span class=\"embed-youtube\" style=\"text-align:center; display: block;\"><iframe loading=\"lazy\" class=\"youtube-player\" width=\"618\" height=\"348\" src=\"https:\/\/www.youtube.com\/embed\/1Wh8RzcQZr4?version=3&#038;rel=1&#038;showsearch=0&#038;showinfo=1&#038;iv_load_policy=1&#038;fs=1&#038;hl=hu-HU&#038;autohide=2&#038;wmode=transparent\" allowfullscreen=\"true\" style=\"border:0;\" sandbox=\"allow-scripts allow-same-origin allow-popups allow-presentation allow-popups-to-escape-sandbox\"><\/iframe><\/span>\n<\/div><\/figure>\n","protected":false},"excerpt":{"rendered":"<p>Forr\u00e1s: WSMV Az elm\u00falt hetek egyik \u201evezet\u0151 h\u00edre\u201d volt, hogy az internet egyik legn\u00e9pszer\u0171bb macsk\u00e1ja az \u00f6r\u00f6k vad\u00e1szmez\u0151kre t\u00e1vozott. A \u201ed\u00f6g\u00f6lj\u00f6n meg a vil\u00e1g\u201d arckifejez\u00e9s\u00e9r\u0151l h\u00edres cica 7 \u00e9ves volt, eredetileg pedig Tart\u00e1rsz\u00f3sznak h\u00edvt\u00e1k. Amellett, hogy megeml\u00e9kez\u00fcnk p\u00e1r m\u00e9mmel a h\u00edres n\u00e9gyl\u00e1b\u00far\u00f3l, megbesz\u00e9lj\u00fck azt is, hogy mi \u201e\u00e9rtelme\u201d van a neten a macsk\u00e1s vide\u00f3knak. A &hellip;<\/p>\n","protected":false},"author":1,"featured_media":4546,"comment_status":"closed","ping_status":"open","sticky":false,"template":"","format":"standard","meta":{"_jetpack_memberships_contains_paid_content":false,"footnotes":""},"categories":[42],"tags":[781,779,780],"class_list":["post-4543","post","type-post","status-publish","format-standard","has-post-thumbnail","","category-cikkek","tag-cat-video","tag-grumpy-cat","tag-macskas-video"],"jetpack_featured_media_url":"https:\/\/www.notebook.hu\/blog\/wp-content\/uploads\/2019\/05\/20190521_grumpycat_02.jpg","jetpack_shortlink":"https:\/\/wp.me\/p9xSLL-1bh","jetpack_sharing_enabled":true,"_links":{"self":[{"href":"https:\/\/www.notebook.hu\/blog\/wp-json\/wp\/v2\/posts\/4543","targetHints":{"allow":["GET"]}}],"collection":[{"href":"https:\/\/www.notebook.hu\/blog\/wp-json\/wp\/v2\/posts"}],"about":[{"href":"https:\/\/www.notebook.hu\/blog\/wp-json\/wp\/v2\/types\/post"}],"author":[{"embeddable":true,"href":"https:\/\/www.notebook.hu\/blog\/wp-json\/wp\/v2\/users\/1"}],"replies":[{"embeddable":true,"href":"https:\/\/www.notebook.hu\/blog\/wp-json\/wp\/v2\/comments?post=4543"}],"version-history":[{"count":2,"href":"https:\/\/www.notebook.hu\/blog\/wp-json\/wp\/v2\/posts\/4543\/revisions"}],"predecessor-version":[{"id":4547,"href":"https:\/\/www.notebook.hu\/blog\/wp-json\/wp\/v2\/posts\/4543\/revisions\/4547"}],"wp:featuredmedia":[{"embeddable":true,"href":"https:\/\/www.notebook.hu\/blog\/wp-json\/wp\/v2\/media\/4546"}],"wp:attachment":[{"href":"https:\/\/www.notebook.hu\/blog\/wp-json\/wp\/v2\/media?parent=4543"}],"wp:term":[{"taxonomy":"category","embeddable":true,"href":"https:\/\/www.notebook.hu\/blog\/wp-json\/wp\/v2\/categories?post=4543"},{"taxonomy":"post_tag","embeddable":true,"href":"https:\/\/www.notebook.hu\/blog\/wp-json\/wp\/v2\/tags?post=4543"}],"curies":[{"name":"wp","href":"https:\/\/api.w.org\/{rel}","templated":true}]}}