{"id":4501,"date":"2019-05-29T16:36:53","date_gmt":"2019-05-29T14:36:53","guid":{"rendered":"https:\/\/www.notebook.hu\/blog\/?p=4501"},"modified":"2019-06-04T09:23:30","modified_gmt":"2019-06-04T07:23:30","slug":"dell-inspiron-14-5482-teszt","status":"publish","type":"post","link":"https:\/\/www.notebook.hu\/blog\/dell-inspiron-14-5482-teszt\/","title":{"rendered":"Dell Inspiron 14 5482 Teszt | Ronda, de finom?"},"content":{"rendered":"\n<figure class=\"wp-block-image is-resized\"><img loading=\"lazy\" decoding=\"async\" data-attachment-id=\"4570\" data-permalink=\"https:\/\/www.notebook.hu\/blog\/dell-inspiron-14-5482-teszt\/dellinspiron_blog\/\" data-orig-file=\"https:\/\/www.notebook.hu\/blog\/wp-content\/uploads\/2019\/05\/dellinspiron_blog.png\" data-orig-size=\"1200,628\" data-comments-opened=\"0\" data-image-meta=\"{&quot;aperture&quot;:&quot;0&quot;,&quot;credit&quot;:&quot;&quot;,&quot;camera&quot;:&quot;&quot;,&quot;caption&quot;:&quot;&quot;,&quot;created_timestamp&quot;:&quot;0&quot;,&quot;copyright&quot;:&quot;&quot;,&quot;focal_length&quot;:&quot;0&quot;,&quot;iso&quot;:&quot;0&quot;,&quot;shutter_speed&quot;:&quot;0&quot;,&quot;title&quot;:&quot;&quot;,&quot;orientation&quot;:&quot;0&quot;}\" data-image-title=\"dellinspiron_blog\" data-image-description=\"\" data-image-caption=\"\" data-medium-file=\"https:\/\/www.notebook.hu\/blog\/wp-content\/uploads\/2019\/05\/dellinspiron_blog-300x157.png\" data-large-file=\"https:\/\/www.notebook.hu\/blog\/wp-content\/uploads\/2019\/05\/dellinspiron_blog-1024x536.png\" src=\"https:\/\/www.notebook.hu\/blog\/wp-content\/uploads\/2019\/05\/dellinspiron_blog-1024x536.png\" alt=\"\" class=\"wp-image-4570\" width=\"512\" height=\"268\" srcset=\"https:\/\/www.notebook.hu\/blog\/wp-content\/uploads\/2019\/05\/dellinspiron_blog-1024x536.png 1024w, https:\/\/www.notebook.hu\/blog\/wp-content\/uploads\/2019\/05\/dellinspiron_blog-300x157.png 300w, https:\/\/www.notebook.hu\/blog\/wp-content\/uploads\/2019\/05\/dellinspiron_blog-768x402.png 768w, https:\/\/www.notebook.hu\/blog\/wp-content\/uploads\/2019\/05\/dellinspiron_blog.png 1200w\" sizes=\"auto, (max-width: 512px) 100vw, 512px\" \/><\/figure>\n\n\n\n<p><strong>Akinek a c\u00edm alapj\u00e1n Chokito \u00edz vette \u00e1t az uralmat az \u00edzlel\u0151bimb\u00f3i felett, annak \u00f3ri\u00e1si pacsi. Megboldogult gyerekkoromb\u00f3l b\u00e1r csak halov\u00e1ny eml\u00e9k a rusny\u00e1cska finoms\u00e1g, m\u00e9gis a Dell Inspiron 5482-es\u00e9r\u0151l ez ugrott be: hogy lehet valami ennyire finom, amit ennyire ki akar vetni mag\u00e1b\u00f3l a retin\u00e1m\u2026 j\u00f6jj\u00f6n a bemutat\u00f3. <\/strong><\/p>\n\n\n\n<p><strong>K\u00fcls\u0151 | H\u00e1t\u2026<\/strong><\/p>\n\n\n\n<p>Sz\u00f3val, aki a lead alapj\u00e1n valami meglepet\u00e9sre sz\u00e1m\u00edt, annak csal\u00f3dnia kell. A Dell Inspiron egy kicsit olyan, mintha egy gener\u00e1ci\u00f3val kor\u00e1bbra tervezte volna a notebookj\u00e1t, az is tal\u00e1n kapkodva, nehogy m\u00e9g egy \u201ediz\u00e1jn-gener\u00e1ci\u00f3t\u201d cs\u00fasszanak. A bor\u00edt\u00f3 egys\u00e9g\u00e9t megt\u00f6r\u0151 zsan\u00e9rok, a fentr\u0151l kerek\u00edtett, oldalr\u00f3l sz\u00f6gletesebb vonalak \u2013 az \u00e9n szememben- valahogy nem \u00e1llnak \u00f6ssze, ak\u00e1rmennyire is min\u0151s\u00e9gi a bor\u00edt\u00e1s, a f\u00e9mes-f\u00e9nyes log\u00f3 \u00e9s a maga m\u00f3dj\u00e1n eleg\u00e1ns ez a csiszolt f\u00e9mes fel\u00fclet. Dimenzi\u00f3it tekintve egy 19,74\u00d7328&#215;232,8mm-es \u00e9s 1.7 kilogrammos notebookr\u00f3l besz\u00e9l\u00fcnk az Inspiron 5482 szem\u00e9ly\u00e9ben, \u00edgy tekinthet\u00fcnk r\u00e1, mint egy abszol\u00fat kompakt munkag\u00e9pre, ami a k\u00fcls\u0151s\u00e9geket tekintve nem, de k\u00e9pess\u00e9geit n\u00e9zve m\u00e1r egy komplexebb darab. Felnyitva a g\u00e9pet, egy kell\u0151en kontrasztos k\u00e9p n\u00e9z vel\u00fcnk szembe, a kijelz\u0151 elem teljesen fekete, egy apr\u00f3bb Dell log\u00f3val megsp\u00e9kelve, a f\u00e9nyes fel\u00fclet\u0171 kijelz\u0151 alatt. Amiatt, hogy a kijelz\u0151 \u00e9s a k\u00e1va elem is f\u00e9nyes fekete fel\u00fclet\u0171, \u00edgy els\u0151re nem igaz\u00e1n l\u00e1tszik a k\u00e1va vastags\u00e1ga, csak az ind\u00edt\u00e1s ut\u00e1n. Az als\u00f3 szeg\u00e9ly sz\u00e1momra tal\u00e1n t\u00fal vaskosra is siker\u00fclt, az oldals\u00f3 \u00e9s fels\u0151 elem pedig abszol\u00fat \u00e1tlagosnak mondhat\u00f3. <\/p>\n\n\n\n<figure class=\"wp-block-image\"><img loading=\"lazy\" decoding=\"async\" width=\"1024\" height=\"576\" data-attachment-id=\"4590\" data-permalink=\"https:\/\/www.notebook.hu\/blog\/dell-inspiron-14-5482-teszt\/dellinspiron_02\/\" data-orig-file=\"https:\/\/www.notebook.hu\/blog\/wp-content\/uploads\/2019\/05\/DellInspiron_02.jpg\" data-orig-size=\"1920,1080\" data-comments-opened=\"0\" data-image-meta=\"{&quot;aperture&quot;:&quot;0&quot;,&quot;credit&quot;:&quot;&quot;,&quot;camera&quot;:&quot;&quot;,&quot;caption&quot;:&quot;&quot;,&quot;created_timestamp&quot;:&quot;0&quot;,&quot;copyright&quot;:&quot;&quot;,&quot;focal_length&quot;:&quot;0&quot;,&quot;iso&quot;:&quot;0&quot;,&quot;shutter_speed&quot;:&quot;0&quot;,&quot;title&quot;:&quot;&quot;,&quot;orientation&quot;:&quot;0&quot;}\" data-image-title=\"DellInspiron_02\" data-image-description=\"\" data-image-caption=\"\" data-medium-file=\"https:\/\/www.notebook.hu\/blog\/wp-content\/uploads\/2019\/05\/DellInspiron_02-300x169.jpg\" data-large-file=\"https:\/\/www.notebook.hu\/blog\/wp-content\/uploads\/2019\/05\/DellInspiron_02-1024x576.jpg\" src=\"https:\/\/www.notebook.hu\/blog\/wp-content\/uploads\/2019\/05\/DellInspiron_02-1024x576.jpg\" alt=\"\" class=\"wp-image-4590\" srcset=\"https:\/\/www.notebook.hu\/blog\/wp-content\/uploads\/2019\/05\/DellInspiron_02-1024x576.jpg 1024w, https:\/\/www.notebook.hu\/blog\/wp-content\/uploads\/2019\/05\/DellInspiron_02-300x169.jpg 300w, https:\/\/www.notebook.hu\/blog\/wp-content\/uploads\/2019\/05\/DellInspiron_02-768x432.jpg 768w, https:\/\/www.notebook.hu\/blog\/wp-content\/uploads\/2019\/05\/DellInspiron_02.jpg 1920w\" sizes=\"auto, (max-width: 1024px) 100vw, 1024px\" \/><\/figure>\n\n\n\n<p>A fekete billenty\u0171k l\u00e1tv\u00e1nyosan \u201ekiemelkednek\u201d a f\u00e9mes alapegys\u00e9gb\u0151l, haszn\u00e1lat k\u00f6zben tal\u00e1n j\u00f3val merevebbnek \u00e9s r\u00f6videbb billenty\u0171\u00fattal rendelkez\u0151nek hatnak \u2013 ezzel alapvet\u0151en nem volt probl\u00e9m\u00e1m, s\u0151t n\u00e9h\u00e1ny g\u00e9pn\u00e9l jobban \u00e9rt\u00e9keltem volna, ha ilyen lett volna -, mint p\u00e9ld\u00e1ul a legut\u00f3bb tesztelt Lenovo V130-as, aminek a billenty\u0171i am\u00fagy nagyobbak is voltak, ez\u00e1ltal az tal\u00e1n egy kicsit k\u00f6nnyebben volt haszn\u00e1lhat\u00f3 (itt a billenty\u0171k m\u00e9ret\u00e9b\u0151l ad\u00f3d\u00f3an voltak el\u00fct\u00e9seim). Egy honos\u00edtott tasztat\u00far\u00e1t kapunk \u2013 ez tal\u00e1n nem annyira meglep\u0151 -, a kialak\u00edt\u00e1s\u00e1ban viszont \u00e9rz\u00e9kelhet\u0151, hogy az angol kiad\u00e1sn\u00e1l mely billenty\u0171k voltak nagyobbak, vagy m\u00e1s form\u00e1j\u00faak (l\u00e1sd az Enter k\u00f6rny\u00e9ke). Az \u00e9jszakai haszn\u00e1lathoz kaptunk m\u00f6g\u00e9 egy feh\u00e9r LED-vil\u00e1g\u00edt\u00e1st, ami k\u00e9t f\u00e9nyer\u0151-fokozaton haszn\u00e1lhat\u00f3.&nbsp; A billenty\u0171zet \u00e9s a demark\u00e1ci\u00f3s vonalk\u00e9nt szolg\u00e1l\u00f3 hajl\u00edtott elem ott van egy korrekt m\u00e9ret\u0171 touchpad, ami term\u00e9szetesen t\u00e1mogatja a gesztusvez\u00e9rl\u00e9st. Jobbra, fent tal\u00e1lhat\u00f3 a bekapcsol\u00f3 gomb, amin\u00e9l egy \u201eeleg\u00e1nsan elhelyezett\u201d matrica jel\u00f6li, hogy ujjlenyomat olvas\u00f3val lett ell\u00e1tva.<\/p>\n\n\n\n<figure class=\"wp-block-image\"><img loading=\"lazy\" decoding=\"async\" width=\"1920\" height=\"1080\" data-attachment-id=\"4587\" data-permalink=\"https:\/\/www.notebook.hu\/blog\/dell-inspiron-14-5482-teszt\/dellinspiron_03\/\" data-orig-file=\"https:\/\/www.notebook.hu\/blog\/wp-content\/uploads\/2019\/05\/DellInspiron_03.jpg\" data-orig-size=\"1920,1080\" data-comments-opened=\"0\" data-image-meta=\"{&quot;aperture&quot;:&quot;0&quot;,&quot;credit&quot;:&quot;&quot;,&quot;camera&quot;:&quot;&quot;,&quot;caption&quot;:&quot;&quot;,&quot;created_timestamp&quot;:&quot;0&quot;,&quot;copyright&quot;:&quot;&quot;,&quot;focal_length&quot;:&quot;0&quot;,&quot;iso&quot;:&quot;0&quot;,&quot;shutter_speed&quot;:&quot;0&quot;,&quot;title&quot;:&quot;&quot;,&quot;orientation&quot;:&quot;0&quot;}\" data-image-title=\"DellInspiron_03\" data-image-description=\"\" data-image-caption=\"\" data-medium-file=\"https:\/\/www.notebook.hu\/blog\/wp-content\/uploads\/2019\/05\/DellInspiron_03-300x169.jpg\" data-large-file=\"https:\/\/www.notebook.hu\/blog\/wp-content\/uploads\/2019\/05\/DellInspiron_03-1024x576.jpg\" src=\"https:\/\/i2.wp.com\/www.notebook.hu\/blog\/wp-content\/uploads\/2019\/05\/DellInspiron_03.jpg?fit=618%2C348&amp;ssl=1\" alt=\"\" class=\"wp-image-4587\" srcset=\"https:\/\/www.notebook.hu\/blog\/wp-content\/uploads\/2019\/05\/DellInspiron_03.jpg 1920w, https:\/\/www.notebook.hu\/blog\/wp-content\/uploads\/2019\/05\/DellInspiron_03-300x169.jpg 300w, https:\/\/www.notebook.hu\/blog\/wp-content\/uploads\/2019\/05\/DellInspiron_03-768x432.jpg 768w, https:\/\/www.notebook.hu\/blog\/wp-content\/uploads\/2019\/05\/DellInspiron_03-1024x576.jpg 1024w\" sizes=\"auto, (max-width: 1920px) 100vw, 1920px\" \/><\/figure>\n\n\n\n<p><strong>Eszk\u00f6zt\u00e1r | Alakulunk<\/strong><\/p>\n\n\n\n<p>Miut\u00e1n kil\u00e1baltunk a gener\u00e1ci\u00f3s sokkb\u00f3l a notebook diz\u00e1jnj\u00e1t illet\u0151en, lassan nyugtassuk meg magunkat azokkal a r\u00e9szekkel \u00e9s tulajdons\u00e1gokkal, amiben igaz\u00e1n er\u0151s tud lenni az Inspiron 5482. El\u0151sz\u00f6r is a multim\u00e9di\u00e1s fronton hoz nek\u00fcnk egy stabil, j\u00f3 teljes\u00edtm\u00e9nyt, amit m\u00e9g ki is eg\u00e9sz\u00edt egy kicsit: a taktilis kijelz\u0151vel. Maga a k\u00e9perny\u0151 egy 14 inches, FullHD, azaz 1920 x 1080-as felbont\u00e1s\u00fa, f\u00e9nyes fel\u00fclet\u0171, IPS LED panel, ami teh\u00e1t \u00e9rint\u00e9ssel is vez\u00e9relhet\u0151. A notebook ak\u00e1r \u2013 egy el\u00e9g vastag &#8211; tabletk\u00e9nt is haszn\u00e1lhat\u00f3, l\u00e9v\u00e9n a 360 fokban nyithat\u00f3 zsan\u00e9rok ezt lehet\u0151v\u00e9 teszik. Ide\u00e1l-tipikus helyzetben teljesen j\u00f3l haszn\u00e1lhat\u00f3 a panel, korrekt sz\u00ednekkel \u00e9s f\u00e9nyer\u0151vel, de mivel f\u00e9nyes kijelz\u0151r\u0151l van sz\u00f3, ez\u00e9rt a komolyabb h\u00e1tt\u00e9rf\u00e9ny mellett m\u00e1r nehezebben olvashat\u00f3 a tartalom. A k\u00e9p mell\u00e9 nem \u00e1rt, ha van egy min\u0151s\u00e9gi hangrendszer is, nem igaz? A Dell Cinemasound technol\u00f3gi\u00e1j\u00e1val \u00e9s a WavesMaxx hangrendszerrel igaz\u00e1b\u00f3l el\u00e9rt egy nagyon tisztess\u00e9ges hangmin\u0151s\u00e9g\u0171, a k\u00fcl\u00f6nb\u00f6z\u0151 t\u00f3nusokat korrekt\u00fcl kezel\u0151 notebookot, ami a cs\u00f6p\u00f6g\u0151s m\u00e1jusi id\u0151kben ide\u00e1lis t\u00e1rs egy szob\u00e1ba val\u00f3 bez\u00e1rk\u00f3z\u00e1sra \u00e9s p\u00e1r film\/sorozat-epiz\u00f3d megtekint\u00e9s\u00e9re\/home office munkav\u00e9gz\u00e9sre. &nbsp;<\/p>\n\n\n\n<p class=\"has-background has-pale-cyan-blue-background-color\"><strong><em>\u00c9rdekelne vide\u00f3s teszt\u00fcnk is a\u00a0<\/em><a href=\"https:\/\/www.notebook.hu\/dell-inspiron-14-5482-2in1-257293-ezust\">DELL INSPIRON 14 5482<\/a><em>-r\u00f3l? Tess\u00e9k!<\/em><\/strong><\/p>\n\n\n\n<figure class=\"wp-block-embed-youtube wp-block-embed is-type-video is-provider-youtube wp-embed-aspect-16-9 wp-has-aspect-ratio\"><div class=\"wp-block-embed__wrapper\">\n<iframe loading=\"lazy\" title=\"Dell Inspiron 14 5482 Teszt | Ronda, de finom?\" width=\"618\" height=\"348\" src=\"https:\/\/www.youtube.com\/embed\/zcCXeF9FpfA?feature=oembed\" frameborder=\"0\" allow=\"accelerometer; autoplay; clipboard-write; encrypted-media; gyroscope; picture-in-picture; web-share\" referrerpolicy=\"strict-origin-when-cross-origin\" allowfullscreen><\/iframe>\n<\/div><\/figure>\n\n\n\n<p>A portol\u00e1s \u00e9s adatkommunik\u00e1ci\u00f3 tov\u00e1bbi r\u00e9szletez\u00e9s\u00e9n\u00e9l igaz\u00e1b\u00f3l a teljesen megszokott dolgokkal tal\u00e1lkozhatunk: a jobb oldalon egy SD-k\u00e1rtyaolvas\u00f3 \u00e9s egy USB 2.0-\u00e1s, a balon pedig egy USB 3.1 Type-C, k\u00e9t USB 3.1, az elengedhetetlen combo audio jack dugasz \u00e9s egy HDMI port kapott helyet. A Type-C-t \u00e9rdemes dics\u00e9rni, hiszen az \u201e\u00fajkori\u201d office \u00e9s multim\u00e9di\u00e1s notebookokn\u00e1l m\u00e1r b\u0151ven tekinthet\u0151 elv\u00e1r\u00e1snak a gyors adat\u00e1tvitel \u00e9rdek\u00e9ben ezt a portot is alkalmazni, a t\u00f6bbi pedig abszol\u00fat standard, hogy helyet kapott. Vezet\u00e9k n\u00e9lk\u00fcli fronton is igyekeznek adni a sebess\u00e9gre, \u00edgy a 802.11 ac szabv\u00e1nyos WiFi ad\u00f3-vev\u0151 mellett m\u00e9g egy Bluetooth 4.2-est is kaptunk a motorh\u00e1ztet\u0151 al\u00e1. Az adatkommunik\u00e1ci\u00f3 fontos a telekommunik\u00e1ci\u00f3ban is, aminek egyik legf\u0151bb eszk\u00f6ze a HD Webkamera a fels\u0151 k\u00e1v\u00e1n, illetve a t\u00f6mbmikrofon: korrekt, egyszer\u0171en csak hozza azt a hang \u00e9s k\u00e9pmin\u0151s\u00e9get, amennyit maga a Skype, vagy m\u00e1s videochat platformok megk\u00edv\u00e1nn\u00e1nak. <\/p>\n\n\n\n<figure class=\"wp-block-image\"><img loading=\"lazy\" decoding=\"async\" width=\"1920\" height=\"1080\" data-attachment-id=\"4588\" data-permalink=\"https:\/\/www.notebook.hu\/blog\/dell-inspiron-14-5482-teszt\/dellinspiron_01\/\" data-orig-file=\"https:\/\/www.notebook.hu\/blog\/wp-content\/uploads\/2019\/05\/DellInspiron_01.jpg\" data-orig-size=\"1920,1080\" data-comments-opened=\"0\" data-image-meta=\"{&quot;aperture&quot;:&quot;0&quot;,&quot;credit&quot;:&quot;&quot;,&quot;camera&quot;:&quot;&quot;,&quot;caption&quot;:&quot;&quot;,&quot;created_timestamp&quot;:&quot;0&quot;,&quot;copyright&quot;:&quot;&quot;,&quot;focal_length&quot;:&quot;0&quot;,&quot;iso&quot;:&quot;0&quot;,&quot;shutter_speed&quot;:&quot;0&quot;,&quot;title&quot;:&quot;&quot;,&quot;orientation&quot;:&quot;0&quot;}\" data-image-title=\"DellInspiron_01\" data-image-description=\"\" data-image-caption=\"\" data-medium-file=\"https:\/\/www.notebook.hu\/blog\/wp-content\/uploads\/2019\/05\/DellInspiron_01-300x169.jpg\" data-large-file=\"https:\/\/www.notebook.hu\/blog\/wp-content\/uploads\/2019\/05\/DellInspiron_01-1024x576.jpg\" src=\"https:\/\/i0.wp.com\/www.notebook.hu\/blog\/wp-content\/uploads\/2019\/05\/DellInspiron_01.jpg?fit=618%2C348&amp;ssl=1\" alt=\"\" class=\"wp-image-4588\" srcset=\"https:\/\/www.notebook.hu\/blog\/wp-content\/uploads\/2019\/05\/DellInspiron_01.jpg 1920w, https:\/\/www.notebook.hu\/blog\/wp-content\/uploads\/2019\/05\/DellInspiron_01-300x169.jpg 300w, https:\/\/www.notebook.hu\/blog\/wp-content\/uploads\/2019\/05\/DellInspiron_01-768x432.jpg 768w, https:\/\/www.notebook.hu\/blog\/wp-content\/uploads\/2019\/05\/DellInspiron_01-1024x576.jpg 1024w\" sizes=\"auto, (max-width: 1920px) 100vw, 1920px\" \/><\/figure>\n\n\n\n<p><strong>Teljes\u00edtm\u00e9ny | Rugalmas&nbsp;er\u0151<\/strong><\/p>\n\n\n\n<p>Azt teh\u00e1t tudjuk, hogy egy igencsak flexibilis munkag\u00e9pr\u0151l van sz\u00f3, na de milyen sz\u00edv pump\u00e1l a rugalmas testben. Teljes\u00edtm\u00e9nye t\u00f6k\u00e9letesen megfelel egy \u00e9l-k\u00f6z\u00e9pkateg\u00f3ri\u00e1s office notebooknak, amihez ha hozz\u00e1adjuk a tablet form\u00e1ba val\u00f3 \u00e1talak\u00edt\u00e1s lehet\u0151s\u00e9g\u00e9t, akkor egy k\u00fcl\u00f6n\u00f6sen kompakt \u201esportos\u201d vasat \u2013 \u201eer\u0151g\u00e9pet\u201d az\u00e9rt m\u00e9gsem mondan\u00e9k \u2013 kapunk. Az Intel Core i7-8565U egy Whiskey Lake processzor, amit 2018 harmadik negyed\u00e9v\u00e9ben dobott piacra az Intel. A 14 nm-es architekt\u00far\u00e1j\u00fa, 8 sz\u00e1lon 4 maggal dolgoz\u00f3 CPU alap \u00f3rajele 1.8 Ghz, m\u00edg a maximuma &#8211; a TurboBoostnak k\u00f6sz\u00f6nhet\u0151en &#8211; 4.0 Ghz \u00e9s egy 8 MB-os SmartCache dolgozik benne. Az U-jelz\u00e9s hamar el\u00e1rulja, hogy egy energiatakar\u00e9kos procir\u00f3l besz\u00e9l\u00fcnk, ami am\u00fagy t\u00e1mogatja az Intel szok\u00e1sos \u201eokoss\u00e1gait\u201d, mint a SpeedShift, a HyperThreading, vagy az Optane-t\u00e1mogat\u00e1s. Az integr\u00e1lt UHD Graphics 620-asa mell\u00e9 egy NVIDIA GeForce MX130-as GPU ker\u00fclt m\u00e9g a g\u00e9ph\u00e1zba, ami egy 2GB GDDR5-\u00f6s VRAM-al rendelkez\u0151 vide\u00f3 vez\u00e9rl\u0151. Ez a j\u00e1t\u00e9kokn\u00e1l nem hagy t\u00fal sok szabads\u00e1got a g\u00e9pnek, ink\u00e1bb l\u0151j\u00fck be az alacsony g\u00e9pig\u00e9ny\u0171, mondjuk MOBA \u00e9s sport-j\u00e1t\u00e9kokat, vagy a 2010-es \u00e9vek elej\u00e9r\u0151l sz\u00e1rmaz\u00f3 klasszikusokat, mint preferencia neki. Err\u0151l a szintetikus tesztjeink adnak igazol\u00e1st, hiszen a 3DMark CloudGate nev\u0171 tesztj\u00e9n a kor\u00e1bbi m\u00e9r\u00e9sek 29%-\u00e1t gy\u0151zte le 8527 ponttal az Inspiron \u2013 \u00e9s ez nem a legvadabb teszt a 3DMark palett\u00e1j\u00e1r\u00f3l. A Geekbench tesztjein 4278 \u00e9s 10359 pontot produk\u00e1lt a CPU, m\u00edg az OpenCL-en 28800-al v\u00e9gzett. H\u00e9tk\u00f6znapi munkav\u00e9gz\u00e9sre kiv\u00e1l\u00f3 a notebook, ebben szerintem nincs vita: a multitaskingot ig\u00e9nyl\u0151 feladatokn\u00e1l \u00e9s a multim\u00e9di\u00e1s fronton megk\u00edv\u00e1nt teljes\u00edtm\u00e9nyt sim\u00e1n produk\u00e1lni tudja (p\u00e9ld\u00e1ul egy vizsgaid\u0151szakban sim\u00e1n j\u00f3 partner lehet, az \u00e9rint\u0151 kijelz\u0151 pedig, a \u201ek\u00e9zi jegyzetel\u00e9s lehet\u0151s\u00e9g\u00e9vel\u201d k\u00fcl\u00f6n j\u00f3l j\u00f6het ilyenkor). A fenti produkci\u00f3 term\u00e9szetesen nem j\u00f6hetett volna l\u00e9tre a RAM, a t\u00e1rhely \u00e9s az akku r\u00e9szv\u00e9tele n\u00e9lk\u00fcl, \u00edgy essen r\u00f3luk is sz\u00f3: a n\u00e1lam vend\u00e9gszerepl\u0151 Inspiron 8GB DDR4-es 2400MHz-es RAM-al \u00e9rkezett meg, valamint egy 256 GB-os M.2 PCIe SSD-vel, amihez az energiaell\u00e1t\u00e1st egy 3 cell\u00e1s 42Whr-es akkumul\u00e1tor felel. Office notebookk\u00e9nt, kieg\u00e9sz\u00edtve az U-s processzorral, ez az \u00e1ramforr\u00e1s hossz\u00fa \u00fczemid\u0151t tud garant\u00e1lni, \u00edgy akkor sem fogunk benne csal\u00f3dni, ha egy el\u0151ad\u00e1s sor\u00e1n nem tudunk konnektor k\u00f6zel\u00e9be ker\u00fclni, vagy otthon \u00e9pp \u00e1ramsz\u00fcnet alatt kellene valamit tenn\u00fcnk-venn\u00fcnk a g\u00e9pen. <\/p>\n\n\n\n<figure class=\"wp-block-image\"><img loading=\"lazy\" decoding=\"async\" width=\"1920\" height=\"1080\" data-attachment-id=\"4589\" data-permalink=\"https:\/\/www.notebook.hu\/blog\/dell-inspiron-14-5482-teszt\/dellinspiron_04\/\" data-orig-file=\"https:\/\/www.notebook.hu\/blog\/wp-content\/uploads\/2019\/05\/DellInspiron_04.jpg\" data-orig-size=\"1920,1080\" data-comments-opened=\"0\" data-image-meta=\"{&quot;aperture&quot;:&quot;0&quot;,&quot;credit&quot;:&quot;&quot;,&quot;camera&quot;:&quot;&quot;,&quot;caption&quot;:&quot;&quot;,&quot;created_timestamp&quot;:&quot;0&quot;,&quot;copyright&quot;:&quot;&quot;,&quot;focal_length&quot;:&quot;0&quot;,&quot;iso&quot;:&quot;0&quot;,&quot;shutter_speed&quot;:&quot;0&quot;,&quot;title&quot;:&quot;&quot;,&quot;orientation&quot;:&quot;0&quot;}\" data-image-title=\"DellInspiron_04\" data-image-description=\"\" data-image-caption=\"\" data-medium-file=\"https:\/\/www.notebook.hu\/blog\/wp-content\/uploads\/2019\/05\/DellInspiron_04-300x169.jpg\" data-large-file=\"https:\/\/www.notebook.hu\/blog\/wp-content\/uploads\/2019\/05\/DellInspiron_04-1024x576.jpg\" src=\"https:\/\/i2.wp.com\/www.notebook.hu\/blog\/wp-content\/uploads\/2019\/05\/DellInspiron_04.jpg?fit=618%2C348&amp;ssl=1\" alt=\"\" class=\"wp-image-4589\" srcset=\"https:\/\/www.notebook.hu\/blog\/wp-content\/uploads\/2019\/05\/DellInspiron_04.jpg 1920w, https:\/\/www.notebook.hu\/blog\/wp-content\/uploads\/2019\/05\/DellInspiron_04-300x169.jpg 300w, https:\/\/www.notebook.hu\/blog\/wp-content\/uploads\/2019\/05\/DellInspiron_04-768x432.jpg 768w, https:\/\/www.notebook.hu\/blog\/wp-content\/uploads\/2019\/05\/DellInspiron_04-1024x576.jpg 1024w\" sizes=\"auto, (max-width: 1920px) 100vw, 1920px\" \/><\/figure>\n\n\n\n<p><strong>\u00d6sszefoglal\u00e1s<\/strong><\/p>\n\n\n\n<p>Amennyire nem t\u0171nt sz\u00e1momra\nmeggy\u0151z\u0151nek a k\u00fcls\u0151s\u00e9geket illet\u0151en, annyira kellemes meglepet\u00e9s teljes\u00edtm\u00e9ny\nfronton az Inspiron. Multim\u00e9di\u00e1s t\u00e9ren igaz\u00e1b\u00f3l csak a f\u00e9nyes kijelz\u0151je veti\nvissza, amit ellens\u00falyoz, hogy a panel taktilis, teh\u00e1t \u00e9rint\u0151-fel\u00fcletes. Egy\noffice-notebooknak kell\u0151k\u00e9pp energikus \u00e9s \u2013 megfigyel\u00e9sem szerint \u2013 egyre jobban\nn\u00f6vekszik az ig\u00e9ny az \u00e9rint\u0151kijelz\u0151k behozatal\u00e1ra ezen a fronton\u2026 ergo a\ntrendnek abszol\u00fat megfelel\u0151, \u00e1r\/\u00e9rt\u00e9k ar\u00e1nyban pedig korrekt v\u00e1laszt\u00e1s Dell\nInspiron 14 5482.<\/p>\n\n\n\n<p class=\"has-background has-pale-cyan-blue-background-color\"><em><strong>Amennyiben megtetszett, webshopunkban megtal\u00e1lhatod a&nbsp;<\/strong><\/em><strong><a href=\"https:\/\/www.notebook.hu\/dell-inspiron-14-5482-2in1-257293-ezust\">DELL INSPIRON 14 5482<\/a>&#8211;<\/strong><em><strong>est<\/strong><\/em><\/p>\n\n\n\n<figure class=\"wp-block-image\"><img loading=\"lazy\" decoding=\"async\" width=\"1920\" height=\"1080\" data-attachment-id=\"4591\" data-permalink=\"https:\/\/www.notebook.hu\/blog\/dell-inspiron-14-5482-teszt\/dellinspiron_02-copy\/\" data-orig-file=\"https:\/\/www.notebook.hu\/blog\/wp-content\/uploads\/2019\/05\/DellInspiron_02-copy.jpg\" data-orig-size=\"1920,1080\" data-comments-opened=\"0\" data-image-meta=\"{&quot;aperture&quot;:&quot;0&quot;,&quot;credit&quot;:&quot;&quot;,&quot;camera&quot;:&quot;&quot;,&quot;caption&quot;:&quot;&quot;,&quot;created_timestamp&quot;:&quot;0&quot;,&quot;copyright&quot;:&quot;&quot;,&quot;focal_length&quot;:&quot;0&quot;,&quot;iso&quot;:&quot;0&quot;,&quot;shutter_speed&quot;:&quot;0&quot;,&quot;title&quot;:&quot;&quot;,&quot;orientation&quot;:&quot;0&quot;}\" data-image-title=\"DellInspiron_02 copy\" data-image-description=\"\" data-image-caption=\"\" data-medium-file=\"https:\/\/www.notebook.hu\/blog\/wp-content\/uploads\/2019\/05\/DellInspiron_02-copy-300x169.jpg\" data-large-file=\"https:\/\/www.notebook.hu\/blog\/wp-content\/uploads\/2019\/05\/DellInspiron_02-copy-1024x576.jpg\" src=\"https:\/\/i1.wp.com\/www.notebook.hu\/blog\/wp-content\/uploads\/2019\/05\/DellInspiron_02-copy.jpg?fit=618%2C348&amp;ssl=1\" alt=\"\" class=\"wp-image-4591\" srcset=\"https:\/\/www.notebook.hu\/blog\/wp-content\/uploads\/2019\/05\/DellInspiron_02-copy.jpg 1920w, https:\/\/www.notebook.hu\/blog\/wp-content\/uploads\/2019\/05\/DellInspiron_02-copy-300x169.jpg 300w, https:\/\/www.notebook.hu\/blog\/wp-content\/uploads\/2019\/05\/DellInspiron_02-copy-768x432.jpg 768w, https:\/\/www.notebook.hu\/blog\/wp-content\/uploads\/2019\/05\/DellInspiron_02-copy-1024x576.jpg 1024w\" sizes=\"auto, (max-width: 1920px) 100vw, 1920px\" \/><\/figure>\n\n\n\n<p><br><\/p>\n","protected":false},"excerpt":{"rendered":"<p>Akinek a c\u00edm alapj\u00e1n Chokito \u00edz vette \u00e1t az uralmat az \u00edzlel\u0151bimb\u00f3i felett, annak \u00f3ri\u00e1si pacsi. Megboldogult gyerekkoromb\u00f3l b\u00e1r csak halov\u00e1ny eml\u00e9k a rusny\u00e1cska finoms\u00e1g, m\u00e9gis a Dell Inspiron 5482-es\u00e9r\u0151l ez ugrott be: hogy lehet valami ennyire finom, amit ennyire ki akar vetni mag\u00e1b\u00f3l a retin\u00e1m\u2026 j\u00f6jj\u00f6n a bemutat\u00f3. K\u00fcls\u0151 | H\u00e1t\u2026 Sz\u00f3val, aki a &hellip;<\/p>\n","protected":false},"author":1,"featured_media":4570,"comment_status":"closed","ping_status":"open","sticky":false,"template":"","format":"standard","meta":{"_jetpack_memberships_contains_paid_content":false,"footnotes":""},"categories":[43],"tags":[789,791,790],"class_list":["post-4501","post","type-post","status-publish","format-standard","has-post-thumbnail","","category-tesztek","tag-dell-inspiron-14-5482","tag-dell-inspiron-14-5482-bemutato","tag-dell-inspiron-14-5482-teszt"],"jetpack_featured_media_url":"https:\/\/www.notebook.hu\/blog\/wp-content\/uploads\/2019\/05\/dellinspiron_blog.png","jetpack_shortlink":"https:\/\/wp.me\/p9xSLL-1aB","jetpack_sharing_enabled":true,"_links":{"self":[{"href":"https:\/\/www.notebook.hu\/blog\/wp-json\/wp\/v2\/posts\/4501","targetHints":{"allow":["GET"]}}],"collection":[{"href":"https:\/\/www.notebook.hu\/blog\/wp-json\/wp\/v2\/posts"}],"about":[{"href":"https:\/\/www.notebook.hu\/blog\/wp-json\/wp\/v2\/types\/post"}],"author":[{"embeddable":true,"href":"https:\/\/www.notebook.hu\/blog\/wp-json\/wp\/v2\/users\/1"}],"replies":[{"embeddable":true,"href":"https:\/\/www.notebook.hu\/blog\/wp-json\/wp\/v2\/comments?post=4501"}],"version-history":[{"count":19,"href":"https:\/\/www.notebook.hu\/blog\/wp-json\/wp\/v2\/posts\/4501\/revisions"}],"predecessor-version":[{"id":4610,"href":"https:\/\/www.notebook.hu\/blog\/wp-json\/wp\/v2\/posts\/4501\/revisions\/4610"}],"wp:featuredmedia":[{"embeddable":true,"href":"https:\/\/www.notebook.hu\/blog\/wp-json\/wp\/v2\/media\/4570"}],"wp:attachment":[{"href":"https:\/\/www.notebook.hu\/blog\/wp-json\/wp\/v2\/media?parent=4501"}],"wp:term":[{"taxonomy":"category","embeddable":true,"href":"https:\/\/www.notebook.hu\/blog\/wp-json\/wp\/v2\/categories?post=4501"},{"taxonomy":"post_tag","embeddable":true,"href":"https:\/\/www.notebook.hu\/blog\/wp-json\/wp\/v2\/tags?post=4501"}],"curies":[{"name":"wp","href":"https:\/\/api.w.org\/{rel}","templated":true}]}}