{"id":4449,"date":"2019-05-01T09:00:08","date_gmt":"2019-05-01T07:00:08","guid":{"rendered":"https:\/\/www.notebook.hu\/blog\/?p=4449"},"modified":"2019-04-30T14:22:16","modified_gmt":"2019-04-30T12:22:16","slug":"gyengul-a-3d-te-hogy-mozizol","status":"publish","type":"post","link":"https:\/\/www.notebook.hu\/blog\/gyengul-a-3d-te-hogy-mozizol\/","title":{"rendered":"Gyeng\u00fcl a 3D? | Te hogy mozizol?"},"content":{"rendered":"\n<figure class=\"wp-block-image\"><img loading=\"lazy\" decoding=\"async\" width=\"1254\" height=\"837\" data-attachment-id=\"4450\" data-permalink=\"https:\/\/www.notebook.hu\/blog\/gyengul-a-3d-te-hogy-mozizol\/istock-506221782_0317_adult3dmovie\/\" data-orig-file=\"https:\/\/www.notebook.hu\/blog\/wp-content\/uploads\/2019\/04\/iStock-506221782_0317_ADULT3dmovie.jpg\" data-orig-size=\"1254,837\" data-comments-opened=\"0\" data-image-meta=\"{&quot;aperture&quot;:&quot;0&quot;,&quot;credit&quot;:&quot;&quot;,&quot;camera&quot;:&quot;&quot;,&quot;caption&quot;:&quot;&quot;,&quot;created_timestamp&quot;:&quot;0&quot;,&quot;copyright&quot;:&quot;&quot;,&quot;focal_length&quot;:&quot;0&quot;,&quot;iso&quot;:&quot;0&quot;,&quot;shutter_speed&quot;:&quot;0&quot;,&quot;title&quot;:&quot;&quot;,&quot;orientation&quot;:&quot;0&quot;}\" data-image-title=\"iStock-506221782_0317_ADULT3dmovie\" data-image-description=\"\" data-image-caption=\"\" data-medium-file=\"https:\/\/www.notebook.hu\/blog\/wp-content\/uploads\/2019\/04\/iStock-506221782_0317_ADULT3dmovie-300x200.jpg\" data-large-file=\"https:\/\/www.notebook.hu\/blog\/wp-content\/uploads\/2019\/04\/iStock-506221782_0317_ADULT3dmovie-1024x683.jpg\" src=\"https:\/\/i0.wp.com\/www.notebook.hu\/blog\/wp-content\/uploads\/2019\/04\/iStock-506221782_0317_ADULT3dmovie.jpg?fit=618%2C412&amp;ssl=1\" alt=\"\" class=\"wp-image-4450\" srcset=\"https:\/\/www.notebook.hu\/blog\/wp-content\/uploads\/2019\/04\/iStock-506221782_0317_ADULT3dmovie.jpg 1254w, https:\/\/www.notebook.hu\/blog\/wp-content\/uploads\/2019\/04\/iStock-506221782_0317_ADULT3dmovie-300x200.jpg 300w, https:\/\/www.notebook.hu\/blog\/wp-content\/uploads\/2019\/04\/iStock-506221782_0317_ADULT3dmovie-768x513.jpg 768w, https:\/\/www.notebook.hu\/blog\/wp-content\/uploads\/2019\/04\/iStock-506221782_0317_ADULT3dmovie-1024x683.jpg 1024w\" sizes=\"auto, (max-width: 1254px) 100vw, 1254px\" \/><\/figure>\n\n\n\n<p><strong>\u0150szinte leszek, sosem \u00e9reztem felt\u00e9tlen\u00fcl fontosnak a 3D-t a mozifilmek k\u00f6zben. B\u00e1r voltak olyan jelenetek, amiket k\u00fcl\u00f6nlegesebb\u00e9 tett egy kicsit, sokszor egy-egy \u00fajran\u00e9z\u00e9sn\u00e9l r\u00e1j\u00f6ttem, hogy 2D-ben is legal\u00e1bb annyira \u00fct\u0151s volt az adott snitt. Nos, egy felm\u00e9r\u00e9s alapj\u00e1n \u00fagy t\u0171nik, egyre t\u00f6bb ember gondolkodik hasonl\u00f3an\u2026<\/strong><\/p>\n\n\n\n<p>Az Amerikai Mozg\u00f3k\u00e9p Sz\u00f6vets\u00e9g (MPAA) \u00e1ltal k\u00f6zz\u00e9tett elemz\u00e9se szerint kider\u00fcl, hogy egy \u00e9v alatt 20 sz\u00e1zal\u00e9kkal cs\u00f6kkentek a bev\u00e9telek, 6,7 milli\u00e1rd doll\u00e1rra, ilyen alacsony sz\u00e1mot pedig 8 \u00e9ve nem l\u00e1tott az ipar\u00e1g. A \u201ev\u00e9szj\u00f3sl\u00f3\u201d eredm\u00e9ny az\u00e9rt is f\u00e1jhat a t\u00e9rhat\u00e1s\u00fa filmekre eddig igen magabiztosan \u00e9p\u00edtkez\u0151 filmiparra, hiszen a legnagyobb n\u00e9zetts\u00e9gcs\u00f6kken\u00e9s a piac egyik legfontosabb r\u00e9sz\u00e9n az \u00e9szak-amerikai r\u00e9gi\u00f3ban tapasztalhatt\u00e1k (34%). <\/p>\n\n\n\n<figure class=\"wp-block-image\"><img loading=\"lazy\" decoding=\"async\" width=\"1536\" height=\"1023\" data-attachment-id=\"4451\" data-permalink=\"https:\/\/www.notebook.hu\/blog\/gyengul-a-3d-te-hogy-mozizol\/o-3d-cinema-facebook\/\" data-orig-file=\"https:\/\/www.notebook.hu\/blog\/wp-content\/uploads\/2019\/04\/o-3D-CINEMA-facebook.jpg\" data-orig-size=\"1536,1023\" data-comments-opened=\"0\" data-image-meta=\"{&quot;aperture&quot;:&quot;0&quot;,&quot;credit&quot;:&quot;Getty Images&quot;,&quot;camera&quot;:&quot;&quot;,&quot;caption&quot;:&quot;Audience Watching  Movie with 3-d glasses.&quot;,&quot;created_timestamp&quot;:&quot;0&quot;,&quot;copyright&quot;:&quot;(c) poba&quot;,&quot;focal_length&quot;:&quot;0&quot;,&quot;iso&quot;:&quot;0&quot;,&quot;shutter_speed&quot;:&quot;0&quot;,&quot;title&quot;:&quot;161818478&quot;,&quot;orientation&quot;:&quot;0&quot;}\" data-image-title=\"o-3D-CINEMA-facebook\" data-image-description=\"\" data-image-caption=\"&lt;p&gt;Audience Watching  Movie with 3-d glasses.&lt;\/p&gt;\n\" data-medium-file=\"https:\/\/www.notebook.hu\/blog\/wp-content\/uploads\/2019\/04\/o-3D-CINEMA-facebook-300x200.jpg\" data-large-file=\"https:\/\/www.notebook.hu\/blog\/wp-content\/uploads\/2019\/04\/o-3D-CINEMA-facebook-1024x682.jpg\" src=\"https:\/\/i1.wp.com\/www.notebook.hu\/blog\/wp-content\/uploads\/2019\/04\/o-3D-CINEMA-facebook.jpg?fit=618%2C412&amp;ssl=1\" alt=\"\" class=\"wp-image-4451\" srcset=\"https:\/\/www.notebook.hu\/blog\/wp-content\/uploads\/2019\/04\/o-3D-CINEMA-facebook.jpg 1536w, https:\/\/www.notebook.hu\/blog\/wp-content\/uploads\/2019\/04\/o-3D-CINEMA-facebook-300x200.jpg 300w, https:\/\/www.notebook.hu\/blog\/wp-content\/uploads\/2019\/04\/o-3D-CINEMA-facebook-768x512.jpg 768w, https:\/\/www.notebook.hu\/blog\/wp-content\/uploads\/2019\/04\/o-3D-CINEMA-facebook-1024x682.jpg 1024w, https:\/\/www.notebook.hu\/blog\/wp-content\/uploads\/2019\/04\/o-3D-CINEMA-facebook-310x205.jpg 310w\" sizes=\"auto, (max-width: 1536px) 100vw, 1536px\" \/><figcaption>Audience Watching  Movie with 3-d glasses.<\/figcaption><\/figure>\n\n\n\n<p>Mi lehet a visszaes\u00e9s oka? Az MPAA a\nn\u00e9z\u0151i ig\u00e9nyekr\u0151l hamar elterelte a k\u00e9plet megold\u00e1s\u00e1t a 3D tv-k buk\u00e1sa fel\u00e9. B\u00e1r\nels\u0151re izgalmas megold\u00e1snak t\u0171nt az otthoni 3D-s filmez\u00e9s, lassan kider\u00fcl, hogy\naz emberis\u00e9gnek nem is volt akkora ig\u00e9nye erre a k\u00e9pess\u00e9ge, mint azt a kiad\u00f3k\ngondolt\u00e1k volna. \u00cdgy viszont, hogy a filmeket nem \u00e9rdemes a lemezes kiad\u00e1sokon\nis 3D-form\u00e1tumban megjelentetni, m\u00e1r a mozis v\u00e1ltozatn\u00e1l sem er\u0151lk\u00f6dnek ennek\nelk\u00e9sz\u00edt\u00e9s\u00e9vel. A magyar\u00e1zat teh\u00e1t egy kicsit fur\u00e1nak hat, hiszen az otthoni 3D\nbuk\u00e1sa nem biztos, hogy el\u0151jel a mozis 3D hal\u00e1l\u00e1ra, csak arra hogy egy adott\nfronton bukott a megold\u00e1s. &nbsp;&nbsp;<\/p>\n\n\n\n<p>A n\u00e9z\u0151k \u00e9rdekl\u0151d\u00e9s\u00e9nek cs\u00f6kken\u00e9s\u00e9t Paul\nDergarabedian m\u00e9diaelemz\u0151 m\u00e1r 2017-ben is elemezte, a probl\u00e9ma okoz\u00f3i pedig a\nv\u00e9lem\u00e9nye szerint maguk a filmgy\u00e1rt\u00f3k voltak: &#8222;A filmipar meg\u00f6r\u00fclt annak,\nhogy a 3D-vel kicsit fel lehet torn\u00e1zni a bev\u00e9teleket. Ez\u00e9rt ezt a lehet\u0151s\u00e9get\nmegragadv\u00e1n k\u00e9sz\u00fclt egy rak\u00e1s film, amit eredetileg nem 3D-ben szerettek volna\nforgatni (vagy ut\u00f3lag felkonvert\u00e1lt\u00e1k), \u00e9s szerintem a k\u00f6z\u00f6ns\u00e9g r\u00f6gt\u00f6n\n\u00e9szrevette a k\u00fcl\u00f6nbs\u00e9get. A st\u00fadi\u00f3k al\u00e1bb adtak a min\u0151s\u00e9gb\u0151l, \u00e9s ez, no meg\npersze a magasabb jegy\u00e1rak haza is v\u00e1gt\u00e1k a dolgot.&#8221;<\/p>\n\n\n\n<p>Adott teh\u00e1t egy filmszakmai \u00e9s egy gazdas\u00e1gi probl\u00e9ma\u2026 de besz\u00e9lj\u00fcnk most a n\u00e9z\u0151r\u0151l. Itt j\u00f6het a ti v\u00e9lem\u00e9nyetek is: szeretitek-e a 3D filmeket? A szem\u00fcveges n\u00e9z\u0151k meg vannak l\u0151ve, ha a 3D-s vet\u00edt\u00e9sekhez fel kell valahogy applik\u00e1lniuk a dioptri\u00e1s\/cilinderes szem\u00fcvegre m\u00e9g ezt a seg\u00e9deszk\u00f6zt is (nem k\u00f6nnyen megoldhat\u00f3, n\u00e9ha teljesen kivitelezhetetlen), ergo \u0151ket m\u00e1r bukjuk is ezekn\u00e9l a filmekn\u00e9l. A 3D-s moziz\u00e1s korai szakasz\u00e1n\u00e1l t\u00f6bben is jelezt\u00e9k, hogy f\u00e1jni kezd a fej\u00fck mivel az agyuk nem k\u00e9pes megfelel\u0151en reag\u00e1lni a 3D hat\u00e1sokra. Ezek mell\u00e9 m\u00e9g hozz\u00e1j\u00f6n az a kritika, amit \u00e9n is megfogalmaztam: nekem nem ad hozz\u00e1 a filmhez. Na, de mi a helyzet veletek? \u00c9rdemes szerintetek az olyan l\u00e1tv\u00e1nyfilmekn\u00e9l, mint kor\u00e1bban az Avatar, vagy a magyar mozik jegyrendszereit t\u00e9rdre k\u00e9nyszer\u00edt\u0151 blockbusterek, mint a Bossz\u00fa\u00e1ll\u00f3k: V\u00e9gj\u00e1t\u00e9k a 3D haszn\u00e1lata? <\/p>\n\n\n\n<figure class=\"wp-block-image\"><img loading=\"lazy\" decoding=\"async\" width=\"1920\" height=\"1080\" data-attachment-id=\"4452\" data-permalink=\"https:\/\/www.notebook.hu\/blog\/gyengul-a-3d-te-hogy-mozizol\/attachment\/672\/\" data-orig-file=\"https:\/\/www.notebook.hu\/blog\/wp-content\/uploads\/2019\/04\/672.jpg\" data-orig-size=\"1920,1080\" data-comments-opened=\"0\" data-image-meta=\"{&quot;aperture&quot;:&quot;0&quot;,&quot;credit&quot;:&quot;&quot;,&quot;camera&quot;:&quot;&quot;,&quot;caption&quot;:&quot;&quot;,&quot;created_timestamp&quot;:&quot;0&quot;,&quot;copyright&quot;:&quot;&quot;,&quot;focal_length&quot;:&quot;0&quot;,&quot;iso&quot;:&quot;0&quot;,&quot;shutter_speed&quot;:&quot;0&quot;,&quot;title&quot;:&quot;&quot;,&quot;orientation&quot;:&quot;0&quot;}\" data-image-title=\"672\" data-image-description=\"\" data-image-caption=\"\" data-medium-file=\"https:\/\/www.notebook.hu\/blog\/wp-content\/uploads\/2019\/04\/672-300x169.jpg\" data-large-file=\"https:\/\/www.notebook.hu\/blog\/wp-content\/uploads\/2019\/04\/672-1024x576.jpg\" src=\"https:\/\/i2.wp.com\/www.notebook.hu\/blog\/wp-content\/uploads\/2019\/04\/672.jpg?fit=618%2C348&amp;ssl=1\" alt=\"\" class=\"wp-image-4452\" srcset=\"https:\/\/www.notebook.hu\/blog\/wp-content\/uploads\/2019\/04\/672.jpg 1920w, https:\/\/www.notebook.hu\/blog\/wp-content\/uploads\/2019\/04\/672-300x169.jpg 300w, https:\/\/www.notebook.hu\/blog\/wp-content\/uploads\/2019\/04\/672-768x432.jpg 768w, https:\/\/www.notebook.hu\/blog\/wp-content\/uploads\/2019\/04\/672-1024x576.jpg 1024w\" sizes=\"auto, (max-width: 1920px) 100vw, 1920px\" \/><\/figure>\n","protected":false},"excerpt":{"rendered":"<p>\u0150szinte leszek, sosem \u00e9reztem felt\u00e9tlen\u00fcl fontosnak a 3D-t a mozifilmek k\u00f6zben. B\u00e1r voltak olyan jelenetek, amiket k\u00fcl\u00f6nlegesebb\u00e9 tett egy kicsit, sokszor egy-egy \u00fajran\u00e9z\u00e9sn\u00e9l r\u00e1j\u00f6ttem, hogy 2D-ben is legal\u00e1bb annyira \u00fct\u0151s volt az adott snitt. Nos, egy felm\u00e9r\u00e9s alapj\u00e1n \u00fagy t\u0171nik, egyre t\u00f6bb ember gondolkodik hasonl\u00f3an\u2026 Az Amerikai Mozg\u00f3k\u00e9p Sz\u00f6vets\u00e9g (MPAA) \u00e1ltal k\u00f6zz\u00e9tett elemz\u00e9se szerint kider\u00fcl, &hellip;<\/p>\n","protected":false},"author":1,"featured_media":4452,"comment_status":"closed","ping_status":"open","sticky":false,"template":"","format":"standard","meta":{"_jetpack_memberships_contains_paid_content":false,"footnotes":""},"categories":[41],"tags":[757,759,758,760],"class_list":["post-4449","post","type-post","status-publish","format-standard","has-post-thumbnail","","category-hirek","tag-3d","tag-3d-filmek","tag-filmek","tag-mozi"],"jetpack_featured_media_url":"https:\/\/www.notebook.hu\/blog\/wp-content\/uploads\/2019\/04\/672.jpg","jetpack_shortlink":"https:\/\/wp.me\/p9xSLL-19L","jetpack_sharing_enabled":true,"_links":{"self":[{"href":"https:\/\/www.notebook.hu\/blog\/wp-json\/wp\/v2\/posts\/4449","targetHints":{"allow":["GET"]}}],"collection":[{"href":"https:\/\/www.notebook.hu\/blog\/wp-json\/wp\/v2\/posts"}],"about":[{"href":"https:\/\/www.notebook.hu\/blog\/wp-json\/wp\/v2\/types\/post"}],"author":[{"embeddable":true,"href":"https:\/\/www.notebook.hu\/blog\/wp-json\/wp\/v2\/users\/1"}],"replies":[{"embeddable":true,"href":"https:\/\/www.notebook.hu\/blog\/wp-json\/wp\/v2\/comments?post=4449"}],"version-history":[{"count":1,"href":"https:\/\/www.notebook.hu\/blog\/wp-json\/wp\/v2\/posts\/4449\/revisions"}],"predecessor-version":[{"id":4453,"href":"https:\/\/www.notebook.hu\/blog\/wp-json\/wp\/v2\/posts\/4449\/revisions\/4453"}],"wp:featuredmedia":[{"embeddable":true,"href":"https:\/\/www.notebook.hu\/blog\/wp-json\/wp\/v2\/media\/4452"}],"wp:attachment":[{"href":"https:\/\/www.notebook.hu\/blog\/wp-json\/wp\/v2\/media?parent=4449"}],"wp:term":[{"taxonomy":"category","embeddable":true,"href":"https:\/\/www.notebook.hu\/blog\/wp-json\/wp\/v2\/categories?post=4449"},{"taxonomy":"post_tag","embeddable":true,"href":"https:\/\/www.notebook.hu\/blog\/wp-json\/wp\/v2\/tags?post=4449"}],"curies":[{"name":"wp","href":"https:\/\/api.w.org\/{rel}","templated":true}]}}