{"id":4414,"date":"2019-04-26T13:21:33","date_gmt":"2019-04-26T11:21:33","guid":{"rendered":"https:\/\/www.notebook.hu\/blog\/?p=4414"},"modified":"2019-04-26T13:21:38","modified_gmt":"2019-04-26T11:21:38","slug":"huawei-p30-lite-teszt","status":"publish","type":"post","link":"https:\/\/www.notebook.hu\/blog\/huawei-p30-lite-teszt\/","title":{"rendered":"Huawei P30 Lite Teszt | Minek is nevezzelek?"},"content":{"rendered":"\n<figure class=\"wp-block-image is-resized\"><img loading=\"lazy\" decoding=\"async\" data-attachment-id=\"4431\" data-permalink=\"https:\/\/www.notebook.hu\/blog\/huawei-p30-lite-teszt\/huaweip30lite_blog_notebookhu\/\" data-orig-file=\"https:\/\/www.notebook.hu\/blog\/wp-content\/uploads\/2019\/04\/huaweip30lite_blog_notebookhu.png\" data-orig-size=\"1200,628\" data-comments-opened=\"0\" data-image-meta=\"{&quot;aperture&quot;:&quot;0&quot;,&quot;credit&quot;:&quot;&quot;,&quot;camera&quot;:&quot;&quot;,&quot;caption&quot;:&quot;&quot;,&quot;created_timestamp&quot;:&quot;0&quot;,&quot;copyright&quot;:&quot;&quot;,&quot;focal_length&quot;:&quot;0&quot;,&quot;iso&quot;:&quot;0&quot;,&quot;shutter_speed&quot;:&quot;0&quot;,&quot;title&quot;:&quot;&quot;,&quot;orientation&quot;:&quot;0&quot;}\" data-image-title=\"huaweip30lite_blog_notebookhu\" data-image-description=\"\" data-image-caption=\"\" data-medium-file=\"https:\/\/www.notebook.hu\/blog\/wp-content\/uploads\/2019\/04\/huaweip30lite_blog_notebookhu-300x157.png\" data-large-file=\"https:\/\/www.notebook.hu\/blog\/wp-content\/uploads\/2019\/04\/huaweip30lite_blog_notebookhu-1024x536.png\" src=\"https:\/\/www.notebook.hu\/blog\/wp-content\/uploads\/2019\/04\/huaweip30lite_blog_notebookhu-1024x536.png\" alt=\"\" class=\"wp-image-4431\" width=\"512\" height=\"268\" srcset=\"https:\/\/www.notebook.hu\/blog\/wp-content\/uploads\/2019\/04\/huaweip30lite_blog_notebookhu-1024x536.png 1024w, https:\/\/www.notebook.hu\/blog\/wp-content\/uploads\/2019\/04\/huaweip30lite_blog_notebookhu-300x157.png 300w, https:\/\/www.notebook.hu\/blog\/wp-content\/uploads\/2019\/04\/huaweip30lite_blog_notebookhu-768x402.png 768w, https:\/\/www.notebook.hu\/blog\/wp-content\/uploads\/2019\/04\/huaweip30lite_blog_notebookhu.png 1200w\" sizes=\"auto, (max-width: 512px) 100vw, 512px\" \/><\/figure>\n\n\n\n<p><strong>A Huawei a P-sz\u00e9ri\u00e1n bel\u00fcl \u00e9vek \u00f3ta igyekszik t\u00f6bb c\u00e9lk\u00f6z\u00f6ns\u00e9get is megc\u00e9lozni. Am\u00edg az alap modell \u00e9s a Pro azokat c\u00e9lozza, akik hajland\u00f3ak m\u00e9lyebben a zseb\u00fckbe ny\u00falni \u00e9s cser\u00e9be t\u00e9nyleg egy flagship-\u00e9lm\u00e9nyt kapni, a Lite gondol azokra is, akiknek korl\u00e1tozottak a lehet\u0151s\u00e9gei, de a Huawei P-min\u0151s\u00e9gre v\u00e1gynak. Nos, term\u00e9szetesen 2019 sem m\u00falhat el an\u00e9lk\u00fcl, hogy a Huawei P30-hoz ne \u00e9rkezne egy Lite v\u00e1ltozat\u2026 l\u00e1ssuk is milyen lett. <\/strong><\/p>\n\n\n\n<p><strong>K\u00fcls\u0151 \u00e9s eszk\u00f6zt\u00e1r: \u201eTiszt\u00e1ra, mint a tes\u00f3d!\u201d<\/strong><\/p>\n\n\n\n<p>Ha van egy pont, amiben a Lite-verzi\u00f3 sim\u00e1n hozni szokta a f\u0151 csap\u00e1svonal min\u0151s\u00e9g\u00e9t, az pont a k\u00fcls\u0151 \u00e9s az alap eszk\u00f6zt\u00e1r kialak\u00edt\u00e1sa, \u00edgy erre itt sem lehet majd panasz. A h\u00e1tlapr\u00f3l kiemelked\u0151 kamera-sziget eleg\u00e1ns, de kiemelkedik annyira, hogy el\u00e9g billeg\u0151s legyen a telefon, ha \u00e9pp tok n\u00e9lk\u00fcl tessz\u00fck az asztalra az eszk\u00f6zt. N\u00e1lam a feh\u00e9r v\u00e1ltozat volt, ami a f\u00e9mes dekor-elemekkel kellemes komb\u00f3t alkot. El\u0151l \u00fcveg, h\u00e1tul \u00fcveg hat\u00e1s\u00fa m\u0171anyag bor\u00edt\u00e1s, amit az oldalakn\u00e1l eleg\u00e1nsan lekerek\u00edtett f\u00e9m keret vesz k\u00f6rbe. A P30 Lite \u00f6sszesen 159 grammot nyom, dimenzi\u00f3it tekintve pedig egy 152.9 x 72.7 x 7.4 mm-es, eg\u00e9szen v\u00e9kony phabletr\u0151l besz\u00e9lhet\u00fcnk, korrekt m\u00e9rettel ak\u00e1r a kisebb kez\u0171ek sz\u00e1m\u00e1ra is. Az el\u0151lapon cs\u00f6kkent az als\u00f3 k\u00e1va m\u00e9rete, \u00edgy a kijelz\u0151 nagyj\u00e1b\u00f3l 84%-\u00e1t fedi az el\u0151lapnak, fel\u00fcl pedig a v\u00edzcsepp alak\u00fa notch \u00e9pphogy elfoglal egy el\u0151lapi kamer\u00e1hoz sz\u00fcks\u00e9ges helyet. Maga a kijelz\u0151 egy 6.15 inches, FHD+ (2312 x 1080) felbont\u00e1s\u00fa matt Multi-Touch IPS LCD panel. A f\u00e9nyer\u0151 korrekt, er\u0151sebb naps\u00fct\u00e9sben is j\u00f3l l\u00e1that\u00f3, ahogy a betekint\u00e9si sz\u00f6gekkel is, valamint a mutatott k\u00e9p kontrasztoss\u00e1g\u00e1val \u00e9s sz\u00edneivel is el\u00e9gedett voltam. Nem egy OLED, vagy AMOLED, de amit ennyi pixelen, ilyen panelen el\u0151 lehet hozni, azt el\u0151 is hozta a k\u00ednai gy\u00e1rt\u00f3. A szemek v\u00e9delm\u00e9re is odafigyeltek, ha m\u00e1r annyi id\u0151t t\u00f6lt\u00fcnk a kijelz\u0151k el\u0151tt, ugyanis a T\u00dcV Rheinland szemv\u00e9delmi tan\u00fas\u00edtv\u00e1nnyal \u00e9rkezik hozz\u00e1nk a telefon &#8211; \u0151k figyelnek p\u00e9ld\u00e1ul a Quick Charge rendszer biztons\u00e1goss\u00e1g\u00e1\u00e9rt is, \u00edgy amihez \u0151k hozz\u00e1adj\u00e1k a nev\u00fcket, az val\u00f3sz\u00edn\u0171leg nem pr\u00f3b\u00e1lja meg majd t\u00f6nkretenni az \u00e9let\u00fcnket\u2026 vagy legal\u00e1bb a telefonunknak\/szem\u00fcnket. V\u00edz\u00e1ll\u00f3s\u00e1gi tan\u00fas\u00edtv\u00e1nyt viszont nem kapott a P30 Lite, \u00edgy \u00e9rdemes a foly\u00e9kony halmaz\u00e1llapot\u00fa k\u00f6zegeket ker\u00fclni, ha nem szeretn\u00e9nk a telefonnak maradand\u00f3 s\u00e9r\u00fcl\u00e9seket okozni. <\/p>\n\n\n\n<figure class=\"wp-block-image\"><img loading=\"lazy\" decoding=\"async\" width=\"1920\" height=\"1080\" data-attachment-id=\"4434\" data-permalink=\"https:\/\/www.notebook.hu\/blog\/huawei-p30-lite-teszt\/huaweip30lite_01\/\" data-orig-file=\"https:\/\/www.notebook.hu\/blog\/wp-content\/uploads\/2019\/04\/HuaweiP30lite_01.jpg\" data-orig-size=\"1920,1080\" data-comments-opened=\"0\" data-image-meta=\"{&quot;aperture&quot;:&quot;0&quot;,&quot;credit&quot;:&quot;&quot;,&quot;camera&quot;:&quot;&quot;,&quot;caption&quot;:&quot;&quot;,&quot;created_timestamp&quot;:&quot;0&quot;,&quot;copyright&quot;:&quot;&quot;,&quot;focal_length&quot;:&quot;0&quot;,&quot;iso&quot;:&quot;0&quot;,&quot;shutter_speed&quot;:&quot;0&quot;,&quot;title&quot;:&quot;&quot;,&quot;orientation&quot;:&quot;0&quot;}\" data-image-title=\"HuaweiP30lite_01\" data-image-description=\"\" data-image-caption=\"\" data-medium-file=\"https:\/\/www.notebook.hu\/blog\/wp-content\/uploads\/2019\/04\/HuaweiP30lite_01-300x169.jpg\" data-large-file=\"https:\/\/www.notebook.hu\/blog\/wp-content\/uploads\/2019\/04\/HuaweiP30lite_01-1024x576.jpg\" src=\"https:\/\/i1.wp.com\/www.notebook.hu\/blog\/wp-content\/uploads\/2019\/04\/HuaweiP30lite_01.jpg?fit=618%2C348&amp;ssl=1\" alt=\"\" class=\"wp-image-4434\" srcset=\"https:\/\/www.notebook.hu\/blog\/wp-content\/uploads\/2019\/04\/HuaweiP30lite_01.jpg 1920w, https:\/\/www.notebook.hu\/blog\/wp-content\/uploads\/2019\/04\/HuaweiP30lite_01-300x169.jpg 300w, https:\/\/www.notebook.hu\/blog\/wp-content\/uploads\/2019\/04\/HuaweiP30lite_01-768x432.jpg 768w, https:\/\/www.notebook.hu\/blog\/wp-content\/uploads\/2019\/04\/HuaweiP30lite_01-1024x576.jpg 1024w\" sizes=\"auto, (max-width: 1920px) 100vw, 1920px\" \/><\/figure>\n\n\n\n<p>Eszk\u00f6zt\u00e1rat tekintve alulra ker\u00fclt a mikrofon, a hangsz\u00f3r\u00f3, valamint a 3,5-es jack csatlakoz\u00f3, na meg az USB Type-C csatlakoz\u00f3 is. A jack eset\u00e9n m\u00e9g arra is gondoltak a Huawei-n\u00e9l, hogy ha nincs f\u00fcles\u00fcnk, akkor a dobozba mell\u00e9keljenek egyet\u2026 nos \u00fagy fest ebben az \u00e1rkateg\u00f3ri\u00e1ban m\u00e9g nem annyira ragaszkodnak a Bluetooth-os f\u00fclhallgat\u00f3khoz. Fent a zajsz\u0171r\u0151s mikrofon, illetve a hibrid DualSIM-t\u00e1lca, aminek seg\u00edts\u00e9g\u00e9vel ak\u00e1r 512 GB-ig tudjuk b\u0151v\u00edteni a P30 Lite t\u00e1rol\u00f3 kapacit\u00e1s\u00e1t. Adatkommunik\u00e1ci\u00f3 ter\u00e9n kaptunk egy Bluetooth 4.2-est, illetve egy 802.11 a\/b\/g\/n\/ac-szabv\u00e1ny\u00fa Wi-Fi portot, na meg NFC-t\u00e1mogat\u00e1st \u00e9s term\u00e9szetesen GPS-t is. Az FM-r\u00e1di\u00f3 funkci\u00f3 csak &#8211; a mell\u00e9kelt \u00e9s\/vagy antennak\u00e9nt funkcion\u00e1lni k\u00e9pes \u2013 f\u00fclesekkel \u00e9rhet\u0151 el, ujjlenyomatot viszont mindenf\u00e9le extra n\u00e9lk\u00fcl k\u00e9pes olvasni a P30 Lite. A h\u00e1tlapra szerelt \u00e9rz\u00e9kel\u0151 pontos \u00e9s gyors, nekem semmilyen probl\u00e9m\u00e1m nem volt vele, \u00edgy aki nem b\u00edzik a 2D-s arcfelismer\u00e9s ny\u00fajtotta lehet\u0151s\u00e9gben, az el\u00e9gedett lehet ezzel a megold\u00e1ssal.<\/p>\n\n\n\n<figure class=\"wp-block-image\"><img loading=\"lazy\" decoding=\"async\" width=\"1920\" height=\"1080\" data-attachment-id=\"4436\" data-permalink=\"https:\/\/www.notebook.hu\/blog\/huawei-p30-lite-teszt\/huaweip30lite_02\/\" data-orig-file=\"https:\/\/www.notebook.hu\/blog\/wp-content\/uploads\/2019\/04\/HuaweiP30lite_02.jpg\" data-orig-size=\"1920,1080\" data-comments-opened=\"0\" data-image-meta=\"{&quot;aperture&quot;:&quot;0&quot;,&quot;credit&quot;:&quot;&quot;,&quot;camera&quot;:&quot;&quot;,&quot;caption&quot;:&quot;&quot;,&quot;created_timestamp&quot;:&quot;0&quot;,&quot;copyright&quot;:&quot;&quot;,&quot;focal_length&quot;:&quot;0&quot;,&quot;iso&quot;:&quot;0&quot;,&quot;shutter_speed&quot;:&quot;0&quot;,&quot;title&quot;:&quot;&quot;,&quot;orientation&quot;:&quot;0&quot;}\" data-image-title=\"HuaweiP30lite_02\" data-image-description=\"\" data-image-caption=\"\" data-medium-file=\"https:\/\/www.notebook.hu\/blog\/wp-content\/uploads\/2019\/04\/HuaweiP30lite_02-300x169.jpg\" data-large-file=\"https:\/\/www.notebook.hu\/blog\/wp-content\/uploads\/2019\/04\/HuaweiP30lite_02-1024x576.jpg\" src=\"https:\/\/i2.wp.com\/www.notebook.hu\/blog\/wp-content\/uploads\/2019\/04\/HuaweiP30lite_02.jpg?fit=618%2C348&amp;ssl=1\" alt=\"\" class=\"wp-image-4436\" srcset=\"https:\/\/www.notebook.hu\/blog\/wp-content\/uploads\/2019\/04\/HuaweiP30lite_02.jpg 1920w, https:\/\/www.notebook.hu\/blog\/wp-content\/uploads\/2019\/04\/HuaweiP30lite_02-300x169.jpg 300w, https:\/\/www.notebook.hu\/blog\/wp-content\/uploads\/2019\/04\/HuaweiP30lite_02-768x432.jpg 768w, https:\/\/www.notebook.hu\/blog\/wp-content\/uploads\/2019\/04\/HuaweiP30lite_02-1024x576.jpg 1024w\" sizes=\"auto, (max-width: 1920px) 100vw, 1920px\" \/><\/figure>\n\n\n\n<p class=\"has-background has-pale-cyan-blue-background-color\"><strong><em>\u00c9rdekelne vide\u00f3s teszt\u00fcnk is a <a href=\"https:\/\/www.notebook.hu\/huawei-p30-lite-ds-4gb-128gb-pavakek-c09275\">Huawei P30 Lite<\/a>-r\u00f3l? Tess\u00e9k!<\/em><\/strong><\/p>\n\n\n\n<figure class=\"wp-block-embed-youtube wp-block-embed is-type-video is-provider-youtube wp-embed-aspect-4-3 wp-has-aspect-ratio\"><div class=\"wp-block-embed__wrapper\">\n<iframe loading=\"lazy\" title=\"Huawei P30 Lite  Teszt | Minek is nevezzelek?\" width=\"618\" height=\"348\" src=\"https:\/\/www.youtube.com\/embed\/SMqQUxopslU?feature=oembed\" frameborder=\"0\" allow=\"accelerometer; autoplay; clipboard-write; encrypted-media; gyroscope; picture-in-picture; web-share\" referrerpolicy=\"strict-origin-when-cross-origin\" allowfullscreen><\/iframe>\n<\/div><\/figure>\n\n\n\n<p><strong>Teljes\u00edtm\u00e9ny: Lite, de nem annyira<\/strong><\/p>\n\n\n\n<p>\u00c1ltal\u00e1ban ez az a front, ahol \u00e9rz\u00e9kelhet\u0151 a Lite \u00e9s a Standard kiad\u00e1sok k\u00f6z\u00f6tti k\u00fcl\u00f6nbs\u00e9g. A Huawei ez\u00fattal a 8 magos Kirin 710-es rendszerchipet \u2013 ez 4 darab Cortex-A73, 2.2GHz \u00e9s szint\u00e9n 4 Cortex-A53, 1.7GHz egy\u00fcttese &#8211; v\u00e1lasztotta a P30 kisebbik kiad\u00e1s\u00e1ba, 4 GB RAM-al k\u00eds\u00e9rve, Mali&#x2122;-G51 grafikus vez\u00e9rl\u0151vel \u00e9s 128 GB t\u00e1rhellyel (ebb\u0151l 108 \u00e9rhet\u0151 el ind\u00edt\u00e1skor). Ez arra elegend\u0151, hogy a komolyabb grafikai ig\u00e9ny\u0171 j\u00e1t\u00e9kokat k\u00f6zepes be\u00e1ll\u00edt\u00e1sok mellett \u00e9lvezhet\u0151en futtassa a telefon, illetve a h\u00e9tk\u00f6znapi social media, vagy egy\u00e9b alkalmaz\u00e1sokkal sim\u00e1n boldoguljon. Az EMUI 9.1-es friss\u00edt\u00e9ssel ez tov\u00e1bb gyorsulhat, ugyanis a jelenlegi Android Pie alap\u00fa 9.0-\u00e1s v\u00e1ltozatban m\u00e9g nincs benne a men\u00fcpontok \u00e9s alkalmaz\u00e1sok f\u00fcrges\u00e9g\u00e9t seg\u00edt\u0151 rendszer. A szintetikus tesztek alapj\u00e1n hozott egy er\u0151s k\u00f6zepes eredm\u00e9nyt a P30 Lite, a P Smart 2019-eshez hasonl\u00f3 sz\u00e1mokkal: a 3DMark GloudGate-en \u00e1tlagosan a kor\u00e1bbi m\u00e9r\u00e9sek 29-30%-\u00e1t tudta legy\u0151zni. A Geekbench eredm\u00e9nyek a 3 \u00e9vvel ezel\u0151tti cs\u00facstelefonok\u00e9t produk\u00e1lj\u00e1k, ergo a mai \u2013 rettent\u0151en s\u0171r\u0171 \u2013 \u00e9l\/k\u00f6z\u00e9pmez\u0151nynek t\u00f6k\u00e9letesen megfelelnek. Az AnTuTu benchmark szint\u00e9n a kor\u00e1bbi tesztek 29%-\u00e1t tudta fel\u00fclm\u00falni, a r\u00e9szeredm\u00e9nyeket tekintve a mem\u00f3ria min\u0151s\u00e9gben kiemelkedett (ott a kor\u00e1bbiak 52%-\u00e1t verte az eredm\u00e9nye), cser\u00e9be viszont GPU-ter\u00fclet\u00e9n mutatott kevesebbet. <\/p>\n\n\n\n<p class=\"has-text-color has-background has-very-light-gray-color has-vivid-red-background-color\"><strong>TESZTEK<\/strong><br><strong>AnTuTu Benchmark<\/strong><br>\u2013 133937 pont\u00a0<br><strong>3D Mark<\/strong><br>\u2013 821\/1187 pont<br><strong>Geekbench 4<\/strong><br>\u2013 1539\/5579 pont<br><\/p>\n\n\n\n<p>J\u00e1t\u00e9kok ter\u00e9n az egyik \u201etop\u201d j\u00e1t\u00e9k PUBG mellett az F1 Mobile-t \u00e9s a Shadow Warrior 3-ast pr\u00f3b\u00e1ltam ki a P30 Lite-on: Az F1 a j\u00e1t\u00e9k alapvet\u0151 bugjait lesz\u00e1m\u00edtva (avagy olyan anom\u00e1li\u00e1k, amiket m\u00e1r m\u00e1skor is tapasztaltam, telefon erej\u00e9t\u0151l f\u00fcggetlen\u00fcl) sz\u00e9pen futott, ak\u00e1rcsak a PUBG k\u00f6zepes be\u00e1ll\u00edt\u00e1sok mellett \u00e9s a Shadow Fight 3 is. A flow megvolt, j\u00f3 \u00e9lm\u00e9ny volt rajta j\u00e1tszani, de \u00e9rezhet\u0151, hogy a g\u00e9pig\u00e9nyesebb j\u00e1t\u00e9kokkal m\u00e1r csorbulna a bicsk\u00e1ja a P30 Lite-nak. A j\u00e1t\u00e9kokn\u00e1l \u00e9rdemes a teljes k\u00e9perny\u0151s m\u00f3dra \u00e1tv\u00e1ltani, m\u00e9g akkor is, ha zavar\u00f3 a notch bel\u00f3g\u00e1sa, mivel a FullHD+ felbont\u00e1s miatt lehet n\u00e9mi elcs\u00fasz\u00e1s a j\u00e1t\u00e9kmenet megjelen\u00edt\u00e9s\u00e9ben (az alap felbont\u00e1son nekem pl. a k\u00e9perny\u0151 bal oldal\u00e1ra volt cs\u00faszva az eg\u00e9sz). A j\u00e1t\u00e9khoz sz\u00fcks\u00e9ges energiaforr\u00e1st a telefon egy \u201ek\u00f6zepesen ok\u00e9\u201d kapacit\u00e1s\u00fa, 3340mAh-s akkub\u00f3l nyeri. Ez gyorst\u00f6lt\u00e9ssel m\u00e1sf\u00e9l \u00f3ra alatt felt\u00f6lthet\u0151, de komolyabb haszn\u00e1lat mellett az egy, nagyon maximum m\u00e1sf\u00e9l nap pr\u00e9selhet\u0151 ki bel\u0151le (ut\u00f3bbi m\u00e1r nagyon k\u00edm\u00e9l\u0151 haszn\u00e1lat mellett). &nbsp;<\/p>\n\n\n\n<figure class=\"wp-block-image\"><img loading=\"lazy\" decoding=\"async\" width=\"1920\" height=\"1080\" data-attachment-id=\"4435\" data-permalink=\"https:\/\/www.notebook.hu\/blog\/huawei-p30-lite-teszt\/huaweip30lite_03\/\" data-orig-file=\"https:\/\/www.notebook.hu\/blog\/wp-content\/uploads\/2019\/04\/HuaweiP30lite_03.jpg\" data-orig-size=\"1920,1080\" data-comments-opened=\"0\" data-image-meta=\"{&quot;aperture&quot;:&quot;0&quot;,&quot;credit&quot;:&quot;&quot;,&quot;camera&quot;:&quot;&quot;,&quot;caption&quot;:&quot;&quot;,&quot;created_timestamp&quot;:&quot;0&quot;,&quot;copyright&quot;:&quot;&quot;,&quot;focal_length&quot;:&quot;0&quot;,&quot;iso&quot;:&quot;0&quot;,&quot;shutter_speed&quot;:&quot;0&quot;,&quot;title&quot;:&quot;&quot;,&quot;orientation&quot;:&quot;0&quot;}\" data-image-title=\"HuaweiP30lite_03\" data-image-description=\"\" data-image-caption=\"\" data-medium-file=\"https:\/\/www.notebook.hu\/blog\/wp-content\/uploads\/2019\/04\/HuaweiP30lite_03-300x169.jpg\" data-large-file=\"https:\/\/www.notebook.hu\/blog\/wp-content\/uploads\/2019\/04\/HuaweiP30lite_03-1024x576.jpg\" src=\"https:\/\/i0.wp.com\/www.notebook.hu\/blog\/wp-content\/uploads\/2019\/04\/HuaweiP30lite_03.jpg?fit=618%2C348&amp;ssl=1\" alt=\"\" class=\"wp-image-4435\" srcset=\"https:\/\/www.notebook.hu\/blog\/wp-content\/uploads\/2019\/04\/HuaweiP30lite_03.jpg 1920w, https:\/\/www.notebook.hu\/blog\/wp-content\/uploads\/2019\/04\/HuaweiP30lite_03-300x169.jpg 300w, https:\/\/www.notebook.hu\/blog\/wp-content\/uploads\/2019\/04\/HuaweiP30lite_03-768x432.jpg 768w, https:\/\/www.notebook.hu\/blog\/wp-content\/uploads\/2019\/04\/HuaweiP30lite_03-1024x576.jpg 1024w\" sizes=\"auto, (max-width: 1920px) 100vw, 1920px\" \/><\/figure>\n\n\n\n<p><strong>Kamera:&nbsp;Kistes\u00f3<\/strong><\/p>\n\n\n\n<p>A fot\u00f3z\u00e1s tekintet\u00e9ben a Huawei egy tripla-kamer\u00e1s rendszerrel akarta meg\u00f6rvendeztetni azokat, akik a kistes\u00f3ba tudtak befektetni. A 48MP-es f\/1.8-as rekesz\u00e9rt\u00e9k\u0171, sz\u00e9les l\u00e1t\u00f3sz\u00f6g\u0171 lencse kapott m\u00e9g egy PDAF aut\u00f3f\u00f3kusz rendszert, valamint maga mell\u00e9 egy 8MP-es 13 mm-es ultra sz\u00e9les l\u00e1t\u00f3sz\u00f6g\u0171 \u00e9s egy 2MP-es f2.4-es rekesz\u0171 m\u00e9lys\u00e9gkamer\u00e1t. Az \u201ealap\u201d nappali k\u00e9pekkel remek\u00fcl b\u00e1nik az automatika, b\u00e1r hajlamos arra, hogy kiss\u00e9 t\u00falszatur\u00e1lja a sz\u00edneket \u00e9s \u00edgy (f\u0151leg a z\u00f6ld \u00e9s piros eset\u00e9ben) nagyon rik\u00edt\u00f3, m\u00e1r-m\u00e1r irre\u00e1lis eredm\u00e9nyt kapjunk. Az AI 22 k\u00fcl\u00f6nb\u00f6z\u0151 t\u00e9ma szerint k\u00e9pes a be\u00e1ll\u00edt\u00e1sokkal vari\u00e1lni, van HDR m\u00f3dunk, portr\u00e9 \u00e9s Este-m\u00f3d is. A Portr\u00e9n\u00e1l sz\u00e9pen dolgozik a m\u00e9lys\u00e9g\u00e9rz\u00e9kel\u00e9s, m\u00edg Este j\u00f3l j\u00f6n a 3200-as ISO-ra maximaliz\u00e1lt kamera-rendszer, ami gyeng\u00e9bb f\u00e9nyk\u00f6r\u00fclm\u00e9nyek k\u00f6zt is tud \u00e9rt\u00e9kelhet\u0151 min\u0151s\u00e9g\u0171 k\u00e9peket l\u0151ni. Nyilv\u00e1n ilyenkor a f\u00e9nyesebb fel\u00fcletek n\u00e9znek ki jobban \u00e9s a P30 Pro eredm\u00e9nyeihez nem m\u00e9rhet\u0151 igaz\u00e1n, amit csin\u00e1l, de sok telefont\u00f3l (pl. a f\u0151bb riv\u00e1lis A50-es Sasmungt\u00f3l) jobb fot\u00f3kat l\u0151. Ami engem zavart az a sz\u00e9les l\u00e1t\u00f3sz\u00f6g\u0171 lencs\u00e9n\u00e9l tapasztalhat\u00f3 zajosod\u00e1s. A 8MP-es lencs\u00e9n\u00e9l az ide\u00e1lis k\u00f6r\u00fclm\u00e9nyeket lesz\u00e1m\u00edtva (\u00e9rtsd f\u00e9lhom\u00e1lyban, vagy sima benti vil\u00e1g\u00edt\u00e1sn\u00e1l is) \u00e9rz\u00e9kelhet\u0151 n\u00e9mi k\u00e9pzaj. Ezt csak az\u00e9rt sajn\u00e1lom, mert im\u00e1dom ezt a k\u00e9pm\u00f3dot \u00e9s \u00edgy egy kicsit savany\u00fa volt a dolog, hogy pont enn\u00e9l nem t\u00f6k\u00e9letes a P30 Lite. A vide\u00f3s fronton k\u00e9pesek vagyunk 480 FPS-el 720p-ben r\u00f6gz\u00edteni, valamint FullHD felbont\u00e1ssal 30 \u00e9s 60 k\u00e9pkock\u00e1val. 30-on m\u00e9g van AI stabiliz\u00e1l\u00e1s, 60-on viszont m\u00e1r ezt nem tapasztalhatjuk, \u00edgy aki \u201esmooth\u201d kameramozg\u00e1sokat szeretne produk\u00e1lni a telefonnal, az maradjon a 30 k\u00e9pkock\u00e1s be\u00e1ll\u00edt\u00e1son. Selfie-oldalon egy 24 MP-es fix f\u00f3kusz\u00fa kamera n\u00e9z r\u00e1nk, vakuk\u00e9nt pedig maga a kijelz\u0151 fog majd hozz\u00e1 szolg\u00e1lni \u2013 a h\u00e1tlapon van erre egy LED-villan\u00f3. Itt megtal\u00e1ljuk a szok\u00e1sos sz\u00e9p\u00edt\u0151 \u00e9s Bokkeh-effektes filtereket, \u00edgy akinek van r\u00e1 sz\u00fcks\u00e9ge haszn\u00e1lhatja\u2026 \u00e9n sz\u00e9p vagyok n\u00e9lk\u00fcle is.  <\/p>\n\n\n\n<figure class=\"wp-block-image\"><img loading=\"lazy\" decoding=\"async\" width=\"1920\" height=\"1080\" data-attachment-id=\"4437\" data-permalink=\"https:\/\/www.notebook.hu\/blog\/huawei-p30-lite-teszt\/huaweip30lite_04\/\" data-orig-file=\"https:\/\/www.notebook.hu\/blog\/wp-content\/uploads\/2019\/04\/HuaweiP30lite_04.jpg\" data-orig-size=\"1920,1080\" data-comments-opened=\"0\" data-image-meta=\"{&quot;aperture&quot;:&quot;0&quot;,&quot;credit&quot;:&quot;&quot;,&quot;camera&quot;:&quot;&quot;,&quot;caption&quot;:&quot;&quot;,&quot;created_timestamp&quot;:&quot;0&quot;,&quot;copyright&quot;:&quot;&quot;,&quot;focal_length&quot;:&quot;0&quot;,&quot;iso&quot;:&quot;0&quot;,&quot;shutter_speed&quot;:&quot;0&quot;,&quot;title&quot;:&quot;&quot;,&quot;orientation&quot;:&quot;0&quot;}\" data-image-title=\"HuaweiP30lite_04\" data-image-description=\"\" data-image-caption=\"\" data-medium-file=\"https:\/\/www.notebook.hu\/blog\/wp-content\/uploads\/2019\/04\/HuaweiP30lite_04-300x169.jpg\" data-large-file=\"https:\/\/www.notebook.hu\/blog\/wp-content\/uploads\/2019\/04\/HuaweiP30lite_04-1024x576.jpg\" src=\"https:\/\/i0.wp.com\/www.notebook.hu\/blog\/wp-content\/uploads\/2019\/04\/HuaweiP30lite_04.jpg?fit=618%2C348&amp;ssl=1\" alt=\"\" class=\"wp-image-4437\" srcset=\"https:\/\/www.notebook.hu\/blog\/wp-content\/uploads\/2019\/04\/HuaweiP30lite_04.jpg 1920w, https:\/\/www.notebook.hu\/blog\/wp-content\/uploads\/2019\/04\/HuaweiP30lite_04-300x169.jpg 300w, https:\/\/www.notebook.hu\/blog\/wp-content\/uploads\/2019\/04\/HuaweiP30lite_04-768x432.jpg 768w, https:\/\/www.notebook.hu\/blog\/wp-content\/uploads\/2019\/04\/HuaweiP30lite_04-1024x576.jpg 1024w\" sizes=\"auto, (max-width: 1920px) 100vw, 1920px\" \/><\/figure>\n\n\n\n<p><strong>\u00d6sszefoglal\u00e1s<\/strong><\/p>\n\n\n\n<p>Nem az\u00e9rt lesz neh\u00e9z dolga a Huawei P30 Lite-nak a piacon, mert ne lenne egy remek telefon. Teljes\u00edtm\u00e9ny \u00e9s kamera fronton is hozza azt, amit az \u00e9l\/k\u00f6z\u00e9pmez\u0151nyt\u0151l megk\u00f6veteln\u00e9nk, b\u00e1r rendelkezik p\u00e1r gyeng\u00e9bb ponttal (akkukapacit\u00e1s \u00e9s a kamera esetlens\u00e9gei). A probl\u00e9ma az lesz, hogy rendk\u00edv\u00fcl felduzzadt az a mez\u0151ny, amibe beengedte a k\u00ednai gy\u00e1r\u00f3ri\u00e1s a P30 kistes\u00f3j\u00e1t. Az \u00e1rc\u00e9dul\u00e1n tapasztalhat\u00f3 emelked\u00e9s a teljes\u00edtm\u00e9ny-kateg\u00f3ria dr\u00e1g\u00e1bb darabjai k\u00f6z\u00e9 emelte a telefont, s az erre \u00e9rz\u00e9keny k\u00f6z\u00f6ns\u00e9gnek ez lehet, hogy b\u00e1ntani fogja majd a szem\u00e9t, annak ellen\u00e9re, hogy maga a produktum hozza a gy\u00e1rt\u00f3t\u00f3l v\u00e1rt min\u0151s\u00e9get \u00e9s teljes\u00edtm\u00e9nyt. <\/p>\n\n\n\n<p class=\"has-background has-pale-cyan-blue-background-color\"><em>Amennyiben megtetszett, webshopunkban megtal\u00e1lhatod a&nbsp;<strong><a href=\"https:\/\/www.notebook.hu\/huawei-p30-lite-ds-4gb-128gb-pavakek-c09275\">Huawei P30 Lite<\/a> <\/strong>-ot<\/em><br><\/p>\n","protected":false},"excerpt":{"rendered":"<p>A Huawei a P-sz\u00e9ri\u00e1n bel\u00fcl \u00e9vek \u00f3ta igyekszik t\u00f6bb c\u00e9lk\u00f6z\u00f6ns\u00e9get is megc\u00e9lozni. Am\u00edg az alap modell \u00e9s a Pro azokat c\u00e9lozza, akik hajland\u00f3ak m\u00e9lyebben a zseb\u00fckbe ny\u00falni \u00e9s cser\u00e9be t\u00e9nyleg egy flagship-\u00e9lm\u00e9nyt kapni, a Lite gondol azokra is, akiknek korl\u00e1tozottak a lehet\u0151s\u00e9gei, de a Huawei P-min\u0151s\u00e9gre v\u00e1gynak. Nos, term\u00e9szetesen 2019 sem m\u00falhat el an\u00e9lk\u00fcl, hogy &hellip;<\/p>\n","protected":false},"author":1,"featured_media":4431,"comment_status":"closed","ping_status":"open","sticky":false,"template":"","format":"standard","meta":{"_jetpack_memberships_contains_paid_content":false,"footnotes":""},"categories":[1],"tags":[58,750,749,748,725,752,751],"class_list":["post-4414","post","type-post","status-publish","format-standard","has-post-thumbnail","","category-egyeb","tag-huawei","tag-huawei-p30-lite","tag-huawei-p30-lite-bemutato","tag-huawei-p30-lite-teszt","tag-huawei-teszt","tag-p30-lite","tag-p30-lite-teszt"],"jetpack_featured_media_url":"https:\/\/www.notebook.hu\/blog\/wp-content\/uploads\/2019\/04\/huaweip30lite_blog_notebookhu.png","jetpack_shortlink":"https:\/\/wp.me\/p9xSLL-19c","jetpack_sharing_enabled":true,"_links":{"self":[{"href":"https:\/\/www.notebook.hu\/blog\/wp-json\/wp\/v2\/posts\/4414","targetHints":{"allow":["GET"]}}],"collection":[{"href":"https:\/\/www.notebook.hu\/blog\/wp-json\/wp\/v2\/posts"}],"about":[{"href":"https:\/\/www.notebook.hu\/blog\/wp-json\/wp\/v2\/types\/post"}],"author":[{"embeddable":true,"href":"https:\/\/www.notebook.hu\/blog\/wp-json\/wp\/v2\/users\/1"}],"replies":[{"embeddable":true,"href":"https:\/\/www.notebook.hu\/blog\/wp-json\/wp\/v2\/comments?post=4414"}],"version-history":[{"count":23,"href":"https:\/\/www.notebook.hu\/blog\/wp-json\/wp\/v2\/posts\/4414\/revisions"}],"predecessor-version":[{"id":4443,"href":"https:\/\/www.notebook.hu\/blog\/wp-json\/wp\/v2\/posts\/4414\/revisions\/4443"}],"wp:featuredmedia":[{"embeddable":true,"href":"https:\/\/www.notebook.hu\/blog\/wp-json\/wp\/v2\/media\/4431"}],"wp:attachment":[{"href":"https:\/\/www.notebook.hu\/blog\/wp-json\/wp\/v2\/media?parent=4414"}],"wp:term":[{"taxonomy":"category","embeddable":true,"href":"https:\/\/www.notebook.hu\/blog\/wp-json\/wp\/v2\/categories?post=4414"},{"taxonomy":"post_tag","embeddable":true,"href":"https:\/\/www.notebook.hu\/blog\/wp-json\/wp\/v2\/tags?post=4414"}],"curies":[{"name":"wp","href":"https:\/\/api.w.org\/{rel}","templated":true}]}}