{"id":4387,"date":"2019-04-16T09:00:15","date_gmt":"2019-04-16T07:00:15","guid":{"rendered":"https:\/\/www.notebook.hu\/blog\/?p=4387"},"modified":"2019-04-15T13:40:36","modified_gmt":"2019-04-15T11:40:36","slug":"okostelefon-kamerak-akik-mertek-nagyot-huzni","status":"publish","type":"post","link":"https:\/\/www.notebook.hu\/blog\/okostelefon-kamerak-akik-mertek-nagyot-huzni\/","title":{"rendered":"Okostelefon kamer\u00e1k | Akik mertek nagyot h\u00fazni"},"content":{"rendered":"\n<figure class=\"wp-block-image\"><img loading=\"lazy\" decoding=\"async\" width=\"1024\" height=\"512\" data-attachment-id=\"4388\" data-permalink=\"https:\/\/www.notebook.hu\/blog\/okostelefon-kamerak-akik-mertek-nagyot-huzni\/20190412_telefotozas_v01\/\" data-orig-file=\"https:\/\/www.notebook.hu\/blog\/wp-content\/uploads\/2019\/04\/20190412_telefotozas_v01.jpg\" data-orig-size=\"1024,512\" data-comments-opened=\"0\" data-image-meta=\"{&quot;aperture&quot;:&quot;0&quot;,&quot;credit&quot;:&quot;&quot;,&quot;camera&quot;:&quot;&quot;,&quot;caption&quot;:&quot;&quot;,&quot;created_timestamp&quot;:&quot;0&quot;,&quot;copyright&quot;:&quot;&quot;,&quot;focal_length&quot;:&quot;0&quot;,&quot;iso&quot;:&quot;0&quot;,&quot;shutter_speed&quot;:&quot;0&quot;,&quot;title&quot;:&quot;&quot;,&quot;orientation&quot;:&quot;0&quot;}\" data-image-title=\"20190412_telefotozas_v01\" data-image-description=\"\" data-image-caption=\"\" data-medium-file=\"https:\/\/www.notebook.hu\/blog\/wp-content\/uploads\/2019\/04\/20190412_telefotozas_v01-300x150.jpg\" data-large-file=\"https:\/\/www.notebook.hu\/blog\/wp-content\/uploads\/2019\/04\/20190412_telefotozas_v01-1024x512.jpg\" src=\"https:\/\/i2.wp.com\/www.notebook.hu\/blog\/wp-content\/uploads\/2019\/04\/20190412_telefotozas_v01.jpg?fit=618%2C309&amp;ssl=1\" alt=\"\" class=\"wp-image-4388\" srcset=\"https:\/\/www.notebook.hu\/blog\/wp-content\/uploads\/2019\/04\/20190412_telefotozas_v01.jpg 1024w, https:\/\/www.notebook.hu\/blog\/wp-content\/uploads\/2019\/04\/20190412_telefotozas_v01-300x150.jpg 300w, https:\/\/www.notebook.hu\/blog\/wp-content\/uploads\/2019\/04\/20190412_telefotozas_v01-768x384.jpg 768w, https:\/\/www.notebook.hu\/blog\/wp-content\/uploads\/2019\/04\/20190412_telefotozas_v01-660x330.jpg 660w\" sizes=\"auto, (max-width: 1024px) 100vw, 1024px\" \/><\/figure>\n\n\n\n<p><strong>Teljes\u00edtm\u00e9ny \u00e9s min\u0151s\u00e9gi fot\u00f3k. Megfigyelhet\u0151, hogy a mobilpiac priorit\u00e1sk\u00e9nt kezeli ezt a k\u00e9t t\u00e9m\u00e1t, hiszen ezzel lehet a legl\u00e1tv\u00e1nyosabb k\u00fcl\u00f6nbs\u00e9geket produk\u00e1lni adott term\u00e9kek k\u00f6zt. Az okostelefonok fejl\u0151d\u00e9s\u00e9vel \u00e9s a \u201emegoszt\u00e1si v\u00e1gy\u201d megjelen\u00e9s\u00e9vel egyre fontosabb k\u00e9rd\u00e9s, hogy egy eszk\u00f6z milyen k\u00e9panyagot tud gy\u00e1rtani, a fejleszt\u0151k pedig igyekeznek \u00fajabbn\u00e1l-\u00fajabb megold\u00e1sokkal jelentkezni, hogy megfeleljenek az elv\u00e1r\u00e1soknak. Ezek j\u00f3 r\u00e9sz\u00e9t most \u00f6ssze is szedt\u00fcnk, avagy j\u00f6jj\u00f6n az okostelefonok kamerat\u00f6rt\u00e9nete.<\/strong><\/p>\n\n\n\n<p><strong>3D \u00e9s Dual-camera<\/strong><\/p>\n\n\n\n<p>Az els\u0151 sz\u00ednes fot\u00f3 k\u00e9sz\u00edt\u00e9s\u00e9re k\u00e9pes telefon, a Sharp J-SH04, 2000-ben jelent meg \u00e9s 0,3 megapixeles fot\u00f3k elk\u00e9sz\u00edt\u00e9s\u00e9re volt alkalmas. H\u00e1rom \u00e9v telt el, mire megjelent az els\u0151 olyan telefon, amin el\u0151l-h\u00e1tul is volt kamera. A szenzorok \u00e9s a kieg\u00e9sz\u00edt\u0151k fejl\u0151d\u00e9s\u00e9vel eljutottunk arra a pontra, hogy az LG \u00e9s a HTC is bev\u00e1llalt egy \u201enagy l\u00e9p\u00e9st\u201d, a dupla h\u00e1tlapi kamer\u00e1kkal. Az els\u0151 dual-rendszerek a 2011-es 3D-l\u00e1z alatt sz\u00fclettek meg, hogy az \u00e1ltalunk l\u0151tt k\u00e9peket t\u00e9rhat\u00e1s\u00fav\u00e1 tudjuk var\u00e1zsolni. Ez annyira nem j\u00f6tt be egyik gy\u00e1rt\u00f3nak sem, a piac pedig lassan elnyelte a 3D-l\u00e1zat. A dual-rendszerrel ezut\u00e1n a Huawei kezdett k\u00eds\u00e9rletezni \u00e9s az els\u0151, igaz\u00e1n sikeres dupla-kamer\u00e1s telefonnak a k\u00ednai gy\u00e1rt\u00f3 P9-es jelz\u00e9s\u0171 okostelefonj\u00e1t tekintj\u00fck. A kontraszt n\u00f6vel\u00e9se \u00e9s a nagyobb l\u00e1t\u00f3sz\u00f6g lehet\u0151s\u00e9ge kell\u0151en izgalmasnak bizonyult a vev\u0151k\u2026 \u00e9s a vet\u00e9lyt\u00e1rsak sz\u00e1m\u00e1ra is. Napjainkban rengeteg dupla-kamer\u00e1s okostelefont l\u00e1thatunk, amivel fel is h\u00edgult a rendszer piaca (nagyobb marketing-\u00e9rt\u00e9ke volt a speci\u00e1lisabb eszk\u00f6z\u00f6knek, amikben lehet, hogy teljesen \u201ealibi\u201d alapon volt benne a m\u00e1sodik lencse, l\u00e9v\u00e9n komoly min\u0151s\u00e9gjavul\u00e1st nem adott). Ideje volt lassan megtenni a k\u00f6vetkez\u0151 l\u00e9p\u00e9st \u00e9s\u2026<\/p>\n\n\n\n<figure class=\"wp-block-image\"><img loading=\"lazy\" decoding=\"async\" width=\"680\" height=\"378\" data-attachment-id=\"4389\" data-permalink=\"https:\/\/www.notebook.hu\/blog\/okostelefon-kamerak-akik-mertek-nagyot-huzni\/huawei-honor-6-plus-dual-camera-1\/\" data-orig-file=\"https:\/\/www.notebook.hu\/blog\/wp-content\/uploads\/2019\/04\/huawei-honor-6-plus-dual-camera-1.jpg\" data-orig-size=\"680,378\" data-comments-opened=\"0\" data-image-meta=\"{&quot;aperture&quot;:&quot;0&quot;,&quot;credit&quot;:&quot;&quot;,&quot;camera&quot;:&quot;&quot;,&quot;caption&quot;:&quot;&quot;,&quot;created_timestamp&quot;:&quot;0&quot;,&quot;copyright&quot;:&quot;&quot;,&quot;focal_length&quot;:&quot;0&quot;,&quot;iso&quot;:&quot;0&quot;,&quot;shutter_speed&quot;:&quot;0&quot;,&quot;title&quot;:&quot;&quot;,&quot;orientation&quot;:&quot;0&quot;}\" data-image-title=\"huawei-honor-6-plus-dual-camera-1\" data-image-description=\"\" data-image-caption=\"\" data-medium-file=\"https:\/\/www.notebook.hu\/blog\/wp-content\/uploads\/2019\/04\/huawei-honor-6-plus-dual-camera-1-300x167.jpg\" data-large-file=\"https:\/\/www.notebook.hu\/blog\/wp-content\/uploads\/2019\/04\/huawei-honor-6-plus-dual-camera-1.jpg\" src=\"https:\/\/www.notebook.hu\/blog\/wp-content\/uploads\/2019\/04\/huawei-honor-6-plus-dual-camera-1.jpg\" alt=\"\" class=\"wp-image-4389\" srcset=\"https:\/\/www.notebook.hu\/blog\/wp-content\/uploads\/2019\/04\/huawei-honor-6-plus-dual-camera-1.jpg 680w, https:\/\/www.notebook.hu\/blog\/wp-content\/uploads\/2019\/04\/huawei-honor-6-plus-dual-camera-1-300x167.jpg 300w\" sizes=\"auto, (max-width: 680px) 100vw, 680px\" \/><\/figure>\n\n\n\n<p><strong>J\u00f6tt a tripla kamera<\/strong><\/p>\n\n\n\n<p>2018-ban j\u00e1runk, amikor a \u201eH\u00e1rom kamer\u00e1t \u00fagy sem mersz rakni a telefonodra!\u201d \u2013 mondatra \u00fagy reag\u00e1l a Huawei, hogy \u201eFogd meg a s\u00f6r\u00f6m!\u201d. A P20 \u00e9s a <strong><a href=\"https:\/\/www.notebook.hu\/huawei-mate-20-pro-morpho-lila\">Mate 20 Pro<\/a><\/strong> is tripla-kamera rendszerrel j\u00f6tt \u00e9s a zoom, a sz\u00e9les l\u00e1t\u00f3sz\u00f6g \u00e9s a min\u0151s\u00e9gi sz\u00ednek mellett az \u00e9jszakai fot\u00f3z\u00e1s \u00e1lleejt\u0151 \u00e9lm\u00e9ny\u00e9t produk\u00e1lta. \u00c9rdekes, hogy a Samsung eddig csak kett\u0151ig mert elsz\u00e1molni, de a Huawei l\u00e1tv\u00e1nyos h\u00faz\u00e1s\u00e1ra \u00fagy reag\u00e1lt, hogy \u201emegy ez nekem n\u00e9ggyel is!\u201d. Megsz\u00fcletett a furcs\u00e1n hossz\u00fa kamera-szigettel rendelkez\u0151 Galaxy A9 \u00e9s el\u00e9g vegyes fogadtat\u00e1sban r\u00e9szes\u00fclt. Sokan nem \u00e9rtett\u00e9k, hogy minek a megn\u00f6velt kamera-sz\u00e1m, mikor a k\u00e9p min\u0151s\u00e9g\u00e9hez igaz\u00e1n sokat m\u00e9g nem tudott hozz\u00e1adni. A Samsung is \u00e1tgondolta, \u00edgy az <strong><a href=\"https:\/\/www.notebook.hu\/samsung-galaxy-s10-dual-sim-128gb-sm-g975fzgd-prizma-zold\">S10-sz\u00e9ri\u00e1n\u00e1l<\/a><\/strong> m\u00e1r \u0151k is a h\u00e1rmas sz\u00e1mot vett\u00e9k c\u00e9lba, ak\u00e1rcsak a Huawei a <strong><a href=\"https:\/\/www.notebook.hu\/huawei-p30\">P30 Pro<\/a><\/strong>val. Ez ut\u00f3bbiban ugye volt egy \u201eh\u00e1rom \u00e9s feledik\u201d kamera a m\u00e9lys\u00e9g\u00e9rz\u00e9keltet\u00e9shez, de alapvet\u0151en (a kamerasziget-kialak\u00edt\u00e1s miatt) tripla-kamer\u00e1s eszk\u00f6zk\u00e9nt hivatkoznak az emberek a P30-ra. <\/p>\n\n\n\n<figure class=\"wp-block-image\"><img loading=\"lazy\" decoding=\"async\" width=\"1600\" height=\"800\" data-attachment-id=\"4390\" data-permalink=\"https:\/\/www.notebook.hu\/blog\/okostelefon-kamerak-akik-mertek-nagyot-huzni\/20190412_telefotozas_v02\/\" data-orig-file=\"https:\/\/www.notebook.hu\/blog\/wp-content\/uploads\/2019\/04\/20190412_telefotozas_v02.jpg\" data-orig-size=\"1600,800\" data-comments-opened=\"0\" data-image-meta=\"{&quot;aperture&quot;:&quot;0&quot;,&quot;credit&quot;:&quot;&quot;,&quot;camera&quot;:&quot;&quot;,&quot;caption&quot;:&quot;&quot;,&quot;created_timestamp&quot;:&quot;0&quot;,&quot;copyright&quot;:&quot;&quot;,&quot;focal_length&quot;:&quot;0&quot;,&quot;iso&quot;:&quot;0&quot;,&quot;shutter_speed&quot;:&quot;0&quot;,&quot;title&quot;:&quot;&quot;,&quot;orientation&quot;:&quot;0&quot;}\" data-image-title=\"20190412_telefotozas_v02\" data-image-description=\"\" data-image-caption=\"\" data-medium-file=\"https:\/\/www.notebook.hu\/blog\/wp-content\/uploads\/2019\/04\/20190412_telefotozas_v02-300x150.jpg\" data-large-file=\"https:\/\/www.notebook.hu\/blog\/wp-content\/uploads\/2019\/04\/20190412_telefotozas_v02-1024x512.jpg\" src=\"https:\/\/i0.wp.com\/www.notebook.hu\/blog\/wp-content\/uploads\/2019\/04\/20190412_telefotozas_v02.jpg?fit=618%2C309&amp;ssl=1\" alt=\"\" class=\"wp-image-4390\" srcset=\"https:\/\/www.notebook.hu\/blog\/wp-content\/uploads\/2019\/04\/20190412_telefotozas_v02.jpg 1600w, https:\/\/www.notebook.hu\/blog\/wp-content\/uploads\/2019\/04\/20190412_telefotozas_v02-300x150.jpg 300w, https:\/\/www.notebook.hu\/blog\/wp-content\/uploads\/2019\/04\/20190412_telefotozas_v02-768x384.jpg 768w, https:\/\/www.notebook.hu\/blog\/wp-content\/uploads\/2019\/04\/20190412_telefotozas_v02-1024x512.jpg 1024w, https:\/\/www.notebook.hu\/blog\/wp-content\/uploads\/2019\/04\/20190412_telefotozas_v02-660x330.jpg 660w, https:\/\/www.notebook.hu\/blog\/wp-content\/uploads\/2019\/04\/20190412_telefotozas_v02-1050x525.jpg 1050w\" sizes=\"auto, (max-width: 1600px) 100vw, 1600px\" \/><\/figure>\n\n\n\n<p><strong>Nokia: A kamera-halmoz\u00f3<\/strong><\/p>\n\n\n\n<p>A <strong><a href=\"https:\/\/www.notebook.hu\/nokia-9-pureview-dual-sim-11aopl01a04-kek\">Nokia 9 PureView<\/a><\/strong> m\u00e9g egy l\u00e9p\u00e9st tett el\u0151re \u00e9s 5db 12MP-es h\u00e1tlapi kamer\u00e1val mutatkozott be a piacon. Ezzel azt \u00edg\u00e9rte a Nokia, hogy ak\u00e1r t\u00edzszer annyi f\u00e9ny felfog\u00e1s\u00e1ra lesz k\u00e9pes a telefon \u00e9s m\u00e9g az \u00e1rny\u00e9kos, s\u00f6t\u00e9t, vagy \u00e9pp t\u00fal f\u00e9nyes k\u00f6r\u00fclm\u00e9nyek k\u00f6zt is eg\u00e9szen r\u00e9szletes, nagy dinamika tartom\u00e1ny\u00fa \u00e9s r\u00e9szletes fot\u00f3kat tud majd produk\u00e1lni. A Zeiss optik\u00e1kkal dolgoz\u00f3 telefonnal kapcsolatban egy nagyon nagy k\u00e9rd\u00e9sem van: milyen lesz egy \u00e1tlagos szilikon tok, a PureView-ra szabva?<\/p>\n\n\n\n<figure class=\"wp-block-image\"><img loading=\"lazy\" decoding=\"async\" width=\"1148\" height=\"815\" data-attachment-id=\"4391\" data-permalink=\"https:\/\/www.notebook.hu\/blog\/okostelefon-kamerak-akik-mertek-nagyot-huzni\/nokia-9-pureview-header-01\/\" data-orig-file=\"https:\/\/www.notebook.hu\/blog\/wp-content\/uploads\/2019\/04\/nokia-9-pureview-header-01.jpg\" data-orig-size=\"1148,815\" data-comments-opened=\"0\" data-image-meta=\"{&quot;aperture&quot;:&quot;0&quot;,&quot;credit&quot;:&quot;W&quot;,&quot;camera&quot;:&quot;&quot;,&quot;caption&quot;:&quot;&quot;,&quot;created_timestamp&quot;:&quot;1550843089&quot;,&quot;copyright&quot;:&quot;&quot;,&quot;focal_length&quot;:&quot;0&quot;,&quot;iso&quot;:&quot;0&quot;,&quot;shutter_speed&quot;:&quot;0&quot;,&quot;title&quot;:&quot;&quot;,&quot;orientation&quot;:&quot;0&quot;}\" data-image-title=\"nokia-9-pureview-header-01\" data-image-description=\"\" data-image-caption=\"\" data-medium-file=\"https:\/\/www.notebook.hu\/blog\/wp-content\/uploads\/2019\/04\/nokia-9-pureview-header-01-300x213.jpg\" data-large-file=\"https:\/\/www.notebook.hu\/blog\/wp-content\/uploads\/2019\/04\/nokia-9-pureview-header-01-1024x727.jpg\" src=\"https:\/\/i0.wp.com\/www.notebook.hu\/blog\/wp-content\/uploads\/2019\/04\/nokia-9-pureview-header-01.jpg?fit=618%2C439&amp;ssl=1\" alt=\"\" class=\"wp-image-4391\" srcset=\"https:\/\/www.notebook.hu\/blog\/wp-content\/uploads\/2019\/04\/nokia-9-pureview-header-01.jpg 1148w, https:\/\/www.notebook.hu\/blog\/wp-content\/uploads\/2019\/04\/nokia-9-pureview-header-01-300x213.jpg 300w, https:\/\/www.notebook.hu\/blog\/wp-content\/uploads\/2019\/04\/nokia-9-pureview-header-01-768x545.jpg 768w, https:\/\/www.notebook.hu\/blog\/wp-content\/uploads\/2019\/04\/nokia-9-pureview-header-01-1024x727.jpg 1024w\" sizes=\"auto, (max-width: 1148px) 100vw, 1148px\" \/><\/figure>\n\n\n\n<p><strong>Samsung Galaxy A80: Flip-camera<\/strong><\/p>\n\n\n\n<p>M\u00e9g miel\u0151tt r\u00e1t\u00e9rn\u00e9nk a cikk ihletad\u00f3jak\u00e9nt szerepl\u0151 Galaxyra, essen sz\u00f3 a <strong>Vivo Nex<\/strong>r\u0151l, a <strong>Xiaomi Mi Mix 3<\/strong>-asr\u00f3l \u00e9s az <strong>Oppo Find X<\/strong>-r\u0151l. K\u00f6z\u00f6s pontjuk, hogy mind a h\u00e1rom nev\u00e9ben van X, illetve mind a h\u00e1rman egy k\u00fcl\u00f6n mechanika seg\u00edts\u00e9g\u00e9vel \u201ehozz\u00e1k el\u0151\u201d az el\u0151lapi kamer\u00e1jukat. Ugyanis a h\u00e1rom telefon eset\u00e9ben nincs az el\u0151lapon kamera, hanem egy mechanika seg\u00edts\u00e9g\u00e9vel vagy manu\u00e1lisan, vagy motorikusan var\u00e1zsolhat\u00f3 el\u0151 a kamera-egys\u00e9g. A Vivo Nexn\u00e9l egy kis \u201eszem\u201d emelkedik ki a telefon fels\u0151 r\u00e9sz\u00e9b\u0151l, m\u00edg a Xiaomi \u00e9s az Oppo eset\u00e9ben a h\u00e1tlapi panelt kell feljebb cs\u00fasztatnunk, hogy a front oldalon is egy lencs\u00e9be n\u00e9zhess\u00fcnk. A Galaxy A80-r\u00f3l nemr\u00e9g bemutatott vide\u00f3 alapj\u00e1n erre a rendszerre \u00e9p\u00edtkezett a Samsung, viszont egy kis csavart belevittek: a cs\u00fasztat\u00e1s sor\u00e1n felj\u00f6v\u0151 panelen a h\u00e1tlapon haszn\u00e1lt kamer\u00e1k fordulnak majd vel\u00fcnk szembe. A telefon egy &nbsp;48 MP-es \u00e9s egy 8 MP-es sz\u00e9les l\u00e1t\u00f3sz\u00f6g\u0171 lencs\u00e9t k\u00edn\u00e1l, plusz egy 3D m\u00e9lys\u00e9gszenzort, \u00edgy az \u201e\u00f6nfot\u00f3inkat\u201d \u2013 l\u00e1tj\u00e1tok, ez\u00e9rt nem haszn\u00e1ljuk magyar verzi\u00f3ban a szelfit \u2013 is ezekkel tudjuk elk\u00e9sz\u00edteni.<\/p>\n\n\n\n<figure class=\"wp-block-embed-youtube wp-block-embed is-type-video is-provider-youtube wp-embed-aspect-16-9 wp-has-aspect-ratio\"><div class=\"wp-block-embed__wrapper\">\n<span class=\"embed-youtube\" style=\"text-align:center; display: block;\"><iframe loading=\"lazy\" class=\"youtube-player\" width=\"618\" height=\"348\" src=\"https:\/\/www.youtube.com\/embed\/GzM1FwLV3Ds?version=3&#038;rel=1&#038;showsearch=0&#038;showinfo=1&#038;iv_load_policy=1&#038;fs=1&#038;hl=hu-HU&#038;autohide=2&#038;wmode=transparent\" allowfullscreen=\"true\" style=\"border:0;\" sandbox=\"allow-scripts allow-same-origin allow-popups allow-presentation allow-popups-to-escape-sandbox\"><\/iframe><\/span>\n<\/div><\/figure>\n","protected":false},"excerpt":{"rendered":"<p>Teljes\u00edtm\u00e9ny \u00e9s min\u0151s\u00e9gi fot\u00f3k. Megfigyelhet\u0151, hogy a mobilpiac priorit\u00e1sk\u00e9nt kezeli ezt a k\u00e9t t\u00e9m\u00e1t, hiszen ezzel lehet a legl\u00e1tv\u00e1nyosabb k\u00fcl\u00f6nbs\u00e9geket produk\u00e1lni adott term\u00e9kek k\u00f6zt. Az okostelefonok fejl\u0151d\u00e9s\u00e9vel \u00e9s a \u201emegoszt\u00e1si v\u00e1gy\u201d megjelen\u00e9s\u00e9vel egyre fontosabb k\u00e9rd\u00e9s, hogy egy eszk\u00f6z milyen k\u00e9panyagot tud gy\u00e1rtani, a fejleszt\u0151k pedig igyekeznek \u00fajabbn\u00e1l-\u00fajabb megold\u00e1sokkal jelentkezni, hogy megfeleljenek az elv\u00e1r\u00e1soknak. Ezek j\u00f3 &hellip;<\/p>\n","protected":false},"author":1,"featured_media":4388,"comment_status":"closed","ping_status":"open","sticky":false,"template":"","format":"standard","meta":{"_jetpack_memberships_contains_paid_content":false,"footnotes":""},"categories":[42],"tags":[],"class_list":["post-4387","post","type-post","status-publish","format-standard","has-post-thumbnail","","category-cikkek"],"jetpack_featured_media_url":"https:\/\/www.notebook.hu\/blog\/wp-content\/uploads\/2019\/04\/20190412_telefotozas_v01.jpg","jetpack_shortlink":"https:\/\/wp.me\/p9xSLL-18L","jetpack_sharing_enabled":true,"_links":{"self":[{"href":"https:\/\/www.notebook.hu\/blog\/wp-json\/wp\/v2\/posts\/4387","targetHints":{"allow":["GET"]}}],"collection":[{"href":"https:\/\/www.notebook.hu\/blog\/wp-json\/wp\/v2\/posts"}],"about":[{"href":"https:\/\/www.notebook.hu\/blog\/wp-json\/wp\/v2\/types\/post"}],"author":[{"embeddable":true,"href":"https:\/\/www.notebook.hu\/blog\/wp-json\/wp\/v2\/users\/1"}],"replies":[{"embeddable":true,"href":"https:\/\/www.notebook.hu\/blog\/wp-json\/wp\/v2\/comments?post=4387"}],"version-history":[{"count":2,"href":"https:\/\/www.notebook.hu\/blog\/wp-json\/wp\/v2\/posts\/4387\/revisions"}],"predecessor-version":[{"id":4409,"href":"https:\/\/www.notebook.hu\/blog\/wp-json\/wp\/v2\/posts\/4387\/revisions\/4409"}],"wp:featuredmedia":[{"embeddable":true,"href":"https:\/\/www.notebook.hu\/blog\/wp-json\/wp\/v2\/media\/4388"}],"wp:attachment":[{"href":"https:\/\/www.notebook.hu\/blog\/wp-json\/wp\/v2\/media?parent=4387"}],"wp:term":[{"taxonomy":"category","embeddable":true,"href":"https:\/\/www.notebook.hu\/blog\/wp-json\/wp\/v2\/categories?post=4387"},{"taxonomy":"post_tag","embeddable":true,"href":"https:\/\/www.notebook.hu\/blog\/wp-json\/wp\/v2\/tags?post=4387"}],"curies":[{"name":"wp","href":"https:\/\/api.w.org\/{rel}","templated":true}]}}