{"id":4365,"date":"2019-04-17T14:45:35","date_gmt":"2019-04-17T12:45:35","guid":{"rendered":"https:\/\/www.notebook.hu\/blog\/?p=4365"},"modified":"2019-04-17T14:45:41","modified_gmt":"2019-04-17T12:45:41","slug":"lenovo-v130-teszt","status":"publish","type":"post","link":"https:\/\/www.notebook.hu\/blog\/lenovo-v130-teszt\/","title":{"rendered":"Lenovo V130 Teszt | Office nindzsa"},"content":{"rendered":"\n<figure class=\"wp-block-image is-resized\"><img loading=\"lazy\" decoding=\"async\" data-attachment-id=\"4370\" data-permalink=\"https:\/\/www.notebook.hu\/blog\/lenovo-v130-teszt\/20190410_lenovov130_blog\/\" data-orig-file=\"https:\/\/www.notebook.hu\/blog\/wp-content\/uploads\/2019\/04\/20190410_lenovov130_blog.png\" data-orig-size=\"1200,628\" data-comments-opened=\"0\" data-image-meta=\"{&quot;aperture&quot;:&quot;0&quot;,&quot;credit&quot;:&quot;&quot;,&quot;camera&quot;:&quot;&quot;,&quot;caption&quot;:&quot;&quot;,&quot;created_timestamp&quot;:&quot;0&quot;,&quot;copyright&quot;:&quot;&quot;,&quot;focal_length&quot;:&quot;0&quot;,&quot;iso&quot;:&quot;0&quot;,&quot;shutter_speed&quot;:&quot;0&quot;,&quot;title&quot;:&quot;&quot;,&quot;orientation&quot;:&quot;0&quot;}\" data-image-title=\"20190410_lenovov130_blog\" data-image-description=\"\" data-image-caption=\"\" data-medium-file=\"https:\/\/www.notebook.hu\/blog\/wp-content\/uploads\/2019\/04\/20190410_lenovov130_blog-300x157.png\" data-large-file=\"https:\/\/www.notebook.hu\/blog\/wp-content\/uploads\/2019\/04\/20190410_lenovov130_blog-1024x536.png\" src=\"https:\/\/www.notebook.hu\/blog\/wp-content\/uploads\/2019\/04\/20190410_lenovov130_blog-1024x536.png\" alt=\"\" class=\"wp-image-4370\" width=\"512\" height=\"268\" srcset=\"https:\/\/www.notebook.hu\/blog\/wp-content\/uploads\/2019\/04\/20190410_lenovov130_blog-1024x536.png 1024w, https:\/\/www.notebook.hu\/blog\/wp-content\/uploads\/2019\/04\/20190410_lenovov130_blog-300x157.png 300w, https:\/\/www.notebook.hu\/blog\/wp-content\/uploads\/2019\/04\/20190410_lenovov130_blog-768x402.png 768w, https:\/\/www.notebook.hu\/blog\/wp-content\/uploads\/2019\/04\/20190410_lenovov130_blog.png 1200w\" sizes=\"auto, (max-width: 512px) 100vw, 512px\" \/><\/figure>\n\n\n\n<p><strong>Mindenki a szt\u00e1rokra figyel. A h\u00e9tk\u00f6znapok h\u0151sei csak ritk\u00e1n ker\u00fclnek a figyelem k\u00f6z\u00e9ppontj\u00e1ba, de most \u201ekiv\u00e9tel er\u0151s\u00edti a szab\u00e1lyt\u201d alapon egy ilyen munkag\u00e9p ker\u00fcl a c\u00e9lkeresztbe. A Lenovo V130-as tesztben megn\u00e9zz\u00fck, mi\u00e9rt is \u00e9rdemes megismerkedni egy sz\u00fcrke eminenci\u00e1ssal. <\/strong><\/p>\n\n\n\n<p><strong>K\u00fcls\u0151: Stealth mode<\/strong><\/p>\n\n\n\n<p>A Lenovo nem tolta t\u00fal a V130 diz\u00e1jnj\u00e1nak kidolgoz\u00e1s\u00e1t. Sima, egyszer\u0171, sz\u00fcrke, hanyagol mindenf\u00e9le felt\u0171n\u0151s\u00e9get. Egyed\u00fcli extra a mint\u00e1s, text\u00far\u00e1lt fed\u00e9l, ami nem csak a fedlapra, de az alapegys\u00e9gre is jellemz\u0151. Anyaghaszn\u00e1lat ter\u00e9n term\u00e9szetesen a m\u0171anyag domin\u00e1l k\u00edv\u00fcl-bel\u00fcl, ha nem is ujjlenyomat-m\u00e1gnes, de a munka hev\u00e9ben megizzadt tenyer\u00fcnk otthagyja majd rajta biztos a nyom\u00e1t. Az \u00f6ssze\u00e1ll\u00edt\u00e1s min\u0151s\u00e9g\u00e9re nem lehet panasz, ahogy arra a Lenovo is utalt, a mindennapos \u00f6ssze-vissza hordozgat\u00e1shoz egy massz\u00edv g\u00e9pet akartak alkotni, ami elviseli a r\u00e1zk\u00f3d\u00e1st, a kisebb s\u00e9r\u00fcl\u00e9seket \u00e9s rendelkezik egy kell\u0151en er\u0151s zsan\u00e9rral. Formavil\u00e1g\u00e1t tekintve ink\u00e1bb az alapokat kapjuk, de egy munkahelyi nindzs\u00e1t\u00f3l nem is kell v\u00e1rni komolyabb extravaganci\u00e1t a megjelen\u00e9sn\u00e9l. A kijelz\u0151 k\u00f6r\u00fcl egy \u00e1tlagosabb vastags\u00e1g\u00fa k\u00e1va kapott helyet, se nem t\u00fal vastag, se nem t\u00fal v\u00e9kony, alul egy kis Lenovo brandinggel. Ami felt\u0171nt \u00e9s tetszett, az a billenty\u0171k formavil\u00e1ga &#8211; igen, egy id\u0151 ut\u00e1n ilyenekre is felt\u0171nnek, ha sok g\u00e9p fordul meg a kezed alatt -, amik fel\u00fcl sz\u00f6gletesebb, alul lekerek\u00edtettebb vonalakat kaptak, ezzel nagyobb \u00e9rint\u0151fel\u00fcletet biztos\u00edtva a haszn\u00e1l\u00f3nak. P\u00f6ty\u00f6g\u00e9s k\u00f6zben teljesen korrekt a csepp\u00e1ll\u00f3 tasztat\u00fara min\u0151s\u00e9ge, egy er\u0151sebb visszar\u00fag\u00e1s\u00fa membr\u00e1nos szerkezetet kapunk, ami ak\u00e1r egy gamer g\u00e9pen is helyet kaphatna. A touchpad egy elemb\u0151l \u00e1ll, a kattint\u00e1sn\u00e1l nem megy t\u00fal m\u00e9lyre az \u00e9rint\u0151fel\u00fclet, nincs az a \u201el\u00f6ty\u00f6g\u0151\u201d \u00e9rzet, ami a hasonl\u00f3 \u00e1rkateg\u00f3ri\u00e1s notebookokn\u00e1l el\u0151 szokott fordulni. M\u00e9reteit tekintve a standard 15.6-os office notebookoknak megfelel\u0151 nagys\u00e1g\u00fa: 375 mm x 253 mm x 22,3 mm-es dimenzi\u00f3i \u00e9s 1.8 kilogrammos s\u00falya teljesen v\u00e1llalhat\u00f3, az eg\u00e9sz napos hurcol\u00e1sa sem lesz v\u00e9szes egy megfelel\u0151 sleeve-ben, vagy t\u00e1sk\u00e1ban. <\/p>\n\n\n\n<figure class=\"wp-block-image\"><img loading=\"lazy\" decoding=\"async\" width=\"1920\" height=\"1080\" data-attachment-id=\"4393\" data-permalink=\"https:\/\/www.notebook.hu\/blog\/lenovo-v130-teszt\/lenovov130_04\/\" data-orig-file=\"https:\/\/www.notebook.hu\/blog\/wp-content\/uploads\/2019\/04\/LenovoV130_04.png\" data-orig-size=\"1920,1080\" data-comments-opened=\"0\" data-image-meta=\"{&quot;aperture&quot;:&quot;0&quot;,&quot;credit&quot;:&quot;&quot;,&quot;camera&quot;:&quot;&quot;,&quot;caption&quot;:&quot;&quot;,&quot;created_timestamp&quot;:&quot;0&quot;,&quot;copyright&quot;:&quot;&quot;,&quot;focal_length&quot;:&quot;0&quot;,&quot;iso&quot;:&quot;0&quot;,&quot;shutter_speed&quot;:&quot;0&quot;,&quot;title&quot;:&quot;&quot;,&quot;orientation&quot;:&quot;0&quot;}\" data-image-title=\"LenovoV130_04\" data-image-description=\"\" data-image-caption=\"\" data-medium-file=\"https:\/\/www.notebook.hu\/blog\/wp-content\/uploads\/2019\/04\/LenovoV130_04-300x169.png\" data-large-file=\"https:\/\/www.notebook.hu\/blog\/wp-content\/uploads\/2019\/04\/LenovoV130_04-1024x576.png\" src=\"https:\/\/i0.wp.com\/www.notebook.hu\/blog\/wp-content\/uploads\/2019\/04\/LenovoV130_04.png?fit=618%2C348&amp;ssl=1\" alt=\"\" class=\"wp-image-4393\" srcset=\"https:\/\/www.notebook.hu\/blog\/wp-content\/uploads\/2019\/04\/LenovoV130_04.png 1920w, https:\/\/www.notebook.hu\/blog\/wp-content\/uploads\/2019\/04\/LenovoV130_04-300x169.png 300w, https:\/\/www.notebook.hu\/blog\/wp-content\/uploads\/2019\/04\/LenovoV130_04-768x432.png 768w, https:\/\/www.notebook.hu\/blog\/wp-content\/uploads\/2019\/04\/LenovoV130_04-1024x576.png 1024w\" sizes=\"auto, (max-width: 1920px) 100vw, 1920px\" \/><\/figure>\n\n\n\n<p><strong>Eszk\u00f6z\u00f6k: Csak az alapok<\/strong><\/p>\n\n\n\n<p>A multim\u00e9di\u00e1s eszk\u00f6zt\u00e1r tekintet\u00e9ben hat\u00e1rozottan el\u00e9gedett lehet az ember a Lenovo V130 eset\u00e9ben, hiszen k\u00e9pes olyan elemeket mag\u00e1val hozni, amit a fels\u0151bb \u00e1rkateg\u00f3ri\u00e1k g\u00e9pei is. Els\u0151 k\u00f6rben a FullHD felbont\u00e1s\u00fa, 15.6 colos IPS LED paneles kijelz\u0151r\u0151l essen sz\u00f3: nagy betekint\u00e9si sz\u00f6g, sz\u00e9p sz\u00ednek, kell\u0151en kontrasztos \u00e9s er\u0151sebb naps\u00fct\u00e9sben is j\u00f3l olvashat\u00f3 a kijelz\u0151. Ehhez hozz\u00e1tartozik, hogy a Lenovo egy olyan zsan\u00e9rt v\u00e1lasztott, amivel a kijelz\u0151 panelt 180 fokban ki tudjuk nyitni. A hangtechnika ter\u00e9n sem lesz panaszunk a V130-ra, hiszen egy sztere\u00f3 hangrendszert kaptunk, ami a Dolby Audio&#x2122; technol\u00f3gi\u00e1nak k\u00f6sz\u00f6nhet\u0151en eg\u00e9szen komoly min\u0151s\u00e9g\u0171 hanggal tud meglepni minket. Nyilv\u00e1n az office-multim\u00e9di\u00e1s notebookok ezen a fronton pr\u00f3b\u00e1lnak letenni egy magabiztos teljes\u00edtm\u00e9nyt az asztalra, ha m\u00e1r a gamer er\u0151forr\u00e1st el kellett engedni\u00fck (de err\u0151l majd k\u00e9s\u0151bb). <\/p>\n\n\n\n<p class=\"has-background has-pale-cyan-blue-background-color\"><strong><em>\u00c9rdekelne vide\u00f3s teszt\u00fcnk is a\u00a0<a href=\"https:\/\/www.notebook.hu\/lenovo-v130-15ikb-81hn00jmhv-szurke\">Lenovo V130<\/a>-r\u00f3l? Tess\u00e9k!<\/em><\/strong><\/p>\n\n\n\n<figure class=\"wp-block-embed-youtube wp-block-embed is-type-video is-provider-youtube wp-embed-aspect-16-9 wp-has-aspect-ratio\"><div class=\"wp-block-embed__wrapper\">\n<iframe loading=\"lazy\" title=\"Lenovo V130 Teszt | Office nindzsa\" width=\"618\" height=\"348\" src=\"https:\/\/www.youtube.com\/embed\/5FR0ivDFLn0?feature=oembed\" frameborder=\"0\" allow=\"accelerometer; autoplay; clipboard-write; encrypted-media; gyroscope; picture-in-picture; web-share\" referrerpolicy=\"strict-origin-when-cross-origin\" allowfullscreen><\/iframe>\n<\/div><\/figure>\n\n\n\n<p>A portol\u00e1s \u00e9s adatkapcsolat ter\u00e9n is hozza a megszokottakat a V130, de itt \u00e9rz\u00e9kelhet\u0151 \u2013 feltehet\u0151leg az \u00e1rkateg\u00f3ria miatt \u2013 n\u00e9h\u00e1ny furcs\u00e1bb megold\u00e1s \u00e9s egy komolyabb hi\u00e1nyz\u00f3. A bal oldalra ker\u00fclt a 45W-os t\u00e1pegys\u00e9g r\u00e9sz\u00e9re fenntartott dugasz (avagy t\u00f6lt\u0151-port), az RJ-45-\u00f6s, HDMI \u00e9s USB 3.0-\u00e1s, ami kezdetnek nem lenne rossz, de a jobb oldal ink\u00e1bb csak egy nagy meglepet\u00e9ssel tud szolg\u00e1lni: h\u00f6lgyeim \u00e9s uraim, \u00edme egy DVD-RW meghajt\u00f3! Er\u0151sen kell gondolkodnom, hogy az elm\u00falt k\u00e9t \u00e9vben bemutattam-e olyan g\u00e9pet, amin volt lemezmeghajt\u00f3, \u00edgy egyfajta \u00f6r\u00f6m is egy ilyennel tal\u00e1lkozni, de bevallom az idej\u00e9t sem tudom, mikor haszn\u00e1ltam utolj\u00e1ra pl. telep\u00edt\u0151 lemezt. Mellette helyet kapott m\u00e9g egy USB 3.0 port, egy 3.5-es combo-audio jack csatlakoz\u00f3, valamint egy 4 az 1-ben (MMC, SD, SDHX, SDXC)   k\u00e1rtyaolvas\u00f3 is. Adatkommunik\u00e1ci\u00f3s fronton tal\u00e1lunk egy 802.11 ac-szabv\u00e1ny\u00fa Wi-Fi-rendszert \u00e9s egy Bluetooth 4.1-es portot. A kijelz\u0151 fel\u00e9 kapunk m\u00e9g egy HD Webkamer\u00e1t, ami korrekt \u00e9s el\u00e9g a Skype-besz\u00e9lget\u00e9sekhez, de vlogger karrier\u00fcnkh\u00f6z pr\u00f3b\u00e1ljunk egy \u00f6sszetettebb eszk\u00f6zt keresni.<\/p>\n\n\n\n<figure class=\"wp-block-image\"><img loading=\"lazy\" decoding=\"async\" width=\"1920\" height=\"1080\" data-attachment-id=\"4394\" data-permalink=\"https:\/\/www.notebook.hu\/blog\/lenovo-v130-teszt\/lenovov130_03\/\" data-orig-file=\"https:\/\/www.notebook.hu\/blog\/wp-content\/uploads\/2019\/04\/LenovoV130_03.png\" data-orig-size=\"1920,1080\" data-comments-opened=\"0\" data-image-meta=\"{&quot;aperture&quot;:&quot;0&quot;,&quot;credit&quot;:&quot;&quot;,&quot;camera&quot;:&quot;&quot;,&quot;caption&quot;:&quot;&quot;,&quot;created_timestamp&quot;:&quot;0&quot;,&quot;copyright&quot;:&quot;&quot;,&quot;focal_length&quot;:&quot;0&quot;,&quot;iso&quot;:&quot;0&quot;,&quot;shutter_speed&quot;:&quot;0&quot;,&quot;title&quot;:&quot;&quot;,&quot;orientation&quot;:&quot;0&quot;}\" data-image-title=\"LenovoV130_03\" data-image-description=\"\" data-image-caption=\"\" data-medium-file=\"https:\/\/www.notebook.hu\/blog\/wp-content\/uploads\/2019\/04\/LenovoV130_03-300x169.png\" data-large-file=\"https:\/\/www.notebook.hu\/blog\/wp-content\/uploads\/2019\/04\/LenovoV130_03-1024x576.png\" src=\"https:\/\/i1.wp.com\/www.notebook.hu\/blog\/wp-content\/uploads\/2019\/04\/LenovoV130_03.png?fit=618%2C348&amp;ssl=1\" alt=\"\" class=\"wp-image-4394\" srcset=\"https:\/\/www.notebook.hu\/blog\/wp-content\/uploads\/2019\/04\/LenovoV130_03.png 1920w, https:\/\/www.notebook.hu\/blog\/wp-content\/uploads\/2019\/04\/LenovoV130_03-300x169.png 300w, https:\/\/www.notebook.hu\/blog\/wp-content\/uploads\/2019\/04\/LenovoV130_03-768x432.png 768w, https:\/\/www.notebook.hu\/blog\/wp-content\/uploads\/2019\/04\/LenovoV130_03-1024x576.png 1024w\" sizes=\"auto, (max-width: 1920px) 100vw, 1920px\" \/><\/figure>\n\n\n\n<p><strong>Teljes\u00edtm\u00e9ny: Irodai asszisztens<\/strong><\/p>\n\n\n\n<p>Mit v\u00e1r az ember egy office notebookt\u00f3l? Hogy a \u201esemmi extra feladatokat\u201d teljes\u00edteni tudja. K\u00e9pes legyen arra, hogy a t\u00e1bl\u00e1zatok \u00e9s sz\u00f6veges dokumentumok tenger\u00e9vel megk\u00fczdj\u00f6n, gyorsan bootolva pikk-pakk k\u00e9szen \u00e1lljon \u00e9s a vacsihoz pillanatok alatt bet\u00f6ltse a streamet, vagy egy zenelej\u00e1tsz\u00f3t. Nem szoktunk nagy elv\u00e1r\u00e1sokkal fel\u00e9j\u00fck ford\u00edtani, \u00edgy ha a felsoroltakkal m\u00e1r elb\u00edrnak, azzal t\u00f6k\u00e9letesen el\u00e9gedettek vagyunk. Nos, nem hi\u00e1ba ez a felvezet\u00e9s, ugyanis a Lenovo V130-ra t\u00f6k\u00e9letesen elmondhat\u00f3ak a fentebb olvashat\u00f3 k\u00e9szs\u00e9gek. Az Intel Core i3-6006U processzor az energiatakar\u00e9kos, k\u00f6zepes teljes\u00edtm\u00e9nyt ny\u00fajt\u00f3 lapkak\u00e9szletek sor\u00e1ban foglal helyet. 14 nm-es technol\u00f3gi\u00e1val k\u00e9sz\u00fclt, 2 maggal 4 sz\u00e1lon dolgoz\u00f3 proci, 2Ghz-es maxim\u00e1lis teljes\u00edtm\u00e9nyt tud kipr\u00e9selni mag\u00e1b\u00f3l. &nbsp;A 15W-os fogyaszt\u00e1s\u00fa rendszerchip 3 MB SmartCache-t kapott, valamint az Intel Hyper-Threading \u00e9s SpeedShift technol\u00f3gi\u00e1it a k\u00f6nnyebb multitasking \u00e9rdek\u00e9ben. A grafikus teljes\u00edtm\u00e9nyt egy integr\u00e1lt vide\u00f3vez\u00e9rl\u0151 biztos\u00edtja majd az Intel\u00ae HD Graphics 520 szem\u00e9ly\u00e9ben. Ez a setup m\u00e9g 2x4GB DDR4 2133MHz RAM k\u00eds\u00e9ret\u00e9ben minim\u00e1lis gaming-funkci\u00f3 ell\u00e1t\u00e1s\u00e1ra k\u00e9pes.<\/p>\n\n\n\n<p class=\"has-text-color has-background has-very-light-gray-color has-vivid-red-background-color\"><strong>M\u00c9R\u00c9SEK<\/strong><br><br><strong>3D Mark Benchmark:<\/strong><br>CloudGate: 5 064 &#8211;<a href=\"https:\/\/www.3dmark.com\/3dm\/35285016\">https:\/\/www.3dmark.com\/3dm\/35285016<\/a> <br>SkyDiver: 3 336 &#8211;  <a href=\"https:\/\/www.3dmark.com\/3dm\/35285286\">https:\/\/www.3dmark.com\/3dm\/35285286<\/a> <br><\/p>\n\n\n\n<p>A 2000-es \u00e9vek els\u0151 10 \u00e9v\u00e9b\u0151l b\u00e1trabban v\u00e1logathatunk, hiszen a retro t\u00e9m\u00e1kkal elboldogul majd, de az aktu\u00e1lis AAA-c\u00edmeket m\u00e9g alacsonyabb felbont\u00e1s mellett sem tudn\u00e1 \u00e9lvezhet\u0151en el\u00e9nk t\u00e1rni. Ahogy a teszteken is l\u00e1that\u00f3 a CloudGate \u00e9s a SkyDiver eset\u00e9ben sem ny\u00fajtott l\u00e1tv\u00e1nyos eredm\u00e9nyeket, \u00edgy ink\u00e1bb maradjunk meg a muze\u00e1lisabb \u00e9rt\u00e9k\u0171 c\u00edmekn\u00e9l. T\u00e1rhelynek kaptunk egy 256GB-os SSD-t, amit szem\u00e9ly szerint egy kicsit keveslek \u00f6nmag\u00e1ban. Egy k\u00f6zepesebb m\u00e9ret\u0171 (mondjuk 512-es) HDD-vel egy\u00fctt m\u00e1r el\u00e9gnek mondan\u00e1m, de a 256GB szer\u00e9ny v\u00e9lem\u00e9nyem szerint eg\u00e9szen hamar megpakolhat\u00f3 pl. nagyobb fot\u00f3kkal, vide\u00f3 file-okkal. Akku ter\u00e9n kaptunk egy 2 cell\u00e1s, 30Whr be\u00e9p\u00edtett er\u0151forr\u00e1st, ami a Lenovo \u2013 eg\u00e9szen szer\u00e9ny \u2013 becsl\u00e9sei szerint egyetlen t\u00f6lt\u00e9ssel ak\u00e1r 6 \u00f3r\u00e1n \u00e1t k\u00e9pes m\u0171k\u00f6dni. Ami nagyon szimpatikus, hogy f\u00e9l \u00f3ra alatt 50%-ra tudjuk t\u00f6lteni az energiaforr\u00e1st, \u00edgy \u201evesztett helyzetb\u0151l\u201d hamar egy munkak\u00e9pes vasat tudunk faragni bel\u0151le, egy konnektor \u00e9s a t\u00f6lt\u0151k\u00e1bel seg\u00edts\u00e9g\u00e9vel.<\/p>\n\n\n\n<figure class=\"wp-block-image\"><img loading=\"lazy\" decoding=\"async\" width=\"1920\" height=\"1080\" data-attachment-id=\"4395\" data-permalink=\"https:\/\/www.notebook.hu\/blog\/lenovo-v130-teszt\/lenovov130_02\/\" data-orig-file=\"https:\/\/www.notebook.hu\/blog\/wp-content\/uploads\/2019\/04\/LenovoV130_02.png\" data-orig-size=\"1920,1080\" data-comments-opened=\"0\" data-image-meta=\"{&quot;aperture&quot;:&quot;0&quot;,&quot;credit&quot;:&quot;&quot;,&quot;camera&quot;:&quot;&quot;,&quot;caption&quot;:&quot;&quot;,&quot;created_timestamp&quot;:&quot;0&quot;,&quot;copyright&quot;:&quot;&quot;,&quot;focal_length&quot;:&quot;0&quot;,&quot;iso&quot;:&quot;0&quot;,&quot;shutter_speed&quot;:&quot;0&quot;,&quot;title&quot;:&quot;&quot;,&quot;orientation&quot;:&quot;0&quot;}\" data-image-title=\"LenovoV130_02\" data-image-description=\"\" data-image-caption=\"\" data-medium-file=\"https:\/\/www.notebook.hu\/blog\/wp-content\/uploads\/2019\/04\/LenovoV130_02-300x169.png\" data-large-file=\"https:\/\/www.notebook.hu\/blog\/wp-content\/uploads\/2019\/04\/LenovoV130_02-1024x576.png\" src=\"https:\/\/i1.wp.com\/www.notebook.hu\/blog\/wp-content\/uploads\/2019\/04\/LenovoV130_02.png?fit=618%2C348&amp;ssl=1\" alt=\"\" class=\"wp-image-4395\" srcset=\"https:\/\/www.notebook.hu\/blog\/wp-content\/uploads\/2019\/04\/LenovoV130_02.png 1920w, https:\/\/www.notebook.hu\/blog\/wp-content\/uploads\/2019\/04\/LenovoV130_02-300x169.png 300w, https:\/\/www.notebook.hu\/blog\/wp-content\/uploads\/2019\/04\/LenovoV130_02-768x432.png 768w, https:\/\/www.notebook.hu\/blog\/wp-content\/uploads\/2019\/04\/LenovoV130_02-1024x576.png 1024w\" sizes=\"auto, (max-width: 1920px) 100vw, 1920px\" \/><\/figure>\n\n\n\n<p><strong>\u00d6sszefoglal\u00e1s:<\/strong><\/p>\n\n\n\n<p>Akinek egy megb\u00edzhat\u00f3 munkag\u00e9p kellene, tudja, hogy mit kell keresnie. A Lenovo V130-as olyan kis \u00e9s k\u00f6z\u00e9pv\u00e1llalatoknak j\u00f6het j\u00f3l, akiknek t\u00f6bb mobilis munka\u00e1llom\u00e1sra van sz\u00fcks\u00e9ge, vagy olyan di\u00e1koknak, akik szeretn\u00e9nek egy megb\u00edzhat\u00f3, jegyzetel\u00e9sre (na meg p\u00e1r epiz\u00f3dnyi sorozat, vagy film megn\u00e9z\u00e9s\u00e9re) alkalmas, az irodai feladatokat ell\u00e1tni k\u00e9pes eszk\u00f6zt. Nem extra a megjelen\u00e9s, nem ny\u00fajt \u201egamer\u201d \u00e9lm\u00e9nyt, de nem is \u00edg\u00e9r t\u00f6bbet, mint egy stabil sz\u00fcrke eminenci\u00e1st.<\/p>\n\n\n\n<p class=\"has-background has-pale-cyan-blue-background-color\"><em>Amennyiben megtetszett, webshopunkban megtal\u00e1lhatod a <\/em> <br><strong><em><a href=\"https:\/\/www.notebook.hu\/lenovo-v130-15ikb-81hn00jmhv-szurke\">Lenovo V130<\/a><\/em><\/strong> -a<em>st<\/em><br><\/p>\n\n\n\n<figure class=\"wp-block-image\"><img loading=\"lazy\" decoding=\"async\" width=\"1920\" height=\"1080\" data-attachment-id=\"4396\" data-permalink=\"https:\/\/www.notebook.hu\/blog\/lenovo-v130-teszt\/lenovov130_01\/\" data-orig-file=\"https:\/\/www.notebook.hu\/blog\/wp-content\/uploads\/2019\/04\/LenovoV130_01.png\" data-orig-size=\"1920,1080\" data-comments-opened=\"0\" data-image-meta=\"{&quot;aperture&quot;:&quot;0&quot;,&quot;credit&quot;:&quot;&quot;,&quot;camera&quot;:&quot;&quot;,&quot;caption&quot;:&quot;&quot;,&quot;created_timestamp&quot;:&quot;0&quot;,&quot;copyright&quot;:&quot;&quot;,&quot;focal_length&quot;:&quot;0&quot;,&quot;iso&quot;:&quot;0&quot;,&quot;shutter_speed&quot;:&quot;0&quot;,&quot;title&quot;:&quot;&quot;,&quot;orientation&quot;:&quot;0&quot;}\" data-image-title=\"LenovoV130_01\" data-image-description=\"\" data-image-caption=\"\" data-medium-file=\"https:\/\/www.notebook.hu\/blog\/wp-content\/uploads\/2019\/04\/LenovoV130_01-300x169.png\" data-large-file=\"https:\/\/www.notebook.hu\/blog\/wp-content\/uploads\/2019\/04\/LenovoV130_01-1024x576.png\" src=\"https:\/\/i0.wp.com\/www.notebook.hu\/blog\/wp-content\/uploads\/2019\/04\/LenovoV130_01.png?fit=618%2C348&amp;ssl=1\" alt=\"\" class=\"wp-image-4396\" srcset=\"https:\/\/www.notebook.hu\/blog\/wp-content\/uploads\/2019\/04\/LenovoV130_01.png 1920w, https:\/\/www.notebook.hu\/blog\/wp-content\/uploads\/2019\/04\/LenovoV130_01-300x169.png 300w, https:\/\/www.notebook.hu\/blog\/wp-content\/uploads\/2019\/04\/LenovoV130_01-768x432.png 768w, https:\/\/www.notebook.hu\/blog\/wp-content\/uploads\/2019\/04\/LenovoV130_01-1024x576.png 1024w\" sizes=\"auto, (max-width: 1920px) 100vw, 1920px\" \/><\/figure>\n","protected":false},"excerpt":{"rendered":"<p>Mindenki a szt\u00e1rokra figyel. A h\u00e9tk\u00f6znapok h\u0151sei csak ritk\u00e1n ker\u00fclnek a figyelem k\u00f6z\u00e9ppontj\u00e1ba, de most \u201ekiv\u00e9tel er\u0151s\u00edti a szab\u00e1lyt\u201d alapon egy ilyen munkag\u00e9p ker\u00fcl a c\u00e9lkeresztbe. A Lenovo V130-as tesztben megn\u00e9zz\u00fck, mi\u00e9rt is \u00e9rdemes megismerkedni egy sz\u00fcrke eminenci\u00e1ssal. K\u00fcls\u0151: Stealth mode A Lenovo nem tolta t\u00fal a V130 diz\u00e1jnj\u00e1nak kidolgoz\u00e1s\u00e1t. Sima, egyszer\u0171, sz\u00fcrke, hanyagol mindenf\u00e9le &hellip;<\/p>\n","protected":false},"author":1,"featured_media":4370,"comment_status":"closed","ping_status":"open","sticky":false,"template":"","format":"standard","meta":{"_jetpack_memberships_contains_paid_content":false,"footnotes":""},"categories":[43],"tags":[737,739,738,44,740,741],"class_list":["post-4365","post","type-post","status-publish","format-standard","has-post-thumbnail","","category-tesztek","tag-lenovo-v130","tag-lenovo-v130-bemutato","tag-lenovo-v130-teszt","tag-notebook-laptop","tag-notebook-bemutato","tag-notebook-teszt"],"jetpack_featured_media_url":"https:\/\/www.notebook.hu\/blog\/wp-content\/uploads\/2019\/04\/20190410_lenovov130_blog.png","jetpack_shortlink":"https:\/\/wp.me\/p9xSLL-18p","jetpack_sharing_enabled":true,"_links":{"self":[{"href":"https:\/\/www.notebook.hu\/blog\/wp-json\/wp\/v2\/posts\/4365","targetHints":{"allow":["GET"]}}],"collection":[{"href":"https:\/\/www.notebook.hu\/blog\/wp-json\/wp\/v2\/posts"}],"about":[{"href":"https:\/\/www.notebook.hu\/blog\/wp-json\/wp\/v2\/types\/post"}],"author":[{"embeddable":true,"href":"https:\/\/www.notebook.hu\/blog\/wp-json\/wp\/v2\/users\/1"}],"replies":[{"embeddable":true,"href":"https:\/\/www.notebook.hu\/blog\/wp-json\/wp\/v2\/comments?post=4365"}],"version-history":[{"count":18,"href":"https:\/\/www.notebook.hu\/blog\/wp-json\/wp\/v2\/posts\/4365\/revisions"}],"predecessor-version":[{"id":4413,"href":"https:\/\/www.notebook.hu\/blog\/wp-json\/wp\/v2\/posts\/4365\/revisions\/4413"}],"wp:featuredmedia":[{"embeddable":true,"href":"https:\/\/www.notebook.hu\/blog\/wp-json\/wp\/v2\/media\/4370"}],"wp:attachment":[{"href":"https:\/\/www.notebook.hu\/blog\/wp-json\/wp\/v2\/media?parent=4365"}],"wp:term":[{"taxonomy":"category","embeddable":true,"href":"https:\/\/www.notebook.hu\/blog\/wp-json\/wp\/v2\/categories?post=4365"},{"taxonomy":"post_tag","embeddable":true,"href":"https:\/\/www.notebook.hu\/blog\/wp-json\/wp\/v2\/tags?post=4365"}],"curies":[{"name":"wp","href":"https:\/\/api.w.org\/{rel}","templated":true}]}}