{"id":4318,"date":"2019-04-02T16:43:29","date_gmt":"2019-04-02T14:43:29","guid":{"rendered":"https:\/\/www.notebook.hu\/blog\/?p=4318"},"modified":"2019-04-09T15:31:09","modified_gmt":"2019-04-09T13:31:09","slug":"huawei-p30-pro-teszt","status":"publish","type":"post","link":"https:\/\/www.notebook.hu\/blog\/huawei-p30-pro-teszt\/","title":{"rendered":"Huawei P30 Pro Teszt | A fot\u00f3 kir\u00e1ly"},"content":{"rendered":"\n<figure class=\"wp-block-image is-resized\"><img loading=\"lazy\" decoding=\"async\" data-attachment-id=\"4336\" data-permalink=\"https:\/\/www.notebook.hu\/blog\/huawei-p30-pro-teszt\/huaweip30pro_blog\/\" data-orig-file=\"https:\/\/www.notebook.hu\/blog\/wp-content\/uploads\/2019\/04\/huaweip30pro_blog.jpg\" data-orig-size=\"1200,628\" data-comments-opened=\"0\" data-image-meta=\"{&quot;aperture&quot;:&quot;0&quot;,&quot;credit&quot;:&quot;&quot;,&quot;camera&quot;:&quot;&quot;,&quot;caption&quot;:&quot;&quot;,&quot;created_timestamp&quot;:&quot;0&quot;,&quot;copyright&quot;:&quot;&quot;,&quot;focal_length&quot;:&quot;0&quot;,&quot;iso&quot;:&quot;0&quot;,&quot;shutter_speed&quot;:&quot;0&quot;,&quot;title&quot;:&quot;&quot;,&quot;orientation&quot;:&quot;0&quot;}\" data-image-title=\"huaweip30pro_blog\" data-image-description=\"\" data-image-caption=\"\" data-medium-file=\"https:\/\/www.notebook.hu\/blog\/wp-content\/uploads\/2019\/04\/huaweip30pro_blog-300x157.jpg\" data-large-file=\"https:\/\/www.notebook.hu\/blog\/wp-content\/uploads\/2019\/04\/huaweip30pro_blog-1024x536.jpg\" src=\"https:\/\/www.notebook.hu\/blog\/wp-content\/uploads\/2019\/04\/huaweip30pro_blog-1024x536.jpg\" alt=\"\" class=\"wp-image-4336\" width=\"512\" height=\"268\" srcset=\"https:\/\/www.notebook.hu\/blog\/wp-content\/uploads\/2019\/04\/huaweip30pro_blog-1024x536.jpg 1024w, https:\/\/www.notebook.hu\/blog\/wp-content\/uploads\/2019\/04\/huaweip30pro_blog-300x157.jpg 300w, https:\/\/www.notebook.hu\/blog\/wp-content\/uploads\/2019\/04\/huaweip30pro_blog-768x402.jpg 768w, https:\/\/www.notebook.hu\/blog\/wp-content\/uploads\/2019\/04\/huaweip30pro_blog.jpg 1200w\" sizes=\"auto, (max-width: 512px) 100vw, 512px\" \/><\/figure>\n\n\n\n<p><strong>H\u00e1l\u00e1s id\u0151szak ez nekem. A Samsung cs\u00facstelefonjai, majd egy t\u00f6bb mint korrekt ASUS Zenfone ut\u00e1n m\u00e1ris a Huawei leg\u00fajabb z\u00e1szl\u00f3shaj\u00f3ja landolt n\u00e1lam, annak is a full extr\u00e1s kiad\u00e1sa. A Samsung a motorh\u00e1ztet\u0151 alatt \u00e9s a selfie-oldalon tarolt a piacon\u2026 a Huawei P30 Pro teszt\u00fcnkb\u0151l pedig kider\u00fcl, mit v\u00e1laszoltak erre a k\u00ednaiak. <\/strong><\/p>\n\n\n\n<p><strong>K\u00fcls\u0151 \u00e9s eszk\u00f6z\u00f6k | Csinos \u00e9s fullos<\/strong> <\/p>\n\n\n\n<p>Tepsifon. R\u00f6viden \u00edgy jellemezte az egyik h\u00edrport\u00e1l szerz\u0151je a Huawei P30 Pro-t, \u00e9s ha nem is ez a legeleg\u00e1nsabb jellemz\u00e9s, az biztos, hogy t\u00f6k\u00e9letesen bemutatja a telefon m\u00e9reteit. 158&#215;73.4&#215;8.4 mm-es m\u00e9reteivel a legt\u00f6bbeknek garant\u00e1ltan \u201ek\u00e9t kezes telefon\u201d-k\u00e9nt fog m\u0171k\u00f6dni, a nagyobb kez\u0171eknek is sokszor fog\u00e1sv\u00e1lt\u00e1ssal j\u00e1r majd, hogy bizonyos r\u00e9szeket el\u00e9rjenek a termetes kijelz\u0151n. Formavil\u00e1g ter\u00e9n el\u00e9g er\u0151s a v\u00e1lt\u00e1s a P20-hoz k\u00e9pest, hiszen a Mate 20 Pro-hoz hasonl\u00f3an a hajl\u00edtott \u00fcveg bor\u00edt\u00e1st vette el\u0151 a Huawei, \u00edgy egy fokkal eleg\u00e1nsabb vonalra terelve a P-sz\u00e9ri\u00e1t is. Tetszik, m\u00e1r a Samsungn\u00e1l is bej\u00f6tt ez a jelleg\u0171 megold\u00e1s, ahogy az \u00e9lek \u00e9s az apr\u00f3 r\u00e9szletek kialak\u00edt\u00e1sa is. A fel\u00fclet enyh\u00e9n sikaml\u00f3s \u00e9rzet\u0171, ami a m\u00e9rettel kombin\u00e1lva sokaknak rontja majd a biztons\u00e1g\u00e9rzet\u00e9t (avagy tapasztalhat\u00f3 az \u201eel ne ejtsem\u201d-para faktor n\u00f6veked\u00e9se). El\u0151l-h\u00e1tul \u00fcveg bor\u00edt\u00e1s\u00fa, oldalt alum\u00ednium keretbe csomagolva kapjuk meg a P30 Pro-t, h\u00e1rom sz\u00ednv\u00e1ltozatban: \u00e9jfekete, aur\u00f3ra \u00e9s j\u00e9gkrist\u00e1ly k\u00e9k. N\u00e1lam az Aurora v\u00e1ltozat volt, amit bevallom \u0151szint\u00e9n \u00e9s t\u00f6redelmesen, m\u00e9g mindig nem tartok a legmaszkulinabb megold\u00e1snak (a Mate 20 Pro er\u0151sebb sz\u00ednei valahogy k\u00f6zelebb \u00e1lltak a sz\u00edvemhez). A h\u00e1tuls\u00f3 bor\u00edt\u00e1sb\u00f3l kiemelkedik a kamera-triumvir\u00e1tust k\u00f6r\u00fcl\u00f6lel\u0151 elem, \u00edgy a telefont h\u00e1tlappal az asztalra rakva, n\u00e9mi billeg\u00e9s garant\u00e1ltan tapasztalhat\u00f3 lesz. Porral \u00e9s nedvess\u00e9ggel \u00f3vatosan, a telefon ugyan megfelel az IP68-as szabv\u00e1nynak, \u00e9rdemes nem fejjel az \u00fasz\u00f3medenc\u00e9nek menni, amikor a zseb\u00fcnkben van.  <\/p>\n\n\n\n<figure class=\"wp-block-image\"><img loading=\"lazy\" decoding=\"async\" width=\"1920\" height=\"1080\" data-attachment-id=\"4330\" data-permalink=\"https:\/\/www.notebook.hu\/blog\/huawei-p30-pro-teszt\/huaweip30pro_05\/\" data-orig-file=\"https:\/\/www.notebook.hu\/blog\/wp-content\/uploads\/2019\/04\/HuaweiP30Pro_05.jpg\" data-orig-size=\"1920,1080\" data-comments-opened=\"0\" data-image-meta=\"{&quot;aperture&quot;:&quot;0&quot;,&quot;credit&quot;:&quot;&quot;,&quot;camera&quot;:&quot;&quot;,&quot;caption&quot;:&quot;&quot;,&quot;created_timestamp&quot;:&quot;0&quot;,&quot;copyright&quot;:&quot;&quot;,&quot;focal_length&quot;:&quot;0&quot;,&quot;iso&quot;:&quot;0&quot;,&quot;shutter_speed&quot;:&quot;0&quot;,&quot;title&quot;:&quot;&quot;,&quot;orientation&quot;:&quot;0&quot;}\" data-image-title=\"HuaweiP30Pro_05\" data-image-description=\"\" data-image-caption=\"\" data-medium-file=\"https:\/\/www.notebook.hu\/blog\/wp-content\/uploads\/2019\/04\/HuaweiP30Pro_05-300x169.jpg\" data-large-file=\"https:\/\/www.notebook.hu\/blog\/wp-content\/uploads\/2019\/04\/HuaweiP30Pro_05-1024x576.jpg\" src=\"https:\/\/i0.wp.com\/www.notebook.hu\/blog\/wp-content\/uploads\/2019\/04\/HuaweiP30Pro_05.jpg?fit=618%2C348&amp;ssl=1\" alt=\"\" class=\"wp-image-4330\" srcset=\"https:\/\/www.notebook.hu\/blog\/wp-content\/uploads\/2019\/04\/HuaweiP30Pro_05.jpg 1920w, https:\/\/www.notebook.hu\/blog\/wp-content\/uploads\/2019\/04\/HuaweiP30Pro_05-300x169.jpg 300w, https:\/\/www.notebook.hu\/blog\/wp-content\/uploads\/2019\/04\/HuaweiP30Pro_05-768x432.jpg 768w, https:\/\/www.notebook.hu\/blog\/wp-content\/uploads\/2019\/04\/HuaweiP30Pro_05-1024x576.jpg 1024w\" sizes=\"auto, (max-width: 1920px) 100vw, 1920px\" \/><\/figure>\n\n\n\n<p>&nbsp;A Huawei nem \u00f3vatoskodott, laz\u00e1n belement a legnagyobb screen-to-body, azaz k\u00e9perny\u0151-h\u00e1z ar\u00e1ny versenybe: a 6.47 inches kijelz\u0151 panel mind\u00f6ssze 0.3%-kal maradt alul az S10+-hoz k\u00e9pest, \u00edgy igencsak impoz\u00e1ns l\u00e1tv\u00e1ny, amikor el\u0151sz\u00f6r felvillan a nyit\u00f3 k\u00e9p a P30 Pro-n. A k\u00e9perny\u0151 FullHD+ felbont\u00e1s\u00fa, 1080&#215;2340 pixeles, 19.5:9-es k\u00e9par\u00e1nnyal \u00e9s HDR10 t\u00e1mogat\u00e1ssal. 16 milli\u00f3 sz\u00ednt kezelni k\u00e9pes OLED-panelr\u0151l besz\u00e9l\u00fcnk, ami fergeteges l\u00e1tv\u00e1nyt biztos\u00edt, legyen sz\u00f3 filmekr\u0151l, vagy j\u00e1t\u00e9kokr\u00f3l. A sz\u00ednek gy\u00f6ny\u00f6r\u0171ek, kell\u0151en kontrasztosak \u00e9s a fekete az OLED-b\u0151l ad\u00f3d\u00f3an hib\u00e1tlan, a 399 ppi-s pixels\u0171r\u0171s\u00e9g\u0171 egys\u00e9gen. A k\u00f6nnycsepp alak\u00fa notch szinte alig vesz el valamennyi teret a kijelz\u0151t\u0151l, \u00edgy aki irt\u00f3zott a \u201ebeharap\u00e1sokt\u00f3l\u201d, tal\u00e1n ezen a telefonon fogja majd a legkev\u00e9sb\u00e9 zavarni. Portol\u00e1s tekintet\u00e9ben egy hi\u00e1nyz\u00f3nk van a 3.5-es jack csatlakoz\u00f3 szem\u00e9ly\u00e9ben (a Huawei a cs\u00facsmobilj\u00e1n\u00e1l ny\u00edltan a Bluetooth technol\u00f3gi\u00e1s f\u00fclesek fel\u00e9 terel). Alul egy USB Type-C csatlakoz\u00f3t tal\u00e1lunk, amin kereszt\u00fcl nem csak az adat\u00e1raml\u00e1s, de a t\u00f6lt\u00e9s is igaz\u00e1n gyors lehet: a Huawei alkalmazza a SuperCharge t\u00f6lt\u0151j\u00e9t, amivel 40W-nyi kraftot kaphat a telefon, ami kb. 30 perc alatt h\u00fazza fel 70%-ra a t\u00f6lt\u00f6tts\u00e9gi mutat\u00f3t. Emellett a telefon t\u00e1mogatja a vezet\u00e9k n\u00e9lk\u00fcli t\u00f6lt\u00e9st is, 15W-on. A hangrendszer tekintet\u00e9ben is igyekezett \u00fajat ny\u00fajtani a P30 Pro, ugyanis alkalmazz\u00e1k a HUAWEI Acoustic Display technol\u00f3gi\u00e1t, ami egy elektrom\u00e1gneses egys\u00e9g seg\u00edts\u00e9g\u00e9vel, a kijelz\u0151 vibr\u00e1ltat\u00e1s\u00e1n kereszt\u00fcl juttatja el a hangot a f\u00fcl\u00fcnkbe. Biztons\u00e1gra sem lehet panaszunk, hiszen itt is kapunk arcfelismer\u00e9st, valamint a kijelz\u0151be \u00e9p\u00edtett ujjlenyomat-olvas\u00f3t. Ut\u00f3bbi kell\u0151en pontos volt, \u00edgy \u00e9n ezt haszn\u00e1ltam v\u00e9gig a tesztid\u0151szak alatt. Hibrid Dual-SIM rendszert kaptunk, h\u00e1la a telefon alj\u00e1n l\u00e9v\u0151 SIM-t\u00e1lc\u00e1nak (Nano-SIM-es a telefon), ugyanitt egy nano SD-k\u00e1rty\u00e1val 256GB-ot adhatunk m\u00e9g t\u00e1rhelyk\u00e9nt a telefonunkhoz. Adatkapcsolat ter\u00e9n van Bluetooth 5.0-\u00e1s, 802.11 a\/b\/g\/n\/ac szabv\u00e1ny\u00fa WiFi, GPS, GALILEO-t\u00e1mogat\u00e1ssal \u00e9s infrav\u00f6r\u00f6s port is. <\/p>\n\n\n\n<figure class=\"wp-block-image\"><img loading=\"lazy\" decoding=\"async\" width=\"1920\" height=\"1080\" data-attachment-id=\"4334\" data-permalink=\"https:\/\/www.notebook.hu\/blog\/huawei-p30-pro-teszt\/huaweip30pro_03\/\" data-orig-file=\"https:\/\/www.notebook.hu\/blog\/wp-content\/uploads\/2019\/04\/HuaweiP30Pro_03.jpg\" data-orig-size=\"1920,1080\" data-comments-opened=\"0\" data-image-meta=\"{&quot;aperture&quot;:&quot;0&quot;,&quot;credit&quot;:&quot;&quot;,&quot;camera&quot;:&quot;&quot;,&quot;caption&quot;:&quot;&quot;,&quot;created_timestamp&quot;:&quot;0&quot;,&quot;copyright&quot;:&quot;&quot;,&quot;focal_length&quot;:&quot;0&quot;,&quot;iso&quot;:&quot;0&quot;,&quot;shutter_speed&quot;:&quot;0&quot;,&quot;title&quot;:&quot;&quot;,&quot;orientation&quot;:&quot;0&quot;}\" data-image-title=\"HuaweiP30Pro_03\" data-image-description=\"\" data-image-caption=\"\" data-medium-file=\"https:\/\/www.notebook.hu\/blog\/wp-content\/uploads\/2019\/04\/HuaweiP30Pro_03-300x169.jpg\" data-large-file=\"https:\/\/www.notebook.hu\/blog\/wp-content\/uploads\/2019\/04\/HuaweiP30Pro_03-1024x576.jpg\" src=\"https:\/\/i0.wp.com\/www.notebook.hu\/blog\/wp-content\/uploads\/2019\/04\/HuaweiP30Pro_03.jpg?fit=618%2C348&amp;ssl=1\" alt=\"\" class=\"wp-image-4334\" srcset=\"https:\/\/www.notebook.hu\/blog\/wp-content\/uploads\/2019\/04\/HuaweiP30Pro_03.jpg 1920w, https:\/\/www.notebook.hu\/blog\/wp-content\/uploads\/2019\/04\/HuaweiP30Pro_03-300x169.jpg 300w, https:\/\/www.notebook.hu\/blog\/wp-content\/uploads\/2019\/04\/HuaweiP30Pro_03-768x432.jpg 768w, https:\/\/www.notebook.hu\/blog\/wp-content\/uploads\/2019\/04\/HuaweiP30Pro_03-1024x576.jpg 1024w\" sizes=\"auto, (max-width: 1920px) 100vw, 1920px\" \/><\/figure>\n\n\n\n<p class=\"has-background has-pale-cyan-blue-background-color\"><strong><em>\u00c9rdekelne vide\u00f3s teszt\u00fcnk is a Huawei P30 Pro-r\u00f3l? Tess\u00e9k!<\/em><\/strong><\/p>\n\n\n\n<figure><iframe loading=\"lazy\" width=\"560\" height=\"315\" src=\"https:\/\/www.youtube.com\/embed\/zDTtlXQ-Mqc\" allowfullscreen=\"\"><\/iframe><\/figure>\n\n\n\n<p><strong>Teljes\u00edtm\u00e9ny | Senna \u00e9s Hunt<\/strong><\/p>\n\n\n\n<p>Rettent\u0151en izgalmas l\u00e1tni, hogy a Huawei \u00e9s a Samsung mennyire leosztott\u00e1k egym\u00e1s k\u00f6zt a priorit\u00e1sokat. Mintha mindkett\u0151 megtal\u00e1lta volna azt, hogy miben akar er\u0151s lenni, ezzel m\u00e9gis megtartva a holtversenyt a piacon: hol az egyik emelkedik ki, hol a m\u00e1sik. Nagyj\u00e1b\u00f3l olyan csata ez, k\u00e9t k\u00fcl\u00f6nb\u00f6z\u0151 pil\u00f3ta k\u00f6z\u00f6tt, mint amit a Hajsza a gy\u0151zelem\u00e9rt-ben l\u00e1thattunk (m\u00faltkor Shaq, most Lauda\u2026 ilyen sportos hangulatban vagyok). A 7nm-es technol\u00f3gi\u00e1val k\u00e9sz\u00fclt HiSilicon Kirin 980-as processzor hib\u00e1tlan er\u0151forr\u00e1s-v\u00e1laszt\u00e1snak bizonyult a Huawei r\u00e9sz\u00e9r\u0151l. Akad\u00e1s mentes, sima fut\u00e1s, legyen sz\u00f3 az appok k\u00f6zti v\u00e1lt\u00e1sokr\u00f3l, j\u00e1t\u00e9kok futtat\u00e1s\u00e1r\u00f3l, netes b\u00f6ng\u00e9sz\u00e9sr\u0151l, vagy b\u00e1rmir\u0151l, ami eszembe jutott a tesztid\u0151szak alatt. A 8 magos k\u00e9szlet 2 darab 2.6 GHz-es Cortex-A76-osb\u00f3l, 2 darab 1.92 GHz-es Cortex-A76-osb\u00f3l \u00e9s 4 darab 1.8 GHz Cortex-A55-\u00f6sb\u0151l tev\u0151dik \u00f6ssze, amiket m\u00e9g kieg\u00e9sz\u00edti egy Mali-G76 MP10 grafikus vez\u00e9rl\u0151 is. Az Android alapokra \u00e9p\u00fcl\u0151 EMUI 9.1-es rendszer sz\u00e9pen futott rajta, nyilv\u00e1n a friss rendszer k\u00e9nyelmi \u00e9s eg\u00e9szs\u00e9g\u00fcgyi funkci\u00f3ival, mint p\u00e9ld\u00e1ul a \u201ek\u00e9perny\u0151 el\u0151tt t\u00f6lt\u00f6tt id\u0151\u201d monitoroz\u00e1sa. A teljes\u00edtm\u00e9nyteszteken kiemelked\u0151 eredm\u00e9nyeket \u00e9rt el, de tal\u00e1n nem annyira leny\u0171g\u00f6z\u0151eket, mint az S-sz\u00e9ria darabjai. AnTuTu-ban \u00e1tlagosan a kor\u00e1bbi m\u00e9r\u00e9sek 70-75%-\u00e1n\u00e1l volt jobb a P30Pro, m\u00edg a Geekbenches \u00e9s 3DMark-os m\u00e9r\u00e9sekn\u00e9l a 75-80%-os mutat\u00f3t hozt\u00e1k. Ennek ellen\u00e9re, ahogy m\u00e1r kor\u00e1bban is \u00edrtam, a j\u00e1t\u00e9kok mindenf\u00e9le probl\u00e9ma n\u00e9lk\u00fcl futottak rajta, legyen sz\u00f3 a Darkness: Rises-r\u00f3l, a gy\u00f6ny\u00f6r\u0171 aut\u00f3s j\u00e1t\u00e9kr\u00f3l, az Asphalt 9-r\u0151l, vagy a Mortal Kombatr\u00f3l. <\/p>\n\n\n\n<p class=\"has-text-color has-background has-very-light-gray-color has-vivid-red-background-color\"><strong>TESZTEK<\/strong><br><strong>AnTuTu Benchmark<\/strong><br>\u2013 279727 pont&nbsp;<br><strong>3D Mark<\/strong><br>\u2013 Sling Shot Extreme \u2013 Open GL: 3560 pont<br>\u2013 Sling Shot Extreme \u2013 Vulkan: 4518 pont<br><strong>Geekbench 4<\/strong><br>\u2013 Single Core: 3283 pont<br>\u2013 Multi Core: 9528 <\/p>\n\n\n\n<p>Enn\u00e9l a blokkn\u00e1l fontos m\u00e9g megjegyezni a mem\u00f3ria \u00e9s a t\u00e1rhely mennyis\u00e9g\u00e9t: a 256 GB-os v\u00e1ltozat teljesen kiel\u00e9g\u00edt\u0151 mennyis\u00e9g\u0171 t\u00e1rhelyet biztos\u00edt sz\u00e1munkra \u2013 b\u00e1r ilyenkor akaratlanul is \u00e1tsand\u00edtunk az 1 terr\u00e1s S10+-ra \u2013 illetve 8GB RAM-ot is kaptunk, ami egy flagship kateg\u00f3ri\u00e1s telefont\u00f3l elv\u00e1rhat\u00f3 (\u00e9s \u00f6r\u00fcl\u00fcnk is neki). L\u00e9v\u00e9n egy m\u00e9retes telefonr\u00f3l besz\u00e9l\u00fcnk, ami er\u0151s processzort \u2013 \u00e9s ez\u00e1ltal sok munk\u00e1t is val\u00f3sz\u00edn\u0171leg \u2013 kapott, t\u00e9rj\u00fcnk r\u00e1 az akku-kapacit\u00e1sra. Az er\u0151forr\u00e1sk\u00e9nt szolg\u00e1l\u00f3 4200 mAh-s akkumul\u00e1tor nagyj\u00e1b\u00f3l 2 napos \u00fczemid\u0151t b\u00edr magabiztosan, a 2,5-3 nap\u00e9rt m\u00e1r egy kicsit \u00f3vatosabban kell k\u00f6zel\u00edteni. Ekkora kijelz\u0151n, ezzel a teljes\u00edtm\u00e9nnyel persze ez az eredm\u00e9ny is abszol\u00fat j\u00f3, s ha azt is bekalkul\u00e1ljuk, hogy a szupergyors t\u00f6lt\u00e9ssel ez 30 perc alatt visszat\u00f6lthet\u0151. <\/p>\n\n\n\n<figure class=\"wp-block-image\"><img loading=\"lazy\" decoding=\"async\" width=\"1920\" height=\"1080\" data-attachment-id=\"4331\" data-permalink=\"https:\/\/www.notebook.hu\/blog\/huawei-p30-pro-teszt\/huaweip30pro_02\/\" data-orig-file=\"https:\/\/www.notebook.hu\/blog\/wp-content\/uploads\/2019\/04\/HuaweiP30Pro_02.jpg\" data-orig-size=\"1920,1080\" data-comments-opened=\"0\" data-image-meta=\"{&quot;aperture&quot;:&quot;0&quot;,&quot;credit&quot;:&quot;&quot;,&quot;camera&quot;:&quot;&quot;,&quot;caption&quot;:&quot;&quot;,&quot;created_timestamp&quot;:&quot;0&quot;,&quot;copyright&quot;:&quot;&quot;,&quot;focal_length&quot;:&quot;0&quot;,&quot;iso&quot;:&quot;0&quot;,&quot;shutter_speed&quot;:&quot;0&quot;,&quot;title&quot;:&quot;&quot;,&quot;orientation&quot;:&quot;0&quot;}\" data-image-title=\"HuaweiP30Pro_02\" data-image-description=\"\" data-image-caption=\"\" data-medium-file=\"https:\/\/www.notebook.hu\/blog\/wp-content\/uploads\/2019\/04\/HuaweiP30Pro_02-300x169.jpg\" data-large-file=\"https:\/\/www.notebook.hu\/blog\/wp-content\/uploads\/2019\/04\/HuaweiP30Pro_02-1024x576.jpg\" src=\"https:\/\/i0.wp.com\/www.notebook.hu\/blog\/wp-content\/uploads\/2019\/04\/HuaweiP30Pro_02.jpg?fit=618%2C348&amp;ssl=1\" alt=\"\" class=\"wp-image-4331\" srcset=\"https:\/\/www.notebook.hu\/blog\/wp-content\/uploads\/2019\/04\/HuaweiP30Pro_02.jpg 1920w, https:\/\/www.notebook.hu\/blog\/wp-content\/uploads\/2019\/04\/HuaweiP30Pro_02-300x169.jpg 300w, https:\/\/www.notebook.hu\/blog\/wp-content\/uploads\/2019\/04\/HuaweiP30Pro_02-768x432.jpg 768w, https:\/\/www.notebook.hu\/blog\/wp-content\/uploads\/2019\/04\/HuaweiP30Pro_02-1024x576.jpg 1024w\" sizes=\"auto, (max-width: 1920px) 100vw, 1920px\" \/><\/figure>\n\n\n\n<p><strong>Kamera | Egyeduralkod\u00f3<\/strong><\/p>\n\n\n\n<p>Ez az a front, amit csont n\u00e9lk\u00fcl vitt el a Huawei. B\u00e1r a Samsung \u2013 s eln\u00e9z\u00e9st a sok hasonlat\u00e9rt, de a flagship telefonokat akarva, akaratlanul m\u00e9rn\u00fcnk kell egym\u00e1shoz \u2013 is odatette id\u00e9n, a k\u00ednaiak ezt a versenysz\u00e1mot sim\u00e1n vitt\u00e9k. Az el\u0151lapra ker\u00fclt egy 32MP kamera, ami a kijelz\u0151t haszn\u00e1lja m\u00e9retes LED-villan\u00f3k\u00e9nt majd a s\u00f6t\u00e9tben. K\u00e9pmin\u0151s\u00e9g szempontj\u00e1b\u00f3l neh\u00e9z belek\u00f6tni, megkapta a beauty m\u00f3dot \u00e9s a bokeh-effekteket, amit m\u00e1r a Mate 20 Pro is elhozott nek\u00fcnk. Sz\u00e9p k\u00e9p, remek sz\u00ednkezel\u00e9ssel \u00e9s korrekt blur-\u00f6z\u00e9ssel. Az el\u0151lap meggy\u0151z\u0151, a h\u00e1toldal viszont \u00e1lleejt\u0151sre sikeredett: a rendszer \u00e1ll egy 40, egy 20 \u00e9s egy 8MP-es h\u00e1tlapi lencs\u00e9k mellett egy k\u00e9tt\u00f3nus\u00fa LED villan\u00f3t \u00e9s sz\u00ednh\u0151m\u00e9rs\u00e9klet \u00e9rz\u00e9kel\u0151t is tal\u00e1lhatunk. A r\u00e9szletekbe belemenve, a f\u0151 lencse 40 MP-es, f\/1.6-as rekesszel \u00e9s 27mm-es optik\u00e1val (wide), 1\/1.7&#8243;, PDAF aut\u00f3f\u00f3kusszal; \u0151t k\u00f6veti a 20 MP-es, f\/2.2, 16mm-es, ultrasz\u00e9les l\u00e1t\u00f3sz\u00f6g\u0171 lencse, valamint a periszk\u00f3pos telefot\u00f3 lencse \u00f6tsz\u00f6r\u00f6s optikai, t\u00edzszeres hibrid \u00e9s \u00f6tven(!)szeres digit\u00e1lis zoommal. Emellett ott van m\u00e9g a TOF-lencse, ami a f\u00f3kusz\u00e1l\u00e1s \u00e9s a m\u00e9lys\u00e9g\u00e9less\u00e9g finom\u00edt\u00e1s\u00e1ban fog beseg\u00edteni a telefonnak (ez a h\u00e1rom kamer\u00e1t\u00f3l balra, a LED-villan\u00f3 alatt van).<\/p>\n\n\n\n<figure class=\"wp-block-image\"><img loading=\"lazy\" decoding=\"async\" width=\"1920\" height=\"1080\" data-attachment-id=\"4332\" data-permalink=\"https:\/\/www.notebook.hu\/blog\/huawei-p30-pro-teszt\/huaweip30pro_04\/\" data-orig-file=\"https:\/\/www.notebook.hu\/blog\/wp-content\/uploads\/2019\/04\/HuaweiP30Pro_04.jpg\" data-orig-size=\"1920,1080\" data-comments-opened=\"0\" data-image-meta=\"{&quot;aperture&quot;:&quot;0&quot;,&quot;credit&quot;:&quot;&quot;,&quot;camera&quot;:&quot;&quot;,&quot;caption&quot;:&quot;&quot;,&quot;created_timestamp&quot;:&quot;0&quot;,&quot;copyright&quot;:&quot;&quot;,&quot;focal_length&quot;:&quot;0&quot;,&quot;iso&quot;:&quot;0&quot;,&quot;shutter_speed&quot;:&quot;0&quot;,&quot;title&quot;:&quot;&quot;,&quot;orientation&quot;:&quot;0&quot;}\" data-image-title=\"HuaweiP30Pro_04\" data-image-description=\"\" data-image-caption=\"\" data-medium-file=\"https:\/\/www.notebook.hu\/blog\/wp-content\/uploads\/2019\/04\/HuaweiP30Pro_04-300x169.jpg\" data-large-file=\"https:\/\/www.notebook.hu\/blog\/wp-content\/uploads\/2019\/04\/HuaweiP30Pro_04-1024x576.jpg\" src=\"https:\/\/i0.wp.com\/www.notebook.hu\/blog\/wp-content\/uploads\/2019\/04\/HuaweiP30Pro_04.jpg?fit=618%2C348&amp;ssl=1\" alt=\"\" class=\"wp-image-4332\" srcset=\"https:\/\/www.notebook.hu\/blog\/wp-content\/uploads\/2019\/04\/HuaweiP30Pro_04.jpg 1920w, https:\/\/www.notebook.hu\/blog\/wp-content\/uploads\/2019\/04\/HuaweiP30Pro_04-300x169.jpg 300w, https:\/\/www.notebook.hu\/blog\/wp-content\/uploads\/2019\/04\/HuaweiP30Pro_04-768x432.jpg 768w, https:\/\/www.notebook.hu\/blog\/wp-content\/uploads\/2019\/04\/HuaweiP30Pro_04-1024x576.jpg 1024w\" sizes=\"auto, (max-width: 1920px) 100vw, 1920px\" \/><\/figure>\n\n\n\n<p>Szoftveresen \u00f3ri\u00e1si a v\u00e1laszt\u00e9k, hogy milyen k\u00e9pet szeretn\u00e9nk k\u00e9sz\u00edteni (a standard Panor\u00e1ma, HDR mellett ott a 720p960FPS-es szuperlass\u00edt\u00e1s, f\u00e9nyfest\u00e9s \u00e9s m\u00e9g sok egy\u00e9b finoms\u00e1g, na meg a PRO m\u00f3d be\u00e1ll\u00edt\u00e1sai), de ha nem szeretn\u00e9nk a be\u00e1ll\u00edt\u00e1sokkal sz\u00f6szm\u00f6t\u00f6lni, akkor b\u00edzzunk magunkat az AI-ra, ami a kamera \u00e1ltal l\u00e1tott k\u00e9p szerint sk\u00e1l\u00e1zza alak\u00edtja az \u00e9rt\u00e9keket. El\u00e9rhet\u0151 a szupermakr\u00f3 m\u00f3d, amivel az apr\u00f3 \u00fcl\u00e9ssz\u00f6szt is a lehet\u0151 legr\u00e9szletesebben l\u00e1thatjuk, a sz\u00e9les l\u00e1t\u00f3sz\u00f6g\u0171 m\u00f3d, ahol ugyan van n\u00e9mi min\u0151s\u00e9groml\u00e1s a sz\u00e9leken, de \u00e1ltala sokkal t\u00f6bbet mutathatunk egy k\u00e9pen, mint alap\u00e1ll\u00e1sban. Igaz\u00e1n nagyot este megy a telefon, na meg az \u00faj zoom-rendszernek h\u00e1la. Az \u00f6tsz\u00f6r\u00f6s optikai \u00e9s t\u00edzszeres hibrid-zoom a legjobb zoom-rendszer, amit okostelefonban megtal\u00e1lhatunk, m\u00e9g gyeng\u00e9bb f\u00e9nyk\u00f6r\u00fclm\u00e9nyek k\u00f6zt is k\u00e9pes r\u00e9szletes fot\u00f3kat produk\u00e1lni. Visszaugorva az esti be\u00e1ll\u00edt\u00e1sokra, m\u00e1r az alap, automata fot\u00f3 m\u00f3dban is \u00e9les \u00e9s r\u00e9szletes k\u00e9peket produk\u00e1l a kamera, de esti m\u00f3duszban m\u00e9g a legapr\u00f3bb f\u00e9nyforr\u00e1sok k\u00f6zrem\u0171k\u00f6d\u00e9s\u00e9vel is k\u00e9pes megt\u00f6lteni \u00e9lettel a k\u00e9pet. K\u00e9zb\u0151l haszn\u00e1lva is \u00e9rt\u00e9kelhet\u0151 fot\u00f3kat l\u0151het\u00fcnk vele, ugyan a mozg\u00f3 testekkel m\u00e1r nem igaz\u00e1n tud ekkor mit kezdeni, de ez m\u00e1r \u00edgy is t\u00f6bb l\u00e9pcs\u0151vel afelett van, amit eddig a piac tudott. Ha valamilyen kritik\u00e1t meg lehet vele kapcsolatban fogalmazni az az, hogy n\u00e9ha t\u00faltolja a HDR effektust, az el\u0151lapi kamera pedig \u201emegrekedt\u201d a 1080p-n\u00e9l, h\u00e1tlapon pedig \u201ecsak\u201d 4K30FPS el\u00e9rhet\u0151. Ez ut\u00f3bbi nem kritika, ink\u00e1bb csak \u00f6sszehasonl\u00edt\u00e1s a vet\u00e9lyt\u00e1rssal. &nbsp;<\/p>\n\n\n\n<p><strong>\u00d6sszefoglal\u00e1s.<\/strong> T\u00f6k\u00e9letes telefon tov\u00e1bbra sem l\u00e9tezik. K\u00f6zel van hozz\u00e1 a Samsung \u00e9s a mai teszt alapj\u00e1n a Huawei is. Persze, a t\u00f6k\u00e9letess\u00e9g nem univerz\u00e1lis fogalom, de azzal a teljes\u00edtm\u00e9nnyel, amit a Huawei a P30 PRO-ba rejtett \u00e9s azzal a kamera-rendszerrel, ami a h\u00e1tlapj\u00e1n figyel\u2026 nos egy \u00fajabb l\u00e9p\u00e9st tett\u00fcnk fel\u00e9. Persze, az \u00e1rc\u00e9dula, ahogy a legt\u00f6bb flagship term\u00e9kn\u00e9l, majd sz\u00farja az emberek szem\u00e9t, de ne feledj\u00fck, nem kisp\u00e1ly\u00e1s telefont kapunk, ami ak\u00e1r egy t\u00f6bb \u00e9ves, min\u0151s\u00e9gi befektet\u00e9s is lehet.<\/p>\n\n\n\n<p class=\"has-background has-pale-cyan-blue-background-color\"><em>Amennyiben megtetszett, webshopunkban megtal\u00e1lhatod a <strong><a href=\"https:\/\/www.notebook.hu\/huawei-p30-pro-dualsim-256gb-aurora-kek\">Huawei P30 Pro<\/a><\/strong>-t<\/em><br><\/p>\n\n\n\n<figure class=\"wp-block-image\"><img loading=\"lazy\" decoding=\"async\" width=\"1920\" height=\"1080\" data-attachment-id=\"4333\" data-permalink=\"https:\/\/www.notebook.hu\/blog\/huawei-p30-pro-teszt\/huaweip30pro_01\/\" data-orig-file=\"https:\/\/www.notebook.hu\/blog\/wp-content\/uploads\/2019\/04\/HuaweiP30Pro_01.jpg\" data-orig-size=\"1920,1080\" data-comments-opened=\"0\" data-image-meta=\"{&quot;aperture&quot;:&quot;0&quot;,&quot;credit&quot;:&quot;&quot;,&quot;camera&quot;:&quot;&quot;,&quot;caption&quot;:&quot;&quot;,&quot;created_timestamp&quot;:&quot;0&quot;,&quot;copyright&quot;:&quot;&quot;,&quot;focal_length&quot;:&quot;0&quot;,&quot;iso&quot;:&quot;0&quot;,&quot;shutter_speed&quot;:&quot;0&quot;,&quot;title&quot;:&quot;&quot;,&quot;orientation&quot;:&quot;0&quot;}\" data-image-title=\"HuaweiP30Pro_01\" data-image-description=\"\" data-image-caption=\"\" data-medium-file=\"https:\/\/www.notebook.hu\/blog\/wp-content\/uploads\/2019\/04\/HuaweiP30Pro_01-300x169.jpg\" data-large-file=\"https:\/\/www.notebook.hu\/blog\/wp-content\/uploads\/2019\/04\/HuaweiP30Pro_01-1024x576.jpg\" src=\"https:\/\/i2.wp.com\/www.notebook.hu\/blog\/wp-content\/uploads\/2019\/04\/HuaweiP30Pro_01.jpg?fit=618%2C348&amp;ssl=1\" alt=\"\" class=\"wp-image-4333\" srcset=\"https:\/\/www.notebook.hu\/blog\/wp-content\/uploads\/2019\/04\/HuaweiP30Pro_01.jpg 1920w, https:\/\/www.notebook.hu\/blog\/wp-content\/uploads\/2019\/04\/HuaweiP30Pro_01-300x169.jpg 300w, https:\/\/www.notebook.hu\/blog\/wp-content\/uploads\/2019\/04\/HuaweiP30Pro_01-768x432.jpg 768w, https:\/\/www.notebook.hu\/blog\/wp-content\/uploads\/2019\/04\/HuaweiP30Pro_01-1024x576.jpg 1024w\" sizes=\"auto, (max-width: 1920px) 100vw, 1920px\" \/><\/figure>\n","protected":false},"excerpt":{"rendered":"<p>H\u00e1l\u00e1s id\u0151szak ez nekem. A Samsung cs\u00facstelefonjai, majd egy t\u00f6bb mint korrekt ASUS Zenfone ut\u00e1n m\u00e1ris a Huawei leg\u00fajabb z\u00e1szl\u00f3shaj\u00f3ja landolt n\u00e1lam, annak is a full extr\u00e1s kiad\u00e1sa. A Samsung a motorh\u00e1ztet\u0151 alatt \u00e9s a selfie-oldalon tarolt a piacon\u2026 a Huawei P30 Pro teszt\u00fcnkb\u0151l pedig kider\u00fcl, mit v\u00e1laszoltak erre a k\u00ednaiak. K\u00fcls\u0151 \u00e9s eszk\u00f6z\u00f6k | &hellip;<\/p>\n","protected":false},"author":1,"featured_media":4336,"comment_status":"closed","ping_status":"open","sticky":false,"template":"","format":"standard","meta":{"_jetpack_memberships_contains_paid_content":false,"footnotes":""},"categories":[43],"tags":[58,726,723,725,724],"class_list":["post-4318","post","type-post","status-publish","format-standard","has-post-thumbnail","","category-tesztek","tag-huawei","tag-huawei-p30-pro","tag-huawei-p30-pro-teszt","tag-huawei-teszt","tag-p30-pro"],"jetpack_featured_media_url":"https:\/\/www.notebook.hu\/blog\/wp-content\/uploads\/2019\/04\/huaweip30pro_blog.jpg","jetpack_shortlink":"https:\/\/wp.me\/p9xSLL-17E","jetpack_sharing_enabled":true,"_links":{"self":[{"href":"https:\/\/www.notebook.hu\/blog\/wp-json\/wp\/v2\/posts\/4318","targetHints":{"allow":["GET"]}}],"collection":[{"href":"https:\/\/www.notebook.hu\/blog\/wp-json\/wp\/v2\/posts"}],"about":[{"href":"https:\/\/www.notebook.hu\/blog\/wp-json\/wp\/v2\/types\/post"}],"author":[{"embeddable":true,"href":"https:\/\/www.notebook.hu\/blog\/wp-json\/wp\/v2\/users\/1"}],"replies":[{"embeddable":true,"href":"https:\/\/www.notebook.hu\/blog\/wp-json\/wp\/v2\/comments?post=4318"}],"version-history":[{"count":14,"href":"https:\/\/www.notebook.hu\/blog\/wp-json\/wp\/v2\/posts\/4318\/revisions"}],"predecessor-version":[{"id":4340,"href":"https:\/\/www.notebook.hu\/blog\/wp-json\/wp\/v2\/posts\/4318\/revisions\/4340"}],"wp:featuredmedia":[{"embeddable":true,"href":"https:\/\/www.notebook.hu\/blog\/wp-json\/wp\/v2\/media\/4336"}],"wp:attachment":[{"href":"https:\/\/www.notebook.hu\/blog\/wp-json\/wp\/v2\/media?parent=4318"}],"wp:term":[{"taxonomy":"category","embeddable":true,"href":"https:\/\/www.notebook.hu\/blog\/wp-json\/wp\/v2\/categories?post=4318"},{"taxonomy":"post_tag","embeddable":true,"href":"https:\/\/www.notebook.hu\/blog\/wp-json\/wp\/v2\/tags?post=4318"}],"curies":[{"name":"wp","href":"https:\/\/api.w.org\/{rel}","templated":true}]}}