{"id":4315,"date":"2019-04-01T14:44:15","date_gmt":"2019-04-01T12:44:15","guid":{"rendered":"https:\/\/www.notebook.hu\/blog\/?p=4315"},"modified":"2019-04-01T14:44:20","modified_gmt":"2019-04-01T12:44:20","slug":"huawei-p30-es-p30-pro-megerkezett","status":"publish","type":"post","link":"https:\/\/www.notebook.hu\/blog\/huawei-p30-es-p30-pro-megerkezett\/","title":{"rendered":"HUAWEI P30 \u00e9s P30 Pro &#8211; MEG\u00c9RKEZETT!"},"content":{"rendered":"\n<p>V\u00e1s\u00e1rold meg az els\u0151k k\u00f6z\u00f6tt a leg\u00fajabb Huawei cs\u00facstelefont, \u00e9s egy Watch GT active sport\u00f3r\u00e1t kapsz r\u00e1ad\u00e1sk\u00e9nt!*<br>Amennyiben \u00e1prilis 15-ig beregisztr\u00e1lod k\u00e9sz\u00fcl\u00e9ked a Hicare applik\u00e1ci\u00f3ban, \u00fagy 3 h\u00f3nap kijelz\u0151 garanci\u00e1t is kapsz hozz\u00e1.*<br>Kamatmentes r\u00e9szletfizet\u00e9s! 0% THM akci\u00f3nkkal most m\u00e9g k\u00f6nnyebben, ak\u00e1r 18 havi r\u00e9szletre** is beszerezheted.<br>Tov\u00e1bbi r\u00e9szletek \u00e9s rendel\u00e9s:\u00a0<a href=\"https:\/\/www.notebook.hu\/huawei-p30?fbclid=IwAR2Mwte_l3gCOZixIva95kl43tCCrD1max84-7T_4CWCS1eZYL-ihACpN1s\" target=\"_blank\"><strong>https:\/\/www.notebook.hu\/huawei-p30<\/strong><\/a><\/p>\n\n\n\n<p>* Az akci\u00f3 2019.04.14-ig \u00e9rv\u00e9nyes.<br>**A 0% THM akci\u00f3s hitel a megjel\u00f6lt term\u00e9kekre 18 havi r\u00e9szletre vehet\u0151 ig\u00e9nybe 2019.04.30-ig. A Digit\u00e1ltech Europe Kft. a Cofidis Magyarorsz\u00e1gi Fi\u00f3ktelep\u00e9nek a k\u00f6zvet\u00edt\u0151je.<\/p>\n","protected":false},"excerpt":{"rendered":"<p>V\u00e1s\u00e1rold meg az els\u0151k k\u00f6z\u00f6tt a leg\u00fajabb Huawei cs\u00facstelefont, \u00e9s egy Watch GT active sport\u00f3r\u00e1t kapsz r\u00e1ad\u00e1sk\u00e9nt!*Amennyiben \u00e1prilis 15-ig beregisztr\u00e1lod k\u00e9sz\u00fcl\u00e9ked a Hicare applik\u00e1ci\u00f3ban, \u00fagy 3 h\u00f3nap kijelz\u0151 garanci\u00e1t is kapsz hozz\u00e1.*Kamatmentes r\u00e9szletfizet\u00e9s! 0% THM akci\u00f3nkkal most m\u00e9g k\u00f6nnyebben, ak\u00e1r 18 havi r\u00e9szletre** is beszerezheted.Tov\u00e1bbi r\u00e9szletek \u00e9s rendel\u00e9s:\u00a0https:\/\/www.notebook.hu\/huawei-p30 * Az akci\u00f3 2019.04.14-ig \u00e9rv\u00e9nyes.**A 0% THM &hellip;<\/p>\n","protected":false},"author":1,"featured_media":4316,"comment_status":"closed","ping_status":"open","sticky":false,"template":"","format":"standard","meta":{"_jetpack_memberships_contains_paid_content":false,"footnotes":""},"categories":[41],"tags":[713,712,722,721,720],"class_list":["post-4315","post","type-post","status-publish","format-standard","has-post-thumbnail","","category-hirek","tag-huawei-p30","tag-p30","tag-p30-0thm","tag-p30-hitelre","tag-p30-reszletre"],"jetpack_featured_media_url":"https:\/\/www.notebook.hu\/blog\/wp-content\/uploads\/2019\/04\/20190329_huawei_p30_megerkezett.png","jetpack_shortlink":"https:\/\/wp.me\/p9xSLL-17B","jetpack_sharing_enabled":true,"_links":{"self":[{"href":"https:\/\/www.notebook.hu\/blog\/wp-json\/wp\/v2\/posts\/4315","targetHints":{"allow":["GET"]}}],"collection":[{"href":"https:\/\/www.notebook.hu\/blog\/wp-json\/wp\/v2\/posts"}],"about":[{"href":"https:\/\/www.notebook.hu\/blog\/wp-json\/wp\/v2\/types\/post"}],"author":[{"embeddable":true,"href":"https:\/\/www.notebook.hu\/blog\/wp-json\/wp\/v2\/users\/1"}],"replies":[{"embeddable":true,"href":"https:\/\/www.notebook.hu\/blog\/wp-json\/wp\/v2\/comments?post=4315"}],"version-history":[{"count":1,"href":"https:\/\/www.notebook.hu\/blog\/wp-json\/wp\/v2\/posts\/4315\/revisions"}],"predecessor-version":[{"id":4317,"href":"https:\/\/www.notebook.hu\/blog\/wp-json\/wp\/v2\/posts\/4315\/revisions\/4317"}],"wp:featuredmedia":[{"embeddable":true,"href":"https:\/\/www.notebook.hu\/blog\/wp-json\/wp\/v2\/media\/4316"}],"wp:attachment":[{"href":"https:\/\/www.notebook.hu\/blog\/wp-json\/wp\/v2\/media?parent=4315"}],"wp:term":[{"taxonomy":"category","embeddable":true,"href":"https:\/\/www.notebook.hu\/blog\/wp-json\/wp\/v2\/categories?post=4315"},{"taxonomy":"post_tag","embeddable":true,"href":"https:\/\/www.notebook.hu\/blog\/wp-json\/wp\/v2\/tags?post=4315"}],"curies":[{"name":"wp","href":"https:\/\/api.w.org\/{rel}","templated":true}]}}