{"id":4231,"date":"2019-03-18T14:03:40","date_gmt":"2019-03-18T13:03:40","guid":{"rendered":"https:\/\/www.notebook.hu\/blog\/?p=4231"},"modified":"2019-03-18T14:04:17","modified_gmt":"2019-03-18T13:04:17","slug":"hajlithato-telefonok","status":"publish","type":"post","link":"https:\/\/www.notebook.hu\/blog\/hajlithato-telefonok\/","title":{"rendered":"Hajl\u00edthat\u00f3 telefonok | Ti mit gondoltok?"},"content":{"rendered":"\n<figure class=\"wp-block-image\"><img loading=\"lazy\" decoding=\"async\" width=\"770\" height=\"370\" data-attachment-id=\"4233\" data-permalink=\"https:\/\/www.notebook.hu\/blog\/hajlithato-telefonok\/20190318_foldablephone_02\/\" data-orig-file=\"https:\/\/www.notebook.hu\/blog\/wp-content\/uploads\/2019\/03\/20190318_foldablephone_02.png\" data-orig-size=\"770,370\" data-comments-opened=\"0\" data-image-meta=\"{&quot;aperture&quot;:&quot;0&quot;,&quot;credit&quot;:&quot;&quot;,&quot;camera&quot;:&quot;&quot;,&quot;caption&quot;:&quot;&quot;,&quot;created_timestamp&quot;:&quot;0&quot;,&quot;copyright&quot;:&quot;&quot;,&quot;focal_length&quot;:&quot;0&quot;,&quot;iso&quot;:&quot;0&quot;,&quot;shutter_speed&quot;:&quot;0&quot;,&quot;title&quot;:&quot;&quot;,&quot;orientation&quot;:&quot;0&quot;}\" data-image-title=\"20190318_foldablephone_02\" data-image-description=\"\" data-image-caption=\"\" data-medium-file=\"https:\/\/www.notebook.hu\/blog\/wp-content\/uploads\/2019\/03\/20190318_foldablephone_02-300x144.png\" data-large-file=\"https:\/\/www.notebook.hu\/blog\/wp-content\/uploads\/2019\/03\/20190318_foldablephone_02.png\" src=\"https:\/\/www.notebook.hu\/blog\/wp-content\/uploads\/2019\/03\/20190318_foldablephone_02.png\" alt=\"\" class=\"wp-image-4233\" srcset=\"https:\/\/www.notebook.hu\/blog\/wp-content\/uploads\/2019\/03\/20190318_foldablephone_02.png 770w, https:\/\/www.notebook.hu\/blog\/wp-content\/uploads\/2019\/03\/20190318_foldablephone_02-300x144.png 300w, https:\/\/www.notebook.hu\/blog\/wp-content\/uploads\/2019\/03\/20190318_foldablephone_02-768x369.png 768w\" sizes=\"auto, (max-width: 770px) 100vw, 770px\" \/><\/figure>\n\n\n\n<p><strong>Amire v\u00e1rtunk 2019-t\u0151l, az bek\u00f6vetkezett. Hajl\u00edthat\u00f3 kijelz\u0151s telefonok sor\u00e1t jelentett\u00e9k m\u00e1r be \u2013 nem csak olyan gy\u00e1rt\u00f3k, akik wannabe jelleggel els\u0151k akartak lenni ebben a t\u00e9mak\u00f6rben -, \u00edgy itt az id\u0151 mazsol\u00e1zni a komolyabb projektek k\u00f6z\u00f6tt.<\/strong><\/p>\n\n\n\n<p><strong>Samsung Galaxy Fold<\/strong><\/p>\n\n\n\n<p>Az \u00e9v els\u0151 nagy h\u00faz\u00e1sa a Samsung\u00e9 volt, aki az S10-sz\u00e9ria mellett a hajl\u00edthat\u00f3 telefonj\u00e1t is elvitte \u00e9vnyit\u00f3 keynote-j\u00e1ra, Londonba. Mag\u00e1t a hajl\u00edthat\u00f3 k\u00e9perny\u0151s technol\u00f3gi\u00e1t m\u00e1r megszell\u0151ztette egy kor\u00e1bbi el\u0151ad\u00e1son is a d\u00e9l-koreai c\u00e9g, \u00edgy nem volt meglep\u0151, hogy \u0151k is r\u00e1l\u00e9ptek erre a p\u00e1ly\u00e1ra, de amit hoztak, m\u00e9g \u00e9rezhet\u0151en k\u00eds\u00e9rleti jelleg\u0171. Megjelen\u00e9s\u00e9ben egy kicsit szedett-vedettnek t\u0171nik a dolog: \u00f6sszehajtott \u00e1llapot\u00e1ban a 4.6 inches HD+ Super AMOLED kijelz\u0151 ar\u00e1nytalanul kicsinek hat az el\u0151lapon \u00e9s orm\u00f3tlanul vastag fels\u0151 \u00e9s als\u00f3 k\u00e1v\u00e1kat kapott. A hangsz\u00f3r\u00f3 \u00e9s a 10 megapixeles, f2.2-es selfie kamera (amit innent\u0151l \u201efedlapi kamera\u201d n\u00e9ven is fogunk emlegetni) \u201eindokolatlanul\u201d nagy teret kapott \u00e9s a hajt\u00f3\u00e9l miatti \u201ehol \u00e9les, hol kerek\u00edtett\u201d sz\u00e9lek miatt el\u00e9g hamar sz\u00e9tesik a Fold diz\u00e1jnja. Kihajtva m\u00e1r j\u00f3val \u00edg\u00e9retesebb a helyzet, az \u00e9leken kirajzol\u00f3dnak a Samsungt\u00f3l ismer\u0151s formavil\u00e1g (b\u00e1r m\u00e9g itt is sz\u00e9lesebb a k\u00e1va, mint azt mostan\u00e1ban megszokhattuk), illetve szem\u00fcnk el\u00e9 t\u00e1rul a dupla el\u0151lapi kamera rendszer, egy 10 \u00e9s egy 8 megapixeles lencs\u00e9vel, a kijelz\u0151 jobb fels\u0151 sark\u00e1ba szor\u00edtva egy nagyobb szenzorsziget form\u00e1j\u00e1ban. <\/p>\n\n\n\n<figure class=\"wp-block-embed-youtube wp-block-embed is-type-video is-provider-youtube wp-embed-aspect-16-9 wp-has-aspect-ratio\"><div class=\"wp-block-embed__wrapper\">\n<span class=\"embed-youtube\" style=\"text-align:center; display: block;\"><iframe loading=\"lazy\" class=\"youtube-player\" width=\"618\" height=\"348\" src=\"https:\/\/www.youtube.com\/embed\/7r_UgNcJtzQ?version=3&#038;rel=1&#038;showsearch=0&#038;showinfo=1&#038;iv_load_policy=1&#038;fs=1&#038;hl=hu-HU&#038;autohide=2&#038;wmode=transparent\" allowfullscreen=\"true\" style=\"border:0;\" sandbox=\"allow-scripts allow-same-origin allow-popups allow-presentation allow-popups-to-escape-sandbox\"><\/iframe><\/span>\n<\/div><\/figure>\n\n\n\n<p>A teljes kijelz\u0151 egy 7.3&#8242; colos QXGA+ Dynamic AMOLED panel, 4.2:3-as (kiss\u00e9 szokatlan) k\u00e9par\u00e1nnyal. A k\u00e9perny\u0151re tartalmat egy 7 nm-es gy\u00e1rt\u00e1stechnol\u00f3gi\u00e1val k\u00e9sz\u00fcl\u0151 64-bites Octa-Core processzor \u201egy\u00e1rtja\u201d, mellette pedig 12GB LPDDR4x RAM \u00e9s 512 GB t\u00e1rhely ker\u00fclt a h\u00e1zba (ut\u00f3bbi microSD-b\u0151v\u00edt\u00e9s lehet\u0151s\u00e9ge n\u00e9lk\u00fcl). A h\u00e1toldali kamera-frontra egy tripla-lencs\u00e9s rendszert kaptunk, a Samsung S10 \u00e9s S10+-b\u00f3l m\u00e1r ismert triumvir\u00e1tussal: egy 16 MP-es ultra sz\u00e9les l\u00e1t\u00f3sz\u00f6g\u0171, egy 12 MP-es, F1.5-es rekesz\u0171 \u00e9s egy 12 MP-es telefot\u00f3 lencse pihen h\u00e1tul. Akku ter\u00e9n kap a Fold egy 4380mAh-es er\u0151forr\u00e1st (ez kiad\u00e1st\u00f3l f\u00fcgg\u0151en v\u00e1ltozhat a Samsung oldala szerint), \u00edgy tal\u00e1n elegend\u0151 kaka\u00f3t kap majd arra, hogy kb. m\u00e1sf\u00e9l napot kih\u00fazzon a telefon, miel\u0151tt a Fast Charge t\u00e1mogat\u00e1s\u00fa t\u00f6lt\u00e9sre dugjuk. Kinyitott \u00e1llapotban, ha nem az el\u0151, hanem ink\u00e1bb a h\u00e1tlapra koncentr\u00e1lunk, megint csak el\u0151j\u00f6n, hogy a Samsung mintha tan\u00e1cstalan lett volna, hogy mit kezdjenek a \u201eplusz egy oldallal\u201d. A fedlap \u00e9s a sz\u00ednes h\u00e1tlap mintha nem alkotn\u00e1nak koherens egys\u00e9get \u00e9s emiatt egy kicsit kapkodva kialak\u00edtottnak t\u0171nik a Fold (lehet, hogy egy \u00e9vvel kor\u00e1bban kellett a piaci vet\u00e9lyt\u00e1rsak miatt el\u0151rukkolni vele?).<\/p>\n\n\n\n<figure class=\"wp-block-image\"><img loading=\"lazy\" decoding=\"async\" width=\"2880\" height=\"1920\" data-attachment-id=\"4232\" data-permalink=\"https:\/\/www.notebook.hu\/blog\/hajlithato-telefonok\/20190318_foldablephone_01\/\" data-orig-file=\"https:\/\/www.notebook.hu\/blog\/wp-content\/uploads\/2019\/03\/20190318_foldablephone_01.jpg\" data-orig-size=\"2880,1920\" data-comments-opened=\"0\" data-image-meta=\"{&quot;aperture&quot;:&quot;0&quot;,&quot;credit&quot;:&quot;&quot;,&quot;camera&quot;:&quot;&quot;,&quot;caption&quot;:&quot;&quot;,&quot;created_timestamp&quot;:&quot;0&quot;,&quot;copyright&quot;:&quot;&quot;,&quot;focal_length&quot;:&quot;0&quot;,&quot;iso&quot;:&quot;0&quot;,&quot;shutter_speed&quot;:&quot;0&quot;,&quot;title&quot;:&quot;&quot;,&quot;orientation&quot;:&quot;0&quot;}\" data-image-title=\"20190318_foldablephone_01\" data-image-description=\"\" data-image-caption=\"\" data-medium-file=\"https:\/\/www.notebook.hu\/blog\/wp-content\/uploads\/2019\/03\/20190318_foldablephone_01-300x200.jpg\" data-large-file=\"https:\/\/www.notebook.hu\/blog\/wp-content\/uploads\/2019\/03\/20190318_foldablephone_01-1024x683.jpg\" src=\"https:\/\/i0.wp.com\/www.notebook.hu\/blog\/wp-content\/uploads\/2019\/03\/20190318_foldablephone_01.jpg?fit=618%2C412&amp;ssl=1\" alt=\"\" class=\"wp-image-4232\" srcset=\"https:\/\/www.notebook.hu\/blog\/wp-content\/uploads\/2019\/03\/20190318_foldablephone_01.jpg 2880w, https:\/\/www.notebook.hu\/blog\/wp-content\/uploads\/2019\/03\/20190318_foldablephone_01-300x200.jpg 300w, https:\/\/www.notebook.hu\/blog\/wp-content\/uploads\/2019\/03\/20190318_foldablephone_01-768x512.jpg 768w, https:\/\/www.notebook.hu\/blog\/wp-content\/uploads\/2019\/03\/20190318_foldablephone_01-1024x683.jpg 1024w\" sizes=\"auto, (max-width: 2880px) 100vw, 2880px\" \/><\/figure>\n\n\n\n<p><strong>Huawei Mate X<\/strong><\/p>\n\n\n\n<p>A Samsung diz\u00e1jnb\u00e9li probl\u00e9m\u00e1ira eg\u00e9szen frapp\u00e1ns v\u00e1laszt adott a Huawei a Mate X-el. Eleve ott kezd\u0151dik a dolog, hogy a hajt\u00e1s ir\u00e1nya megv\u00e1ltozott: kijelz\u0151t nem \u201e\u00f6sszecsukjuk\u201d, hanem sz\u00e9tnyitjuk a k\u00ednai gy\u00e1rt\u00f3 term\u00e9k\u00e9n\u00e9l (ezt majd a mell\u00e9kelt anyagok illusztr\u00e1lj\u00e1k), a 8 colos k\u00e9p\u00e1tl\u00f3j\u00fa panel teh\u00e1t nem a k\u00f6nyv bels\u0151 oldal\u00e1n lesz, hanem a \u201ebor\u00edt\u00f3ja\u201d. Mi\u00e9rt \u00fcgyesebb ez a megold\u00e1s? Nincs egy felesleges m\u00e1sodlagos kijelz\u0151, amit neh\u00e9z elhelyezni \u00e9rdemben a fedlapra, hanem a teljes panel \u201efelez\u0151dik el\u201d. \u00d6sszehajtott \u00e1llapotban egy 6,6 colos, az el\u0151lapot majdnem teljes eg\u00e9sz\u00e9ben elfoglal\u00f3, \u00e9s egy 6.38-as, kamera panellel kieg\u00e9sz\u00edtett elemre oszlik a Mate X kijelz\u0151je, maga a telefon pedig 11 millim\u00e9ter ilyenkor (sz\u00e9thajtva 5.4 mm). A k\u00ednai gy\u00e1rt\u00f3 felismerte, hogy a kamera panelt ak\u00e1r organikusabban is beillesztheti a Mate X kidolgoz\u00e1s\u00e1ba, mint ahogy a konkurencia tette: egyfajta markolatk\u00e9nt m\u0171k\u00f6dik tablet m\u00f3dban a kamer\u00e1nak kiemelt egys\u00e9g, ahov\u00e1 egy kis z\u00e1r seg\u00edts\u00e9g\u00e9vel bepattinthatjuk majd az \u00f6sszehajtott kijelz\u0151t. Besz\u00e9lj\u00fcnk a lencs\u00e9kr\u0151l, amik egyszerre l\u00e1thatnak el selfie \u00e9s \u201emain camera\u201d feladatokat, att\u00f3l f\u00fcgg\u0151en, hogy ford\u00edtjuk a telefont: 40 MP sz\u00e9les l\u00e1t\u00f3sz\u00f6g\u0171 + 20 MP ultra sz\u00e9les + 8 MP\u2013es, 5x optikai zoom, telefot\u00f3 lencse dolgozik majd, ak\u00e1rcsak a Mate 20 Pro eset\u00e9ben. Processzor tekintet\u00e9ben itt is a m\u00e1rk\u00e1t\u00f3l megszokott cs\u00facsmodell ker\u00fcl a g\u00e9pbe: a nyolc magos Kirin 980-as, 8GB RAM \u00e9s 512 GB t\u00e1rhely t\u00e1rsas\u00e1g\u00e1ban fogja biztos\u00edtani a l\u00f3er\u0151t a Mate X-nek. 4500 mAh-es akku-m\u00e9rettel ugyan valamivel nagyobb, mint a Samsung\u00e9, de a nagyobb kijelz\u0151 tal\u00e1n jobban fogja enni az \u00e1ramforr\u00e1st\u2026 t\u00f6lt\u00e9s tekintet\u00e9ben viszont vissza is hozza a Huawei a lemarad\u00e1st: 55W-s gyorst\u00f6lt\u00e9ssel k\u00e9sz\u00fclnek a Samsung 18W-s megold\u00e1s\u00e1val szemben.<\/p>\n\n\n\n<figure class=\"wp-block-image\"><img loading=\"lazy\" decoding=\"async\" width=\"3148\" height=\"2052\" data-attachment-id=\"4235\" data-permalink=\"https:\/\/www.notebook.hu\/blog\/hajlithato-telefonok\/20190318_foldablephone_03\/\" data-orig-file=\"https:\/\/www.notebook.hu\/blog\/wp-content\/uploads\/2019\/03\/20190318_foldablephone_03.jpg\" data-orig-size=\"3148,2052\" data-comments-opened=\"0\" data-image-meta=\"{&quot;aperture&quot;:&quot;0&quot;,&quot;credit&quot;:&quot;&quot;,&quot;camera&quot;:&quot;&quot;,&quot;caption&quot;:&quot;&quot;,&quot;created_timestamp&quot;:&quot;0&quot;,&quot;copyright&quot;:&quot;&quot;,&quot;focal_length&quot;:&quot;0&quot;,&quot;iso&quot;:&quot;0&quot;,&quot;shutter_speed&quot;:&quot;0&quot;,&quot;title&quot;:&quot;&quot;,&quot;orientation&quot;:&quot;0&quot;}\" data-image-title=\"20190318_foldablephone_03\" data-image-description=\"\" data-image-caption=\"\" data-medium-file=\"https:\/\/www.notebook.hu\/blog\/wp-content\/uploads\/2019\/03\/20190318_foldablephone_03-300x196.jpg\" data-large-file=\"https:\/\/www.notebook.hu\/blog\/wp-content\/uploads\/2019\/03\/20190318_foldablephone_03-1024x667.jpg\" src=\"https:\/\/i1.wp.com\/www.notebook.hu\/blog\/wp-content\/uploads\/2019\/03\/20190318_foldablephone_03.jpg?fit=618%2C403&amp;ssl=1\" alt=\"\" class=\"wp-image-4235\" srcset=\"https:\/\/www.notebook.hu\/blog\/wp-content\/uploads\/2019\/03\/20190318_foldablephone_03.jpg 3148w, https:\/\/www.notebook.hu\/blog\/wp-content\/uploads\/2019\/03\/20190318_foldablephone_03-300x196.jpg 300w, https:\/\/www.notebook.hu\/blog\/wp-content\/uploads\/2019\/03\/20190318_foldablephone_03-768x501.jpg 768w, https:\/\/www.notebook.hu\/blog\/wp-content\/uploads\/2019\/03\/20190318_foldablephone_03-1024x667.jpg 1024w\" sizes=\"auto, (max-width: 3148px) 100vw, 3148px\" \/><\/figure>\n\n\n\n<p><strong>Motorolla RAZR V3 2019<\/strong><\/p>\n\n\n\n<p>J\u00f6jj\u00f6n a sz\u00e1momra legizgalmasabb megold\u00e1s, a Motorola RAZR renesz\u00e1nsza. Aki tizen\u00e9vesk\u00e9nt \u00e9lte meg a 2000-es \u00e9vek els\u0151 10 \u00e9v\u00e9t, annak ismer\u0151s lehet az amerikai sz\u00e1rmaz\u00e1s\u00fa c\u00e9g (jelenleg a Lenovo kez\u00e9ben van a Moto brand) \u00f6sszecsukhat\u00f3 telefonja: men\u0151 volt \u00e9s izgalmas, igazi sci-fi darab. Nos, keresve sem lehetne jobb alkalmat tal\u00e1lni a RAZR-sz\u00e9ria \u00fajj\u00e1\u00e9leszt\u00e9s\u00e9re, mint a hajl\u00edthat\u00f3 kijelz\u0151 korszak\u00e1t. A kor\u00e1bbi darab klasszikus kagyl\u00f3-form\u00e1j\u00e1t tartan\u00e1k meg, ezzel egy kicsi \u00e9s kompakt eszk\u00f6zt alkotva, amiben a 6,2 h\u00fcvelykes OLED kijelz\u0151 hajlik \u00f6ssze, fedlapj\u00e1n pedig egy 600&#215;800-as felbont\u00e1s\u00fa kis kijelz\u0151 ker\u00fclhet a pletyk\u00e1k szerint. Zseni\u00e1lisan ny\u00falnak vissza a \u201eretro\u201d elemekhez, b\u00e1jjal \u00e9s innov\u00e1ci\u00f3val felt\u00f6ltve a RAZR-t. T\u00f6k\u00e9letesen v\u00e1lasztott a Lenovo a term\u00e9kcsal\u00e1d el\u0151v\u00e9tel\u00e9vel, hiszen \u00edgy a Noki\u00e1hoz hasonl\u00f3 nosztalgiahull\u00e1mot lovagolhatnak majd meg a telefonnal. Az eszk\u00f6zr\u0151l azt pletyk\u00e1lj\u00e1k, hogy egy Qualcomm Snapdragon 710-es processzor dolgozik majd benne, 4\/6 GB RAM-al, 64\/128GB t\u00e1rhellyel \u00e9s 3000 mAh-as kapacit\u00e1s\u00fa akkumul\u00e1torral. <\/p>\n\n\n\n<figure class=\"wp-block-embed-youtube wp-block-embed is-type-video is-provider-youtube wp-embed-aspect-16-9 wp-has-aspect-ratio\"><div class=\"wp-block-embed__wrapper\">\n<iframe loading=\"lazy\" title=\"Motorola RAZR 2019 - Introduction &amp; First Look!\" width=\"618\" height=\"348\" src=\"https:\/\/www.youtube.com\/embed\/xxfI6-ZltWk?feature=oembed\" frameborder=\"0\" allow=\"accelerometer; autoplay; clipboard-write; encrypted-media; gyroscope; picture-in-picture; web-share\" referrerpolicy=\"strict-origin-when-cross-origin\" allowfullscreen><\/iframe>\n<\/div><\/figure>\n\n\n\n<p><strong>Mit hoz majd a j\u00f6v\u0151? | Konkurencia, \u00e1r \u00e9s forgalmaz\u00e1s<\/strong><\/p>\n\n\n\n<p>Term\u00e9szetesen ez csak csemeg\u00e9z\u00e9s volt az eddigi \u201eizgalmasabb bejelent\u00e9sek\u201d k\u00f6z\u00fcl, a pletyk\u00e1lkod\u00f3k m\u00e1r t\u00f6bb gy\u00e1rt\u00f3t is emlegettek, hogy ezt a piacot szeretn\u00e9k megh\u00f3d\u00edtani, de mi igaz\u00e1b\u00f3l m\u00e9g egy nagy dob\u00e1sra v\u00e1runk: mit hoz az Apple? Az \u0151 \u00e9ves keynote-juk m\u00e9g od\u00e9bb van, de feltehet\u0151leg az iPhoneb\u00f3l is kapunk majd hajl\u00edthat\u00f3 v\u00e1ltozatot 2019 v\u00e9g\u00e9n, vagy 2020 elej\u00e9n.<\/p>\n\n\n\n<p>Mivel er\u0151sen k\u00eds\u00e9rleti\/\u00fatt\u00f6r\u0151 f\u00e1zisba van ez a technol\u00f3gia, szinte biztos, hogy meg is kell majd fizetn\u00fcnk az \u00e1r\u00e1t. Ahhoz, hogy a saj\u00e1tunknak tudhassunk egy ilyen hajl\u00edthat\u00f3 eszk\u00f6zt, rendesen a zseb\u00fcnkbe kell ny\u00falni: 2000 eur\u00f3ra l\u0151tte be a Samsung a Fold \u00e1r\u00e1t (ezt Magyarorsz\u00e1gon val\u00f3sz\u00edn\u0171leg nem is fogj\u00e1k forgalomba hozni), a Huawei cs\u00facsterm\u00e9k\u00e9n\u00e9l ez egy 2300 eur\u00f3s \u00e1rc\u00e9dula, m\u00edg az \u00e9szak-amerikai piacra k\u00e9sz\u00fcl\u0151 Motorola 1350 eur\u00f3 k\u00f6r\u00fcli \u00f6sszegre \u00e1razt\u00e1k (pontosabban 1500 doll\u00e1r).<\/p>\n\n\n\n<p>Vajon t\u00e9nyleg ez lesz a j\u00f6v\u0151? A verseny \u00e9lesnek t\u0171nik \u00e9s \u00fagy fest, nem csak egy fell\u00e1ngol\u00e1sa ez a mobilpiacnak. A tablett\u00e9 var\u00e1zsolhat\u00f3 mobilokat \u00fajabb sci-fi term\u00e9kek k\u00f6vethetik a j\u00f6v\u0151ben&#8230; mi pedig itt lesz\u00fcnk \u00e9s igyeksz\u00fcnk elhozni \u0151ket, hogy ki is tudj\u00e1tok pr\u00f3b\u00e1lni.<\/p>\n\n\n\n<figure class=\"wp-block-image\"><img loading=\"lazy\" decoding=\"async\" width=\"950\" height=\"534\" data-attachment-id=\"4236\" data-permalink=\"https:\/\/www.notebook.hu\/blog\/hajlithato-telefonok\/20190318_foldablephone_04\/\" data-orig-file=\"https:\/\/www.notebook.hu\/blog\/wp-content\/uploads\/2019\/03\/20190318_foldablephone_04.jpg\" data-orig-size=\"950,534\" data-comments-opened=\"0\" data-image-meta=\"{&quot;aperture&quot;:&quot;0&quot;,&quot;credit&quot;:&quot;&quot;,&quot;camera&quot;:&quot;&quot;,&quot;caption&quot;:&quot;&quot;,&quot;created_timestamp&quot;:&quot;0&quot;,&quot;copyright&quot;:&quot;&quot;,&quot;focal_length&quot;:&quot;0&quot;,&quot;iso&quot;:&quot;0&quot;,&quot;shutter_speed&quot;:&quot;0&quot;,&quot;title&quot;:&quot;&quot;,&quot;orientation&quot;:&quot;0&quot;}\" data-image-title=\"20190318_foldablephone_04\" data-image-description=\"\" data-image-caption=\"\" data-medium-file=\"https:\/\/www.notebook.hu\/blog\/wp-content\/uploads\/2019\/03\/20190318_foldablephone_04-300x169.jpg\" data-large-file=\"https:\/\/www.notebook.hu\/blog\/wp-content\/uploads\/2019\/03\/20190318_foldablephone_04.jpg\" src=\"https:\/\/www.notebook.hu\/blog\/wp-content\/uploads\/2019\/03\/20190318_foldablephone_04.jpg\" alt=\"\" class=\"wp-image-4236\" srcset=\"https:\/\/www.notebook.hu\/blog\/wp-content\/uploads\/2019\/03\/20190318_foldablephone_04.jpg 950w, https:\/\/www.notebook.hu\/blog\/wp-content\/uploads\/2019\/03\/20190318_foldablephone_04-300x169.jpg 300w, https:\/\/www.notebook.hu\/blog\/wp-content\/uploads\/2019\/03\/20190318_foldablephone_04-768x432.jpg 768w\" sizes=\"auto, (max-width: 950px) 100vw, 950px\" \/><\/figure>\n","protected":false},"excerpt":{"rendered":"<p>Amire v\u00e1rtunk 2019-t\u0151l, az bek\u00f6vetkezett. Hajl\u00edthat\u00f3 kijelz\u0151s telefonok sor\u00e1t jelentett\u00e9k m\u00e1r be \u2013 nem csak olyan gy\u00e1rt\u00f3k, akik wannabe jelleggel els\u0151k akartak lenni ebben a t\u00e9mak\u00f6rben -, \u00edgy itt az id\u0151 mazsol\u00e1zni a komolyabb projektek k\u00f6z\u00f6tt. Samsung Galaxy Fold Az \u00e9v els\u0151 nagy h\u00faz\u00e1sa a Samsung\u00e9 volt, aki az S10-sz\u00e9ria mellett a hajl\u00edthat\u00f3 telefonj\u00e1t is &hellip;<\/p>\n","protected":false},"author":1,"featured_media":4233,"comment_status":"closed","ping_status":"open","sticky":false,"template":"","format":"standard","meta":{"_jetpack_memberships_contains_paid_content":false,"footnotes":""},"categories":[42,41],"tags":[428,701,705,227,704,703,702],"class_list":["post-4231","post","type-post","status-publish","format-standard","has-post-thumbnail","","category-cikkek","category-hirek","tag-hajlithato-kijelzo","tag-huawei-mate-x","tag-iphone-hajlithato-telefon","tag-motorola","tag-osszehasonlitas","tag-razr-v3","tag-samsung-galaxy-fold"],"jetpack_featured_media_url":"https:\/\/www.notebook.hu\/blog\/wp-content\/uploads\/2019\/03\/20190318_foldablephone_02.png","jetpack_shortlink":"https:\/\/wp.me\/p9xSLL-16f","jetpack_sharing_enabled":true,"_links":{"self":[{"href":"https:\/\/www.notebook.hu\/blog\/wp-json\/wp\/v2\/posts\/4231","targetHints":{"allow":["GET"]}}],"collection":[{"href":"https:\/\/www.notebook.hu\/blog\/wp-json\/wp\/v2\/posts"}],"about":[{"href":"https:\/\/www.notebook.hu\/blog\/wp-json\/wp\/v2\/types\/post"}],"author":[{"embeddable":true,"href":"https:\/\/www.notebook.hu\/blog\/wp-json\/wp\/v2\/users\/1"}],"replies":[{"embeddable":true,"href":"https:\/\/www.notebook.hu\/blog\/wp-json\/wp\/v2\/comments?post=4231"}],"version-history":[{"count":3,"href":"https:\/\/www.notebook.hu\/blog\/wp-json\/wp\/v2\/posts\/4231\/revisions"}],"predecessor-version":[{"id":4239,"href":"https:\/\/www.notebook.hu\/blog\/wp-json\/wp\/v2\/posts\/4231\/revisions\/4239"}],"wp:featuredmedia":[{"embeddable":true,"href":"https:\/\/www.notebook.hu\/blog\/wp-json\/wp\/v2\/media\/4233"}],"wp:attachment":[{"href":"https:\/\/www.notebook.hu\/blog\/wp-json\/wp\/v2\/media?parent=4231"}],"wp:term":[{"taxonomy":"category","embeddable":true,"href":"https:\/\/www.notebook.hu\/blog\/wp-json\/wp\/v2\/categories?post=4231"},{"taxonomy":"post_tag","embeddable":true,"href":"https:\/\/www.notebook.hu\/blog\/wp-json\/wp\/v2\/tags?post=4231"}],"curies":[{"name":"wp","href":"https:\/\/api.w.org\/{rel}","templated":true}]}}