{"id":4209,"date":"2019-03-27T11:10:17","date_gmt":"2019-03-27T10:10:17","guid":{"rendered":"https:\/\/www.notebook.hu\/blog\/?p=4209"},"modified":"2019-04-04T10:00:21","modified_gmt":"2019-04-04T08:00:21","slug":"asus-zenfone-max-pro-m2-teszt","status":"publish","type":"post","link":"https:\/\/www.notebook.hu\/blog\/asus-zenfone-max-pro-m2-teszt\/","title":{"rendered":"ASUS Zenfone Max Pro M2 Teszt | Kozmikus h\u0151s a n\u00e9gyzeten"},"content":{"rendered":"\n<figure class=\"wp-block-image is-resized\"><img loading=\"lazy\" decoding=\"async\" data-attachment-id=\"4210\" data-permalink=\"https:\/\/www.notebook.hu\/blog\/asus-zenfone-max-pro-m2-teszt\/asuszenfonemaxprom2_blog\/\" data-orig-file=\"https:\/\/www.notebook.hu\/blog\/wp-content\/uploads\/2019\/03\/ASUSZenfoneMaxProM2_Blog.png\" data-orig-size=\"1200,628\" data-comments-opened=\"0\" data-image-meta=\"{&quot;aperture&quot;:&quot;0&quot;,&quot;credit&quot;:&quot;&quot;,&quot;camera&quot;:&quot;&quot;,&quot;caption&quot;:&quot;&quot;,&quot;created_timestamp&quot;:&quot;0&quot;,&quot;copyright&quot;:&quot;&quot;,&quot;focal_length&quot;:&quot;0&quot;,&quot;iso&quot;:&quot;0&quot;,&quot;shutter_speed&quot;:&quot;0&quot;,&quot;title&quot;:&quot;&quot;,&quot;orientation&quot;:&quot;0&quot;}\" data-image-title=\"ASUSZenfoneMaxProM2_Blog\" data-image-description=\"\" data-image-caption=\"\" data-medium-file=\"https:\/\/www.notebook.hu\/blog\/wp-content\/uploads\/2019\/03\/ASUSZenfoneMaxProM2_Blog-300x157.png\" data-large-file=\"https:\/\/www.notebook.hu\/blog\/wp-content\/uploads\/2019\/03\/ASUSZenfoneMaxProM2_Blog-1024x536.png\" src=\"https:\/\/www.notebook.hu\/blog\/wp-content\/uploads\/2019\/03\/ASUSZenfoneMaxProM2_Blog-1024x536.png\" alt=\"\" class=\"wp-image-4210\" width=\"512\" height=\"268\" srcset=\"https:\/\/www.notebook.hu\/blog\/wp-content\/uploads\/2019\/03\/ASUSZenfoneMaxProM2_Blog-1024x536.png 1024w, https:\/\/www.notebook.hu\/blog\/wp-content\/uploads\/2019\/03\/ASUSZenfoneMaxProM2_Blog-300x157.png 300w, https:\/\/www.notebook.hu\/blog\/wp-content\/uploads\/2019\/03\/ASUSZenfoneMaxProM2_Blog-768x402.png 768w, https:\/\/www.notebook.hu\/blog\/wp-content\/uploads\/2019\/03\/ASUSZenfoneMaxProM2_Blog.png 1200w\" sizes=\"auto, (max-width: 512px) 100vw, 512px\" \/><\/figure>\n\n\n\n<p><strong>Egy cs\u00facstelefon tesztel\u00e9se ut\u00e1n visszazuhanni a val\u00f3s\u00e1gba, el\u00e9g kellemetlen tud lenni. A saj\u00e1t telefonodat m\u00e1r nem l\u00e1tod a r\u00e9ginek, v\u00e1gyod a sebess\u00e9get, vagy a cs\u00facs kamera min\u0151s\u00e9get\u2026 nos, h\u00e1l\u2019\u00e9gnek itt j\u00f6tt be a k\u00e9pletbe az ASUS Zenfone Max Pro M2, teszt\u00fcnkb\u0151l pedig kider\u00fcl, hogy mi\u00e9rt tomp\u00edtotta remek\u00fcl a metaforikus puffan\u00e1st. <\/strong><\/p>\n\n\n\n<p><strong>K\u00fcls\u0151 \u00e9s eszk\u00f6zt\u00e1r<\/strong><\/p>\n\n\n\n<p>Lehet-e a m\u0171anyag bor\u00edt\u00e1s st\u00edlusos? Term\u00e9szetesen igen, ha az j\u00f3l van megcsin\u00e1lva. Az ASUS ugyan nem v\u00e1llalta mag\u00e1t t\u00fal a Zenfone Max Pro M2-vel (k\u00e9s\u0151bbiekben csak Zenfone M2) diz\u00e1jn ter\u00e9n, de amit egy Huawei P20 kasznib\u00f3l ki lehetett hozni, azt szerintem kihozt\u00e1k. Nem, az el\u0151z\u0151 nem el\u00edr\u00e1s, nekem k\u00eds\u00e9rtetiesen hasonl\u00edt r\u00e1 a telefon. A h\u00e1z kidolgoz\u00e1sa korrekt, eleg\u00e1ns d\u00edszcs\u00edkok az ujjlenyomat olvas\u00f3 \u00e9s a kamera-lencs\u00e9k k\u00f6r\u00fcl. Ut\u00f3bbit enyh\u00e9n kiemelt\u00e9k a h\u00e1tlapb\u00f3l, att\u00f3l viszont nem kell tartanunk, hogy karcol\u00f3dna az elem, mivel m\u00e1r az indul\u00e1st\u00f3l kapunk a dobozba egy \u00e1ttetsz\u0151 szilikon tokot, amivel meg tudjuk v\u00e9deni a kicsik\u00e9t. Egy kicsit vaskos, de sz\u00e1momra teljesen kellemes m\u00e9ret\u0171 telefonr\u00f3l van sz\u00f3 (157.9 x 75.5 x 8.5 mm), els\u0151 fog\u00e1sra kicsit s\u00falyosabbnak hat a maga 175 grammj\u00e1val. El\u0151l Gorilla Glass 6-os \u00fcveg v\u00e9di, kozmikus tit\u00e1n sz\u00edn\u0171re (ki tal\u00e1lta ki a nevet?) festett m\u0171anyag h\u00e1tlappal \u00e9s alum\u00ednium kerettel. A kijelz\u0151 6.3 inches, FullHD+ (2280 x 1080) felbont\u00e1s\u00fa, Multi-Touch LED panel, ami 450 nit-es f\u00e9nyerej\u0171, 403 ppi pixels\u0171r\u0171s\u00e9g\u0171 \u00e9s 82.0%-os k\u00e9perny\u0151-h\u00e1z ar\u00e1nyban fedi az el\u00fcls\u0151 oldalt. A k\u00e9pmin\u0151s\u00e9g sz\u00e9p, b\u00e1r a betekint\u00e9si sz\u00f6gek nem a legnagyobbak, \u00edgy oldalr\u00f3l n\u00e9zve m\u00e1r \u00e9rz\u00e9kelhet\u0151 m\u00e1r sz\u00edntorzul\u00e1s. Az kijelz\u0151 fels\u0151 r\u00e9sz\u00e9n egy k\u00f6zepes m\u00e9ret\u0171 notch tal\u00e1lt mag\u00e1nak helyet, rajta egy LED villan\u00f3val \u00e9s az el\u0151lapi kamer\u00e1val. A telefon keret\u00e9n balr\u00f3l indulva tal\u00e1lhatunk egy dual SIM-t\u00e1lc\u00e1t, amibe a nanoSIM-fel\u00fcleteken fel\u00fcl m\u00e9g 512 GB-nyi microSD-s b\u0151v\u00edt\u00e9st tehet\u00fcnk, t\u00fal oldalon a hanger\u0151 \u00e9s a lock gombokat, alul pedig a \u201eszok\u00e1sos\u201d eszk\u00f6zt\u00e1rat: a hangsz\u00f3r\u00f3t, 3,5-es combo audio jack \u00e9s microUSB csatlakoz\u00f3t (ez mondjuk t\u00f6bb cs\u00fanya m\u00ednusz pont, hogy nem USB Type-C dugaszt kaptunk\u2026 ejnye). A hangsz\u00f3r\u00f3r\u00f3l sok extr\u00e1t nem lehet el\u00e1rulni, \u00e1rkateg\u00f3ri\u00e1j\u00e1n bel\u00fcl tisztess\u00e9gesen, j\u00f3l sz\u00f3l \u00e9s a cseng\u00e9s hangja is el\u00e9g er\u0151s (\u00e9rkezett m\u00e1r ilyen k\u00e9rd\u00e9s, ez\u00e9rt emeln\u00e9m ezt csak ki). Adatkommunik\u00e1ci\u00f3 ter\u00e9n egy 5.0-s Bluetooth, na meg egy egycsatorn\u00e1s, 802.11b\/g\/n t\u00edpus\u00fa modem dolgozik az ASUS Zenfone Max Pro M2-ben, ahogy az NFC, GPS, giroszk\u00f3p \u00e9s gyorsul\u00e1sm\u00e9r\u0151. A biztons\u00e1gi felel\u0151s ujjlenyomat olvas\u00f3 megtal\u00e1lhat\u00f3 a h\u00e1toldalon, de aki az arcfelismer\u00e9s\u00e9rt rajong, az is \u00f6r\u00fclhet, mert van ilyen opci\u00f3. <\/p>\n\n\n\n<figure class=\"wp-block-image\"><img loading=\"lazy\" decoding=\"async\" width=\"1920\" height=\"1080\" data-attachment-id=\"4240\" data-permalink=\"https:\/\/www.notebook.hu\/blog\/asus-zenfone-max-pro-m2-teszt\/asuszenfonemaxprom2_03\/\" data-orig-file=\"https:\/\/www.notebook.hu\/blog\/wp-content\/uploads\/2019\/03\/ASUSZenfoneMaxProM2_03.jpg\" data-orig-size=\"1920,1080\" data-comments-opened=\"0\" data-image-meta=\"{&quot;aperture&quot;:&quot;0&quot;,&quot;credit&quot;:&quot;&quot;,&quot;camera&quot;:&quot;&quot;,&quot;caption&quot;:&quot;&quot;,&quot;created_timestamp&quot;:&quot;0&quot;,&quot;copyright&quot;:&quot;&quot;,&quot;focal_length&quot;:&quot;0&quot;,&quot;iso&quot;:&quot;0&quot;,&quot;shutter_speed&quot;:&quot;0&quot;,&quot;title&quot;:&quot;&quot;,&quot;orientation&quot;:&quot;0&quot;}\" data-image-title=\"ASUSZenfoneMaxProM2_03\" data-image-description=\"\" data-image-caption=\"\" data-medium-file=\"https:\/\/www.notebook.hu\/blog\/wp-content\/uploads\/2019\/03\/ASUSZenfoneMaxProM2_03-300x169.jpg\" data-large-file=\"https:\/\/www.notebook.hu\/blog\/wp-content\/uploads\/2019\/03\/ASUSZenfoneMaxProM2_03-1024x576.jpg\" src=\"https:\/\/i2.wp.com\/www.notebook.hu\/blog\/wp-content\/uploads\/2019\/03\/ASUSZenfoneMaxProM2_03.jpg?fit=618%2C348&amp;ssl=1\" alt=\"\" class=\"wp-image-4240\" srcset=\"https:\/\/www.notebook.hu\/blog\/wp-content\/uploads\/2019\/03\/ASUSZenfoneMaxProM2_03.jpg 1920w, https:\/\/www.notebook.hu\/blog\/wp-content\/uploads\/2019\/03\/ASUSZenfoneMaxProM2_03-300x169.jpg 300w, https:\/\/www.notebook.hu\/blog\/wp-content\/uploads\/2019\/03\/ASUSZenfoneMaxProM2_03-768x432.jpg 768w, https:\/\/www.notebook.hu\/blog\/wp-content\/uploads\/2019\/03\/ASUSZenfoneMaxProM2_03-1024x576.jpg 1024w\" sizes=\"auto, (max-width: 1920px) 100vw, 1920px\" \/><\/figure>\n\n\n\n<p class=\"has-background has-pale-cyan-blue-background-color\"><em>\u00c9rdekelne vide\u00f3s teszt\u00fcnk is az <\/em><strong>ASUS Zenfone Max Pro M2<\/strong><em>-r\u0151l? Tess\u00e9k!<\/em><\/p>\n\n\n\n<figure class=\"wp-block-embed-youtube wp-block-embed is-type-video is-provider-youtube wp-embed-aspect-16-9 wp-has-aspect-ratio\"><div class=\"wp-block-embed__wrapper\">\n<iframe loading=\"lazy\" title=\"ASUS Zenfone Max Pro M2 Teszt | Kozmikus h\u0151s a n\u00e9gyzeten\" width=\"618\" height=\"348\" src=\"https:\/\/www.youtube.com\/embed\/7bBxORkSerE?feature=oembed\" frameborder=\"0\" allow=\"accelerometer; autoplay; clipboard-write; encrypted-media; gyroscope; picture-in-picture; web-share\" referrerpolicy=\"strict-origin-when-cross-origin\" allowfullscreen><\/iframe>\n<\/div><\/figure>\n\n\n\n<p><strong>Teljes\u00edtm\u00e9ny<\/strong><\/p>\n\n\n\n<p>Az ASUS az alibiz\u00e9snek t\u0171n\u0151, v\u00e9gtelen hossz\u00fas\u00e1g\u00fa n\u00e9vv\u00e1laszt\u00e1s ellen\u00e9re is (aki ennyire sulykolja, hogy Max, meg Pro a telefonja, az nem gyan\u00fas?) j\u00f3 teljes\u00edtm\u00e9nyt tud ny\u00fajtani. Snapdragon 660-as processzor lapul a h\u00e1zban, amely n\u00e9gy 1,95 \u00e9s n\u00e9gy 1,85 GHz-es Kryo 260 magj\u00e1val \u00e9s Adreno 512-es grafikus gyors\u00edt\u00f3j\u00e1val a teljes\u00edtm\u00e9nyteszteken korrekt eredm\u00e9nyeket \u00e9rt el (kor\u00e1bbi m\u00e9r\u00e9sek nagyj\u00e1b\u00f3l 32-40%-\u00e1t \u2013 tesztt\u0151l f\u00fcgg\u0151en \u2013 m\u00falta fel\u00fcl). A lent l\u00e1that\u00f3 AnTuTu, 3DMark \u00e9s Geekbench mellett a j\u00e1t\u00e9kok is stabilan futottak rajta, ahol lehetett ott term\u00e9szetesen ig\u00e9nyelte az alacsonyabb grafikai be\u00e1ll\u00edt\u00e1sokat, m\u00edg a kisebb \u201eg\u00e9pig\u00e9ny\u0171\u201d j\u00e1t\u00e9kokn\u00e1l r\u00f6ccen\u00e9smentes volt a produkci\u00f3. A FIFA Mobile \u00e9s az Alto minden esetre komolyabb gondok n\u00e9lk\u00fcl elfutott rajta, \u00edgy a legn\u00e9pszer\u0171bb sportj\u00e1t\u00e9k rajong\u00f3i m\u00e1r megnyugodhatnak. Az ASUS egy s\u0171r\u0171 mez\u0151nybe dobta bele a Zenfone Max Pro M2-t, amiben az el\u0151bb emlegetett processzor \u00e9s a 6GB mem\u00f3ria, 64GB bels\u0151 t\u00e1rhelyes h\u00e1rmasa elegend\u0151 is lehet\u2026 a h\u00e1tr\u00e1nyt igaz\u00e1b\u00f3l a m\u00e1rka alulreprezent\u00e1lts\u00e1ga fogja jelenteni. Hasonl\u00f3 \u00e1rkateg\u00f3ri\u00e1j\u00fa, vagy teljes\u00edtm\u00e9ny\u0171 telefonok k\u00f6zt a Huawei, a Samsung, vagy a Xiaomi m\u00e1r el\u0151r\u00e9bb j\u00e1r ismerts\u00e9gben, mint az ASUS. Ugyan itt, most olvashattok r\u00f3la, de az ASUS-nak m\u00e9g mindig nem siker\u00fclt el\u0151r\u00e9bb keverednie ebben a rangsorban. Az, hogy j\u00f3 telefonokat, korrekt \u00e1ron, m\u00e1r adott\u2026 sokkal ink\u00e1bb a n\u00e9pszer\u0171s\u00e9gi list\u00e1n kellene el\u0151r\u00e9bb keveredni\u00fck. J\u00f3l \u00e9s megb\u00edzhat\u00f3an m\u0171k\u00f6dik az M2, az Android 8.1 t\u00f6bbnyire akad\u00e1sokt\u00f3l mentesen futott \u00e9s a j\u00e1t\u00e9kok ter\u00e9n is tisztesen helyt\u00e1llt (ahol van be\u00e1ll\u00edt\u00e1si lehet\u0151s\u00e9g, ott \u00e9rdemes a k\u00f6zepes szintet kiv\u00e1lasztani a k\u00e9pmin\u0151s\u00e9gn\u00e9l).    <\/p>\n\n\n\n<figure class=\"wp-block-image\"><img loading=\"lazy\" decoding=\"async\" width=\"1920\" height=\"1080\" data-attachment-id=\"4241\" data-permalink=\"https:\/\/www.notebook.hu\/blog\/asus-zenfone-max-pro-m2-teszt\/asuszenfonemaxprom2_04\/\" data-orig-file=\"https:\/\/www.notebook.hu\/blog\/wp-content\/uploads\/2019\/03\/ASUSZenfoneMaxProM2_04.jpg\" data-orig-size=\"1920,1080\" data-comments-opened=\"0\" data-image-meta=\"{&quot;aperture&quot;:&quot;0&quot;,&quot;credit&quot;:&quot;&quot;,&quot;camera&quot;:&quot;&quot;,&quot;caption&quot;:&quot;&quot;,&quot;created_timestamp&quot;:&quot;0&quot;,&quot;copyright&quot;:&quot;&quot;,&quot;focal_length&quot;:&quot;0&quot;,&quot;iso&quot;:&quot;0&quot;,&quot;shutter_speed&quot;:&quot;0&quot;,&quot;title&quot;:&quot;&quot;,&quot;orientation&quot;:&quot;0&quot;}\" data-image-title=\"ASUSZenfoneMaxProM2_04\" data-image-description=\"\" data-image-caption=\"\" data-medium-file=\"https:\/\/www.notebook.hu\/blog\/wp-content\/uploads\/2019\/03\/ASUSZenfoneMaxProM2_04-300x169.jpg\" data-large-file=\"https:\/\/www.notebook.hu\/blog\/wp-content\/uploads\/2019\/03\/ASUSZenfoneMaxProM2_04-1024x576.jpg\" src=\"https:\/\/i1.wp.com\/www.notebook.hu\/blog\/wp-content\/uploads\/2019\/03\/ASUSZenfoneMaxProM2_04.jpg?fit=618%2C348&amp;ssl=1\" alt=\"\" class=\"wp-image-4241\" srcset=\"https:\/\/www.notebook.hu\/blog\/wp-content\/uploads\/2019\/03\/ASUSZenfoneMaxProM2_04.jpg 1920w, https:\/\/www.notebook.hu\/blog\/wp-content\/uploads\/2019\/03\/ASUSZenfoneMaxProM2_04-300x169.jpg 300w, https:\/\/www.notebook.hu\/blog\/wp-content\/uploads\/2019\/03\/ASUSZenfoneMaxProM2_04-768x432.jpg 768w, https:\/\/www.notebook.hu\/blog\/wp-content\/uploads\/2019\/03\/ASUSZenfoneMaxProM2_04-1024x576.jpg 1024w\" sizes=\"auto, (max-width: 1920px) 100vw, 1920px\" \/><\/figure>\n\n\n\n<p>Ami k\u00fcl\u00f6n\u00f6sen sz\u00e9pp\u00e9 teszi ezt a stabilit\u00e1st, az a rendk\u00edv\u00fcl hossz\u00fa \u00fczemid\u0151. K\u00e9t-h\u00e1rom napot sim\u00e1n visel, \u00e1tlagos felhaszn\u00e1l\u00e1s mellett az M2, h\u00e1la az 5000 mAh-s akkumul\u00e1tor\u00e1nak. Egy nap alatt lemer\u00edteni el\u00e9g mel\u00f3s, ugyanis 20 \u00f3ra folyamatos netez\u00e9st, vagy 18 \u00f3ra vide\u00f3-n\u00e9zeget\u00e9st ugyanis biztos\u00edtani tud ez az er\u0151forr\u00e1s, aminek csak egy negat\u00edvuma van: 3 \u00e9s f\u00e9l \u00f3ra a t\u00f6lt\u00e9si id\u0151, quick charge alap\u00fa t\u00f6lt\u00e9st ugyanis nem kaptunk hozz\u00e1.  <\/p>\n\n\n\n<p class=\"has-text-color has-background has-very-light-gray-color has-vivid-red-background-color\"><strong>TESZTEK<\/strong><br><strong>AnTuTu Benchmark<\/strong><br>&#8211; 129785 pont <br><strong>3D Mark<\/strong><br>&#8211; Sling Shot Extreme &#8211; Open GL: 1225 pont<br>&#8211; Sling Shot Extreme &#8211; Vulkan: 1166 pont<br><strong>Geekbench 4<\/strong><br>&#8211; Single Core: 1472 pont<br>&#8211; Multi Core: 5417 <\/p>\n\n\n\n<p><strong>Kamera<\/strong><\/p>\n\n\n\n<p>N\u00e9zz\u00fck sz\u00e9pen, sorban, hogy mit is tud a neveket halmoz\u00f3 Zenfone a fot\u00f3z\u00e1s ter\u00e9n. Az el\u0151lapra ker\u00fclt egy 13 MP-es lencse, f2.0-\u00e1s rekesz\u00e9rt\u00e9kkel Softlight LED-es villan\u00f3val, ami k\u00e9pes 1080p 30fps-es vide\u00f3 felv\u00e9tel k\u00e9sz\u00edt\u00e9s\u00e9re. Korrekt k\u00e9peket k\u00e9sz\u00edt, \u00e9jszaka hat\u00e1rozottan hasznos a LED-villan\u00f3, egyed\u00fcl a szoftveres blur bukd\u00e1csol (a f\u00fclemet hajlamos volt elmosni, ahogy a szem\u00fcveg sz\u00e9leit is). A h\u00e1tlapra egy dupla kamera rendszer j\u00e1r: egy 12 megapixeles lencse Sony IMX486 szenzorral, f\/1,8-as apert\u00far\u00e1val \u00e9s PD-autof\u00f3kusszal, valamint egy 5 megapixeles seg\u00e9dkamera, m\u00e9lys\u00e9g\u00e9rz\u00e9kel\u0151vel. Term\u00e9szetesen itt is van AI funkci\u00f3, ami \u00fcgyes, de el\u00e9g alap v\u00e1ltozat: 13 k\u00fcl\u00f6nb\u00f6z\u0151 t\u00e9m\u00e1t ismer fel, k\u00f6zt\u00fck a kutya-macska-eg\u00e9r komb\u00f3t, a naplement\u00e9t \u00e9s a sz\u00ednpadot is. Dinamikatartom\u00e1ny nappal korrekt, de nem kiemelked\u0151, ahogy a zajmentes\u00edt\u00e9s \u00e9s az ut\u00f3lagos \u00e9les\u00edt\u00e9s is \u201eok\u00e9\u201d-t produk\u00e1l. El\u00e9rhet\u0151 a HDR-funkci\u00f3 is, ami nappal, er\u0151sebb f\u00e9nyekn\u00e9l egy kicsit tal\u00e1n t\u00fal is tolja a dolgot, de tud cser\u00e9be rendk\u00edv\u00fcl sz\u00e9p eredm\u00e9nyeket is produk\u00e1lni. Este felem\u00e1s a helyzet, a jobban megvil\u00e1g\u00edtott r\u00e9szek kell\u0151k\u00e9pp r\u00e9szletesek, de a s\u00f6t\u00e9t r\u00e9szekn\u00e9l \u00f6sszemos\u00f3dnak \u00e9s \u00e9letlenednek a k\u00e9p elemei. Ennek ellen\u00e9re az egyik kedvenc k\u00e9pemet naplementekor l\u0151ttem vele, ahol m\u00e1r nehezebbek voltak a f\u00e9nyviszonyok\u2026 de a villamosos urban kompoz\u00edci\u00f3t \u00edgy is j\u00f3l megoldotta. Vide\u00f3s fronton 4K-ra nem kapunk stabiliz\u00e1l\u00e1st, ellenben korrekt k\u00e9pmin\u0151s\u00e9get \u00e9s r\u00e9szletess\u00e9get igen, m\u00edg 1080p-ben m\u00e1r van stabiliz\u00e1l\u00e1s, de cs\u00f6kken a l\u00e1t\u00f3sz\u00f6g \u00e9s a min\u0151s\u00e9g sem annyira \u00fct\u0151s. Pozit\u00edvum viszont a f\u00f3kusz gyorsas\u00e1ga, ami rendk\u00edv\u00fcl j\u00f3 r\u00e9szid\u0151kkel reag\u00e1lta le a t\u00e9mav\u00e1ltoz\u00e1sokat. A felvett hang rendben van, a k\u00f6z\u00e9pkateg\u00f3ri\u00e1ban teljesen j\u00f3 min\u0151s\u00e9get hoz.  <\/p>\n\n\n\n<p class=\"has-background has-pale-cyan-blue-background-color\">Szeretn\u00e9d megn\u00e9zni milyen fot\u00f3kat k\u00e9sz\u00edtett\u00fcnk a telefonnal? N\u00e9zd meg az <strong>ASUS Zenfone Max Pro M2<\/strong> <strong> Tesztgal\u00e9ri\u00e1nkban<\/strong>!<\/p>\n\n\n\n<figure class=\"wp-block-image\"><img loading=\"lazy\" decoding=\"async\" width=\"1920\" height=\"1080\" data-attachment-id=\"4242\" data-permalink=\"https:\/\/www.notebook.hu\/blog\/asus-zenfone-max-pro-m2-teszt\/asuszenfonemaxprom2_02\/\" data-orig-file=\"https:\/\/www.notebook.hu\/blog\/wp-content\/uploads\/2019\/03\/ASUSZenfoneMaxProM2_02.jpg\" data-orig-size=\"1920,1080\" data-comments-opened=\"0\" data-image-meta=\"{&quot;aperture&quot;:&quot;0&quot;,&quot;credit&quot;:&quot;&quot;,&quot;camera&quot;:&quot;&quot;,&quot;caption&quot;:&quot;&quot;,&quot;created_timestamp&quot;:&quot;0&quot;,&quot;copyright&quot;:&quot;&quot;,&quot;focal_length&quot;:&quot;0&quot;,&quot;iso&quot;:&quot;0&quot;,&quot;shutter_speed&quot;:&quot;0&quot;,&quot;title&quot;:&quot;&quot;,&quot;orientation&quot;:&quot;0&quot;}\" data-image-title=\"ASUSZenfoneMaxProM2_02\" data-image-description=\"\" data-image-caption=\"\" data-medium-file=\"https:\/\/www.notebook.hu\/blog\/wp-content\/uploads\/2019\/03\/ASUSZenfoneMaxProM2_02-300x169.jpg\" data-large-file=\"https:\/\/www.notebook.hu\/blog\/wp-content\/uploads\/2019\/03\/ASUSZenfoneMaxProM2_02-1024x576.jpg\" src=\"https:\/\/i2.wp.com\/www.notebook.hu\/blog\/wp-content\/uploads\/2019\/03\/ASUSZenfoneMaxProM2_02.jpg?fit=618%2C348&amp;ssl=1\" alt=\"\" class=\"wp-image-4242\" srcset=\"https:\/\/www.notebook.hu\/blog\/wp-content\/uploads\/2019\/03\/ASUSZenfoneMaxProM2_02.jpg 1920w, https:\/\/www.notebook.hu\/blog\/wp-content\/uploads\/2019\/03\/ASUSZenfoneMaxProM2_02-300x169.jpg 300w, https:\/\/www.notebook.hu\/blog\/wp-content\/uploads\/2019\/03\/ASUSZenfoneMaxProM2_02-768x432.jpg 768w, https:\/\/www.notebook.hu\/blog\/wp-content\/uploads\/2019\/03\/ASUSZenfoneMaxProM2_02-1024x576.jpg 1024w\" sizes=\"auto, (max-width: 1920px) 100vw, 1920px\" \/><\/figure>\n\n\n\n<p><strong>\u00d6sszefoglal\u00e1s<\/strong><\/p>\n\n\n\n<p>Az ASUS Zenfone Max Pro M2 egy furcsa telefon. Annak ellen\u00e9re szerettem haszn\u00e1lni, hogy t\u00f6bb gyermekbetegs\u00e9ge is volt, kezdve a k\u00f6zepesebb kamera-rendszerrel, \u00e1t a microUSB porton, az \u00e1tlagosabb min\u0151s\u00e9g\u0171 kijelz\u0151ig. Az eg\u00e9szet ellens\u00falyozta az, hogy egy teljes\u00edtm\u00e9ny \u00e9s akkuid\u0151 centrikusabb felhaszn\u00e1l\u00e1sn\u00e1l mennyire megb\u00edzhat\u00f3 volt az eg\u00e9sz, h\u00e1la a k\u00f6z\u00e9pkateg\u00f3ri\u00e1ban n\u00e9pszer\u0171 Snapdragon 660-asnak, a m\u00e9retes RAM\/t\u00e1rhely komb\u00f3nak \u00e9s az 5000 mAh-s aksinak. Furcsa hibrid, aminek kaotikusra sikeredett n\u00e9vv\u00e1laszt\u00e1sa tal\u00e1n megfelel\u0151en is jellemzi a telefont: van benne valami furcsa, de valami szeretni val\u00f3 is. <\/p>\n\n\n\n<p class=\"has-background has-pale-cyan-blue-background-color\"><em>Amennyiben megtetszett, webshopunkban megtal\u00e1lhatod a<\/em>z <strong><a href=\"https:\/\/www.notebook.hu\/asus-zenfone-max-pro-m2-64gb-dual-sim-zb631kl-4j068eu-kozmikus-titan\">ASUS Zenfone Max Pro M2<\/a><\/strong> <em><strong> <\/strong>\u2013et. <\/em><\/p>\n\n\n\n<figure class=\"wp-block-image\"><img loading=\"lazy\" decoding=\"async\" width=\"1920\" height=\"1080\" data-attachment-id=\"4243\" data-permalink=\"https:\/\/www.notebook.hu\/blog\/asus-zenfone-max-pro-m2-teszt\/asuszenfonemaxprom2_01\/\" data-orig-file=\"https:\/\/www.notebook.hu\/blog\/wp-content\/uploads\/2019\/03\/ASUSZenfoneMaxProM2_01.jpg\" data-orig-size=\"1920,1080\" data-comments-opened=\"0\" data-image-meta=\"{&quot;aperture&quot;:&quot;0&quot;,&quot;credit&quot;:&quot;&quot;,&quot;camera&quot;:&quot;&quot;,&quot;caption&quot;:&quot;&quot;,&quot;created_timestamp&quot;:&quot;0&quot;,&quot;copyright&quot;:&quot;&quot;,&quot;focal_length&quot;:&quot;0&quot;,&quot;iso&quot;:&quot;0&quot;,&quot;shutter_speed&quot;:&quot;0&quot;,&quot;title&quot;:&quot;&quot;,&quot;orientation&quot;:&quot;0&quot;}\" data-image-title=\"ASUSZenfoneMaxProM2_01\" data-image-description=\"\" data-image-caption=\"\" data-medium-file=\"https:\/\/www.notebook.hu\/blog\/wp-content\/uploads\/2019\/03\/ASUSZenfoneMaxProM2_01-300x169.jpg\" data-large-file=\"https:\/\/www.notebook.hu\/blog\/wp-content\/uploads\/2019\/03\/ASUSZenfoneMaxProM2_01-1024x576.jpg\" src=\"https:\/\/i0.wp.com\/www.notebook.hu\/blog\/wp-content\/uploads\/2019\/03\/ASUSZenfoneMaxProM2_01.jpg?fit=618%2C348&amp;ssl=1\" alt=\"\" class=\"wp-image-4243\" srcset=\"https:\/\/www.notebook.hu\/blog\/wp-content\/uploads\/2019\/03\/ASUSZenfoneMaxProM2_01.jpg 1920w, https:\/\/www.notebook.hu\/blog\/wp-content\/uploads\/2019\/03\/ASUSZenfoneMaxProM2_01-300x169.jpg 300w, https:\/\/www.notebook.hu\/blog\/wp-content\/uploads\/2019\/03\/ASUSZenfoneMaxProM2_01-768x432.jpg 768w, https:\/\/www.notebook.hu\/blog\/wp-content\/uploads\/2019\/03\/ASUSZenfoneMaxProM2_01-1024x576.jpg 1024w\" sizes=\"auto, (max-width: 1920px) 100vw, 1920px\" \/><\/figure>\n","protected":false},"excerpt":{"rendered":"<p>Egy cs\u00facstelefon tesztel\u00e9se ut\u00e1n visszazuhanni a val\u00f3s\u00e1gba, el\u00e9g kellemetlen tud lenni. A saj\u00e1t telefonodat m\u00e1r nem l\u00e1tod a r\u00e9ginek, v\u00e1gyod a sebess\u00e9get, vagy a cs\u00facs kamera min\u0151s\u00e9get\u2026 nos, h\u00e1l\u2019\u00e9gnek itt j\u00f6tt be a k\u00e9pletbe az ASUS Zenfone Max Pro M2, teszt\u00fcnkb\u0151l pedig kider\u00fcl, hogy mi\u00e9rt tomp\u00edtotta remek\u00fcl a metaforikus puffan\u00e1st. K\u00fcls\u0151 \u00e9s eszk\u00f6zt\u00e1r Lehet-e a &hellip;<\/p>\n","protected":false},"author":1,"featured_media":4210,"comment_status":"closed","ping_status":"open","sticky":false,"template":"","format":"standard","meta":{"_jetpack_memberships_contains_paid_content":false,"footnotes":""},"categories":[1,43],"tags":[510,727,729,728,238,237],"class_list":["post-4209","post","type-post","status-publish","format-standard","has-post-thumbnail","","category-egyeb","category-tesztek","tag-asus-zenfone","tag-asus-zenfone-max-pro-m2","tag-asus-zenfone-max-pro-m2-bemutato","tag-asus-zenfone-max-pro-m2-teszt","tag-bemutato","tag-teszt"],"jetpack_featured_media_url":"https:\/\/www.notebook.hu\/blog\/wp-content\/uploads\/2019\/03\/ASUSZenfoneMaxProM2_Blog.png","jetpack_shortlink":"https:\/\/wp.me\/p9xSLL-15T","jetpack_sharing_enabled":true,"_links":{"self":[{"href":"https:\/\/www.notebook.hu\/blog\/wp-json\/wp\/v2\/posts\/4209","targetHints":{"allow":["GET"]}}],"collection":[{"href":"https:\/\/www.notebook.hu\/blog\/wp-json\/wp\/v2\/posts"}],"about":[{"href":"https:\/\/www.notebook.hu\/blog\/wp-json\/wp\/v2\/types\/post"}],"author":[{"embeddable":true,"href":"https:\/\/www.notebook.hu\/blog\/wp-json\/wp\/v2\/users\/1"}],"replies":[{"embeddable":true,"href":"https:\/\/www.notebook.hu\/blog\/wp-json\/wp\/v2\/comments?post=4209"}],"version-history":[{"count":24,"href":"https:\/\/www.notebook.hu\/blog\/wp-json\/wp\/v2\/posts\/4209\/revisions"}],"predecessor-version":[{"id":4264,"href":"https:\/\/www.notebook.hu\/blog\/wp-json\/wp\/v2\/posts\/4209\/revisions\/4264"}],"wp:featuredmedia":[{"embeddable":true,"href":"https:\/\/www.notebook.hu\/blog\/wp-json\/wp\/v2\/media\/4210"}],"wp:attachment":[{"href":"https:\/\/www.notebook.hu\/blog\/wp-json\/wp\/v2\/media?parent=4209"}],"wp:term":[{"taxonomy":"category","embeddable":true,"href":"https:\/\/www.notebook.hu\/blog\/wp-json\/wp\/v2\/categories?post=4209"},{"taxonomy":"post_tag","embeddable":true,"href":"https:\/\/www.notebook.hu\/blog\/wp-json\/wp\/v2\/tags?post=4209"}],"curies":[{"name":"wp","href":"https:\/\/api.w.org\/{rel}","templated":true}]}}