{"id":4188,"date":"2019-03-11T12:35:32","date_gmt":"2019-03-11T11:35:32","guid":{"rendered":"https:\/\/www.notebook.hu\/blog\/?p=4188"},"modified":"2019-03-11T12:35:37","modified_gmt":"2019-03-11T11:35:37","slug":"ejszakai-mod-a-messengerben","status":"publish","type":"post","link":"https:\/\/www.notebook.hu\/blog\/ejszakai-mod-a-messengerben\/","title":{"rendered":"\u00c9jszakai m\u00f3d a Messengerben | Mire j\u00f3 a Dark mode?"},"content":{"rendered":"\n<figure class=\"wp-block-image\"><img loading=\"lazy\" decoding=\"async\" width=\"728\" height=\"409\" data-attachment-id=\"4192\" data-permalink=\"https:\/\/www.notebook.hu\/blog\/ejszakai-mod-a-messengerben\/20190306_messengerdarkmode_02\/\" data-orig-file=\"https:\/\/www.notebook.hu\/blog\/wp-content\/uploads\/2019\/03\/20190306_messengerdarkmode_02.png\" data-orig-size=\"728,409\" data-comments-opened=\"0\" data-image-meta=\"{&quot;aperture&quot;:&quot;0&quot;,&quot;credit&quot;:&quot;&quot;,&quot;camera&quot;:&quot;&quot;,&quot;caption&quot;:&quot;&quot;,&quot;created_timestamp&quot;:&quot;0&quot;,&quot;copyright&quot;:&quot;&quot;,&quot;focal_length&quot;:&quot;0&quot;,&quot;iso&quot;:&quot;0&quot;,&quot;shutter_speed&quot;:&quot;0&quot;,&quot;title&quot;:&quot;&quot;,&quot;orientation&quot;:&quot;0&quot;}\" data-image-title=\"20190306_messengerdarkmode_02\" data-image-description=\"\" data-image-caption=\"\" data-medium-file=\"https:\/\/www.notebook.hu\/blog\/wp-content\/uploads\/2019\/03\/20190306_messengerdarkmode_02-300x169.png\" data-large-file=\"https:\/\/www.notebook.hu\/blog\/wp-content\/uploads\/2019\/03\/20190306_messengerdarkmode_02.png\" src=\"https:\/\/www.notebook.hu\/blog\/wp-content\/uploads\/2019\/03\/20190306_messengerdarkmode_02.png\" alt=\"\" class=\"wp-image-4192\" srcset=\"https:\/\/www.notebook.hu\/blog\/wp-content\/uploads\/2019\/03\/20190306_messengerdarkmode_02.png 728w, https:\/\/www.notebook.hu\/blog\/wp-content\/uploads\/2019\/03\/20190306_messengerdarkmode_02-300x169.png 300w\" sizes=\"auto, (max-width: 728px) 100vw, 728px\" \/><\/figure>\n\n\n\n<p><strong>Lassan el\u00e9rhet\u0151v\u00e9 v\u00e1lik mindenki sz\u00e1m\u00e1ra az \u00e9jszakai m\u00f3d a legn\u00e9pszer\u0171bb \u00fczenetk\u00fcld\u0151 applik\u00e1ci\u00f3ban. Az XDA szorgos fejleszt\u0151inek k\u00f6sz\u00f6nhet\u0151en kider\u00fclt, hogy egy igen egyszer\u0171 tr\u00fckkel lehet ki-bekapcsolni a Messenger \u00e9jszakai m\u00f3dj\u00e1t\u2026 de mire is j\u00f3 ez nek\u00fcnk?<\/strong><\/p>\n\n\n\n<p>Kezdj\u00fck mag\u00e1val az app-al. A Messengerben elvileg nem kellene m\u00e1st tenn\u00fcnk, mint saj\u00e1t magunknak, vagy egy ismer\u0151s\u00fcnknek elk\u00fcldeni a F\u00c9LHOLD emojit (&#x1f319;), majd egy \u00fczenet jelzi sz\u00e1munkra, hogy el\u00e9rhet\u0151v\u00e9 v\u00e1lt a fekete h\u00e1tter\u0171 diz\u00e1jn. Aktiv\u00e1lni-deaktiv\u00e1lni eg\u00e9szen k\u00f6nny\u0171, a f\u0151oldalr\u00f3l csak \u00e1t kell menni a Messenger-profil oldalunkra, ahol az els\u0151 v\u00e1laszthat\u00f3 opci\u00f3 jelenleg az \u201e\u00c9jszakai m\u00f3d\u201d.<\/p>\n\n\n\n<p>Egy probl\u00e9ma van m\u00e9g: nem mindenki sz\u00e1m\u00e1ra el\u00e9rhet\u0151 ez a funkci\u00f3. Val\u00f3sz\u00edn\u0171leg hull\u00e1mokban kapcsolj\u00e1k be a lehet\u0151s\u00e9get, \u00edgy aki most nem tud a holdacsk\u00e1b\u00f3l fekete diz\u00e1jnt fabrik\u00e1lni, annak kell egy kis t\u00fcrelem. \u00c9rdemes az\u00e9rt azzal is pr\u00f3b\u00e1lkozni, hogy a legutols\u00f3 friss\u00edt\u00e9ssel legyen rajta az app a telefonunkon, mert van akin\u00e9l egy friss\u00edt\u00e9s oldotta meg a k\u00e9rd\u00e9st. <\/p>\n\n\n\n<figure class=\"wp-block-image\"><img loading=\"lazy\" decoding=\"async\" width=\"1600\" height=\"900\" data-attachment-id=\"4193\" data-permalink=\"https:\/\/www.notebook.hu\/blog\/ejszakai-mod-a-messengerben\/20190306_messengerdarkmode_01\/\" data-orig-file=\"https:\/\/www.notebook.hu\/blog\/wp-content\/uploads\/2019\/03\/20190306_messengerdarkmode_01.jpg\" data-orig-size=\"1600,900\" data-comments-opened=\"0\" data-image-meta=\"{&quot;aperture&quot;:&quot;0&quot;,&quot;credit&quot;:&quot;&quot;,&quot;camera&quot;:&quot;&quot;,&quot;caption&quot;:&quot;&quot;,&quot;created_timestamp&quot;:&quot;0&quot;,&quot;copyright&quot;:&quot;&quot;,&quot;focal_length&quot;:&quot;0&quot;,&quot;iso&quot;:&quot;0&quot;,&quot;shutter_speed&quot;:&quot;0&quot;,&quot;title&quot;:&quot;&quot;,&quot;orientation&quot;:&quot;0&quot;}\" data-image-title=\"20190306_messengerdarkmode_01\" data-image-description=\"\" data-image-caption=\"\" data-medium-file=\"https:\/\/www.notebook.hu\/blog\/wp-content\/uploads\/2019\/03\/20190306_messengerdarkmode_01-300x169.jpg\" data-large-file=\"https:\/\/www.notebook.hu\/blog\/wp-content\/uploads\/2019\/03\/20190306_messengerdarkmode_01-1024x576.jpg\" src=\"https:\/\/i2.wp.com\/www.notebook.hu\/blog\/wp-content\/uploads\/2019\/03\/20190306_messengerdarkmode_01.jpg?fit=618%2C348&amp;ssl=1\" alt=\"\" class=\"wp-image-4193\" srcset=\"https:\/\/www.notebook.hu\/blog\/wp-content\/uploads\/2019\/03\/20190306_messengerdarkmode_01.jpg 1600w, https:\/\/www.notebook.hu\/blog\/wp-content\/uploads\/2019\/03\/20190306_messengerdarkmode_01-300x169.jpg 300w, https:\/\/www.notebook.hu\/blog\/wp-content\/uploads\/2019\/03\/20190306_messengerdarkmode_01-768x432.jpg 768w, https:\/\/www.notebook.hu\/blog\/wp-content\/uploads\/2019\/03\/20190306_messengerdarkmode_01-1024x576.jpg 1024w\" sizes=\"auto, (max-width: 1600px) 100vw, 1600px\" \/><\/figure>\n\n\n\n<p>Mi\u00e9rt hasznos az \u00e9jszakai m\u00f3d a telefonokn\u00e1l? Csak gondolj arra, milyen \u00e9rz\u00e9s a vaks\u00f6t\u00e9tben az \u00e9lesen vil\u00e1g\u00edt\u00f3 feh\u00e9r kijelz\u0151re n\u00e9zni est\u00e9nk\u00e9nt. A s\u00f6t\u00e9tben ez a funkci\u00f3 sokkal jobban k\u00edm\u00e9li a l\u00e1t\u00e1sunkat, m\u00e9rs\u00e9kelve a telefon \u00e1ltal kibocs\u00e1jtott k\u00e9k f\u00e9ny mennyis\u00e9g\u00e9t. Ez\u00e9rt is alkalmaz m\u00e1r eleve t\u00f6bb telefon \u201ek\u00e9kf\u00e9ny sz\u0171r\u0151\u201d opci\u00f3t a telefonjain, hiszen ez ugyan\u00fagy hat az agyra, mint a napf\u00e9ny \u00e9s hozz\u00e1j\u00e1rulhat a <strong>makuladegener\u00e1ci\u00f3<\/strong> kialakul\u00e1s\u00e1hoz.<\/p>\n\n\n\n<p class=\"has-background has-luminous-vivid-amber-background-color\">A <strong>makuladeger\u00e1ci\u00f3<\/strong> egy betegs\u00e9gcsoport, ami a szem idegh\u00e1rty\u00e1j\u00e1t, k\u00f6zelebbr\u0151l a s\u00e1rgafoltot k\u00e1ros\u00edtja. Ez a ter\u00fclet az \u00e9lesl\u00e1t\u00e1s helye, ahol a k\u00fcl\u00f6nf\u00e9le sejtek pusztul\u00e1sa \u00e1ltal\u00e1nos funkci\u00f3cs\u00f6kken\u00e9st okoz, ami a k\u00f6zponti l\u00e1t\u00e1s\u00e9less\u00e9g cs\u00f6kken\u00e9s\u00e9vel gyeng\u00e9nl\u00e1t\u00e1st, vaks\u00e1got okozhat. <br>\/ <em>Forr\u00e1s: Wikip\u00e9dia<\/em><\/p>\n\n\n\n<p>B\u00f3nusz pont az \u00e9jszakai m\u00f3d, vagy s\u00f6t\u00e9t m\u00f3d mellett, hogy az AMOLED\/OLED kijelz\u0151k sz\u00e1m\u00e1ra energiatakar\u00e9kos megold\u00e1st jelent. Ezekn\u00e9l a panelekn\u00e9l a fekete pixelek egy\u00e1ltal\u00e1n nem ig\u00e9nyelnek energi\u00e1t, mert ahol nem kell f\u00e9ny, ott nem kapcsolnak be a k\u00e9ppontok (az AMOLED kijelz\u0151kn\u00e9l nincs k\u00fcl\u00f6n h\u00e1tt\u00e9rvil\u00e1g\u00edt\u00e1s, mint az IPS LED-h\u00e1tter\u0171 megold\u00e1sain\u00e1l, hanem a k\u00e9ppontjai saj\u00e1t maguk bocs\u00e1jtanak ki f\u00e9nyt). Azzal, hogy n\u00f6vekszik a fekete fel\u00fclet, a telefon kevesebb energi\u00e1t em\u00e9szt, \u00edgy n\u0151 az akkuid\u0151.<\/p>\n\n\n\n<figure class=\"wp-block-image\"><img loading=\"lazy\" decoding=\"async\" width=\"1440\" height=\"960\" data-attachment-id=\"4194\" data-permalink=\"https:\/\/www.notebook.hu\/blog\/ejszakai-mod-a-messengerben\/20190306_messengerdarkmode_03\/\" data-orig-file=\"https:\/\/www.notebook.hu\/blog\/wp-content\/uploads\/2019\/03\/20190306_messengerdarkmode_03.jpg\" data-orig-size=\"1440,960\" data-comments-opened=\"0\" data-image-meta=\"{&quot;aperture&quot;:&quot;0&quot;,&quot;credit&quot;:&quot;&quot;,&quot;camera&quot;:&quot;&quot;,&quot;caption&quot;:&quot;&quot;,&quot;created_timestamp&quot;:&quot;0&quot;,&quot;copyright&quot;:&quot;&quot;,&quot;focal_length&quot;:&quot;0&quot;,&quot;iso&quot;:&quot;0&quot;,&quot;shutter_speed&quot;:&quot;0&quot;,&quot;title&quot;:&quot;&quot;,&quot;orientation&quot;:&quot;0&quot;}\" data-image-title=\"20190306_messengerdarkmode_03\" data-image-description=\"\" data-image-caption=\"\" data-medium-file=\"https:\/\/www.notebook.hu\/blog\/wp-content\/uploads\/2019\/03\/20190306_messengerdarkmode_03-300x200.jpg\" data-large-file=\"https:\/\/www.notebook.hu\/blog\/wp-content\/uploads\/2019\/03\/20190306_messengerdarkmode_03-1024x683.jpg\" src=\"https:\/\/i0.wp.com\/www.notebook.hu\/blog\/wp-content\/uploads\/2019\/03\/20190306_messengerdarkmode_03.jpg?fit=618%2C412&amp;ssl=1\" alt=\"\" class=\"wp-image-4194\" srcset=\"https:\/\/www.notebook.hu\/blog\/wp-content\/uploads\/2019\/03\/20190306_messengerdarkmode_03.jpg 1440w, https:\/\/www.notebook.hu\/blog\/wp-content\/uploads\/2019\/03\/20190306_messengerdarkmode_03-300x200.jpg 300w, https:\/\/www.notebook.hu\/blog\/wp-content\/uploads\/2019\/03\/20190306_messengerdarkmode_03-768x512.jpg 768w, https:\/\/www.notebook.hu\/blog\/wp-content\/uploads\/2019\/03\/20190306_messengerdarkmode_03-1024x683.jpg 1024w\" sizes=\"auto, (max-width: 1440px) 100vw, 1440px\" \/><\/figure>\n","protected":false},"excerpt":{"rendered":"<p>Lassan el\u00e9rhet\u0151v\u00e9 v\u00e1lik mindenki sz\u00e1m\u00e1ra az \u00e9jszakai m\u00f3d a legn\u00e9pszer\u0171bb \u00fczenetk\u00fcld\u0151 applik\u00e1ci\u00f3ban. Az XDA szorgos fejleszt\u0151inek k\u00f6sz\u00f6nhet\u0151en kider\u00fclt, hogy egy igen egyszer\u0171 tr\u00fckkel lehet ki-bekapcsolni a Messenger \u00e9jszakai m\u00f3dj\u00e1t\u2026 de mire is j\u00f3 ez nek\u00fcnk? Kezdj\u00fck mag\u00e1val az app-al. A Messengerben elvileg nem kellene m\u00e1st tenn\u00fcnk, mint saj\u00e1t magunknak, vagy egy ismer\u0151s\u00fcnknek elk\u00fcldeni a F\u00c9LHOLD &hellip;<\/p>\n","protected":false},"author":1,"featured_media":4192,"comment_status":"closed","ping_status":"open","sticky":false,"template":"","format":"standard","meta":{"_jetpack_memberships_contains_paid_content":false,"footnotes":""},"categories":[42,41],"tags":[692,691,87,168,693],"class_list":["post-4188","post","type-post","status-publish","format-standard","has-post-thumbnail","","category-cikkek","category-hirek","tag-ejszakai-mod","tag-emoji","tag-facebook","tag-messenger","tag-night-mode"],"jetpack_featured_media_url":"https:\/\/www.notebook.hu\/blog\/wp-content\/uploads\/2019\/03\/20190306_messengerdarkmode_02.png","jetpack_shortlink":"https:\/\/wp.me\/p9xSLL-15y","jetpack_sharing_enabled":true,"_links":{"self":[{"href":"https:\/\/www.notebook.hu\/blog\/wp-json\/wp\/v2\/posts\/4188","targetHints":{"allow":["GET"]}}],"collection":[{"href":"https:\/\/www.notebook.hu\/blog\/wp-json\/wp\/v2\/posts"}],"about":[{"href":"https:\/\/www.notebook.hu\/blog\/wp-json\/wp\/v2\/types\/post"}],"author":[{"embeddable":true,"href":"https:\/\/www.notebook.hu\/blog\/wp-json\/wp\/v2\/users\/1"}],"replies":[{"embeddable":true,"href":"https:\/\/www.notebook.hu\/blog\/wp-json\/wp\/v2\/comments?post=4188"}],"version-history":[{"count":5,"href":"https:\/\/www.notebook.hu\/blog\/wp-json\/wp\/v2\/posts\/4188\/revisions"}],"predecessor-version":[{"id":4196,"href":"https:\/\/www.notebook.hu\/blog\/wp-json\/wp\/v2\/posts\/4188\/revisions\/4196"}],"wp:featuredmedia":[{"embeddable":true,"href":"https:\/\/www.notebook.hu\/blog\/wp-json\/wp\/v2\/media\/4192"}],"wp:attachment":[{"href":"https:\/\/www.notebook.hu\/blog\/wp-json\/wp\/v2\/media?parent=4188"}],"wp:term":[{"taxonomy":"category","embeddable":true,"href":"https:\/\/www.notebook.hu\/blog\/wp-json\/wp\/v2\/categories?post=4188"},{"taxonomy":"post_tag","embeddable":true,"href":"https:\/\/www.notebook.hu\/blog\/wp-json\/wp\/v2\/tags?post=4188"}],"curies":[{"name":"wp","href":"https:\/\/api.w.org\/{rel}","templated":true}]}}