{"id":4131,"date":"2019-02-28T05:25:58","date_gmt":"2019-02-28T04:25:58","guid":{"rendered":"https:\/\/www.notebook.hu\/blog\/?p=4131"},"modified":"2019-02-27T15:35:38","modified_gmt":"2019-02-27T14:35:38","slug":"android-vagy-ios-a-szuksegtelen-haboru","status":"publish","type":"post","link":"https:\/\/www.notebook.hu\/blog\/android-vagy-ios-a-szuksegtelen-haboru\/","title":{"rendered":"ANDROID vs IOS! | A sz\u00fcks\u00e9gtelen h\u00e1bor\u00fa"},"content":{"rendered":"\n<figure class=\"wp-block-image\"><img loading=\"lazy\" decoding=\"async\" width=\"940\" height=\"666\" data-attachment-id=\"4135\" data-permalink=\"https:\/\/www.notebook.hu\/blog\/android-vagy-ios-a-szuksegtelen-haboru\/20190227_androidvsios\/\" data-orig-file=\"https:\/\/www.notebook.hu\/blog\/wp-content\/uploads\/2019\/02\/20190227_androidvsios.jpg\" data-orig-size=\"940,666\" data-comments-opened=\"0\" data-image-meta=\"{&quot;aperture&quot;:&quot;0&quot;,&quot;credit&quot;:&quot;&quot;,&quot;camera&quot;:&quot;&quot;,&quot;caption&quot;:&quot;&quot;,&quot;created_timestamp&quot;:&quot;0&quot;,&quot;copyright&quot;:&quot;&quot;,&quot;focal_length&quot;:&quot;0&quot;,&quot;iso&quot;:&quot;0&quot;,&quot;shutter_speed&quot;:&quot;0&quot;,&quot;title&quot;:&quot;&quot;,&quot;orientation&quot;:&quot;0&quot;}\" data-image-title=\"20190227_androidvsios\" data-image-description=\"\" data-image-caption=\"\" data-medium-file=\"https:\/\/www.notebook.hu\/blog\/wp-content\/uploads\/2019\/02\/20190227_androidvsios-300x213.jpg\" data-large-file=\"https:\/\/www.notebook.hu\/blog\/wp-content\/uploads\/2019\/02\/20190227_androidvsios.jpg\" src=\"https:\/\/www.notebook.hu\/blog\/wp-content\/uploads\/2019\/02\/20190227_androidvsios.jpg\" alt=\"\" class=\"wp-image-4135\" srcset=\"https:\/\/www.notebook.hu\/blog\/wp-content\/uploads\/2019\/02\/20190227_androidvsios.jpg 940w, https:\/\/www.notebook.hu\/blog\/wp-content\/uploads\/2019\/02\/20190227_androidvsios-300x213.jpg 300w, https:\/\/www.notebook.hu\/blog\/wp-content\/uploads\/2019\/02\/20190227_androidvsios-768x544.jpg 768w\" sizes=\"auto, (max-width: 940px) 100vw, 940px\" \/><\/figure>\n\n\n\n<p><strong>\u201eEz dr\u00e1ga\u2026 az is dr\u00e1ga. Ez haszn\u00e1lhatatlan\u2026 az m\u00e9g haszn\u00e1lhatatlanabb. Ez jobb, mert nem ismerem az egyiket\u2026 nem az jobb, mert \u00e9n nem ismerem m\u00e1sikat. Sosem haszn\u00e1ltam, de sz\u00f6rny\u0171\u2026 \u00e9n sem a ti\u00e9det, de az borzalmas.\u201d \u2013 id\u00e9zet b\u00e1rmelyik komment mez\u0151b\u0151l, amiben az Android \u00e9s iOS felhaszn\u00e1l\u00f3k \u00fctk\u00f6ztetik v\u00e9lem\u00e9ny\u00fcket. Tisztelet a kiv\u00e9telnek, de most n\u00e9zz\u00fck, hogy mi\u00e9rt alakul vill\u00e1mh\u00e1bor\u00fas ter\u00fclett\u00e9 b\u00e1rmelyik komment mez\u0151, ha a k\u00e9t t\u00e1bor \u00f6sszecsap.<\/strong><\/p>\n\n\n\n<p>K\u00f6z\u00f6ss\u00e9gnek tekinthet\u0151-e egy olyan embercsoport, aminek tagjai tal\u00e1n sosem tal\u00e1lkoztak, m\u00e9gis a hasonl\u00f3 \u00e9rdekl\u0151d\u00e9s \u00f6sszekapcsolja \u0151ket \u00e9s adott id\u0151szakban koherens egys\u00e9gk\u00e9nt m\u0171k\u00f6dnek? \u2013 tehetn\u00e9nk fel a k\u00e9rd\u00e9st egy antropol\u00f3giai cikkben, de ak\u00e1r ebben a bejegyz\u00e9sben is! Megfigyelhet\u0151 ugyanis, hogy az emberek a m\u00e1rka- \u00e9s szoftverpreferenci\u00e1juk szerint csoportokat alkotnak. Ezek ut\u00e1n (tudom\u00e1nyok k\u00f6zt k\u00f6nnyed\u00e9n ugr\u00e1lva), vegy\u00fck el\u0151 azt az elm\u00e9letet, hogy a csoportok k\u00f6zt folyamatos a verseng\u00e9s a \u201ecs\u00facs\u201d fel\u00e9\u2026 \u00e9s m\u00e9g mindig nem t\u00e1volodtunk el az alap t\u00e9m\u00e1nkt\u00f3l. A vita ugyanis ez\u2026 ki d\u00f6nt jobban, ki\u00e9 az er\u0151sebb \u00e9s melyik csoport nyer egy jelent\u00e9ktelen vit\u00e1t.<\/p>\n\n\n\n<figure class=\"wp-block-image\"><img loading=\"lazy\" decoding=\"async\" width=\"800\" height=\"450\" data-attachment-id=\"4136\" data-permalink=\"https:\/\/www.notebook.hu\/blog\/android-vagy-ios-a-szuksegtelen-haboru\/20190227_androidvsios2\/\" data-orig-file=\"https:\/\/www.notebook.hu\/blog\/wp-content\/uploads\/2019\/02\/20190227_androidvsios2.jpg\" data-orig-size=\"800,450\" data-comments-opened=\"0\" data-image-meta=\"{&quot;aperture&quot;:&quot;0&quot;,&quot;credit&quot;:&quot;&quot;,&quot;camera&quot;:&quot;&quot;,&quot;caption&quot;:&quot;&quot;,&quot;created_timestamp&quot;:&quot;0&quot;,&quot;copyright&quot;:&quot;&quot;,&quot;focal_length&quot;:&quot;0&quot;,&quot;iso&quot;:&quot;0&quot;,&quot;shutter_speed&quot;:&quot;0&quot;,&quot;title&quot;:&quot;&quot;,&quot;orientation&quot;:&quot;0&quot;}\" data-image-title=\"20190227_androidvsios2\" data-image-description=\"\" data-image-caption=\"\" data-medium-file=\"https:\/\/www.notebook.hu\/blog\/wp-content\/uploads\/2019\/02\/20190227_androidvsios2-300x169.jpg\" data-large-file=\"https:\/\/www.notebook.hu\/blog\/wp-content\/uploads\/2019\/02\/20190227_androidvsios2.jpg\" src=\"https:\/\/www.notebook.hu\/blog\/wp-content\/uploads\/2019\/02\/20190227_androidvsios2.jpg\" alt=\"\" class=\"wp-image-4136\" srcset=\"https:\/\/www.notebook.hu\/blog\/wp-content\/uploads\/2019\/02\/20190227_androidvsios2.jpg 800w, https:\/\/www.notebook.hu\/blog\/wp-content\/uploads\/2019\/02\/20190227_androidvsios2-300x169.jpg 300w, https:\/\/www.notebook.hu\/blog\/wp-content\/uploads\/2019\/02\/20190227_androidvsios2-768x432.jpg 768w\" sizes=\"auto, (max-width: 800px) 100vw, 800px\" \/><\/figure>\n\n\n\n<p><strong>Egy jelent\u00e9ktelen vita, hangos r\u00e9sztvev\u0151kkel?<\/strong><\/p>\n\n\n\n<p>A PCMag \u00e1ltal v\u00e9gzett kutat\u00e1s arra\npr\u00f3b\u00e1lt f\u00e9nyt der\u00edteni, hogy milyen indokok ment\u00e9n v\u00e1ltanak, vagy v\u00e1lasztanak a\nfelhaszn\u00e1l\u00f3k a k\u00e9t oper\u00e1ci\u00f3s rendszerek k\u00f6zt. A mostani t\u00e9m\u00e1nk szempontj\u00e1b\u00f3l\negy \u00e9rdekes t\u00e9nyez\u0151: a megk\u00e9rdezettek mind\u00f6ssze 19%-\u00e1nak volt fontos, hogy\nmilyen oper\u00e1ci\u00f3s rendszerrel \u00e9rkezik a k\u00f6vetkez\u0151 telefon. Sz\u00f3val Ez a hangos\n19% az, aki a vit\u00e1ban r\u00e9szt vesz? Val\u00f3sz\u00edn\u0171leg m\u00e9g ez sem igaz. A 19%-nak\nfeltehet\u0151leg egy kisebb r\u00e9sze, aki meg is nyilv\u00e1nul a t\u00e9m\u00e1ban. A t\u00f6bbiek\nletudj\u00e1k egy like-al, vagy hangulatjellel a reakci\u00f3t egy k\u00e9rd\u00e9ses posztn\u00e1l,\nesetleg tesznek egy tetsz\u00e9snyilv\u00e1n\u00edt\u00e1st egy-egy hozz\u00e1sz\u00f3l\u00e1shoz, de igyekeznek\nkimaradni a fesz\u00fclt helyzetekb\u0151l.<\/p>\n\n\n\n<p><strong>A marketing is \u00e9p\u00edt r\u00e1<\/strong><\/p>\n\n\n\n<p>Ahogy ezt \u00e9n, egy \u00e1tlagos sz\u00f6veg\u00edr\u00f3 \u00e9s m\u00e9g sokan m\u00e1sok felismert\u00e9k, \u00fagy a gazdas\u00e1gi elemz\u0151k sz\u00e1m\u00e1ra is felt\u0171nt ez a kommenth\u00e1bor\u00fa. Alap szinten ez j\u00f3 arra, hogy egy adott social media fel\u00fclet nagyobb el\u00e9r\u00e9st produk\u00e1ljon (r\u00f6viden: min\u00e9l t\u00f6bb az interakci\u00f3 egy bejegyz\u00e9s alatt, ann\u00e1l t\u00f6bbsz\u00f6r\/jobban jelenik meg a h\u00edrfolyamban). Ehhez hasonl\u00edthat\u00f3, amikor maga a gy\u00e1rt\u00f3 igyekszik a saj\u00e1t k\u00f6vet\u0151i k\u00f6r\u00e9t \u00fagy kialak\u00edtani, hogy az adott emberek identit\u00e1s\u00e1nak r\u00e9sze legyen egy-egy eszk\u00f6z tulajdonl\u00e1sa. Ezek ut\u00e1n k\u00f6nny\u0171 egy \u00faj eszk\u00f6zt a piacra hozni, ha garant\u00e1lt, hogy a v\u00e1s\u00e1rl\u00f3k alapvet\u0151 ig\u00e9nyk\u00e9nt \u00e9rz\u00e9kelik az eggyel jobb kiad\u00e1s beszerz\u00e9s\u00e9t. Ezzel a hozz\u00e1\u00e1ll\u00e1ssal fenntarthat\u00f3 a (pazarl\u00f3) fogyaszt\u00f3i t\u00e1rsadalmi berendezked\u00e9s, ami gazdas\u00e1gi stabilit\u00e1st biztos\u00edt a gy\u00e1rt\u00f3k sz\u00e1m\u00e1ra. Az influencer-marketingben sem ismeretlen a dolog: az egyik oldal mellett fixen ki\u00e1ll\u00f3 v\u00e9lem\u00e9nyvez\u00e9r (b\u00e1r biztosan fogj\u00e1k t\u00e1madni), megnyugv\u00e1st ad a csordaszellemnek megfelel\u0151en viselked\u0151 k\u00f6vet\u0151i k\u00f6re sz\u00e1m\u00e1ra.<\/p>\n\n\n\n<figure class=\"wp-block-image\"><img loading=\"lazy\" decoding=\"async\" width=\"4000\" height=\"2293\" data-attachment-id=\"4137\" data-permalink=\"https:\/\/www.notebook.hu\/blog\/android-vagy-ios-a-szuksegtelen-haboru\/20190227_androidvsios3\/\" data-orig-file=\"https:\/\/www.notebook.hu\/blog\/wp-content\/uploads\/2019\/02\/20190227_androidvsios3.jpg\" data-orig-size=\"4000,2293\" data-comments-opened=\"0\" data-image-meta=\"{&quot;aperture&quot;:&quot;0&quot;,&quot;credit&quot;:&quot;&quot;,&quot;camera&quot;:&quot;&quot;,&quot;caption&quot;:&quot;&quot;,&quot;created_timestamp&quot;:&quot;0&quot;,&quot;copyright&quot;:&quot;&quot;,&quot;focal_length&quot;:&quot;0&quot;,&quot;iso&quot;:&quot;0&quot;,&quot;shutter_speed&quot;:&quot;0&quot;,&quot;title&quot;:&quot;&quot;,&quot;orientation&quot;:&quot;0&quot;}\" data-image-title=\"20190227_androidvsios3\" data-image-description=\"\" data-image-caption=\"\" data-medium-file=\"https:\/\/www.notebook.hu\/blog\/wp-content\/uploads\/2019\/02\/20190227_androidvsios3-300x172.jpg\" data-large-file=\"https:\/\/www.notebook.hu\/blog\/wp-content\/uploads\/2019\/02\/20190227_androidvsios3-1024x587.jpg\" src=\"https:\/\/i0.wp.com\/www.notebook.hu\/blog\/wp-content\/uploads\/2019\/02\/20190227_androidvsios3.jpg?fit=618%2C354&amp;ssl=1\" alt=\"\" class=\"wp-image-4137\" srcset=\"https:\/\/www.notebook.hu\/blog\/wp-content\/uploads\/2019\/02\/20190227_androidvsios3.jpg 4000w, https:\/\/www.notebook.hu\/blog\/wp-content\/uploads\/2019\/02\/20190227_androidvsios3-300x172.jpg 300w, https:\/\/www.notebook.hu\/blog\/wp-content\/uploads\/2019\/02\/20190227_androidvsios3-768x440.jpg 768w, https:\/\/www.notebook.hu\/blog\/wp-content\/uploads\/2019\/02\/20190227_androidvsios3-1024x587.jpg 1024w\" sizes=\"auto, (max-width: 4000px) 100vw, 4000px\" \/><\/figure>\n\n\n\n<p><strong>\u00cdgy \u00edrtok ti <\/strong><\/p>\n\n\n\n<p>A konyha-szociol\u00f3giai\/gazdas\u00e1gi\nelemz\u00e9sek ut\u00e1n j\u00f6jjenek nyilv\u00e1nval\u00f3 dolgok: meg\u00e9rkezik egy cikk a\nFacebook-oldalunkra, az iPhone t\u00edpushib\u00e1kr\u00f3l, vagy az iPhone v\u00e1s\u00e1rl\u00f3i\nszok\u00e1sokr\u00f3l, majd \u201ev\u00e9rszagra gy\u0171l az \u00e9ji vad\u201d alapon j\u00f6nnek is a kritikusok.\nNyugalom, egy \u201eMit v\u00e1lasztan\u00e1l? Samsung vs. Huawei\u201d poszt al\u00e1 is \u00e9rkezik az\nellent\u00e1bor. N\u00e9zz\u00fck csak, milyen sablon-szerepl\u0151ket l\u00e1thatunk a kommentmez\u0151kben.\nFigyelem, a k\u00f6vetkez\u0151 szakaszban ir\u00f3nia nyomaira bukkanhattok.<\/p>\n\n\n\n<p><em>A hozz\u00e1\u00e9rt\u0151:<\/em> Ennek van PRO \u00e9s CONTRA v\u00e1ltozata is. Jobb esetben\n\u00e9sz \u00e9rvekkel elmagyar\u00e1zza, hogy sz\u00e1m\u00e1ra mi\u00e9rt nem \u00e9ri meg a telefon (akkuid\u0151, teljes\u00edtm\u00e9ny,\nkamera, etc.). Rosszabb esetben, egy ilyen magyar\u00e1zat ut\u00e1n reflexb\u0151l\ninkompetensnek \u00e9s degener\u00e1ltnak kezeli azt, akinek a krit\u00e9riumok ellen\u00e9re\nmegfelel az adott eszk\u00f6z.<\/p>\n\n\n\n<p><em>Az egyet\u00e9rt\u0151k<\/em>: \u0150 maga nem fogalmaz meg m\u00e9ly kritik\u00e1t, de mivel neki\nis olyan telefonja van, \u00edgy nyom egy like-ot \u00e9s oda\u00edrja, hogy \u201et\u00f6kre igazad van\u201d.\nRosszabb esetben, az el\u0151z\u0151h\u00f6z hasonl\u00f3an m\u00e9g odacsap egy-k\u00e9t pejorat\u00edv jelz\u0151t az\nellent\u00e1bor tagjainak c\u00edmezve. <\/p>\n\n\n\n<p><em>Akinek van egy ismer\u0151se<\/em>: Itt k\u00e9t v\u00e1ltozatot figyelhet\u00fcnk\nmeg, az \u201eegyik bar\u00e1tomnak van \u00e9s neki is nagyon j\u00f3\u201d \u00e9s az \u201eegyik ismer\u0151s\u00f6mnek\nis ilyen volt \u00e9s ink\u00e1bb v\u00e1ltott olyanra, ami nekem van\u201d. <\/p>\n\n\n\n<p><em>A (nem) szofisztik\u00e1lt<\/em>: A kommentel\u0151 az eszk\u00f6z metafor\u00e1jak\u00e9nt a fek\u00e1lia\nfogalm\u00e1nak obszc\u00e9n szinonim\u00e1j\u00e1t alkalmazza.<\/p>\n\n\n\n<p><em>Az \u201eelsemolvasta\u201d:<\/em> A c\u00edm elolvas\u00e1sa ut\u00e1n \u00fagy \u00e9rezte, \u0151 nem szorul t\u00f6bb\ninform\u00e1ci\u00f3ra, de megosztja saj\u00e1t v\u00e9lem\u00e9ny\u00e9t, ellenv\u00e9lem\u00e9nyt \u00e9s az el\u0151z\u0151\nmagatart\u00e1sb\u00f3l k\u00f6vetkez\u0151 kritik\u00e1t nem semmisnek v\u00e9ve.<\/p>\n\n\n\n<p><em>A t\u00fcske<\/em>: Egyszer sz\u00f3l hozz\u00e1, majd el is hagyja a harcteret. A v\u00e1laszokra nem reag\u00e1l, sokszor csak a gerjeszt\u00e9s a c\u00e9lja. Szinonimak\u00e9nt a \u201etrollt\u201d is haszn\u00e1lhatjuk. <\/p>\n\n\n\n<figure class=\"wp-block-image\"><img loading=\"lazy\" decoding=\"async\" width=\"1024\" height=\"684\" data-attachment-id=\"2359\" data-permalink=\"https:\/\/www.notebook.hu\/blog\/igy-kattanj-le-a-mobilod-kepernyojerol-trukkok-az-okostelefonok-hipnotikus-hatasa-ellen\/notebook-hu_51\/\" data-orig-file=\"https:\/\/www.notebook.hu\/blog\/wp-content\/uploads\/2018\/01\/notebook.hu_51.jpg\" data-orig-size=\"2505,1674\" data-comments-opened=\"0\" data-image-meta=\"{&quot;aperture&quot;:&quot;0&quot;,&quot;credit&quot;:&quot;&quot;,&quot;camera&quot;:&quot;&quot;,&quot;caption&quot;:&quot;48153693 - group of friends at a restaurant with all people on the table occupied with cellphones&quot;,&quot;created_timestamp&quot;:&quot;0&quot;,&quot;copyright&quot;:&quot;IKO\\\/123RF&quot;,&quot;focal_length&quot;:&quot;0&quot;,&quot;iso&quot;:&quot;0&quot;,&quot;shutter_speed&quot;:&quot;0&quot;,&quot;title&quot;:&quot;&quot;,&quot;orientation&quot;:&quot;0&quot;}\" data-image-title=\"\u00cdgy kattanj le a mobilod k\u00e9perny\u0151j\u00e9r\u0151l Tr\u00fckk\u00f6k az okostelefonok hipnotikus hat\u00e1sa ellen\" data-image-description=\"\" data-image-caption=\"\" data-medium-file=\"https:\/\/www.notebook.hu\/blog\/wp-content\/uploads\/2018\/01\/notebook.hu_51-300x200.jpg\" data-large-file=\"https:\/\/www.notebook.hu\/blog\/wp-content\/uploads\/2018\/01\/notebook.hu_51-1024x684.jpg\" src=\"https:\/\/www.notebook.hu\/blog\/wp-content\/uploads\/2018\/01\/notebook.hu_51-1024x684.jpg\" alt=\"\" class=\"wp-image-2359\" srcset=\"https:\/\/www.notebook.hu\/blog\/wp-content\/uploads\/2018\/01\/notebook.hu_51-1024x684.jpg 1024w, https:\/\/www.notebook.hu\/blog\/wp-content\/uploads\/2018\/01\/notebook.hu_51-300x200.jpg 300w, https:\/\/www.notebook.hu\/blog\/wp-content\/uploads\/2018\/01\/notebook.hu_51-768x513.jpg 768w\" sizes=\"auto, (max-width: 1024px) 100vw, 1024px\" \/><\/figure>\n\n\n\n<p><strong>Tisztelet a kiv\u00e9telnek<\/strong><\/p>\n\n\n\n<p>Ez a szakasz sz\u00f3ljon az \u201e\u00edgy is lehetne\u201d-csoport r\u00e9sztvev\u0151ir\u0151l. A karik\u00edrozott kommentel\u0151kkel ellent\u00e9tben \u0151ket jellemzik olyan \u00e9rt\u00e9kes k\u00e9pess\u00e9gek, mint a \u201evitak\u00e9szs\u00e9g\u201d, \u201eaz ellenv\u00e9lem\u00e9ny elfogad\u00e1sa\u201d \u00e9s a \u201et\u00fcrelem\u201d. Nem kell er\u0151ltetett \u201ep\u00edsz\u00eds\u00e9gre\u201d gondolni, csak szimpl\u00e1n ismerj\u00fck el azokat, akik nem esnek r\u00f6gt\u00f6n a m\u00e1sik tork\u00e1nak, ha az nem \u00e9rt egyet vel\u00fck. Egy perc n\u00e9ma csenddel ad\u00f3zzunk a h\u0151s\u00f6k el\u0151tt, akik nem viselnek k\u00f6penyt.<\/p>\n\n\n\n<p>R\u00e9sz\u00fcnkr\u0151l a vit\u00e1val nincs probl\u00e9ma, ha azt a klasszikus \u00e9rtelemben vessz\u00fck. A v\u00e9lem\u00e9nyek \u00fctk\u00f6ztet\u00e9se, szem\u00e9lyesked\u00e9s \u00e9s &#8222;szint alatti&#8221; megnyilv\u00e1nul\u00e1sok n\u00e9lk\u00fcl gy\u00fcm\u00f6lcs\u00f6z\u0151 \u00e9s \u00e9rdekes p\u00e1rbesz\u00e9det sz\u00fclhet&#8230; a trollokat meg ne etess\u00fck.<\/p>\n","protected":false},"excerpt":{"rendered":"<p>\u201eEz dr\u00e1ga\u2026 az is dr\u00e1ga. Ez haszn\u00e1lhatatlan\u2026 az m\u00e9g haszn\u00e1lhatatlanabb. Ez jobb, mert nem ismerem az egyiket\u2026 nem az jobb, mert \u00e9n nem ismerem m\u00e1sikat. Sosem haszn\u00e1ltam, de sz\u00f6rny\u0171\u2026 \u00e9n sem a ti\u00e9det, de az borzalmas.\u201d \u2013 id\u00e9zet b\u00e1rmelyik komment mez\u0151b\u0151l, amiben az Android \u00e9s iOS felhaszn\u00e1l\u00f3k \u00fctk\u00f6ztetik v\u00e9lem\u00e9ny\u00fcket. Tisztelet a kiv\u00e9telnek, de most n\u00e9zz\u00fck, &hellip;<\/p>\n","protected":false},"author":1,"featured_media":4135,"comment_status":"closed","ping_status":"open","sticky":false,"template":"","format":"standard","meta":{"_jetpack_memberships_contains_paid_content":false,"footnotes":""},"categories":[42],"tags":[681,680,197,682],"class_list":["post-4131","post","type-post","status-publish","format-standard","has-post-thumbnail","","category-cikkek","tag-android","tag-ios","tag-iphone","tag-vita"],"jetpack_featured_media_url":"https:\/\/www.notebook.hu\/blog\/wp-content\/uploads\/2019\/02\/20190227_androidvsios.jpg","jetpack_shortlink":"https:\/\/wp.me\/p9xSLL-14D","jetpack_sharing_enabled":true,"_links":{"self":[{"href":"https:\/\/www.notebook.hu\/blog\/wp-json\/wp\/v2\/posts\/4131","targetHints":{"allow":["GET"]}}],"collection":[{"href":"https:\/\/www.notebook.hu\/blog\/wp-json\/wp\/v2\/posts"}],"about":[{"href":"https:\/\/www.notebook.hu\/blog\/wp-json\/wp\/v2\/types\/post"}],"author":[{"embeddable":true,"href":"https:\/\/www.notebook.hu\/blog\/wp-json\/wp\/v2\/users\/1"}],"replies":[{"embeddable":true,"href":"https:\/\/www.notebook.hu\/blog\/wp-json\/wp\/v2\/comments?post=4131"}],"version-history":[{"count":5,"href":"https:\/\/www.notebook.hu\/blog\/wp-json\/wp\/v2\/posts\/4131\/revisions"}],"predecessor-version":[{"id":4145,"href":"https:\/\/www.notebook.hu\/blog\/wp-json\/wp\/v2\/posts\/4131\/revisions\/4145"}],"wp:featuredmedia":[{"embeddable":true,"href":"https:\/\/www.notebook.hu\/blog\/wp-json\/wp\/v2\/media\/4135"}],"wp:attachment":[{"href":"https:\/\/www.notebook.hu\/blog\/wp-json\/wp\/v2\/media?parent=4131"}],"wp:term":[{"taxonomy":"category","embeddable":true,"href":"https:\/\/www.notebook.hu\/blog\/wp-json\/wp\/v2\/categories?post=4131"},{"taxonomy":"post_tag","embeddable":true,"href":"https:\/\/www.notebook.hu\/blog\/wp-json\/wp\/v2\/tags?post=4131"}],"curies":[{"name":"wp","href":"https:\/\/api.w.org\/{rel}","templated":true}]}}