{"id":4107,"date":"2019-02-26T09:03:00","date_gmt":"2019-02-26T08:03:00","guid":{"rendered":"https:\/\/www.notebook.hu\/blog\/?p=4107"},"modified":"2022-03-28T23:57:23","modified_gmt":"2022-03-28T21:57:23","slug":"hogyan-vesz-iphone-t-a-magyar","status":"publish","type":"post","link":"https:\/\/www.notebook.hu\/blog\/hogyan-vesz-iphone-t-a-magyar\/","title":{"rendered":"Hogyan vesz iPhone-t a magyar?"},"content":{"rendered":"\n<p><strong>Az id\u0151 m\u00fal\u00e1s\u00e1val v\u00e1ltoznak v\u00e1s\u00e1rl\u00e1si szok\u00e1saink. Irt\u00f3 elcs\u00e9peltnek t\u0171nik\na \u201efelgyorsult vil\u00e1gunkban\u201d kifejez\u00e9s, de m\u00e9gis sok mindent elmond a\nh\u00e9tk\u00f6znapjainkr\u00f3l, s\u0151t ak\u00e1r arr\u00f3l is, hogy hogyan szeretn\u00e9nk hozz\u00e1jutni a legjobb\ntelefonokhoz \u00e9s sz\u00e1m\u00edt\u00e1stechnikai eszk\u00f6z\u00f6kh\u00f6z. A tavalyi \u00e9v tapasztalataib\u00f3l\nkiindulva, megpr\u00f3b\u00e1ljuk megfejteni: \u201ehol, hogyan \u00e9s mi alapj\u00e1n d\u00f6nt a magyar\nv\u00e1s\u00e1rl\u00f3, amikor iPhone-t v\u00e1s\u00e1rol?\u201d. <\/strong><\/p>\n\n\n\n<p><strong>iPhone tesztek \u00e9s \u00f6sszehasonl\u00edt\u00e1sok: A v\u00e1s\u00e1rl\u00e1s kulcsa a felk\u00e9sz\u00fcl\u00e9s<\/strong><\/p>\n\n\n\n<p>Az internet csod\u00e1ja, hogy pillanatok alatt tudunk annyi inform\u00e1ci\u00f3t szerezni egy adott t\u00e9m\u00e1ban, mint amit kor\u00e1bban az FBI csak h\u00f3napok alatt tart\u00f3 nyomoz\u00e1ssal tudott \u00f6sszeszedni. Az iPhone-ok v\u00e1s\u00e1rl\u00e1s\u00e1n\u00e1l a term\u00e9kbemutat\u00f3k, tesztek \u00e9s \u00f6sszehasonl\u00edt\u00e1sok olvas\u00e1sa, vagy n\u00e9z\u00e9se az egyik kulcs feladat. Az \u00edr\u00e1sos tesztek l\u00e9nyege az, hogy a term\u00e9kle\u00edr\u00e1sokon t\u00fal olyat is olvashassunk a telefonokr\u00f3l, ami t\u00e9nyleg \u00e9rdemben seg\u00edti a d\u00f6nt\u00e9s\u00fcnket. L\u00e1tni a teljes\u00edtm\u00e9nybeli k\u00fcl\u00f6nbs\u00e9geket, val\u00f3s tesztfelv\u00e9teleket kapni a kamer\u00e1kt\u00f3l, vagy csak szimpl\u00e1n l\u00e1tni valakinek a kez\u00e9ben egy vide\u00f3n kereszt\u00fcl? Erre mind lehet\u0151s\u00e9get biztos\u00edtanak a k\u00fcl\u00f6nb\u00f6z\u0151 tech-\u00fajs\u00e1g\u00edr\u00f3k, blogerek \u00e9s tech-vide\u00f3sok &#8211; ahogyan n\u00e1lunk is sz\u00e1mos term\u00e9k tesztet megn\u00e9zhettek <strong>YouTube csatorn\u00e1nkon<\/strong>. Rendk\u00edv\u00fcl n\u00e9pszer\u0171ek az \u00f6sszehasonl\u00edt\u00f3 vide\u00f3k, ahol a kor\u00e1bbi kiad\u00e1sok k\u00f6z\u00f6tti k\u00fcl\u00f6nbs\u00e9geket vizsg\u00e1lhatjuk (meg\u00e9ri-e iPhone 7-est venni, vagy sp\u00f3roljak egy X-re?) \u00e9s a bolyg\u00f3nkat mozgat\u00f3 \u00f6r\u00f6k vita (iPhone vagy Android) t\u00e1rgy\u00e1t elemezgethetj\u00fck. Ezeknek az ig\u00e9nyeknek a kiszolg\u00e1l\u00e1s\u00e1ra m\u00e1r a vezet\u0151 tech-forgalmaz\u00f3k is r\u00e1\u00e9reztek. <\/p>\n\n\n\n<figure class=\"wp-block-image\"><img loading=\"lazy\" decoding=\"async\" width=\"1280\" height=\"853\" data-attachment-id=\"4109\" data-permalink=\"https:\/\/www.notebook.hu\/blog\/hogyan-vesz-iphone-t-a-magyar\/computer-2846160_1280\/\" data-orig-file=\"https:\/\/www.notebook.hu\/blog\/wp-content\/uploads\/2019\/02\/computer-2846160_1280.jpg\" data-orig-size=\"1280,853\" data-comments-opened=\"0\" data-image-meta=\"{&quot;aperture&quot;:&quot;2.8&quot;,&quot;credit&quot;:&quot;&quot;,&quot;camera&quot;:&quot;DMC-GH4&quot;,&quot;caption&quot;:&quot;&quot;,&quot;created_timestamp&quot;:&quot;0&quot;,&quot;copyright&quot;:&quot;&quot;,&quot;focal_length&quot;:&quot;45&quot;,&quot;iso&quot;:&quot;200&quot;,&quot;shutter_speed&quot;:&quot;0.008&quot;,&quot;title&quot;:&quot;&quot;,&quot;orientation&quot;:&quot;0&quot;}\" data-image-title=\"computer-2846160_1280\" data-image-description=\"\" data-image-caption=\"\" data-medium-file=\"https:\/\/www.notebook.hu\/blog\/wp-content\/uploads\/2019\/02\/computer-2846160_1280-300x200.jpg\" data-large-file=\"https:\/\/www.notebook.hu\/blog\/wp-content\/uploads\/2019\/02\/computer-2846160_1280-1024x682.jpg\" src=\"https:\/\/i0.wp.com\/www.notebook.hu\/blog\/wp-content\/uploads\/2019\/02\/computer-2846160_1280.jpg?fit=618%2C412&amp;ssl=1\" alt=\"\" class=\"wp-image-4109\" srcset=\"https:\/\/www.notebook.hu\/blog\/wp-content\/uploads\/2019\/02\/computer-2846160_1280.jpg 1280w, https:\/\/www.notebook.hu\/blog\/wp-content\/uploads\/2019\/02\/computer-2846160_1280-300x200.jpg 300w, https:\/\/www.notebook.hu\/blog\/wp-content\/uploads\/2019\/02\/computer-2846160_1280-768x512.jpg 768w, https:\/\/www.notebook.hu\/blog\/wp-content\/uploads\/2019\/02\/computer-2846160_1280-1024x682.jpg 1024w\" sizes=\"auto, (max-width: 1280px) 100vw, 1280px\" \/><\/figure>\n\n\n\n<p><strong>iPhone megjelen\u00e9sek: avagy a trendk\u00f6vet\u00e9s csod\u00e1ja<\/strong><\/p>\n\n\n\n<p>Megfigyelhet\u0151, hogy az \u00faj kiad\u00e1sok\nmegjelen\u00e9s\u00e9n\u00e9l az Apple term\u00e9keket forgalmaz\u00f3 c\u00e9gek elad\u00e1sai l\u00e1tv\u00e1nyosat\nugranak. N\u00e9zz\u00fck csak szimpl\u00e1n az iPhone-ok elad\u00e1sait, amikn\u00e9l egy \u00e1tlagos h\u00f3nap\n(\u00e9rtsd: nincs \u00faj bejelent\u00e9s, \u00faj modell, vagy kieg\u00e9sz\u00edt\u0151) bev\u00e9tel\u00e9hez m\u00e9rten,\negy \u00faj modell megjelen\u00e9s\u00e9n\u00e9l n\u00e9gy-\u00f6tsz\u00f6r\u00f6s is lehet a p\u00e9nzmozg\u00e1s (eszk\u00f6z\u00f6k\nsz\u00e1m\u00e1ban ez annyit jelent, hogy ha egy disztrib\u00fator 20 term\u00e9ket ad el egy\n\u201estandard h\u00f3napban\u201d, az a megjelen\u00e9sek hav\u00e1ban ak\u00e1r 80-100-ra is n\u0151het). Ez egy\nrendk\u00edv\u00fcl egyszer\u0171 k\u00e9plet, hiszen a v\u00e1s\u00e1rl\u00f3kat mindig \u00e9rdekli az \u00fajdons\u00e1g \u00e9s a\ntrendek k\u00f6vet\u00e9se: mindig a leg\u00fajabb, legt\u00f6bbet tud\u00f3 \u00e9s a legmen\u0151bb eszk\u00f6zre van\nsz\u00fcks\u00e9g.<\/p>\n\n\n\n<p><strong>Telefon rendel\u00e9s online: Boltba menni m\u00e1r nem men\u0151<\/strong><\/p>\n\n\n\n<p>Ahogy a fenti bekezd\u00e9sben m\u00e1r esett\nerr\u0151l sz\u00f3: im\u00e1dunk inf\u00f3kat b\u00f6ng\u00e9szni a telefonokr\u00f3l, de \u00fagy t\u0171nik, ha m\u00e1r a g\u00e9p\nel\u0151tt vagyunk, akkor ott meg is vessz\u00fck az adott eszk\u00f6zt. Egy j\u00f3l fel\u00e9p\u00edtett\nwebshopban pillanatok alatt r\u00e1tal\u00e1lsz a m\u00e1rk\u00e1ra, modellre \u00e9s annak megfelel\u0151\nkiad\u00e1s\u00e1ra. K\u00e9zben m\u00e9g nem tartottad, de a netes le\u00edr\u00e1soknak h\u00e1la m\u00e1r megfelel\u0151\ninform\u00e1ci\u00f3 birtok\u00e1ban vagy a v\u00e1s\u00e1rl\u00e1shoz. Mi\u00e9rt is \u00e9rdemes a netes\ntranzakci\u00f3kkal \u00e9lni? Rengeteg, id\u0151szakos \u00e9s \u00e1lland\u00f3 akci\u00f3val szoktak\njelentkezni a legnagyobb magyar forgalmaz\u00f3k, amik nem csak pap\u00edron hangoznak\nj\u00f3l, hanem t\u00e9nyleg jelentenek is hasznot sz\u00e1munkra. Az online v\u00e1s\u00e1rl\u00e1sok sz\u00e1ma\nennek megfelel\u0151en \u00e9vr\u0151l-\u00e9vre n\u00f6vekszik, az elm\u00falt \u00e9vek felm\u00e9r\u00e9se szerint 2018-ban\na m\u00e1sf\u00e9lszerese lett a c\u00e9gek \u00e1ltal lebonyol\u00edtott tranzakci\u00f3k sz\u00e1ma.<\/p>\n\n\n\n<p><strong>R\u00e9szletfizet\u00e9s: Egyben csak ritk\u00e1n<\/strong><\/p>\n\n\n\n<p>L\u00e1ssuk be, az \u00e1rc\u00e9dula manaps\u00e1g a\ntop-term\u00e9kekn\u00e9l el\u00e9g l\u00e1tv\u00e1nyos fintort tud arcunkra form\u00e1lni, de a cser\u00e9be\nkapott min\u0151s\u00e9g\u00e9rt sokan \u00edgy is hajland\u00f3ak belevetni magukat egy-egy v\u00e1s\u00e1rl\u00e1sba.\nA r\u00e9szletfizet\u00e9s \u00e9s a k\u00fcl\u00f6nb\u00f6z\u0151 \u00e1ruhitelek ig\u00e9nyl\u00e9s\u00e9nek ar\u00e1nya az Apple\neszk\u00f6z\u00f6k eset\u00e9ben (itt \u00e9rts\u00fck a notebookokat, t\u00e1blag\u00e9peket \u00e9s telefonokat)\n\u00e9rtelem szer\u0171en igen magas\u2026 tal\u00e1n nem meglep\u0151, hogy egy \u00f6sszegben kevesebben\ncsengetik ki ezt a p\u00e9nzt. <\/p>\n\n\n\n<p>N\u00e1lunk mindig vehettek <strong><a href=\"http:\/\/ https:\/\/www.notebook.hu\/blog\/iphone-reszletre\/\">iPhone-t r\u00e9szletre<\/a><\/strong>, sz\u00e1mos akci\u00f3ban ak\u00e1r 0%-os THM-el, csak p\u00e1r kattint\u00e1ssal az iPhone k\u00edn\u00e1latunkb\u00f3l.<\/p>\n\n\n\n<p>El\u00e9rkezett az id\u0151, hogy iPhone 11-re v\u00e1lts, de nem tudod, hogy az alap modell, vagy a Pro lesz-e a legjobb v\u00e1laszt\u00e1s? Akkor a <a href=\"https:\/\/www.notebook.hu\/blog\/mi-a-kulonbseg-iphone-11-11-pro-es-11-pro-max-kozott\/\">Mi a k\u00fcl\u00f6nbs\u00e9g iPhone 11, 11 Pro \u00e9s 11 Pro Max k\u00f6z\u00f6tt?<\/a> cikk\u00fcnk neked sz\u00f3l.<\/p>\n","protected":false},"excerpt":{"rendered":"<p>Az id\u0151 m\u00fal\u00e1s\u00e1val v\u00e1ltoznak v\u00e1s\u00e1rl\u00e1si szok\u00e1saink. Irt\u00f3 elcs\u00e9peltnek t\u0171nik a \u201efelgyorsult vil\u00e1gunkban\u201d kifejez\u00e9s, de m\u00e9gis sok mindent elmond a h\u00e9tk\u00f6znapjainkr\u00f3l, s\u0151t ak\u00e1r arr\u00f3l is, hogy hogyan szeretn\u00e9nk hozz\u00e1jutni a legjobb telefonokhoz \u00e9s sz\u00e1m\u00edt\u00e1stechnikai eszk\u00f6z\u00f6kh\u00f6z. A tavalyi \u00e9v tapasztalataib\u00f3l kiindulva, megpr\u00f3b\u00e1ljuk megfejteni: \u201ehol, hogyan \u00e9s mi alapj\u00e1n d\u00f6nt a magyar v\u00e1s\u00e1rl\u00f3, amikor iPhone-t v\u00e1s\u00e1rol?\u201d. iPhone tesztek &hellip;<\/p>\n","protected":false},"author":1,"featured_media":4108,"comment_status":"closed","ping_status":"open","sticky":false,"template":"","format":"standard","meta":{"_jetpack_memberships_contains_paid_content":false,"footnotes":""},"categories":[42],"tags":[197,640],"class_list":["post-4107","post","type-post","status-publish","format-standard","has-post-thumbnail","","category-cikkek","tag-iphone","tag-iphone-reszletre"],"jetpack_featured_media_url":"https:\/\/www.notebook.hu\/blog\/wp-content\/uploads\/2019\/02\/computer-3170504_1280.jpg","jetpack_shortlink":"https:\/\/wp.me\/p9xSLL-14f","jetpack_sharing_enabled":true,"_links":{"self":[{"href":"https:\/\/www.notebook.hu\/blog\/wp-json\/wp\/v2\/posts\/4107","targetHints":{"allow":["GET"]}}],"collection":[{"href":"https:\/\/www.notebook.hu\/blog\/wp-json\/wp\/v2\/posts"}],"about":[{"href":"https:\/\/www.notebook.hu\/blog\/wp-json\/wp\/v2\/types\/post"}],"author":[{"embeddable":true,"href":"https:\/\/www.notebook.hu\/blog\/wp-json\/wp\/v2\/users\/1"}],"replies":[{"embeddable":true,"href":"https:\/\/www.notebook.hu\/blog\/wp-json\/wp\/v2\/comments?post=4107"}],"version-history":[{"count":2,"href":"https:\/\/www.notebook.hu\/blog\/wp-json\/wp\/v2\/posts\/4107\/revisions"}],"predecessor-version":[{"id":10128,"href":"https:\/\/www.notebook.hu\/blog\/wp-json\/wp\/v2\/posts\/4107\/revisions\/10128"}],"wp:featuredmedia":[{"embeddable":true,"href":"https:\/\/www.notebook.hu\/blog\/wp-json\/wp\/v2\/media\/4108"}],"wp:attachment":[{"href":"https:\/\/www.notebook.hu\/blog\/wp-json\/wp\/v2\/media?parent=4107"}],"wp:term":[{"taxonomy":"category","embeddable":true,"href":"https:\/\/www.notebook.hu\/blog\/wp-json\/wp\/v2\/categories?post=4107"},{"taxonomy":"post_tag","embeddable":true,"href":"https:\/\/www.notebook.hu\/blog\/wp-json\/wp\/v2\/tags?post=4107"}],"curies":[{"name":"wp","href":"https:\/\/api.w.org\/{rel}","templated":true}]}}