{"id":3985,"date":"2019-03-04T11:31:03","date_gmt":"2019-03-04T10:31:03","guid":{"rendered":"https:\/\/www.notebook.hu\/blog\/?p=3985"},"modified":"2019-04-09T15:40:29","modified_gmt":"2019-04-09T13:40:29","slug":"asus-zenbook-14-ux433fa-teszt-notebook-luxuskivitelben","status":"publish","type":"post","link":"https:\/\/www.notebook.hu\/blog\/asus-zenbook-14-ux433fa-teszt-notebook-luxuskivitelben\/","title":{"rendered":"ASUS Zenbook 14 UX433FA Teszt | Notebook luxuskivitelben"},"content":{"rendered":"\n<figure class=\"wp-block-image is-resized\"><img loading=\"lazy\" decoding=\"async\" data-attachment-id=\"4019\" data-permalink=\"https:\/\/www.notebook.hu\/blog\/asus-zenbook-14-ux433fa-teszt-notebook-luxuskivitelben\/asusux433_notebookhu_blogcover\/\" data-orig-file=\"https:\/\/www.notebook.hu\/blog\/wp-content\/uploads\/2019\/01\/ASUSUX433_notebookhu_blogcover.png\" data-orig-size=\"1200,628\" data-comments-opened=\"0\" data-image-meta=\"{&quot;aperture&quot;:&quot;0&quot;,&quot;credit&quot;:&quot;&quot;,&quot;camera&quot;:&quot;&quot;,&quot;caption&quot;:&quot;&quot;,&quot;created_timestamp&quot;:&quot;0&quot;,&quot;copyright&quot;:&quot;&quot;,&quot;focal_length&quot;:&quot;0&quot;,&quot;iso&quot;:&quot;0&quot;,&quot;shutter_speed&quot;:&quot;0&quot;,&quot;title&quot;:&quot;&quot;,&quot;orientation&quot;:&quot;0&quot;}\" data-image-title=\"ASUSUX433_notebookhu_blogcover\" data-image-description=\"\" data-image-caption=\"\" data-medium-file=\"https:\/\/www.notebook.hu\/blog\/wp-content\/uploads\/2019\/01\/ASUSUX433_notebookhu_blogcover-300x157.png\" data-large-file=\"https:\/\/www.notebook.hu\/blog\/wp-content\/uploads\/2019\/01\/ASUSUX433_notebookhu_blogcover-1024x536.png\" src=\"https:\/\/www.notebook.hu\/blog\/wp-content\/uploads\/2019\/01\/ASUSUX433_notebookhu_blogcover-1024x536.png\" alt=\"\" class=\"wp-image-4019\" width=\"768\" height=\"402\" srcset=\"https:\/\/www.notebook.hu\/blog\/wp-content\/uploads\/2019\/01\/ASUSUX433_notebookhu_blogcover-1024x536.png 1024w, https:\/\/www.notebook.hu\/blog\/wp-content\/uploads\/2019\/01\/ASUSUX433_notebookhu_blogcover-300x157.png 300w, https:\/\/www.notebook.hu\/blog\/wp-content\/uploads\/2019\/01\/ASUSUX433_notebookhu_blogcover-768x402.png 768w, https:\/\/www.notebook.hu\/blog\/wp-content\/uploads\/2019\/01\/ASUSUX433_notebookhu_blogcover.png 1200w\" sizes=\"auto, (max-width: 768px) 100vw, 768px\" \/><\/figure>\n\n\n\n<p><strong>Mi\u00e9rt ne lehetne olyan ig\u00e9nye valakinek, hogy a notebookja ne csak a k\u00edv\u00e1nt feladatok ell\u00e1t\u00e1s\u00e1ra legyen ide\u00e1lis, hanem k\u00fcls\u0151re legyen egy kicsit t\u00f6bb\u2026 egy kicsit extr\u00e1bb\u2026 egy kicsit luxust sug\u00e1rz\u00f3. Term\u00e9szetesen ezt a fajta v\u00e1gyat m\u00e1r a gy\u00e1rt\u00f3k is felismert\u00e9k, s a Windows-os piacon m\u00e1r komoly n\u00e9pszer\u0171s\u00e9gnek \u00f6rvend\u0151 ASUS ism\u00e9t bizony\u00edtotta, hogy mi\u00e9rt emlegetj\u00fck gyakran a cs\u00facskateg\u00f3ri\u00e1ban az ultrabookjait: j\u00f6jj\u00f6n az ASUS Zenbook 14 UX433FA teszt\u00fcnk. <\/strong><\/p>\n\n\n\n<p><strong>K\u00fcls\u0151 | Ny\u00e1lcsorgat\u00e1s garant\u00e1lva<\/strong> <\/p>\n\n\n\n<p>Ok\u00e9, sz\u00f6gezz\u00fck le el\u0151re, ez egy el\u00e9g komolyan n\u0151ies notebook, legyen sz\u00f3 a fekete, vagy a jeges ez\u00fcst v\u00e1ltozatr\u00f3l. Abszol\u00fat kecses, k\u00f6nny\u0171 g\u00e9pr\u0151l van sz\u00f3, min\u0151s\u00e9gi anyaghaszn\u00e1lattal, ami m\u00e9g a MIL-STD 810G katonai szabv\u00e1nynak is megfelel. Ez azt takarja, hogy a g\u00e9pet kimondottan aljas terhel\u00e9si tesztnek vetik al\u00e1, hogy sz\u00e9ls\u0151s\u00e9ges k\u00f6r\u00fclm\u00e9nyek k\u00f6zt is k\u00e9pes-e dolgozni\u2026 sz\u00f3val, ha az Everest tetej\u00e9r\u0151l kellene mailt \u00edrnod, akkor a Zenbookkal megoldhatod (ezt sajnos nem tudtam kipr\u00f3b\u00e1lni szem\u00e9lyesen). A csiszolt f\u00e9m burkolat, a r\u00f3zsaarany dekorcs\u00edk elem \u00e9s ASUS log\u00f3 mind-mind egy pof\u00e1s \u00f6sszk\u00e9p l\u00e9nyegi r\u00e9szei, amin a k\u00e9t v\u00e9konyka, but\u00e1n fest\u0151 t\u00e1maszt\u00f3-elem sem tud rontani. A kijelz\u0151 r\u00e9sz v\u00e9g\u00e9re ker\u00fclt ugyanis k\u00e9t m\u0171anyag cs\u00edkocska, hogy a g\u00e9p megemel\u00e9s\u00e9re is szolg\u00e1l\u00f3 h\u00e1ts\u00f3 \u00edvet v\u00e9dje a karcol\u00e1sokt\u00f3l. A nyit\u00e1sn\u00e1l, ahogy megemelkedik a g\u00e9p plusz leveg\u0151 jut a szell\u0151z\u00e9sre, ergo h\u0171v\u00f6sebb tud maradni a Zenbook UX433FA: hasonl\u00f3 technol\u00f3gi\u00e1t l\u00e1thattunk nemr\u00e9g egy gamer notebookn\u00e1l is, az ASUS Zephyrus GX531GM-n\u00e9l. Az ErgoLift-re keresztelt technol\u00f3gi\u00e1nak h\u00e1la am\u00fagy 3\u00b0-ra emelkedik a d\u0151l\u00e9se billenty\u0171zetnek, ami miatt k\u00e9nyelmesebbnek \u00edg\u00e9ri a g\u00e9pel\u00e9st az ASUS\u2026 bevallom, sok k\u00fcl\u00f6nbs\u00e9get nem \u00e9reztem a nem d\u0151l\u0151s billenty\u0171zethez k\u00e9pest, de ha \u00edgy van, akkor \u00f6r\u00fcl\u00f6k a figyelmess\u00e9g\u00fcknek. Ha m\u00e1r a h\u00e1ts\u00f3 paneln\u00e9l vagyunk, akkor eml\u00edts\u00fck meg, hogy a t\u00e1maszt\u00e9kk\u00e9nt szolg\u00e1l\u00f3 elem alatt (z\u00e1rt \u00e1llapotban), l\u00e1thatjuk a g\u00e9p szell\u0151z\u0151ny\u00edl\u00e1sait is, ami egy meglep\u0151en purit\u00e1n megold\u00e1snak t\u0171nhet a Zenbook diz\u00e1jnj\u00e1hoz k\u00e9pest, de funkcionalit\u00e1sban ann\u00e1l jobban j\u00f6n. Eml\u00edtettem m\u00e1r, hogy k\u00f6nny\u0171 g\u00e9pr\u0151l van sz\u00f3, nos a mobilit\u00e1s k\u00f6zponti szerepe nem csak a s\u00faly\u00e1ban \u00e9s dimenzi\u00f3iban l\u00e1tsz\u00f3dott meg (31.9&#215;19.9&#215;1.59cm \u00e9s 1.19 kg), hanem abban is, hogy a csomag alap tartoz\u00e9ka egy m\u0171b\u0151r hajt\u00f3k\u00e1s tok is, amiben k\u00e9nyelmesen hordozgathatjuk a kis munkag\u00e9pet. A k\u00fcls\u0151s\u00e9gekn\u00e9l m\u00e9g \u00e9rdemes kit\u00e9rni a billenty\u0171zetre is, ami az alapegys\u00e9ggel megegyez\u0151 sz\u00ednt kapott, illetve feh\u00e9r LED h\u00e1tt\u00e9rvil\u00e1g\u00edt\u00e1st\u2026 ami n\u00e9lk\u00fcl, f\u00e9lhom\u00e1lyban el\u00e9g gyeng\u00e9n l\u00e1that\u00f3ak a billenty\u0171k\u00f6n l\u00e9v\u0151 szimb\u00f3lumok. Ugyan nem egy gamer g\u00e9p, de a ny\u00edl-billenty\u0171k eg\u00e9sz korrekt\u00fcl elk\u00fcl\u00f6n\u00fclnek a t\u00f6bbit\u0151l, ellenben a ki-bekapcs gombbal, amit temp\u00f3sabb g\u00e9pel\u00e9s k\u00f6zben a mellette l\u00e9v\u0151 Delete-el sim\u00e1n \u00f6sszekeverhetj\u00fck (megszok\u00e1s k\u00e9rd\u00e9se, \u00e9n jobb szeretem, ha jobban elk\u00fcl\u00f6n\u00fcl ez a gomb).<\/p>\n\n\n\n<figure class=\"wp-block-image\"><img loading=\"lazy\" decoding=\"async\" width=\"1024\" height=\"576\" data-attachment-id=\"4359\" data-permalink=\"https:\/\/www.notebook.hu\/blog\/asus-zenbook-14-ux433fa-teszt-notebook-luxuskivitelben\/asuszenbookux443_04\/\" data-orig-file=\"https:\/\/www.notebook.hu\/blog\/wp-content\/uploads\/2019\/04\/ASUSZenbookUX443_04.jpg\" data-orig-size=\"1920,1080\" data-comments-opened=\"0\" data-image-meta=\"{&quot;aperture&quot;:&quot;0&quot;,&quot;credit&quot;:&quot;&quot;,&quot;camera&quot;:&quot;&quot;,&quot;caption&quot;:&quot;&quot;,&quot;created_timestamp&quot;:&quot;0&quot;,&quot;copyright&quot;:&quot;&quot;,&quot;focal_length&quot;:&quot;0&quot;,&quot;iso&quot;:&quot;0&quot;,&quot;shutter_speed&quot;:&quot;0&quot;,&quot;title&quot;:&quot;&quot;,&quot;orientation&quot;:&quot;0&quot;}\" data-image-title=\"ASUSZenbookUX443_04\" data-image-description=\"\" data-image-caption=\"\" data-medium-file=\"https:\/\/www.notebook.hu\/blog\/wp-content\/uploads\/2019\/04\/ASUSZenbookUX443_04-300x169.jpg\" data-large-file=\"https:\/\/www.notebook.hu\/blog\/wp-content\/uploads\/2019\/04\/ASUSZenbookUX443_04-1024x576.jpg\" src=\"https:\/\/www.notebook.hu\/blog\/wp-content\/uploads\/2019\/04\/ASUSZenbookUX443_04-1024x576.jpg\" alt=\"\" class=\"wp-image-4359\" srcset=\"https:\/\/www.notebook.hu\/blog\/wp-content\/uploads\/2019\/04\/ASUSZenbookUX443_04-1024x576.jpg 1024w, https:\/\/www.notebook.hu\/blog\/wp-content\/uploads\/2019\/04\/ASUSZenbookUX443_04-300x169.jpg 300w, https:\/\/www.notebook.hu\/blog\/wp-content\/uploads\/2019\/04\/ASUSZenbookUX443_04-768x432.jpg 768w, https:\/\/www.notebook.hu\/blog\/wp-content\/uploads\/2019\/04\/ASUSZenbookUX443_04.jpg 1920w\" sizes=\"auto, (max-width: 1024px) 100vw, 1024px\" \/><\/figure>\n\n\n\n<p><strong>Kijelz\u0151 \u00e9s eszk\u00f6zt\u00e1r | Extr\u00e1kkal a csomagban<\/strong><\/p>\n\n\n\n<p>Eszk\u00f6zt\u00e1r ter\u00e9n nem csal\u00f3dunk az UX433FA-ban, ha nem is v\u00e9gtelen sz\u00e1m\u00fa portot k\u00edn\u00e1l, de egy 14 inches v\u00e1ltozathoz k\u00e9pest igen sz\u00e9p a k\u00edn\u00e1lata. A g\u00e9p jobb oldal\u00e1ra ker\u00fclt az USB 2.0-\u00e1s \u00e9s a microSD-k\u00e1rtyaolvas\u00f3, a combo audio, 3.5-es jack t\u00e1rsas\u00e1g\u00e1ban, m\u00edg a t\u00faloldalon pihen a HDMI, az USB 3.1 \u00e9s USB-C 3.1-es dugasz. Term\u00e9szetesen azok a portok sem maradhattak ki, amik \u00e9pp nincsenek a szem\u00fcnk el\u0151tt: az ASUS Wi-Fi Master technol\u00f3gi\u00e1val k\u00eds\u00e9rt 802.11 ac Wi-Fi\u2013ad\u00f3vev\u0151, a Bluetooth 5.0-\u00e1s csatlakoz\u00e1si lehet\u0151s\u00e9g is a g\u00e9pben pihen. A g\u00e9p alj\u00e1n megtal\u00e1ljuk a hangsz\u00f3r\u00f3-p\u00e1rt, amik\u00e9rt a harman\/kardon \u00e9s az az ASUS Golden Ear csapata volt a felel\u0151s. L\u00e9v\u00e9n a g\u00e9p megemelkedik a felnyit\u00e1s pillanat\u00e1ban, \u00edgy a hang is jobban tud terjedni az \u201ealv\u00e1zra\u201d szerelt hangsz\u00f3r\u00f3kb\u00f3l. Audio \u00e9lm\u00e9nyben teljesen korrekt a notebook, el\u00e9g er\u0151s hangja van, b\u00e1r a m\u00e9lyek tekintet\u00e9ben, nagyobb hanger\u0151n \u00e9rz\u00e9keltem torzul\u00e1st. <\/p>\n\n\n\n<p class=\"has-background has-pale-cyan-blue-background-color\"><strong><em>\u00c9rdekelne vide\u00f3s teszt\u00fcnk is a ASUS Zenbook 14 UX433FA -r\u00f3l? Tess\u00e9k!<\/em><\/strong><\/p>\n\n\n\n<iframe loading=\"lazy\" width=\"560\" height=\"315\" src=\"https:\/\/www.youtube.com\/embed\/KvHI1sTSBS0\" frameborder=\"0\" allow=\"accelerometer; autoplay; encrypted-media; gyroscope; picture-in-picture\" allowfullscreen=\"\"><\/iframe>\n\n\n\n<p>A multim\u00e9di\u00e1s csomag m\u00e1sik eleme a NanoEdge k\u00e1v\u00e1val kialak\u00edtott, 14 inches, FullHD, Wide View TN, matt, LED-kijelz\u0151. K\u00e9pmin\u0151s\u00e9gre nem lehet panasz, a v\u00e9kony keretben rendk\u00edv\u00fcl \u00e9les \u00e9s sz\u00e9p k\u00e9pet mutat, kell\u0151en bel\u0151tt sz\u00ednekkel \u00e9s f\u00e9nyer\u0151vel a panel. A NanoEdge-el t\u00e9nyleg nem kamuzott az ASUS, hiszen nem csak a fels\u0151 \u00e9s oldals\u00f3 szeg\u00e9ly lett v\u00e9kony, de ez\u00fattal m\u00e1r alulra sem ker\u00fclt egy vastag m\u0171anyag cs\u00edk, ami torz\u00edthatna az \u00f6sszk\u00e9p\u00e9n. Le a kalappal, ha van valami a Zenbookon, amibe nem \u00e9rdemes belek\u00f6tni, akkor az a kijelz\u0151je. Kaptunk m\u00e9g egy HD-webkamer\u00e1t is, amiben nem az a pl\u00e1ne, hogy van, hanem az, hogy k\u00e9pes a Windows Helloval k\u00f6zrem\u0171k\u00f6dve Arcfelismer\u0151s z\u00e1rk\u00e9nt is m\u0171k\u00f6dni, ak\u00e1rcsak a telefonokn\u00e1l. Mivel egy kisebb kiad\u00e1sr\u00f3l van sz\u00f3, \u00edgy a standard touchpadet kaptuk meg az UX433-ra, nem pedig a speci\u00e1lis NumberPad-et, amire egy LED vil\u00e1g\u00edt\u00e1s \u201evar\u00e1zsolja r\u00e1\u201d a NumPad gombjait (l\u00e1sd ASUS Zephyrus GX531GM bemutat\u00f3nk).<\/p>\n\n\n\n<figure class=\"wp-block-image\"><img loading=\"lazy\" decoding=\"async\" width=\"1920\" height=\"1080\" data-attachment-id=\"4358\" data-permalink=\"https:\/\/www.notebook.hu\/blog\/asus-zenbook-14-ux433fa-teszt-notebook-luxuskivitelben\/asuszenbookux443_02\/\" data-orig-file=\"https:\/\/www.notebook.hu\/blog\/wp-content\/uploads\/2019\/04\/ASUSZenbookUX443_02.jpg\" data-orig-size=\"1920,1080\" data-comments-opened=\"0\" data-image-meta=\"{&quot;aperture&quot;:&quot;0&quot;,&quot;credit&quot;:&quot;&quot;,&quot;camera&quot;:&quot;&quot;,&quot;caption&quot;:&quot;&quot;,&quot;created_timestamp&quot;:&quot;0&quot;,&quot;copyright&quot;:&quot;&quot;,&quot;focal_length&quot;:&quot;0&quot;,&quot;iso&quot;:&quot;0&quot;,&quot;shutter_speed&quot;:&quot;0&quot;,&quot;title&quot;:&quot;&quot;,&quot;orientation&quot;:&quot;0&quot;}\" data-image-title=\"ASUSZenbookUX443_02\" data-image-description=\"\" data-image-caption=\"\" data-medium-file=\"https:\/\/www.notebook.hu\/blog\/wp-content\/uploads\/2019\/04\/ASUSZenbookUX443_02-300x169.jpg\" data-large-file=\"https:\/\/www.notebook.hu\/blog\/wp-content\/uploads\/2019\/04\/ASUSZenbookUX443_02-1024x576.jpg\" src=\"https:\/\/i0.wp.com\/www.notebook.hu\/blog\/wp-content\/uploads\/2019\/04\/ASUSZenbookUX443_02.jpg?fit=618%2C348&amp;ssl=1\" alt=\"\" class=\"wp-image-4358\" srcset=\"https:\/\/www.notebook.hu\/blog\/wp-content\/uploads\/2019\/04\/ASUSZenbookUX443_02.jpg 1920w, https:\/\/www.notebook.hu\/blog\/wp-content\/uploads\/2019\/04\/ASUSZenbookUX443_02-300x169.jpg 300w, https:\/\/www.notebook.hu\/blog\/wp-content\/uploads\/2019\/04\/ASUSZenbookUX443_02-768x432.jpg 768w, https:\/\/www.notebook.hu\/blog\/wp-content\/uploads\/2019\/04\/ASUSZenbookUX443_02-1024x576.jpg 1024w\" sizes=\"auto, (max-width: 1920px) 100vw, 1920px\" \/><\/figure>\n\n\n\n<p><strong>Teljes\u00edtm\u00e9ny | ULTRAbook<\/strong> <\/p>\n\n\n\n<p class=\"has-text-color has-very-dark-gray-color\">Az ASUS UX433 teljes\u00edtm\u00e9ny\u00e9\u00e9rt felel\u0151s egys\u00e9g egyik legfontosabb tagja az Intel\u00ae Core&#x2122; i5-8265U processzor m\u00e1r nem el\u0151sz\u00f6r \u00e9rkezett jelen\u00e9sre a tesztasztalunkra: 6 meg\u00e1s SmartCache-el \u00e9s 3.90 GHz-ig TurboBoost-olhat\u00f3 teljes\u00edtm\u00e9ny\u00e9vel m\u00e1r kor\u00e1bban is meggy\u0151z\u0151 teljes\u00edtm\u00e9nyt produk\u00e1lt az office szf\u00e9r\u00e1ban, \u00edgy most sem kellett tartanom att\u00f3l, hogy ne felelne meg az elv\u00e1r\u00e1soknak. A 8 sz\u00e1lon, 4 maggal dolgoz\u00f3 processzor alacsony fogyaszt\u00e1s\u00fa (ezt jelzi az U a t\u00edpusjel v\u00e9g\u00e9n is), \u00edgy a hossz\u00fa t\u00e1v\u00fa munkav\u00e9gz\u00e9shez ide\u00e1lis, amin tov\u00e1bb seg\u00edt az Intel Speed Shift \u00e9s Hyper Threading technol\u00f3gi\u00e1ja is: mindkett\u0151 a multitasking \u00e9s a megfelel\u0151en optimaliz\u00e1lt teljes\u00edtm\u00e9nymutat\u00f3k\u00e9rt felel, na meg az\u00e9rt, hogy az UX433 minden office-jelleg\u0171 feladatot sim\u00e1n vegyen. Ezek mellett pr\u00f3b\u00e1ltam vele a k\u00e9pszerkeszt\u00e9st Photoshoppal, ami sim\u00e1n ment egy kisebb \u00e9s k\u00f6zepesebb m\u00e9ret\u0171 projekt file eset\u00e9ben, \u00edgy mobil \u201emost azonnal bele k\u00e9ne ny\u00falni\u201d-munka\u00e1llom\u00e1snak is hasznos lehet a g\u00e9p. A 2018 harmadik negyed\u00e9v\u00e9ben megjelent lapka egy Intel\u00ae UHD Graphics 620 integr\u00e1lt vide\u00f3 vez\u00e9rl\u0151vel dolgozik, ami ha \u00e9szveszt\u0151 gamer \u00e9lm\u00e9nyt nem is tud produk\u00e1lni (meg egy \u00e1tlagosat is csak nagyon \u00f3vatosan), egy Heartstonera m\u00e9g teljesen alkalmas, ak\u00e1r egy Rocket League-re is, \u00edgy aki egy alacsonyabb g\u00e9pig\u00e9ny\u0171 j\u00e1t\u00e9kkal szeretn\u00e9 m\u00falatni rajta az id\u0151t, annak sem kell cs\u00fcggednie. A tesztjeinken ennek megfelel\u0151en csak m\u00e9rs\u00e9kelten \u201ebrill\u00edrozott\u201d: a 3DMarkn\u00e1l \u00fagy \u00e9reztem el\u00e9g csak a CloudGate-el \u00e9s a SkyDiverrel megismerkednie, el\u0151bbi m\u00e9r\u00e9sen 7071 pontot kapott (kor\u00e1bbi m\u00e9r\u00e9sek 26%-\u00e1n\u00e1l jobb), ut\u00f3bbin pedig 4762 pont j\u00f6tt ki (a kor\u00e1bbi m\u00e9r\u00e9sek 16%-\u00e1n\u00e1l jobb). A Geekbench V4 is lefutott, ami tov\u00e1bb er\u0151s\u00edtette a t\u00e9nyt, hogy a g\u00e9p ink\u00e1bb alkalmas egy pr\u00e9mium office-notebook feladat\u00e1t ell\u00e1tni, sem mint egy gamer g\u00e9p\u00e9t (b\u00e1r ut\u00f3bbit senki sem k\u00e9ri t\u0151le).<\/p>\n\n\n\n<p class=\"has-text-color has-background has-very-light-gray-color has-vivid-red-background-color\"><strong>M\u00c9R\u00c9SEK<\/strong><br><br><strong>3D Mark Benchmark:<\/strong><br>CloudGate: 7 071 \u2013 https:\/\/www.3dmark.com\/3dm\/32245711<br>SkyDiver: 4 762 \u2013 https:\/\/www.3dmark.com\/3dm\/33010774<br><br><strong>Geekbench 4:&nbsp;<br><\/strong>Open CL: 32375 \u2013 https:\/\/browser.geekbench.com\/v4\/compute\/3500627<br>CPU: 3018\/8641 \u2013 https:\/\/browser.geekbench.com\/v4\/cpu\/11593979<\/p>\n\n\n\n<p>Az i5-8265U processzor mell\u00e9 az UX433-as kapott m\u00e9g 8 GB LPDDR3 2133MHz-es RAM-ot, illetve egy 256 GB-os M.2 PCIe SSD-t. Ut\u00f3bbinak tal\u00e1n jobban \u00f6r\u00fclt\u00fcnk volna egy 512-es kivitelben, b\u00e1r az office-munkak\u00f6r\u00f6kben a legt\u00f6bb file felh\u0151ben\/szervereken van pihentetve, vagy nem olyan m\u00e9retes, hogy ez probl\u00e9m\u00e1t jelentsen\u2026 de aj\u00e1nlott mell\u00e9 beszerezni egy nagyobb mobil h\u00e1tt\u00e9rt\u00e1rat. A teszt\u00fczem alatt egy Windows 10 Home j\u00e1tszotta az oper\u00e1ci\u00f3s rendszer szerep\u00e9t, b\u00e1r ez a \u201eWindows Hello\u201d emleget\u00e9s\u00e9n\u00e9l tal\u00e1n m\u00e1r gyan\u00fas lehetett nektek. Az ultrabookok egyik legf\u0151bb ism\u00e9rve, hogy a megfelel\u0151 teljes\u00edtm\u00e9nyt hossz\u00fa \u00fczemid\u0151vel k\u00eds\u00e9rik. A 3 cell\u00e1s 50 watt\u00f3r\u00e1s, be\u00e9p\u00edtett akku, az U-s processzorral kieg\u00e9sz\u00edtve, egy nagyj\u00e1b\u00f3l 13 \u00f3r\u00e1s maxim\u00e1lis akkuid\u0151t tud biztos\u00edtani.<\/p>\n\n\n\n<figure class=\"wp-block-image\"><img loading=\"lazy\" decoding=\"async\" width=\"1920\" height=\"1080\" data-attachment-id=\"4357\" data-permalink=\"https:\/\/www.notebook.hu\/blog\/asus-zenbook-14-ux433fa-teszt-notebook-luxuskivitelben\/asuszenbookux443_01\/\" data-orig-file=\"https:\/\/www.notebook.hu\/blog\/wp-content\/uploads\/2019\/04\/ASUSZenbookUX443_01.jpg\" data-orig-size=\"1920,1080\" data-comments-opened=\"0\" data-image-meta=\"{&quot;aperture&quot;:&quot;0&quot;,&quot;credit&quot;:&quot;&quot;,&quot;camera&quot;:&quot;&quot;,&quot;caption&quot;:&quot;&quot;,&quot;created_timestamp&quot;:&quot;0&quot;,&quot;copyright&quot;:&quot;&quot;,&quot;focal_length&quot;:&quot;0&quot;,&quot;iso&quot;:&quot;0&quot;,&quot;shutter_speed&quot;:&quot;0&quot;,&quot;title&quot;:&quot;&quot;,&quot;orientation&quot;:&quot;0&quot;}\" data-image-title=\"ASUSZenbookUX443_01\" data-image-description=\"\" data-image-caption=\"\" data-medium-file=\"https:\/\/www.notebook.hu\/blog\/wp-content\/uploads\/2019\/04\/ASUSZenbookUX443_01-300x169.jpg\" data-large-file=\"https:\/\/www.notebook.hu\/blog\/wp-content\/uploads\/2019\/04\/ASUSZenbookUX443_01-1024x576.jpg\" src=\"https:\/\/i0.wp.com\/www.notebook.hu\/blog\/wp-content\/uploads\/2019\/04\/ASUSZenbookUX443_01.jpg?fit=618%2C348&amp;ssl=1\" alt=\"\" class=\"wp-image-4357\" srcset=\"https:\/\/www.notebook.hu\/blog\/wp-content\/uploads\/2019\/04\/ASUSZenbookUX443_01.jpg 1920w, https:\/\/www.notebook.hu\/blog\/wp-content\/uploads\/2019\/04\/ASUSZenbookUX443_01-300x169.jpg 300w, https:\/\/www.notebook.hu\/blog\/wp-content\/uploads\/2019\/04\/ASUSZenbookUX443_01-768x432.jpg 768w, https:\/\/www.notebook.hu\/blog\/wp-content\/uploads\/2019\/04\/ASUSZenbookUX443_01-1024x576.jpg 1024w\" sizes=\"auto, (max-width: 1920px) 100vw, 1920px\" \/><\/figure>\n\n\n\n<p><strong>\u00d6sszefoglal\u00e1s<\/strong><\/p>\n\n\n\n<p>Profizmust sug\u00e1roz k\u00edv\u00fclr\u0151l \u00e9s bel\u00fclr\u0151l. Massz\u00edv, m\u00e9retei ellen\u00e9re nem egy t\u00f6r\u00e9keny darab, ami multim\u00e9di\u00e1s fronton t\u00f6bbet k\u00e9pes kihozni mag\u00e1b\u00f3l, mint ami tal\u00e1n elv\u00e1rhat\u00f3 lenne. Egy megb\u00edzhat\u00f3 ultrabook lett az UX433FA, ami kicsi, kompakt \u00e9s kell\u0151en er\u0151s, hogy a h\u00e9tk\u00f6znapi probl\u00e9m\u00e1kat \u00e9s a kreat\u00edv feladatokb\u00f3l ad\u00f3d\u00f3 kih\u00edv\u00e1sokat teljes\u00edteni tudjuk. <\/p>\n\n\n\n<p class=\"has-text-color has-background has-very-dark-gray-color has-pale-cyan-blue-background-color\"><em>Amennyiben megtetszett, webshopunkban megtal\u00e1lhatod az <\/em><strong><em><a href=\"https:\/\/www.notebook.hu\/asus-zenbook-14-ux433fa-ux433fa-a5065t-jegcsap-ezust\">ASUS Zenbook 14 UX433FA<\/a><\/em><\/strong>&#8211;<em>t.<\/em><\/p>\n\n\n\n<figure class=\"wp-block-image\"><img loading=\"lazy\" decoding=\"async\" width=\"1920\" height=\"1080\" data-attachment-id=\"4356\" data-permalink=\"https:\/\/www.notebook.hu\/blog\/asus-zenbook-14-ux433fa-teszt-notebook-luxuskivitelben\/asuszenbookux443_05\/\" data-orig-file=\"https:\/\/www.notebook.hu\/blog\/wp-content\/uploads\/2019\/04\/ASUSZenbookUX443_05.jpg\" data-orig-size=\"1920,1080\" data-comments-opened=\"0\" data-image-meta=\"{&quot;aperture&quot;:&quot;0&quot;,&quot;credit&quot;:&quot;&quot;,&quot;camera&quot;:&quot;&quot;,&quot;caption&quot;:&quot;&quot;,&quot;created_timestamp&quot;:&quot;0&quot;,&quot;copyright&quot;:&quot;&quot;,&quot;focal_length&quot;:&quot;0&quot;,&quot;iso&quot;:&quot;0&quot;,&quot;shutter_speed&quot;:&quot;0&quot;,&quot;title&quot;:&quot;&quot;,&quot;orientation&quot;:&quot;0&quot;}\" data-image-title=\"ASUSZenbookUX443_05\" data-image-description=\"\" data-image-caption=\"\" data-medium-file=\"https:\/\/www.notebook.hu\/blog\/wp-content\/uploads\/2019\/04\/ASUSZenbookUX443_05-300x169.jpg\" data-large-file=\"https:\/\/www.notebook.hu\/blog\/wp-content\/uploads\/2019\/04\/ASUSZenbookUX443_05-1024x576.jpg\" src=\"https:\/\/i2.wp.com\/www.notebook.hu\/blog\/wp-content\/uploads\/2019\/04\/ASUSZenbookUX443_05.jpg?fit=618%2C348&amp;ssl=1\" alt=\"\" class=\"wp-image-4356\" srcset=\"https:\/\/www.notebook.hu\/blog\/wp-content\/uploads\/2019\/04\/ASUSZenbookUX443_05.jpg 1920w, https:\/\/www.notebook.hu\/blog\/wp-content\/uploads\/2019\/04\/ASUSZenbookUX443_05-300x169.jpg 300w, https:\/\/www.notebook.hu\/blog\/wp-content\/uploads\/2019\/04\/ASUSZenbookUX443_05-768x432.jpg 768w, https:\/\/www.notebook.hu\/blog\/wp-content\/uploads\/2019\/04\/ASUSZenbookUX443_05-1024x576.jpg 1024w\" sizes=\"auto, (max-width: 1920px) 100vw, 1920px\" \/><\/figure>\n","protected":false},"excerpt":{"rendered":"<p>Mi\u00e9rt ne lehetne olyan ig\u00e9nye valakinek, hogy a notebookja ne csak a k\u00edv\u00e1nt feladatok ell\u00e1t\u00e1s\u00e1ra legyen ide\u00e1lis, hanem k\u00fcls\u0151re legyen egy kicsit t\u00f6bb\u2026 egy kicsit extr\u00e1bb\u2026 egy kicsit luxust sug\u00e1rz\u00f3. Term\u00e9szetesen ezt a fajta v\u00e1gyat m\u00e1r a gy\u00e1rt\u00f3k is felismert\u00e9k, s a Windows-os piacon m\u00e1r komoly n\u00e9pszer\u0171s\u00e9gnek \u00f6rvend\u0151 ASUS ism\u00e9t bizony\u00edtotta, hogy mi\u00e9rt emlegetj\u00fck gyakran &hellip;<\/p>\n","protected":false},"author":1,"featured_media":4019,"comment_status":"closed","ping_status":"open","sticky":false,"template":"","format":"standard","meta":{"_jetpack_memberships_contains_paid_content":false,"footnotes":""},"categories":[43],"tags":[416,650,651,652,649,654,653],"class_list":["post-3985","post","type-post","status-publish","format-standard","has-post-thumbnail","","category-tesztek","tag-asus-zenbook","tag-asus-zenbook-14","tag-asus-zenbook-14-ux433fa","tag-asus-zenbook-14-ux433fa-bemutato","tag-asus-zenbook-14-ux433fa-teszt","tag-zenbook-bemutato","tag-zenbook-teszt"],"jetpack_featured_media_url":"https:\/\/www.notebook.hu\/blog\/wp-content\/uploads\/2019\/01\/ASUSUX433_notebookhu_blogcover.png","jetpack_shortlink":"https:\/\/wp.me\/p9xSLL-12h","jetpack_sharing_enabled":true,"_links":{"self":[{"href":"https:\/\/www.notebook.hu\/blog\/wp-json\/wp\/v2\/posts\/3985","targetHints":{"allow":["GET"]}}],"collection":[{"href":"https:\/\/www.notebook.hu\/blog\/wp-json\/wp\/v2\/posts"}],"about":[{"href":"https:\/\/www.notebook.hu\/blog\/wp-json\/wp\/v2\/types\/post"}],"author":[{"embeddable":true,"href":"https:\/\/www.notebook.hu\/blog\/wp-json\/wp\/v2\/users\/1"}],"replies":[{"embeddable":true,"href":"https:\/\/www.notebook.hu\/blog\/wp-json\/wp\/v2\/comments?post=3985"}],"version-history":[{"count":19,"href":"https:\/\/www.notebook.hu\/blog\/wp-json\/wp\/v2\/posts\/3985\/revisions"}],"predecessor-version":[{"id":4362,"href":"https:\/\/www.notebook.hu\/blog\/wp-json\/wp\/v2\/posts\/3985\/revisions\/4362"}],"wp:featuredmedia":[{"embeddable":true,"href":"https:\/\/www.notebook.hu\/blog\/wp-json\/wp\/v2\/media\/4019"}],"wp:attachment":[{"href":"https:\/\/www.notebook.hu\/blog\/wp-json\/wp\/v2\/media?parent=3985"}],"wp:term":[{"taxonomy":"category","embeddable":true,"href":"https:\/\/www.notebook.hu\/blog\/wp-json\/wp\/v2\/categories?post=3985"},{"taxonomy":"post_tag","embeddable":true,"href":"https:\/\/www.notebook.hu\/blog\/wp-json\/wp\/v2\/tags?post=3985"}],"curies":[{"name":"wp","href":"https:\/\/api.w.org\/{rel}","templated":true}]}}