{"id":3714,"date":"2018-12-18T10:29:03","date_gmt":"2018-12-18T09:29:03","guid":{"rendered":"https:\/\/www.notebook.hu\/blog\/?p=3714"},"modified":"2018-12-18T10:29:03","modified_gmt":"2018-12-18T09:29:03","slug":"top-tech-kutyuk-karacsony-2018","status":"publish","type":"post","link":"https:\/\/www.notebook.hu\/blog\/top-tech-kutyuk-karacsony-2018\/","title":{"rendered":"TOP Tech k\u00fcty\u00fck, amiket megvehetsz m\u00e9g a Kar\u00e1csonyi rohan\u00e1sban"},"content":{"rendered":"<p><a href=\"https:\/\/www.notebook.hu\/blog\/wp-content\/uploads\/2018\/12\/20181214_k\u00fcty\u00fck.jpg\"><img loading=\"lazy\" decoding=\"async\" data-attachment-id=\"3715\" data-permalink=\"https:\/\/www.notebook.hu\/blog\/top-tech-kutyuk-karacsony-2018\/20181214_kutyuk\/\" data-orig-file=\"https:\/\/www.notebook.hu\/blog\/wp-content\/uploads\/2018\/12\/20181214_k\u00fcty\u00fck.jpg\" data-orig-size=\"800,450\" data-comments-opened=\"0\" data-image-meta=\"{&quot;aperture&quot;:&quot;0&quot;,&quot;credit&quot;:&quot;&quot;,&quot;camera&quot;:&quot;&quot;,&quot;caption&quot;:&quot;&quot;,&quot;created_timestamp&quot;:&quot;0&quot;,&quot;copyright&quot;:&quot;&quot;,&quot;focal_length&quot;:&quot;0&quot;,&quot;iso&quot;:&quot;0&quot;,&quot;shutter_speed&quot;:&quot;0&quot;,&quot;title&quot;:&quot;&quot;,&quot;orientation&quot;:&quot;0&quot;}\" data-image-title=\"20181214_k\u00fcty\u00fck\" data-image-description=\"\" data-image-caption=\"\" data-medium-file=\"https:\/\/www.notebook.hu\/blog\/wp-content\/uploads\/2018\/12\/20181214_k\u00fcty\u00fck-300x169.jpg\" data-large-file=\"https:\/\/www.notebook.hu\/blog\/wp-content\/uploads\/2018\/12\/20181214_k\u00fcty\u00fck.jpg\" class=\"alignnone size-full wp-image-3715\" src=\"https:\/\/www.notebook.hu\/blog\/wp-content\/uploads\/2018\/12\/20181214_k\u00fcty\u00fck.jpg\" alt=\"\" width=\"800\" height=\"450\" srcset=\"https:\/\/www.notebook.hu\/blog\/wp-content\/uploads\/2018\/12\/20181214_k\u00fcty\u00fck.jpg 800w, https:\/\/www.notebook.hu\/blog\/wp-content\/uploads\/2018\/12\/20181214_k\u00fcty\u00fck-300x169.jpg 300w, https:\/\/www.notebook.hu\/blog\/wp-content\/uploads\/2018\/12\/20181214_k\u00fcty\u00fck-768x432.jpg 768w\" sizes=\"auto, (max-width: 800px) 100vw, 800px\" \/><\/a><\/p>\n<p><strong>Az abszol\u00fat last minute-v\u00e1s\u00e1rl\u00e1s id\u0151szak\u00e1ba l\u00e9pt\u00fcnk, a sz\u00e1ml\u00e1l\u00f3 m\u00e1r hihetetlen sebess\u00e9ggel p\u00f6r\u00f6g december 24. napja fel\u00e9 \u00e9s m\u00e9g hi\u00e1nyzik valami a fa al\u00f3l? Megvan m\u00e1r a nagyobb aj\u00e1nd\u00e9k, de \u00fagy \u00e9rzed, hogy kellene valamilyen kieg\u00e9sz\u00edt\u0151 eszk\u00f6z m\u00e9g mell\u00e9? List\u00e1zunk neked p\u00e1r \u201ek\u00fcty\u00fct\u201d, ami nem csak j\u00f3l mutat majd a kar\u00e1csonyfa alatt, de rendk\u00edv\u00fcl hasznos is lehet a h\u00e9tk\u00f6znapokban.<\/strong><\/p>\n<p><strong>ASUS Zen Powerbank<\/strong><\/p>\n<p>Er\u0151re mindig sz\u00fcks\u00e9g van! Annyi mobilis eszk\u00f6zt hordunk magunkn\u00e1l, hogy egy powerbank szinte k\u00f6telez\u0151 kieg\u00e9sz\u00edt\u0151 lehet mindenki sz\u00e1m\u00e1ra. K\u00fcl\u00f6nb\u00f6z\u0151 \u201em\u00e9retben\u201d \u00e9s sz\u00ednben kaphat\u00f3, a haszn\u00e1l\u00f3 ig\u00e9nyeire szabva. El\u00e9g sz\u00e9les a k\u00edn\u00e1latunk powerbank-ekb\u0151l, \u00edgy biztos mindenki megtal\u00e1lja a neki tetsz\u0151t, de els\u0151 k\u00f6rben egy alap <a href=\"https:\/\/www.notebook.hu\/asus-zen-powerbank-10050-mah\"><strong>ASUS Zen<\/strong><\/a>-t aj\u00e1nlunk, 10050 mAh-s kapacit\u00e1ssal, microUSB \u00e9s USB kimenettel.<\/p>\n<p><a href=\"https:\/\/www.notebook.hu\/blog\/wp-content\/uploads\/2018\/12\/20181214_asuszen.jpg\"><img loading=\"lazy\" decoding=\"async\" data-attachment-id=\"3716\" data-permalink=\"https:\/\/www.notebook.hu\/blog\/top-tech-kutyuk-karacsony-2018\/20181214_asuszen\/\" data-orig-file=\"https:\/\/www.notebook.hu\/blog\/wp-content\/uploads\/2018\/12\/20181214_asuszen.jpg\" data-orig-size=\"800,235\" data-comments-opened=\"0\" data-image-meta=\"{&quot;aperture&quot;:&quot;0&quot;,&quot;credit&quot;:&quot;&quot;,&quot;camera&quot;:&quot;&quot;,&quot;caption&quot;:&quot;&quot;,&quot;created_timestamp&quot;:&quot;0&quot;,&quot;copyright&quot;:&quot;&quot;,&quot;focal_length&quot;:&quot;0&quot;,&quot;iso&quot;:&quot;0&quot;,&quot;shutter_speed&quot;:&quot;0&quot;,&quot;title&quot;:&quot;&quot;,&quot;orientation&quot;:&quot;0&quot;}\" data-image-title=\"20181214_asuszen\" data-image-description=\"\" data-image-caption=\"\" data-medium-file=\"https:\/\/www.notebook.hu\/blog\/wp-content\/uploads\/2018\/12\/20181214_asuszen-300x88.jpg\" data-large-file=\"https:\/\/www.notebook.hu\/blog\/wp-content\/uploads\/2018\/12\/20181214_asuszen.jpg\" class=\"alignnone size-full wp-image-3716\" src=\"https:\/\/www.notebook.hu\/blog\/wp-content\/uploads\/2018\/12\/20181214_asuszen.jpg\" alt=\"\" width=\"800\" height=\"235\" srcset=\"https:\/\/www.notebook.hu\/blog\/wp-content\/uploads\/2018\/12\/20181214_asuszen.jpg 800w, https:\/\/www.notebook.hu\/blog\/wp-content\/uploads\/2018\/12\/20181214_asuszen-300x88.jpg 300w, https:\/\/www.notebook.hu\/blog\/wp-content\/uploads\/2018\/12\/20181214_asuszen-768x226.jpg 768w\" sizes=\"auto, (max-width: 800px) 100vw, 800px\" \/><\/a><\/p>\n<p><strong>SAMSONITE Airglow Notebook tok<\/strong><\/p>\n<p>Ha rossz r\u00e1n\u00e9zni arra, hogy egy ismer\u0151s\u00fcnk csak \u00fagy mag\u00e1ban v\u00e1gja be notebookj\u00e1t egy oldalt\u00e1sk\u00e1ba, akkor itt az id\u0151, hogy h\u0151sk\u00e9nt viselkedj\u00fcnk. Ak\u00e1r a <a href=\"https:\/\/www.notebook.hu\/samsonite-airglow-notebook-tok-15-6-fekete-piros\"><strong>Samsonite Airglow<\/strong><\/a> tokj\u00e1t, ak\u00e1r m\u00e1s notebook tokokat \u00e1tb\u00f6ng\u00e9szve megtal\u00e1lhatjuk a sz\u00e1munkra, vagy az aj\u00e1nd\u00e9kozott sz\u00e1m\u00e1ra legtetszet\u0151sebb m\u00e9ret\u0171 \u00e9s st\u00edlus\u00fa modellt. Figyelj\u00fcnk oda az \u00e1rtatlan g\u00e9pekre \u00e9s mutassuk meg, hogy nem minden h\u0151s visel k\u00f6penyt\u2026 de az \u00e9p notebook visel tokot.<\/p>\n<p><a href=\"https:\/\/www.notebook.hu\/blog\/wp-content\/uploads\/2018\/12\/20181214_samsoniteairglow.jpg\"><img loading=\"lazy\" decoding=\"async\" data-attachment-id=\"3717\" data-permalink=\"https:\/\/www.notebook.hu\/blog\/top-tech-kutyuk-karacsony-2018\/20181214_samsoniteairglow\/\" data-orig-file=\"https:\/\/www.notebook.hu\/blog\/wp-content\/uploads\/2018\/12\/20181214_samsoniteairglow.jpg\" data-orig-size=\"800,600\" data-comments-opened=\"0\" data-image-meta=\"{&quot;aperture&quot;:&quot;0&quot;,&quot;credit&quot;:&quot;&quot;,&quot;camera&quot;:&quot;&quot;,&quot;caption&quot;:&quot;&quot;,&quot;created_timestamp&quot;:&quot;0&quot;,&quot;copyright&quot;:&quot;&quot;,&quot;focal_length&quot;:&quot;0&quot;,&quot;iso&quot;:&quot;0&quot;,&quot;shutter_speed&quot;:&quot;0&quot;,&quot;title&quot;:&quot;&quot;,&quot;orientation&quot;:&quot;0&quot;}\" data-image-title=\"20181214_samsoniteairglow\" data-image-description=\"\" data-image-caption=\"\" data-medium-file=\"https:\/\/www.notebook.hu\/blog\/wp-content\/uploads\/2018\/12\/20181214_samsoniteairglow-300x225.jpg\" data-large-file=\"https:\/\/www.notebook.hu\/blog\/wp-content\/uploads\/2018\/12\/20181214_samsoniteairglow.jpg\" class=\"alignnone size-full wp-image-3717\" src=\"https:\/\/www.notebook.hu\/blog\/wp-content\/uploads\/2018\/12\/20181214_samsoniteairglow.jpg\" alt=\"\" width=\"800\" height=\"600\" srcset=\"https:\/\/www.notebook.hu\/blog\/wp-content\/uploads\/2018\/12\/20181214_samsoniteairglow.jpg 800w, https:\/\/www.notebook.hu\/blog\/wp-content\/uploads\/2018\/12\/20181214_samsoniteairglow-300x225.jpg 300w, https:\/\/www.notebook.hu\/blog\/wp-content\/uploads\/2018\/12\/20181214_samsoniteairglow-768x576.jpg 768w\" sizes=\"auto, (max-width: 800px) 100vw, 800px\" \/><\/a><\/p>\n<p><strong>MAXTOR 2.5&#8243; HDD USB 3.0 500GB mobil h\u00e1tt\u00e9rt\u00e1r<\/strong><\/p>\n<p>Milyen gyakran mentj\u00fck el adatainkat, k\u00e9peinket, vide\u00f3inkat kedvenc eszk\u00f6zeinkre? Naponta. Nem \u00e1rt, ha van egy extra t\u00e1rol\u00f3 kapacit\u00e1st biztos\u00edtani tud\u00f3 eszk\u00f6z a h\u00e1ztart\u00e1sban, ami ak\u00e1r els\u0151dleges t\u00e1rhelyk\u00e9nt, ak\u00e1r a biztons\u00e1gi m\u00e1solatoknak szolg\u00e1lhat t\u00e1rhellyel vagy \u00e9pp egy mobilis munkaeszk\u00f6z lenne, amin sz\u00e1ll\u00edthatjuk a nagyobb f\u00e1jlokat (pl. vide\u00f3sk\u00e9nt a felv\u00e9teleket, nagyobb programokat, stb.). Az 500 GB-os <strong><a href=\"https:\/\/www.notebook.hu\/maxtor-2-5-hdd-usb-3-0-500gb-fekete\">Maxtor<\/a><\/strong> m\u00e1r kell\u0151en nagy erre, ha pedig emeln\u00e9nk a t\u00e9tet, akkor van \u00e1m 1 terr\u00e1s v\u00e1ltozat is!<\/p>\n<p><a href=\"https:\/\/www.notebook.hu\/blog\/wp-content\/uploads\/2018\/12\/500gb-seagate-maxtor-m3-25-kulso-winchester-fekete-stshx-m500tcbm-361176.jpg\"><img loading=\"lazy\" decoding=\"async\" data-attachment-id=\"3719\" data-permalink=\"https:\/\/www.notebook.hu\/blog\/top-tech-kutyuk-karacsony-2018\/500gb-seagate-maxtor-m3-25-kulso-winchester-fekete-stshx-m500tcbm-361176\/\" data-orig-file=\"https:\/\/www.notebook.hu\/blog\/wp-content\/uploads\/2018\/12\/500gb-seagate-maxtor-m3-25-kulso-winchester-fekete-stshx-m500tcbm-361176.jpg\" data-orig-size=\"800,600\" data-comments-opened=\"0\" data-image-meta=\"{&quot;aperture&quot;:&quot;0&quot;,&quot;credit&quot;:&quot;&quot;,&quot;camera&quot;:&quot;&quot;,&quot;caption&quot;:&quot;&quot;,&quot;created_timestamp&quot;:&quot;0&quot;,&quot;copyright&quot;:&quot;&quot;,&quot;focal_length&quot;:&quot;0&quot;,&quot;iso&quot;:&quot;0&quot;,&quot;shutter_speed&quot;:&quot;0&quot;,&quot;title&quot;:&quot;&quot;,&quot;orientation&quot;:&quot;0&quot;}\" data-image-title=\"500gb-seagate-maxtor-m3-25-kulso-winchester-fekete-stshx-m500tcbm-361176\" data-image-description=\"\" data-image-caption=\"\" data-medium-file=\"https:\/\/www.notebook.hu\/blog\/wp-content\/uploads\/2018\/12\/500gb-seagate-maxtor-m3-25-kulso-winchester-fekete-stshx-m500tcbm-361176-300x225.jpg\" data-large-file=\"https:\/\/www.notebook.hu\/blog\/wp-content\/uploads\/2018\/12\/500gb-seagate-maxtor-m3-25-kulso-winchester-fekete-stshx-m500tcbm-361176.jpg\" class=\"alignnone size-full wp-image-3719\" src=\"https:\/\/www.notebook.hu\/blog\/wp-content\/uploads\/2018\/12\/500gb-seagate-maxtor-m3-25-kulso-winchester-fekete-stshx-m500tcbm-361176.jpg\" alt=\"\" width=\"800\" height=\"600\" srcset=\"https:\/\/www.notebook.hu\/blog\/wp-content\/uploads\/2018\/12\/500gb-seagate-maxtor-m3-25-kulso-winchester-fekete-stshx-m500tcbm-361176.jpg 800w, https:\/\/www.notebook.hu\/blog\/wp-content\/uploads\/2018\/12\/500gb-seagate-maxtor-m3-25-kulso-winchester-fekete-stshx-m500tcbm-361176-300x225.jpg 300w, https:\/\/www.notebook.hu\/blog\/wp-content\/uploads\/2018\/12\/500gb-seagate-maxtor-m3-25-kulso-winchester-fekete-stshx-m500tcbm-361176-768x576.jpg 768w\" sizes=\"auto, (max-width: 800px) 100vw, 800px\" \/><\/a><\/p>\n<p><strong>HP ROAR MINI 1.0 BLUETOOTH Hangsz\u00f3r\u00f3<\/strong><\/p>\n<p>A tavalyi \u00e9v egyik legn\u00e9pszer\u0171bb aj\u00e1nd\u00e9ka volt a Bluetooth-hangsz\u00f3r\u00f3. A <strong><a href=\"https:\/\/www.notebook.hu\/hp-roar-mini-1-0-bluetooth-hangszoro-g1k47aa-feher\">HP Roar Mini<\/a><\/strong>je nem csak j\u00f3l sz\u00f3l, de eleg\u00e1ns is, \u00edgy egyfajta \u201elak\u00e1sdekor\u201d aj\u00e1nd\u00e9kk\u00e9nt is szolg\u00e1lhat. 2.5W-s teljes\u00edtm\u00e9ny\u00e9vel \u00e9s bels\u0151 akkuj\u00e1val j\u00f3 szolg\u00e1latot tesz majd bar\u00e1ti \u00f6sszej\u00f6veteleken, vagy csak az \u00e1tlagos t\u00e9li est\u00e9ken, amikor egy j\u00f3 forralt bor mellett valami kellemes zen\u00e9t hallgatn\u00e1nk (az All I want for Christmas helyett).<\/p>\n<p><a href=\"https:\/\/www.notebook.hu\/blog\/wp-content\/uploads\/2018\/12\/20181214_hproar.jpg\"><img loading=\"lazy\" decoding=\"async\" data-attachment-id=\"3718\" data-permalink=\"https:\/\/www.notebook.hu\/blog\/top-tech-kutyuk-karacsony-2018\/20181214_hproar\/\" data-orig-file=\"https:\/\/www.notebook.hu\/blog\/wp-content\/uploads\/2018\/12\/20181214_hproar.jpg\" data-orig-size=\"800,600\" data-comments-opened=\"0\" data-image-meta=\"{&quot;aperture&quot;:&quot;0&quot;,&quot;credit&quot;:&quot;&quot;,&quot;camera&quot;:&quot;&quot;,&quot;caption&quot;:&quot;&quot;,&quot;created_timestamp&quot;:&quot;0&quot;,&quot;copyright&quot;:&quot;&quot;,&quot;focal_length&quot;:&quot;0&quot;,&quot;iso&quot;:&quot;0&quot;,&quot;shutter_speed&quot;:&quot;0&quot;,&quot;title&quot;:&quot;&quot;,&quot;orientation&quot;:&quot;0&quot;}\" data-image-title=\"20181214_hproar\" data-image-description=\"\" data-image-caption=\"\" data-medium-file=\"https:\/\/www.notebook.hu\/blog\/wp-content\/uploads\/2018\/12\/20181214_hproar-300x225.jpg\" data-large-file=\"https:\/\/www.notebook.hu\/blog\/wp-content\/uploads\/2018\/12\/20181214_hproar.jpg\" class=\"alignnone size-full wp-image-3718\" src=\"https:\/\/www.notebook.hu\/blog\/wp-content\/uploads\/2018\/12\/20181214_hproar.jpg\" alt=\"\" width=\"800\" height=\"600\" srcset=\"https:\/\/www.notebook.hu\/blog\/wp-content\/uploads\/2018\/12\/20181214_hproar.jpg 800w, https:\/\/www.notebook.hu\/blog\/wp-content\/uploads\/2018\/12\/20181214_hproar-300x225.jpg 300w, https:\/\/www.notebook.hu\/blog\/wp-content\/uploads\/2018\/12\/20181214_hproar-768x576.jpg 768w\" sizes=\"auto, (max-width: 800px) 100vw, 800px\" \/><\/a><\/p>\n<p><strong>HUAWEI 360 PANOR\u00c1MA Kamera<\/strong><\/p>\n<p>Egy k\u00fcl\u00f6nlegesebb aj\u00e1nd\u00e9k, f\u0151leg a k\u00fcl\u00f6nleges fot\u00f3s \u00e9s vide\u00f3s kieg\u00e9sz\u00edt\u0151k kedvel\u0151inek. A <strong><a href=\"https:\/\/www.notebook.hu\/huawei-360-panorama-kamera-cv60\">Huawei 360 Panor\u00e1ma<\/a><\/strong> kamer\u00e1val rendk\u00edv\u00fcl izgalmas \u00e1ll\u00f3- \u00e9s mozg\u00f3k\u00e9peket l\u0151het\u00fcnk, ut\u00f3bbit p\u00e9ld\u00e1ul FullHD felbont\u00e1sban. A k\u00e9t oldali, nagy l\u00e1t\u00f3sz\u00f6g\u0171 lencs\u00e9vel felszerelt eszk\u00f6z t\u00f6k\u00e9letesen alkalmazhat\u00f3 nem Huawei telefonokra is, a l\u00e9nyeg annyi, hogy let\u00f6lts\u00fck a Huawei 360 alkalmaz\u00e1st, valamint az adott okostelefon rendelkezzen USB-C porttal. Az eszk\u00f6z, aminek egyszerre l\u0151het\u00fcnk egy szelfit egy t\u00e1jk\u00e9ppel \u00e9s n\u00e9zhet\u00fcnk k\u00f6rbe egy csarnokba, egyetlen kattint\u00e1ssal.<\/p>\n<p><a href=\"https:\/\/www.notebook.hu\/blog\/wp-content\/uploads\/2018\/12\/20181214_huawei360.jpg\"><img loading=\"lazy\" decoding=\"async\" data-attachment-id=\"3720\" data-permalink=\"https:\/\/www.notebook.hu\/blog\/top-tech-kutyuk-karacsony-2018\/20181214_huawei360\/\" data-orig-file=\"https:\/\/www.notebook.hu\/blog\/wp-content\/uploads\/2018\/12\/20181214_huawei360.jpg\" data-orig-size=\"800,454\" data-comments-opened=\"0\" data-image-meta=\"{&quot;aperture&quot;:&quot;0&quot;,&quot;credit&quot;:&quot;&quot;,&quot;camera&quot;:&quot;&quot;,&quot;caption&quot;:&quot;&quot;,&quot;created_timestamp&quot;:&quot;0&quot;,&quot;copyright&quot;:&quot;&quot;,&quot;focal_length&quot;:&quot;0&quot;,&quot;iso&quot;:&quot;0&quot;,&quot;shutter_speed&quot;:&quot;0&quot;,&quot;title&quot;:&quot;&quot;,&quot;orientation&quot;:&quot;0&quot;}\" data-image-title=\"20181214_huawei360\" data-image-description=\"\" data-image-caption=\"\" data-medium-file=\"https:\/\/www.notebook.hu\/blog\/wp-content\/uploads\/2018\/12\/20181214_huawei360-300x170.jpg\" data-large-file=\"https:\/\/www.notebook.hu\/blog\/wp-content\/uploads\/2018\/12\/20181214_huawei360.jpg\" class=\"alignnone size-full wp-image-3720\" src=\"https:\/\/www.notebook.hu\/blog\/wp-content\/uploads\/2018\/12\/20181214_huawei360.jpg\" alt=\"\" width=\"800\" height=\"454\" srcset=\"https:\/\/www.notebook.hu\/blog\/wp-content\/uploads\/2018\/12\/20181214_huawei360.jpg 800w, https:\/\/www.notebook.hu\/blog\/wp-content\/uploads\/2018\/12\/20181214_huawei360-300x170.jpg 300w, https:\/\/www.notebook.hu\/blog\/wp-content\/uploads\/2018\/12\/20181214_huawei360-768x436.jpg 768w\" sizes=\"auto, (max-width: 800px) 100vw, 800px\" \/><\/a><\/p>\n<p>Term\u00e9szetesen nem csak az apr\u00f3bb eszk\u00f6z\u00f6kre gondoltunk, mint kar\u00e1csonyi aj\u00e1nd\u00e9k, a nagyobbakat viszont m\u00e1r vide\u00f3ban gy\u0171jt\u00f6tt\u00fck \u00f6ssze. Hogy az office notebook kateg\u00f3ri\u00e1ban a HP 250 mell\u00e9 mi f\u00e9rt be, hogy melyik gamer notebookokat aj\u00e1nljuk, az is kider\u00fcl, illetve az is, hogy a telefon piacon a Samsung S9 mell\u00e9 melyik cs\u00facs mobil f\u00e9rt be, s hogy a PS4-Xbox One csat\u00e1ban mi d\u00f6nthet az egyik \u00e9s m\u00e1sik oldal jav\u00e1ra.<\/p>\n<p><iframe loading=\"lazy\" src=\"https:\/\/www.youtube.com\/embed\/m0yDEppKLBI\" width=\"560\" height=\"315\" frameborder=\"0\" allowfullscreen=\"allowfullscreen\"><\/iframe><\/p>\n","protected":false},"excerpt":{"rendered":"<p>Az abszol\u00fat last minute-v\u00e1s\u00e1rl\u00e1s id\u0151szak\u00e1ba l\u00e9pt\u00fcnk, a sz\u00e1ml\u00e1l\u00f3 m\u00e1r hihetetlen sebess\u00e9ggel p\u00f6r\u00f6g december 24. napja fel\u00e9 \u00e9s m\u00e9g hi\u00e1nyzik valami a fa al\u00f3l? Megvan m\u00e1r a nagyobb aj\u00e1nd\u00e9k, de \u00fagy \u00e9rzed, hogy kellene valamilyen kieg\u00e9sz\u00edt\u0151 eszk\u00f6z m\u00e9g mell\u00e9? List\u00e1zunk neked p\u00e1r \u201ek\u00fcty\u00fct\u201d, ami nem csak j\u00f3l mutat majd a kar\u00e1csonyfa alatt, de rendk\u00edv\u00fcl hasznos is &hellip;<\/p>\n","protected":false},"author":1,"featured_media":3715,"comment_status":"closed","ping_status":"open","sticky":false,"template":"","format":"standard","meta":{"_jetpack_memberships_contains_paid_content":false,"footnotes":""},"categories":[42],"tags":[599,602,603,601,600],"class_list":["post-3714","post","type-post","status-publish","format-standard","has-post-thumbnail","","category-cikkek","tag-asus-zen-powerbank","tag-hp-roar-mini-1-0","tag-huawei-360","tag-maxtor","tag-samsonite-airglow"],"jetpack_featured_media_url":"https:\/\/www.notebook.hu\/blog\/wp-content\/uploads\/2018\/12\/20181214_k\u00fcty\u00fck.jpg","jetpack_shortlink":"https:\/\/wp.me\/p9xSLL-XU","jetpack_sharing_enabled":true,"_links":{"self":[{"href":"https:\/\/www.notebook.hu\/blog\/wp-json\/wp\/v2\/posts\/3714","targetHints":{"allow":["GET"]}}],"collection":[{"href":"https:\/\/www.notebook.hu\/blog\/wp-json\/wp\/v2\/posts"}],"about":[{"href":"https:\/\/www.notebook.hu\/blog\/wp-json\/wp\/v2\/types\/post"}],"author":[{"embeddable":true,"href":"https:\/\/www.notebook.hu\/blog\/wp-json\/wp\/v2\/users\/1"}],"replies":[{"embeddable":true,"href":"https:\/\/www.notebook.hu\/blog\/wp-json\/wp\/v2\/comments?post=3714"}],"version-history":[{"count":1,"href":"https:\/\/www.notebook.hu\/blog\/wp-json\/wp\/v2\/posts\/3714\/revisions"}],"predecessor-version":[{"id":3721,"href":"https:\/\/www.notebook.hu\/blog\/wp-json\/wp\/v2\/posts\/3714\/revisions\/3721"}],"wp:featuredmedia":[{"embeddable":true,"href":"https:\/\/www.notebook.hu\/blog\/wp-json\/wp\/v2\/media\/3715"}],"wp:attachment":[{"href":"https:\/\/www.notebook.hu\/blog\/wp-json\/wp\/v2\/media?parent=3714"}],"wp:term":[{"taxonomy":"category","embeddable":true,"href":"https:\/\/www.notebook.hu\/blog\/wp-json\/wp\/v2\/categories?post=3714"},{"taxonomy":"post_tag","embeddable":true,"href":"https:\/\/www.notebook.hu\/blog\/wp-json\/wp\/v2\/tags?post=3714"}],"curies":[{"name":"wp","href":"https:\/\/api.w.org\/{rel}","templated":true}]}}