{"id":3620,"date":"2018-11-28T10:37:06","date_gmt":"2018-11-28T09:37:06","guid":{"rendered":"https:\/\/www.notebook.hu\/blog\/?p=3620"},"modified":"2018-11-28T10:37:06","modified_gmt":"2018-11-28T09:37:06","slug":"dupla-notch-al-keszul-a-sharp-mert-a-jobol-sosem-eleg","status":"publish","type":"post","link":"https:\/\/www.notebook.hu\/blog\/dupla-notch-al-keszul-a-sharp-mert-a-jobol-sosem-eleg\/","title":{"rendered":"Dupla notch-al k\u00e9sz\u00fcl a Sharp! | Mert a \u201ej\u00f3b\u00f3l\u201d sosem el\u00e9g\u2026"},"content":{"rendered":"<p>&nbsp;<\/p>\n<p><a href=\"https:\/\/www.notebook.hu\/blog\/wp-content\/uploads\/2018\/11\/20181121_duplanotch_03.jpg\"><img loading=\"lazy\" decoding=\"async\" data-attachment-id=\"3626\" data-permalink=\"https:\/\/www.notebook.hu\/blog\/dupla-notch-al-keszul-a-sharp-mert-a-jobol-sosem-eleg\/20181121_duplanotch_03\/\" data-orig-file=\"https:\/\/www.notebook.hu\/blog\/wp-content\/uploads\/2018\/11\/20181121_duplanotch_03.jpg\" data-orig-size=\"2125,1270\" data-comments-opened=\"0\" data-image-meta=\"{&quot;aperture&quot;:&quot;0&quot;,&quot;credit&quot;:&quot;&quot;,&quot;camera&quot;:&quot;&quot;,&quot;caption&quot;:&quot;&quot;,&quot;created_timestamp&quot;:&quot;0&quot;,&quot;copyright&quot;:&quot;&quot;,&quot;focal_length&quot;:&quot;0&quot;,&quot;iso&quot;:&quot;0&quot;,&quot;shutter_speed&quot;:&quot;0&quot;,&quot;title&quot;:&quot;&quot;,&quot;orientation&quot;:&quot;1&quot;}\" data-image-title=\"20181121_duplanotch_03\" data-image-description=\"\" data-image-caption=\"\" data-medium-file=\"https:\/\/www.notebook.hu\/blog\/wp-content\/uploads\/2018\/11\/20181121_duplanotch_03-300x179.jpg\" data-large-file=\"https:\/\/www.notebook.hu\/blog\/wp-content\/uploads\/2018\/11\/20181121_duplanotch_03-1024x612.jpg\" class=\"alignnone size-large wp-image-3626\" src=\"https:\/\/www.notebook.hu\/blog\/wp-content\/uploads\/2018\/11\/20181121_duplanotch_03-1024x612.jpg\" alt=\"\" width=\"618\" height=\"369\" srcset=\"https:\/\/www.notebook.hu\/blog\/wp-content\/uploads\/2018\/11\/20181121_duplanotch_03-1024x612.jpg 1024w, https:\/\/www.notebook.hu\/blog\/wp-content\/uploads\/2018\/11\/20181121_duplanotch_03-300x179.jpg 300w, https:\/\/www.notebook.hu\/blog\/wp-content\/uploads\/2018\/11\/20181121_duplanotch_03-768x459.jpg 768w\" sizes=\"auto, (max-width: 618px) 100vw, 618px\" \/><\/a><\/p>\n<p><strong>Olvas\u00f3ink egyik kedvenc vitat\u00e9m\u00e1ja a \u201enotch\u201d, azaz a k\u00e9perny\u0151 fels\u0151 r\u00e9sz\u00e9n l\u00e9v\u0151 szenzorsziget \u00fajszer\u0171 kialak\u00edt\u00e1sa. A Sharpn\u00e1l valaki feltette a k\u00e9rd\u00e9st, hogy hogy lehetne a notch-\u0151r\u00fcletet tov\u00e1bb sz\u00edtani, mire az egyik diz\u00e1jner <\/strong><strong>annyit reag\u00e1lt: \u201efogd meg a s\u00f6r\u00f6m, mutatom!\u201d\u2026 \u00e9s \u00edme a dupla notch!<\/strong><\/p>\n<p>Az \u00fajszer\u0171 szenzorsziget kialak\u00edt\u00e1s egyik pion\u00edrja az Apple volt az <a href=\"https:\/\/www.notebook.hu\/apple-iphone-x-64gb-mqac2gh-a-asztroszurke\"><strong>Iphone X<\/strong><\/a>-el, amit ezut\u00e1n sok-sok gy\u00e1rt\u00f3 k\u00f6vetett (a legnagyobbak k\u00f6z\u00fcl eddig csak a Samsung \u00e1llt ellent ennek a trendnek). \u00a0A l\u00e9nyege ennek a kialak\u00edt\u00e1snak az, hogy a telefon el\u0151lapj\u00e1nak fels\u0151 r\u00e9sz\u00e9re pakolt szenzorokat \u00e9s kamer\u00e1t k\u00e9t, \u00f6rd\u00f6gszarv-szer\u0171 ny\u00falv\u00e1nnyal \u00f6leli k\u00f6rbe a kijelz\u0151. Az \u00e1llapotjelz\u0151 \u00e9s \u00e9rtes\u00edt\u00e9s ikonok ezzel felker\u00fcltek a szarvakra, a kijelz\u0151 pedig ennyivel is nagyobb lehet. A kialak\u00edt\u00e1s m\u00e9rs\u00e9kelt sikerrel deb\u00fct\u00e1lt, de v\u00e9g\u00fcl \u00e1ltal\u00e1nos trend lett bel\u0151le.<\/p>\n<p>Az elm\u00falt \u00e9v sor\u00e1n t\u00f6bb megold\u00e1st is l\u00e1thattunk a notch kialak\u00edt\u00e1s\u00e1t illet\u0151en, p\u00e9ld\u00e1ul a <a href=\"https:\/\/www.notebook.hu\/huawei-mate-20-viharkek\"><strong>Huawei Mate 20<\/strong><\/a>-\u00e9t, ami csak egy egyszer\u0171, kerek kamera-\u00edvet csin\u00e1lt bel\u0151le. A telefonokt\u00f3l f\u00fcgg\u0151en v\u00e1ltoz\u00f3 m\u00e9retekben l\u00e1thatott \u201ebeharap\u00e1st\u201d f\u0151leg olyan telefonok haszn\u00e1lt\u00e1k, ahol nem volt el\u0151lapi fizikai gomb\u2026 eddig.<\/p>\n<p><a href=\"https:\/\/www.notebook.hu\/blog\/wp-content\/uploads\/2018\/11\/20181121_duplanotch_02.png\"><img loading=\"lazy\" decoding=\"async\" data-attachment-id=\"3624\" data-permalink=\"https:\/\/www.notebook.hu\/blog\/dupla-notch-al-keszul-a-sharp-mert-a-jobol-sosem-eleg\/20181121_duplanotch_02\/\" data-orig-file=\"https:\/\/www.notebook.hu\/blog\/wp-content\/uploads\/2018\/11\/20181121_duplanotch_02.png\" data-orig-size=\"500,237\" data-comments-opened=\"0\" data-image-meta=\"{&quot;aperture&quot;:&quot;0&quot;,&quot;credit&quot;:&quot;&quot;,&quot;camera&quot;:&quot;&quot;,&quot;caption&quot;:&quot;&quot;,&quot;created_timestamp&quot;:&quot;0&quot;,&quot;copyright&quot;:&quot;&quot;,&quot;focal_length&quot;:&quot;0&quot;,&quot;iso&quot;:&quot;0&quot;,&quot;shutter_speed&quot;:&quot;0&quot;,&quot;title&quot;:&quot;&quot;,&quot;orientation&quot;:&quot;0&quot;}\" data-image-title=\"20181121_duplanotch_02\" data-image-description=\"\" data-image-caption=\"\" data-medium-file=\"https:\/\/www.notebook.hu\/blog\/wp-content\/uploads\/2018\/11\/20181121_duplanotch_02-300x142.png\" data-large-file=\"https:\/\/www.notebook.hu\/blog\/wp-content\/uploads\/2018\/11\/20181121_duplanotch_02.png\" class=\"alignnone size-full wp-image-3624\" src=\"https:\/\/www.notebook.hu\/blog\/wp-content\/uploads\/2018\/11\/20181121_duplanotch_02.png\" alt=\"\" width=\"500\" height=\"237\" srcset=\"https:\/\/www.notebook.hu\/blog\/wp-content\/uploads\/2018\/11\/20181121_duplanotch_02.png 500w, https:\/\/www.notebook.hu\/blog\/wp-content\/uploads\/2018\/11\/20181121_duplanotch_02-300x142.png 300w\" sizes=\"auto, (max-width: 500px) 100vw, 500px\" \/><\/a><\/p>\n<p>A Sharp-n\u00e1l ugyanis b\u00e1tor m\u00e9rn\u00f6k\u00f6k egy csapata \u00fagy d\u00f6nt\u00f6tt, itt az ideje elszabad\u00edtani a ny\u00falv\u00e1nyokat a fizikai gombok k\u00f6r\u00e9 is. A <strong>Sharp Aquos R2 Compact<\/strong> el\u0151lapi ujjlenyomat-olvas\u00f3s home gombj\u00e1t egy kisebb ny\u00falv\u00e1ny-p\u00e1r fogja k\u00f6rbe venni, m\u00edg a m\u00e1r eml\u00edtett Mate 20-hoz hasonl\u00f3an, fel\u00fcl egy kisebb m\u00e9ret\u0171 szenzorszigetet kap a telefon. Els\u0151 r\u00e1n\u00e9z\u00e9sre ez a megold\u00e1s ink\u00e1bb csak felt\u0171n\u00e9sk\u00f6d\u00e9sb\u0151l k\u00e9sz\u00fcl el, s nem lesz sok gyakorlati haszna, hiszen a netre kiker\u00fclt k\u00e9pek alapj\u00e1n egy alkalmaz\u00e1s sem fogja k\u00fcl\u00f6n\u00f6sebben kihaszn\u00e1lni majd ezt az elemet.<\/p>\n<p>Mag\u00e1r\u00f3l a telefonr\u00f3l essen m\u00e9g p\u00e1r sz\u00f3. Annak ellen\u00e9re, hogy dupla notchos megold\u00e1s, nem egy \u00f3ri\u00e1si okostelefonr\u00f3l van sz\u00f3 (a nev\u00e9ben m\u00e1r ott van eleve, hogy \u201ecompact\u201d). Egy 5.2 inches kijelz\u0151t kapunk, ami 1080 x 2280 pixelt jelen\u00edt meg, 120 Hz-es k\u00e9pfriss\u00edt\u00e9ssel \u00e9s HDR10 t\u00e1mogat\u00e1ssal, Gorilla Glass 3-as \u00fcveggel. A h\u00e1zban egy Snapdragon 845-\u00f6s proci d\u00fcb\u00f6r\u00f6g majd, kieg\u00e9sz\u00edtve 4 GB RAM, 64 GB-os t\u00e1rhellyel, valamint az apr\u00f3csk\u00e1nak t\u0171n\u0151 2500 mAh-as akkuval.<\/p>\n<p>Ak\u00e1rhogy is, meg\u00e9rt\u00fck, hogy egy gy\u00e1rt\u00f3 a \u201enegat\u00edv-notch\u201d-ot is elk\u00e9sz\u00edtse\u2026 vagy valami olyasmit. T\u00e9nyleg, ti milyen fant\u00e1zianevet adn\u00e1tok a \u201edupla-beharap\u00e1sos\u201d kijelz\u0151nek?<\/p>\n<p><a href=\"https:\/\/www.notebook.hu\/blog\/wp-content\/uploads\/2018\/11\/20181121_duplanotch_01.jpg\"><img loading=\"lazy\" decoding=\"async\" data-attachment-id=\"3622\" data-permalink=\"https:\/\/www.notebook.hu\/blog\/dupla-notch-al-keszul-a-sharp-mert-a-jobol-sosem-eleg\/20181121_duplanotch_01\/\" data-orig-file=\"https:\/\/www.notebook.hu\/blog\/wp-content\/uploads\/2018\/11\/20181121_duplanotch_01.jpg\" data-orig-size=\"827,768\" data-comments-opened=\"0\" data-image-meta=\"{&quot;aperture&quot;:&quot;0&quot;,&quot;credit&quot;:&quot;&quot;,&quot;camera&quot;:&quot;&quot;,&quot;caption&quot;:&quot;&quot;,&quot;created_timestamp&quot;:&quot;0&quot;,&quot;copyright&quot;:&quot;&quot;,&quot;focal_length&quot;:&quot;0&quot;,&quot;iso&quot;:&quot;0&quot;,&quot;shutter_speed&quot;:&quot;0&quot;,&quot;title&quot;:&quot;&quot;,&quot;orientation&quot;:&quot;0&quot;}\" data-image-title=\"20181121_duplanotch_01\" data-image-description=\"\" data-image-caption=\"\" data-medium-file=\"https:\/\/www.notebook.hu\/blog\/wp-content\/uploads\/2018\/11\/20181121_duplanotch_01-300x279.jpg\" data-large-file=\"https:\/\/www.notebook.hu\/blog\/wp-content\/uploads\/2018\/11\/20181121_duplanotch_01.jpg\" class=\"alignnone size-full wp-image-3622\" src=\"https:\/\/www.notebook.hu\/blog\/wp-content\/uploads\/2018\/11\/20181121_duplanotch_01.jpg\" alt=\"\" width=\"827\" height=\"768\" srcset=\"https:\/\/www.notebook.hu\/blog\/wp-content\/uploads\/2018\/11\/20181121_duplanotch_01.jpg 827w, https:\/\/www.notebook.hu\/blog\/wp-content\/uploads\/2018\/11\/20181121_duplanotch_01-300x279.jpg 300w, https:\/\/www.notebook.hu\/blog\/wp-content\/uploads\/2018\/11\/20181121_duplanotch_01-768x713.jpg 768w\" sizes=\"auto, (max-width: 827px) 100vw, 827px\" \/><\/a><\/p>\n","protected":false},"excerpt":{"rendered":"<p>&nbsp; Olvas\u00f3ink egyik kedvenc vitat\u00e9m\u00e1ja a \u201enotch\u201d, azaz a k\u00e9perny\u0151 fels\u0151 r\u00e9sz\u00e9n l\u00e9v\u0151 szenzorsziget \u00fajszer\u0171 kialak\u00edt\u00e1sa. A Sharpn\u00e1l valaki feltette a k\u00e9rd\u00e9st, hogy hogy lehetne a notch-\u0151r\u00fcletet tov\u00e1bb sz\u00edtani, mire az egyik diz\u00e1jner annyit reag\u00e1lt: \u201efogd meg a s\u00f6r\u00f6m, mutatom!\u201d\u2026 \u00e9s \u00edme a dupla notch! Az \u00fajszer\u0171 szenzorsziget kialak\u00edt\u00e1s egyik pion\u00edrja az Apple volt az &hellip;<\/p>\n","protected":false},"author":1,"featured_media":3626,"comment_status":"closed","ping_status":"open","sticky":false,"template":"","format":"standard","meta":{"_jetpack_memberships_contains_paid_content":false,"footnotes":""},"categories":[42,41],"tags":[551,267,550,552,553],"class_list":["post-3620","post","type-post","status-publish","format-standard","has-post-thumbnail","","category-cikkek","category-hirek","tag-dupla-notch","tag-kijelzo","tag-notch","tag-sharp","tag-sharp-aquos-r2-compact"],"jetpack_featured_media_url":"https:\/\/www.notebook.hu\/blog\/wp-content\/uploads\/2018\/11\/20181121_duplanotch_03.jpg","jetpack_shortlink":"https:\/\/wp.me\/p9xSLL-Wo","jetpack_sharing_enabled":true,"_links":{"self":[{"href":"https:\/\/www.notebook.hu\/blog\/wp-json\/wp\/v2\/posts\/3620","targetHints":{"allow":["GET"]}}],"collection":[{"href":"https:\/\/www.notebook.hu\/blog\/wp-json\/wp\/v2\/posts"}],"about":[{"href":"https:\/\/www.notebook.hu\/blog\/wp-json\/wp\/v2\/types\/post"}],"author":[{"embeddable":true,"href":"https:\/\/www.notebook.hu\/blog\/wp-json\/wp\/v2\/users\/1"}],"replies":[{"embeddable":true,"href":"https:\/\/www.notebook.hu\/blog\/wp-json\/wp\/v2\/comments?post=3620"}],"version-history":[{"count":4,"href":"https:\/\/www.notebook.hu\/blog\/wp-json\/wp\/v2\/posts\/3620\/revisions"}],"predecessor-version":[{"id":3627,"href":"https:\/\/www.notebook.hu\/blog\/wp-json\/wp\/v2\/posts\/3620\/revisions\/3627"}],"wp:featuredmedia":[{"embeddable":true,"href":"https:\/\/www.notebook.hu\/blog\/wp-json\/wp\/v2\/media\/3626"}],"wp:attachment":[{"href":"https:\/\/www.notebook.hu\/blog\/wp-json\/wp\/v2\/media?parent=3620"}],"wp:term":[{"taxonomy":"category","embeddable":true,"href":"https:\/\/www.notebook.hu\/blog\/wp-json\/wp\/v2\/categories?post=3620"},{"taxonomy":"post_tag","embeddable":true,"href":"https:\/\/www.notebook.hu\/blog\/wp-json\/wp\/v2\/tags?post=3620"}],"curies":[{"name":"wp","href":"https:\/\/api.w.org\/{rel}","templated":true}]}}