{"id":3608,"date":"2018-11-22T07:40:32","date_gmt":"2018-11-22T06:40:32","guid":{"rendered":"https:\/\/www.notebook.hu\/blog\/?p=3608"},"modified":"2018-11-30T11:50:49","modified_gmt":"2018-11-30T10:50:49","slug":"bemutatta-hajlithato-kijelzojet-a-samsung","status":"publish","type":"post","link":"https:\/\/www.notebook.hu\/blog\/bemutatta-hajlithato-kijelzojet-a-samsung\/","title":{"rendered":"Bemutatta hajl\u00edthat\u00f3 kijelz\u0151j\u00e9t a Samsung!"},"content":{"rendered":"<p><a href=\"https:\/\/www.notebook.hu\/blog\/wp-content\/uploads\/2018\/11\/20181116_hajlithatokijelzo2.jpg\"><img loading=\"lazy\" decoding=\"async\" data-attachment-id=\"3609\" data-permalink=\"https:\/\/www.notebook.hu\/blog\/bemutatta-hajlithato-kijelzojet-a-samsung\/20181116_hajlithatokijelzo2\/\" data-orig-file=\"https:\/\/www.notebook.hu\/blog\/wp-content\/uploads\/2018\/11\/20181116_hajlithatokijelzo2.jpg\" data-orig-size=\"737,400\" data-comments-opened=\"0\" data-image-meta=\"{&quot;aperture&quot;:&quot;0&quot;,&quot;credit&quot;:&quot;&quot;,&quot;camera&quot;:&quot;&quot;,&quot;caption&quot;:&quot;&quot;,&quot;created_timestamp&quot;:&quot;0&quot;,&quot;copyright&quot;:&quot;&quot;,&quot;focal_length&quot;:&quot;0&quot;,&quot;iso&quot;:&quot;0&quot;,&quot;shutter_speed&quot;:&quot;0&quot;,&quot;title&quot;:&quot;&quot;,&quot;orientation&quot;:&quot;0&quot;}\" data-image-title=\"20181116_hajlithatokijelzo2\" data-image-description=\"\" data-image-caption=\"\" data-medium-file=\"https:\/\/www.notebook.hu\/blog\/wp-content\/uploads\/2018\/11\/20181116_hajlithatokijelzo2-300x163.jpg\" data-large-file=\"https:\/\/www.notebook.hu\/blog\/wp-content\/uploads\/2018\/11\/20181116_hajlithatokijelzo2.jpg\" class=\"alignnone size-large wp-image-3609\" src=\"https:\/\/www.notebook.hu\/blog\/wp-content\/uploads\/2018\/11\/20181116_hajlithatokijelzo2.jpg\" alt=\"\" width=\"618\" height=\"335\" srcset=\"https:\/\/www.notebook.hu\/blog\/wp-content\/uploads\/2018\/11\/20181116_hajlithatokijelzo2.jpg 737w, https:\/\/www.notebook.hu\/blog\/wp-content\/uploads\/2018\/11\/20181116_hajlithatokijelzo2-300x163.jpg 300w\" sizes=\"auto, (max-width: 618px) 100vw, 618px\" \/><\/a><\/p>\n<p><strong>Ahogy azt m\u00e1r egy kor\u00e1bbi bejegyz\u00e9s\u00fcnkben is fejtegett\u00fck, a Samsung egy igencsak izgalmas j\u00f6v\u0151k\u00e9pet k\u00edv\u00e1n festeni a mobileszk\u00f6z\u00f6k piac\u00e1n. Besz\u00e9lj\u00fck \u00e1t, hogy pontosan mire \u00e9rdemes sz\u00e1m\u00edtani ezut\u00e1n a bejelent\u00e9s ut\u00e1n. <\/strong><\/p>\n<p><strong>Kijelz\u0151 van, telefon m\u00e9g nincs<\/strong><\/p>\n<p>A Samsung 2018-as fejleszt\u0151i konferenci\u00e1j\u00e1n bejelentette a r\u00e9g\u00f3ta v\u00e1rt hajl\u00edthat\u00f3 kijelz\u0151ket Infinity Flex Display n\u00e9vvel. Az esem\u00e9nyen egy m\u0171k\u00f6d\u0151 protot\u00edpus ker\u00fclt bemutat\u00e1sra, \u00edgy megtekinthett\u00fck, hogy milyen, ha k\u00e9sz\u00fcl\u00e9k\u00fcnk okostelefonb\u00f3l tablet m\u00e9ret\u0171, nagyk\u00e9perny\u0151s eszk\u00f6zz\u00e9 alakul \u00e9s vissza. Nagyon r\u00f6vid ideig szerepelt, egy el\u00e9g kezdetleges form\u00e1j\u00fa eszk\u00f6z a sz\u00ednpadon, amir\u0151l t\u00f6bbsz\u00f6r is kijelentett\u00e9k, hogy egy \u201ealfa\u201d v\u00e1ltozatr\u00f3l van sz\u00f3, ami mag\u00e1t a hajl\u00edthat\u00f3 kijelz\u0151t hivatott bemutatni, de messze \u00e1ll m\u00e9g a k\u00e9sz, forgalomba helyezhet\u0151 eszk\u00f6zt\u0151l. Kihajtva am\u00fagy egy 7,3\u201d-os OLED panelt kapunk, amin egyszerre h\u00e1rom alkalmaz\u00e1s futhat, \u00f6sszecsukva pedig egy hagyom\u00e1nyos androidos mobil m\u00e9ret\u0171 eszk\u00f6z\u00e9 alakul. A Samsung azt \u00edg\u00e9rte, hogy az \u00e1tmenet az egyik m\u00f3db\u00f3l a m\u00e1sikba egyszer\u0171 \u00e9s k\u00e9nyelmes lesz, ami\u00e9rt a konkr\u00e9tan erre a c\u00e9lra kifejlesztett One UI felhaszn\u00e1l\u00f3i fel\u00fclet gondoskodik.<br \/>\n<iframe loading=\"lazy\" class=\"giphy-embed\" src=\"https:\/\/giphy.com\/embed\/20FhjCUgpHYqkpwwGN\" width=\"480\" height=\"270\" frameborder=\"0\" allowfullscreen=\"allowfullscreen\"><\/iframe><\/p>\n<p><a href=\"https:\/\/giphy.com\/gifs\/20FhjCUgpHYqkpwwGN\">via GIPHY<\/a><\/p>\n<p><strong>Az alfa v\u00e1ltozat<\/strong><\/p>\n<p>Nem sokat v\u00e1ratott mag\u00e1ra az els\u0151 \u201em\u0171k\u00f6d\u0151k\u00e9pes\u201d telefon megjelen\u00e9se, s\u0151t a Rouyu Technology egy h\u00e9ttel a Samsung bejelent\u00e9se el\u0151tt hozta ki a FlexPai n\u00e9vre keresztelt eszk\u00f6z\u00e9t. \u00c9rezhet\u0151 a projekten, hogy nem a min\u0151s\u00e9gre, hanem az els\u0151s\u00e9gre hajtott vele a k\u00ednai c\u00e9g. T\u00f6bb besz\u00e1mol\u00f3 alapj\u00e1n is kezdetleges m\u00e9g a rendszer kidolgoz\u00e1sa, diz\u00e1jn \u00e9s formatervez\u00e9s szerint is t\u00f6bb baki van a FlexPai rendszer\u00e9ben. \u00a0A kijelz\u0151 egy 7,8 h\u00fcvelykes AMOLED panel, amely 4:3-as k\u00e9par\u00e1nnyal b\u00edr, \u00f6sszehajtva pedig egy 4 h\u00fcvelykes k\u00e9p\u00e1tl\u00f3val rendelkezik. A k\u00ednai gy\u00e1rt\u00f3 szerint 200.000 hajl\u00edt\u00e1st b\u00edr a k\u00e9sz\u00fcl\u00e9k, ett\u0151l t\u00f6bbre m\u00e9g nem mert\u00e9k hiteles\u00edteni. 16+20 megapixeles dupla kamer\u00e1t kapott, na meg gyorst\u00f6lt\u0151t is. A k\u00e9panyagok alapj\u00e1n t\u00e9nyleg m\u00e9g egy b\u00e9ta-f\u00e1zis\u00fa, kiss\u00e9 nagyk\u00e9p\u0171en felhype-olt darabr\u00f3l van sz\u00f3, ami csak az els\u0151s\u00e9g v\u00e1gya miatt ker\u00fclt forgalomba\u2026 ennek ellen\u00e9re fontos megjegyezni, mint m\u00e9rf\u00f6ldk\u00f6vet.<\/p>\n<blockquote class=\"twitter-tweet\" data-lang=\"hu\">\n<p dir=\"ltr\" lang=\"en\">This is the &#8222;world&#8217;s first foldable screen phone&#8221; released by Rouyu Technology, which will use the Snapdragon 8150 processor, but its design is very rough, just to seize the &#8222;first&#8221;, this is a futures product. <a href=\"https:\/\/t.co\/M0v9o2z0Bw\">pic.twitter.com\/M0v9o2z0Bw<\/a><\/p>\n<p>\u2014 Ice universe (@UniverseIce) <a href=\"https:\/\/twitter.com\/UniverseIce\/status\/1057568515324952577?ref_src=twsrc%5Etfw\">2018. okt\u00f3ber 31.<\/a><\/p><\/blockquote>\n<p><script async src=\"https:\/\/platform.twitter.com\/widgets.js\" charset=\"utf-8\"><\/script><\/p>\n<p><strong>Mire sz\u00e1m\u00edthatunk?<\/strong><\/p>\n<p>A Samsung k\u00e9sz\u00fcl\u00e9ket teh\u00e1t nem, \u201ecsak\u201d technol\u00f3gi\u00e1t villantott, viszont v\u00e1rhat\u00f3an 2019 m\u00e1rcius\u00e1ban \u00e9rkezik majd a pletyk\u00e1k szerint olyan produktum, ami nem csak protot\u00edpus lesz. T\u00fal sokat nem l\u00e1thattunk bel\u0151le, de ez elegend\u0151 volt ahhoz, hogy beind\u00edtsa a Concept Creator nev\u0171 csatorna szerkeszt\u0151j\u00e9t, hogy megalkossa a Samsung Galaxy F-et, a m\u00e1r ismert Samsung-os formajegyeket haszn\u00e1lva.<\/p>\n<p><iframe loading=\"lazy\" src=\"https:\/\/www.youtube.com\/embed\/ONdwtr2jt1M\" width=\"560\" height=\"315\" frameborder=\"0\" allowfullscreen=\"allowfullscreen\"><\/iframe><\/p>\n<p>S mi lesz a technol\u00f3gia sorsa? Ha be is f\u00fcrdik vele a Samsung, val\u00f3sz\u00edn\u0171leg nem fogj\u00e1k elvetni a hajl\u00edthat\u00f3 kijelz\u0151 gondolat\u00e1t. A kijelz\u0151k n\u00f6veked\u0151 m\u00e9rete miatt egyre nagyobb ig\u00e9ny lesz arra\u2026 hogy \u00fajra kisebb\u00e9 \u00e9s kompaktabb\u00e1 tegy\u00fck \u0151ket. Furcsa ellent\u00e9tp\u00e1r, de nem hi\u00e1ba a tablet-telefon m\u00e9ret k\u00f6zt egyens\u00falyozunk, hiszen a l\u00e9nyeg az lenne, hogy ezt a k\u00e9t eszk\u00f6zt egybeolvassz\u00e1k. A kezdeti l\u00e9p\u00e9sek izgalmasak, az els\u0151 darabok pedig borsos \u00e1r\u00faak lesznek, ez szent\u2026 s hogy mit hoz a j\u00f6v\u0151? Tal\u00e1n 10 \u00e9v m\u00falva a tablet \u00e9s telefon kateg\u00f3ri\u00e1nkat felv\u00e1ltja majd ez a 2-in-1 eszk\u00f6z, vagy a koncepci\u00f3s rajzok sokas\u00e1g\u00e1n \u00e9l\u0151, futurisztikus telefonkark\u00f6t\u0151k.<\/p>\n","protected":false},"excerpt":{"rendered":"<p>Ahogy azt m\u00e1r egy kor\u00e1bbi bejegyz\u00e9s\u00fcnkben is fejtegett\u00fck, a Samsung egy igencsak izgalmas j\u00f6v\u0151k\u00e9pet k\u00edv\u00e1n festeni a mobileszk\u00f6z\u00f6k piac\u00e1n. Besz\u00e9lj\u00fck \u00e1t, hogy pontosan mire \u00e9rdemes sz\u00e1m\u00edtani ezut\u00e1n a bejelent\u00e9s ut\u00e1n. Kijelz\u0151 van, telefon m\u00e9g nincs A Samsung 2018-as fejleszt\u0151i konferenci\u00e1j\u00e1n bejelentette a r\u00e9g\u00f3ta v\u00e1rt hajl\u00edthat\u00f3 kijelz\u0151ket Infinity Flex Display n\u00e9vvel. Az esem\u00e9nyen egy m\u0171k\u00f6d\u0151 protot\u00edpus &hellip;<\/p>\n","protected":false},"author":1,"featured_media":3609,"comment_status":"closed","ping_status":"open","sticky":false,"template":"","format":"standard","meta":{"_jetpack_memberships_contains_paid_content":false,"footnotes":""},"categories":[42,1,41],"tags":[428,55,577],"class_list":["post-3608","post","type-post","status-publish","format-standard","has-post-thumbnail","","category-cikkek","category-egyeb","category-hirek","tag-hajlithato-kijelzo","tag-samsung","tag-samsung-galaxy-f"],"jetpack_featured_media_url":"https:\/\/www.notebook.hu\/blog\/wp-content\/uploads\/2018\/11\/20181116_hajlithatokijelzo2.jpg","jetpack_shortlink":"https:\/\/wp.me\/p9xSLL-Wc","jetpack_sharing_enabled":true,"_links":{"self":[{"href":"https:\/\/www.notebook.hu\/blog\/wp-json\/wp\/v2\/posts\/3608","targetHints":{"allow":["GET"]}}],"collection":[{"href":"https:\/\/www.notebook.hu\/blog\/wp-json\/wp\/v2\/posts"}],"about":[{"href":"https:\/\/www.notebook.hu\/blog\/wp-json\/wp\/v2\/types\/post"}],"author":[{"embeddable":true,"href":"https:\/\/www.notebook.hu\/blog\/wp-json\/wp\/v2\/users\/1"}],"replies":[{"embeddable":true,"href":"https:\/\/www.notebook.hu\/blog\/wp-json\/wp\/v2\/comments?post=3608"}],"version-history":[{"count":2,"href":"https:\/\/www.notebook.hu\/blog\/wp-json\/wp\/v2\/posts\/3608\/revisions"}],"predecessor-version":[{"id":3614,"href":"https:\/\/www.notebook.hu\/blog\/wp-json\/wp\/v2\/posts\/3608\/revisions\/3614"}],"wp:featuredmedia":[{"embeddable":true,"href":"https:\/\/www.notebook.hu\/blog\/wp-json\/wp\/v2\/media\/3609"}],"wp:attachment":[{"href":"https:\/\/www.notebook.hu\/blog\/wp-json\/wp\/v2\/media?parent=3608"}],"wp:term":[{"taxonomy":"category","embeddable":true,"href":"https:\/\/www.notebook.hu\/blog\/wp-json\/wp\/v2\/categories?post=3608"},{"taxonomy":"post_tag","embeddable":true,"href":"https:\/\/www.notebook.hu\/blog\/wp-json\/wp\/v2\/tags?post=3608"}],"curies":[{"name":"wp","href":"https:\/\/api.w.org\/{rel}","templated":true}]}}